{"id":100188,"date":"2024-08-12T16:09:31","date_gmt":"2024-08-12T13:09:31","guid":{"rendered":"https:\/\/pozirk.online\/en\/news\/100188\/"},"modified":"2026-03-09T20:10:49","modified_gmt":"2026-03-09T20:10:49","slug":"parchomcyk-appointed-chairman-of-brest-regional-executive-committee","status":"publish","type":"articles","link":"https:\/\/pozirk.online\/en\/news\/100188\/","title":{"rendered":"Parchom\u010dyk appointed chairman of Brest Regional Executive Committee"},"content":{"rendered":"\n<figure class=\"block-image block-image-normal\">\n\n  <img decoding=\"async\" width=\"800\" height=\"533\" src=\"https:\/\/pozirk.online\/wp-content\/uploads\/2024\/04\/parkhomchik_novaya_by-1.jpg\" class=\"attachment-full size-full\" alt=\"\" srcset=\"https:\/\/pozirk.online\/wp-content\/uploads\/2024\/04\/parkhomchik_novaya_by-1.jpg 800w, https:\/\/pozirk.online\/wp-content\/uploads\/2024\/04\/parkhomchik_novaya_by-1-354x236.jpg 354w, https:\/\/pozirk.online\/wp-content\/uploads\/2024\/04\/parkhomchik_novaya_by-1-734x490.jpg 734w, https:\/\/pozirk.online\/wp-content\/uploads\/2024\/04\/parkhomchik_novaya_by-1-178x118.jpg 178w, https:\/\/pozirk.online\/wp-content\/uploads\/2024\/04\/parkhomchik_novaya_by-1-768x512.jpg 768w\" sizes=\"(max-width: 800px) 100vw, 800px\" \/>\n  <figcaption>\n  \n       <div class=\"block-image__author\">\n                <span>(novaya.by) <\/span>\n    <\/div>\n     <\/figcaption>\n<\/figure>\n\n\n\n<p><strong>August 12, <em>Pozirk<\/em>.<\/strong> Alaksandar \u0141uka\u0161enka has appointed Piotr Parchom\u010dyk chairman of the Brest Regional Executive Committee, according to a statement from \u0141uka\u0161enka&#8217;s press office.<\/p>\n\n\n\n<p>Since August 16, 2022 and until his appointment, Parchom\u010dyk served as deputy prime minister.<\/p>\n\n\n\n<p>Last month, \u0141uka\u0161enka promoted Juryj \u0160ulejka, ex-head of the Brest Regional Executive Committee, to deputy prime minister in charge of agriculture.<\/p>\n\n\n\n<p>&#8220;Serious work needs to be done in the Brest region&#8217;s industry. This is the main reason why Piotr Parchom\u010dyk, who oversaw this sector as vice-premier, has been appointed chairman of the Brest Regional Executive Committee,&#8221; the statement said.<\/p>\n\n\n\n<p>\u0141uka\u0161enka has also promoted Viktar Karankievi\u010d, who served as energy minister since August 2018, to deputy prime minister.<\/p>\n\n\n\n<p>Alaksiej Ku\u0161narenka has been named new energy minister. Earlier, he worked as director general at Bie\u0142palivahaz, a state fuel conglomerate.<\/p>\n\n\n\n<p>Valeryj Viareni\u010d, ex-deputy minister of transportation, has been appointed head of the Belarusian Railway.<\/p>\n\n\n\n<p>\u0141uka\u0161enka has appointed Ta\u0107ciana Astrejka first deputy minister of labor and social security, Alaksandar Sudnik deputy finance minister, Andrej Prakap\u010duk director of the foreign ministry&#8217;s Department of Foreign Economic Activity and Viktar Padskrebkin head of the economic department at the Standing Committee of the Union State.<\/p>\n\n\n\n<p>\u0141uka\u0161enka named Ihar Mar\u0161a\u0142a\u016d ambassador to Angola and Zambia; Ihar Ka\u015bko ambassador to Bangladesh, Nepal and Sri Lanka; and Raman Ramano\u016dski permanent representative to the Association of Southeast Asian Nations.<\/p>\n\n\n\n<p>&nbsp;According to the statement, \u0141uka\u0161enka &#8220;gave his consent&#8221; to the appointment of Hienad\u017a Sabyni\u010d as first deputy chairman of the Viciebsk Regional Executive Committee; D\u017amitryj Zachar\u010duk as chairman of the Va\u016dkavysk District Executive Committee in the Hrodna region; Vital P\u0142atun as chairman of the Luba\u0144 District Executive Committee in the Minsk region; Alaksandar Kisialo\u016d as chairman of the Bycha\u016d District Executive Committee in the Mahilo\u016d region; Andrej Dubin\u010dyk as chairman of the Asipovi\u010dy District Executive Committee in the Mahilo\u016d region; and Andrej Konie\u016d as head of the Leninski District Administration in Mahilo\u016d.<\/p>\n","protected":false},"excerpt":{"rendered":"<p>August 12, Pozirk. Alaksandar \u0141uka\u0161enka has appointed Piotr Parchom\u010dyk chairman of the Brest Regional Executive Committee, according to a statement from \u0141uka\u0161enka&#8217;s press office. Since August 16, 2022 and until his appointment, Parchom\u010dyk served as deputy prime minister. Last month, \u0141uka\u0161enka promoted Juryj \u0160ulejka, ex-head of the Brest Regional Executive Committee, to deputy prime minister [&hellip;]<\/p>\n","protected":false},"author":83,"featured_media":76923,"template":"","rubric":[17],"class_list":["post-100188","articles","type-articles","status-publish","has-post-thumbnail","hentry","rubric-economy"],"acf":[],"yoast_head":"<!-- This site is optimized with the Yoast SEO plugin v25.5 - https:\/\/yoast.com\/wordpress\/plugins\/seo\/ -->\n<title>Parchom\u010dyk appointed chairman of Brest Regional Executive Committee | Pozirk<\/title>\n<meta name=\"description\" content=\"August 12, Pozirk. Alaksandar \u0141uka\u0161enka has appointed Piotr Parchom\u010dyk chairman of the Brest Regional Executive Committee, according to a statement from\" \/>\n<meta name=\"robots\" content=\"index, follow, max-snippet:-1, max-image-preview:large, max-video-preview:-1\" \/>\n<link rel=\"canonical\" href=\"https:\/\/pozirk.online\/en\/news\/100188\/\" \/>\n<meta property=\"og:locale\" content=\"en_US\" \/>\n<meta property=\"og:type\" content=\"article\" \/>\n<meta property=\"og:title\" content=\"Parchom\u010dyk appointed chairman of Brest Regional Executive Committee | Pozirk\" \/>\n<meta property=\"og:description\" content=\"August 12, Pozirk. Alaksandar \u0141uka\u0161enka has appointed Piotr Parchom\u010dyk chairman of the Brest Regional Executive Committee, according to a statement from\" \/>\n<meta property=\"og:url\" content=\"https:\/\/pozirk.online\/en\/news\/100188\/\" \/>\n<meta property=\"og:site_name\" content=\"Pozirk\" \/>\n<meta property=\"article:publisher\" content=\"https:\/\/www.facebook.com\/pozirkonline\/\" \/>\n<meta property=\"article:modified_time\" content=\"2026-03-09T20:10:49+00:00\" \/>\n<meta property=\"og:image\" content=\"https:\/\/pozirk.online\/wp-content\/uploads\/2024\/04\/parkhomchik_novaya_by.jpg\" \/>\n\t<meta property=\"og:image:width\" content=\"800\" \/>\n\t<meta property=\"og:image:height\" content=\"533\" \/>\n\t<meta property=\"og:image:type\" content=\"image\/jpeg\" \/>\n<meta name=\"twitter:card\" content=\"summary_large_image\" \/>\n<meta name=\"twitter:site\" content=\"@Pozirk_online\" \/>\n<meta name=\"twitter:label1\" content=\"Est. reading time\" \/>\n\t<meta name=\"twitter:data1\" content=\"2 minutes\" \/>\n<script type=\"application\/ld+json\" class=\"yoast-schema-graph\">{\"@context\":\"https:\/\/schema.org\",\"@graph\":[{\"@type\":\"NewsArticle\",\"@id\":\"https:\/\/pozirk.online\/en\/news\/100188\/#article\",\"isPartOf\":{\"@id\":\"https:\/\/pozirk.online\/en\/news\/100188\/\"},\"headline\":\"Parchom\u010dyk appointed chairman of Brest Regional Executive Committee\",\"datePublished\":\"2024-08-12T13:09:31+00:00\",\"dateModified\":\"2026-03-09T20:10:49+00:00\",\"mainEntityOfPage\":{\"@id\":\"https:\/\/pozirk.online\/en\/news\/100188\/\"},\"wordCount\":350,\"publisher\":{\"@id\":\"https:\/\/pozirk.online\/en\/#organization\"},\"image\":{\"@id\":\"https:\/\/pozirk.online\/en\/news\/100188\/#primaryimage\"},\"thumbnailUrl\":\"https:\/\/pozirk.online\/wp-content\/uploads\/2024\/04\/parkhomchik_novaya_by.jpg\",\"inLanguage\":\"en-US\"},{\"@type\":\"WebPage\",\"@id\":\"https:\/\/pozirk.online\/en\/news\/100188\/\",\"url\":\"https:\/\/pozirk.online\/en\/news\/100188\/\",\"name\":\"Parchom\u010dyk appointed chairman of Brest Regional Executive Committee | Pozirk\",\"isPartOf\":{\"@id\":\"https:\/\/pozirk.online\/en\/#website\"},\"primaryImageOfPage\":{\"@id\":\"https:\/\/pozirk.online\/en\/news\/100188\/#primaryimage\"},\"image\":{\"@id\":\"https:\/\/pozirk.online\/en\/news\/100188\/#primaryimage\"},\"thumbnailUrl\":\"https:\/\/pozirk.online\/wp-content\/uploads\/2024\/04\/parkhomchik_novaya_by.jpg\",\"datePublished\":\"2024-08-12T13:09:31+00:00\",\"dateModified\":\"2026-03-09T20:10:49+00:00\",\"description\":\"August 12, Pozirk. Alaksandar \u0141uka\u0161enka has appointed Piotr Parchom\u010dyk chairman of the Brest Regional Executive Committee, according to a statement from\",\"breadcrumb\":{\"@id\":\"https:\/\/pozirk.online\/en\/news\/100188\/#breadcrumb\"},\"inLanguage\":\"en-US\",\"potentialAction\":[{\"@type\":\"ReadAction\",\"target\":[\"https:\/\/pozirk.online\/en\/news\/100188\/\"]}]},{\"@type\":\"ImageObject\",\"inLanguage\":\"en-US\",\"@id\":\"https:\/\/pozirk.online\/en\/news\/100188\/#primaryimage\",\"url\":\"https:\/\/pozirk.online\/wp-content\/uploads\/2024\/04\/parkhomchik_novaya_by.jpg\",\"contentUrl\":\"https:\/\/pozirk.online\/wp-content\/uploads\/2024\/04\/parkhomchik_novaya_by.jpg\",\"width\":800,\"height\":533},{\"@type\":\"BreadcrumbList\",\"@id\":\"https:\/\/pozirk.online\/en\/news\/100188\/#breadcrumb\",\"itemListElement\":[{\"@type\":\"ListItem\",\"position\":1,\"name\":\"Home\",\"item\":\"https:\/\/pozirk.online\/en\/\"},{\"@type\":\"ListItem\",\"position\":2,\"name\":\"Parchom\u010dyk appointed chairman of Brest Regional Executive Committee\"}]},{\"@type\":\"WebSite\",\"@id\":\"https:\/\/pozirk.online\/en\/#website\",\"url\":\"https:\/\/pozirk.online\/en\/\",\"name\":\"Pozirk\",\"description\":\"\",\"publisher\":{\"@id\":\"https:\/\/pozirk.online\/en\/#organization\"},\"potentialAction\":[{\"@type\":\"SearchAction\",\"target\":{\"@type\":\"EntryPoint\",\"urlTemplate\":\"https:\/\/pozirk.online\/en\/?s={search_term_string}\"},\"query-input\":{\"@type\":\"PropertyValueSpecification\",\"valueRequired\":true,\"valueName\":\"search_term_string\"}}],\"inLanguage\":\"en-US\"},{\"@type\":\"Organization\",\"@id\":\"https:\/\/pozirk.online\/en\/#organization\",\"name\":\"Pozirk\",\"url\":\"https:\/\/pozirk.online\/en\/\",\"logo\":{\"@type\":\"ImageObject\",\"inLanguage\":\"en-US\",\"@id\":\"https:\/\/pozirk.online\/en\/#\/schema\/logo\/image\/\",\"url\":\"https:\/\/pozirk.online\/wp-content\/uploads\/2023\/11\/cropped-Logo_color_512.png\",\"contentUrl\":\"https:\/\/pozirk.online\/wp-content\/uploads\/2023\/11\/cropped-Logo_color_512.png\",\"width\":512,\"height\":512,\"caption\":\"Pozirk\"},\"image\":{\"@id\":\"https:\/\/pozirk.online\/en\/#\/schema\/logo\/image\/\"},\"sameAs\":[\"https:\/\/www.facebook.com\/pozirkonline\/\",\"https:\/\/x.com\/Pozirk_online\"]}]}<\/script>\n<!-- \/ Yoast SEO plugin. -->","yoast_head_json":{"title":"Parchom\u010dyk appointed chairman of Brest Regional Executive Committee | Pozirk","description":"August 12, Pozirk. Alaksandar \u0141uka\u0161enka has appointed Piotr Parchom\u010dyk chairman of the Brest Regional Executive Committee, according to a statement from","robots":{"index":"index","follow":"follow","max-snippet":"max-snippet:-1","max-image-preview":"max-image-preview:large","max-video-preview":"max-video-preview:-1"},"canonical":"https:\/\/pozirk.online\/en\/news\/100188\/","og_locale":"en_US","og_type":"article","og_title":"Parchom\u010dyk appointed chairman of Brest Regional Executive Committee | Pozirk","og_description":"August 12, Pozirk. Alaksandar \u0141uka\u0161enka has appointed Piotr Parchom\u010dyk chairman of the Brest Regional Executive Committee, according to a statement from","og_url":"https:\/\/pozirk.online\/en\/news\/100188\/","og_site_name":"Pozirk","article_publisher":"https:\/\/www.facebook.com\/pozirkonline\/","article_modified_time":"2026-03-09T20:10:49+00:00","og_image":[{"width":800,"height":533,"url":"https:\/\/pozirk.online\/wp-content\/uploads\/2024\/04\/parkhomchik_novaya_by.jpg","type":"image\/jpeg"}],"twitter_card":"summary_large_image","twitter_site":"@Pozirk_online","twitter_misc":{"Est. reading time":"2 minutes"},"schema":{"@context":"https:\/\/schema.org","@graph":[{"@type":"NewsArticle","@id":"https:\/\/pozirk.online\/en\/news\/100188\/#article","isPartOf":{"@id":"https:\/\/pozirk.online\/en\/news\/100188\/"},"headline":"Parchom\u010dyk appointed chairman of Brest Regional Executive Committee","datePublished":"2024-08-12T13:09:31+00:00","dateModified":"2026-03-09T20:10:49+00:00","mainEntityOfPage":{"@id":"https:\/\/pozirk.online\/en\/news\/100188\/"},"wordCount":350,"publisher":{"@id":"https:\/\/pozirk.online\/en\/#organization"},"image":{"@id":"https:\/\/pozirk.online\/en\/news\/100188\/#primaryimage"},"thumbnailUrl":"https:\/\/pozirk.online\/wp-content\/uploads\/2024\/04\/parkhomchik_novaya_by.jpg","inLanguage":"en-US"},{"@type":"WebPage","@id":"https:\/\/pozirk.online\/en\/news\/100188\/","url":"https:\/\/pozirk.online\/en\/news\/100188\/","name":"Parchom\u010dyk appointed chairman of Brest Regional Executive Committee | Pozirk","isPartOf":{"@id":"https:\/\/pozirk.online\/en\/#website"},"primaryImageOfPage":{"@id":"https:\/\/pozirk.online\/en\/news\/100188\/#primaryimage"},"image":{"@id":"https:\/\/pozirk.online\/en\/news\/100188\/#primaryimage"},"thumbnailUrl":"https:\/\/pozirk.online\/wp-content\/uploads\/2024\/04\/parkhomchik_novaya_by.jpg","datePublished":"2024-08-12T13:09:31+00:00","dateModified":"2026-03-09T20:10:49+00:00","description":"August 12, Pozirk. Alaksandar \u0141uka\u0161enka has appointed Piotr Parchom\u010dyk chairman of the Brest Regional Executive Committee, according to a statement from","breadcrumb":{"@id":"https:\/\/pozirk.online\/en\/news\/100188\/#breadcrumb"},"inLanguage":"en-US","potentialAction":[{"@type":"ReadAction","target":["https:\/\/pozirk.online\/en\/news\/100188\/"]}]},{"@type":"ImageObject","inLanguage":"en-US","@id":"https:\/\/pozirk.online\/en\/news\/100188\/#primaryimage","url":"https:\/\/pozirk.online\/wp-content\/uploads\/2024\/04\/parkhomchik_novaya_by.jpg","contentUrl":"https:\/\/pozirk.online\/wp-content\/uploads\/2024\/04\/parkhomchik_novaya_by.jpg","width":800,"height":533},{"@type":"BreadcrumbList","@id":"https:\/\/pozirk.online\/en\/news\/100188\/#breadcrumb","itemListElement":[{"@type":"ListItem","position":1,"name":"Home","item":"https:\/\/pozirk.online\/en\/"},{"@type":"ListItem","position":2,"name":"Parchom\u010dyk appointed chairman of Brest Regional Executive Committee"}]},{"@type":"WebSite","@id":"https:\/\/pozirk.online\/en\/#website","url":"https:\/\/pozirk.online\/en\/","name":"Pozirk","description":"","publisher":{"@id":"https:\/\/pozirk.online\/en\/#organization"},"potentialAction":[{"@type":"SearchAction","target":{"@type":"EntryPoint","urlTemplate":"https:\/\/pozirk.online\/en\/?s={search_term_string}"},"query-input":{"@type":"PropertyValueSpecification","valueRequired":true,"valueName":"search_term_string"}}],"inLanguage":"en-US"},{"@type":"Organization","@id":"https:\/\/pozirk.online\/en\/#organization","name":"Pozirk","url":"https:\/\/pozirk.online\/en\/","logo":{"@type":"ImageObject","inLanguage":"en-US","@id":"https:\/\/pozirk.online\/en\/#\/schema\/logo\/image\/","url":"https:\/\/pozirk.online\/wp-content\/uploads\/2023\/11\/cropped-Logo_color_512.png","contentUrl":"https:\/\/pozirk.online\/wp-content\/uploads\/2023\/11\/cropped-Logo_color_512.png","width":512,"height":512,"caption":"Pozirk"},"image":{"@id":"https:\/\/pozirk.online\/en\/#\/schema\/logo\/image\/"},"sameAs":["https:\/\/www.facebook.com\/pozirkonline\/","https:\/\/x.com\/Pozirk_online"]}]}},"_links":{"self":[{"href":"https:\/\/pozirk.online\/en\/wp-json\/wp\/v2\/articles\/100188","targetHints":{"allow":["GET"]}}],"collection":[{"href":"https:\/\/pozirk.online\/en\/wp-json\/wp\/v2\/articles"}],"about":[{"href":"https:\/\/pozirk.online\/en\/wp-json\/wp\/v2\/types\/articles"}],"author":[{"embeddable":true,"href":"https:\/\/pozirk.online\/en\/wp-json\/wp\/v2\/users\/83"}],"wp:featuredmedia":[{"embeddable":true,"href":"https:\/\/pozirk.online\/en\/wp-json\/wp\/v2\/media\/76923"}],"wp:attachment":[{"href":"https:\/\/pozirk.online\/en\/wp-json\/wp\/v2\/media?parent=100188"}],"wp:term":[{"taxonomy":"rubric","embeddable":true,"href":"https:\/\/pozirk.online\/en\/wp-json\/wp\/v2\/rubric?post=100188"}],"curies":[{"name":"wp","href":"https:\/\/api.w.org\/{rel}","templated":true}]}}