{"id":100799,"date":"2024-08-16T11:13:30","date_gmt":"2024-08-16T08:13:30","guid":{"rendered":"https:\/\/pozirk.online\/en\/news\/100799\/"},"modified":"2026-03-10T12:05:06","modified_gmt":"2026-03-10T12:05:06","slug":"reprisals-arrests-of-2020-protesters-continue","status":"publish","type":"articles","link":"https:\/\/pozirk.online\/en\/news\/100799\/","title":{"rendered":"Reprisals: arrests of 2020 protesters continue"},"content":{"rendered":"\n<p><strong>August 16, <em>Pozirk<\/em>.<\/strong> New cases of politically-motivated persecution were documented in Belarus on August 15 as rights groups reported more arrests and trials linked to 2020 postelection protests.<\/p>\n\n\n\n<p>Police arrested Illa Karaty\u0161e\u016dski from Kamianiec, Brest region, following the arrest of his friend earlier, the Viasna Human Rights Center said. Police claimed that both participated in 2020 protest rallies.<\/p>\n\n\n\n<p>A Brest man was arrested on similar charges after refusing to talk to investigators, a pro-government source said.<\/p>\n\n\n\n<p>A judge in Baranavi\u010dy, Brest region, sentenced Piotr Zinievi\u010d to two and a half years in prison; Alaksandar Tarasievi\u010d and D\u017amitryj Bla\u0161\u010danica, to 18 months each on protest-related charges, Viasna reported. In the past, Zinievi\u010d had been already persecuted on charges widely seen as politically motivated.<\/p>\n\n\n\n<p>Hrodna Jewish community leader Raman Smirno\u016d went on trial for allegedly insulting Alaksandar \u0141uka\u0161enka, <em>hrodna.life<\/em> reported.<\/p>\n\n\n\n<p>Homiel-based entertainer Jahor Zien\u010danka is serving a two-year prison term for participating in protests at Penal Colony No 1 in Navapo\u0142ack, Viciebsk region, Viasna&#8217;s Homiel branch said.<\/p>\n\n\n\n<p>Special proceedings<\/p>\n\n\n\n<p>A Minsk judge sentenced Hienad\u017a Kapitana\u016d to six years in prison and a fine of 24,000 rubels (about $7,620) without the defendant being present, Viasna reported. Charges against him included inciting hatred, insulting officials and calling for sanctions.<\/p>\n\n\n\n<p>Online content<\/p>\n\n\n\n<p>Police arrested a man for allegedly posting 14,000 online comments and sharing information with an online opposition project, a pro-government source said.<\/p>\n\n\n\n<p>Aleh Dzianisik was tried in Hrodna yesterday for sharing opposition content, the<em> Pravo Imeyut <\/em>Telegram channel said. The sentence remains unknown.<\/p>\n\n\n\n<p>Other cases<\/p>\n\n\n\n<p>Authorities claim that Via\u010das\u0142a\u016d Sad\u010danko and Dani\u0142a Ku\u017aniaco\u016d from Re\u010dyca, Homiel region, refused to complete community service after being arrested on extremism-related charges last month. A pro-government source said both may face a new arrest and jail terms.<\/p>\n\n\n\n<p>As of August 16, human rights defenders identified at least 1,382 political prisoners but the real number is considerably higher because many cases go undocumented.<\/p>\n\n\n\n<p>Belarusian authorities have arrested about 65,000 people for political reasons in the four years since the August 2020 presidential election, Viasna reported in early August.<\/p>\n\n\n\n<div class=\"insert-block\">\n\n    <div class=\"insert-block__img\">\n                                <label class=\"insert-block__tag--mobile\"> Politics<\/label>\n\n                <\/div>\n    <div class=\"insert-block__text\">\n                    <label class=\"insert-block__tag\">Politics<\/label>\n                <h3 class=\"insert-block__title\">Reprisals: blogger&#039;s mother sentenced to penal colony<\/h3>\n        <div class=\"insert-block__descr\">August 15, Pozirk. The Minsk City Court has found Iryna Takar\u010duk, the mother of blogger and former political prisoner Volha Takar\u010duk, guilty of promoting extremism, Strana Dlya Zhizni reported yesterday. The judge sentenced her to three years at a penal &#8230;<\/div>\n        <a class=\"insert-block__btn-block\" href=\"\/en\/news\/100618\">\n            <button class=\"btn\">\n                <div class='btn__text'>Read the article<\/div>\n            <\/button>\n        <\/a>\n    <\/div>\n<\/div>","protected":false},"excerpt":{"rendered":"<p>August 16, Pozirk. New cases of politically-motivated persecution were documented in Belarus on August 15 as rights groups reported more arrests and trials linked to 2020 postelection protests. Police arrested Illa Karaty\u0161e\u016dski from Kamianiec, Brest region, following the arrest of his friend earlier, the Viasna Human Rights Center said. Police claimed that both participated in [&hellip;]<\/p>\n","protected":false},"author":84,"featured_media":63993,"template":"","rubric":[16],"class_list":["post-100799","articles","type-articles","status-publish","has-post-thumbnail","hentry","rubric-politics"],"acf":[],"yoast_head":"<!-- This site is optimized with the Yoast SEO plugin v25.5 - https:\/\/yoast.com\/wordpress\/plugins\/seo\/ -->\n<title>Reprisals: arrests of 2020 protesters continue | Pozirk<\/title>\n<meta name=\"description\" content=\"August 16, Pozirk. New cases of politically-motivated persecution were documented in Belarus on August 15 as rights groups reported more arrests and\" \/>\n<meta name=\"robots\" content=\"index, follow, max-snippet:-1, max-image-preview:large, max-video-preview:-1\" \/>\n<link rel=\"canonical\" href=\"https:\/\/pozirk.online\/en\/news\/100799\/\" \/>\n<meta property=\"og:locale\" content=\"en_US\" \/>\n<meta property=\"og:type\" content=\"article\" \/>\n<meta property=\"og:title\" content=\"Reprisals: arrests of 2020 protesters continue | Pozirk\" \/>\n<meta property=\"og:description\" content=\"August 16, Pozirk. New cases of politically-motivated persecution were documented in Belarus on August 15 as rights groups reported more arrests and\" \/>\n<meta property=\"og:url\" content=\"https:\/\/pozirk.online\/en\/news\/100799\/\" \/>\n<meta property=\"og:site_name\" content=\"Pozirk\" \/>\n<meta property=\"article:publisher\" content=\"https:\/\/www.facebook.com\/pozirkonline\/\" \/>\n<meta property=\"article:modified_time\" content=\"2026-03-10T12:05:06+00:00\" \/>\n<meta property=\"og:image\" content=\"https:\/\/pozirk.online\/wp-content\/uploads\/2024\/01\/pozirk_color_blank_1128x752.jpg\" \/>\n\t<meta property=\"og:image:width\" content=\"1128\" \/>\n\t<meta property=\"og:image:height\" content=\"752\" \/>\n\t<meta property=\"og:image:type\" content=\"image\/jpeg\" \/>\n<meta name=\"twitter:card\" content=\"summary_large_image\" \/>\n<meta name=\"twitter:site\" content=\"@Pozirk_online\" \/>\n<meta name=\"twitter:label1\" content=\"Est. reading time\" \/>\n\t<meta name=\"twitter:data1\" content=\"3 minutes\" \/>\n<script type=\"application\/ld+json\" class=\"yoast-schema-graph\">{\"@context\":\"https:\/\/schema.org\",\"@graph\":[{\"@type\":\"NewsArticle\",\"@id\":\"https:\/\/pozirk.online\/en\/news\/100799\/#article\",\"isPartOf\":{\"@id\":\"https:\/\/pozirk.online\/en\/news\/100799\/\"},\"headline\":\"Reprisals: arrests of 2020 protesters continue\",\"datePublished\":\"2024-08-16T08:13:30+00:00\",\"dateModified\":\"2026-03-10T12:05:06+00:00\",\"mainEntityOfPage\":{\"@id\":\"https:\/\/pozirk.online\/en\/news\/100799\/\"},\"wordCount\":348,\"publisher\":{\"@id\":\"https:\/\/pozirk.online\/en\/#organization\"},\"image\":{\"@id\":\"https:\/\/pozirk.online\/en\/news\/100799\/#primaryimage\"},\"thumbnailUrl\":\"https:\/\/pozirk.online\/wp-content\/uploads\/2024\/01\/pozirk_color_blank_1128x752.jpg\",\"inLanguage\":\"en-US\"},{\"@type\":\"WebPage\",\"@id\":\"https:\/\/pozirk.online\/en\/news\/100799\/\",\"url\":\"https:\/\/pozirk.online\/en\/news\/100799\/\",\"name\":\"Reprisals: arrests of 2020 protesters continue | Pozirk\",\"isPartOf\":{\"@id\":\"https:\/\/pozirk.online\/en\/#website\"},\"primaryImageOfPage\":{\"@id\":\"https:\/\/pozirk.online\/en\/news\/100799\/#primaryimage\"},\"image\":{\"@id\":\"https:\/\/pozirk.online\/en\/news\/100799\/#primaryimage\"},\"thumbnailUrl\":\"https:\/\/pozirk.online\/wp-content\/uploads\/2024\/01\/pozirk_color_blank_1128x752.jpg\",\"datePublished\":\"2024-08-16T08:13:30+00:00\",\"dateModified\":\"2026-03-10T12:05:06+00:00\",\"description\":\"August 16, Pozirk. New cases of politically-motivated persecution were documented in Belarus on August 15 as rights groups reported more arrests and\",\"breadcrumb\":{\"@id\":\"https:\/\/pozirk.online\/en\/news\/100799\/#breadcrumb\"},\"inLanguage\":\"en-US\",\"potentialAction\":[{\"@type\":\"ReadAction\",\"target\":[\"https:\/\/pozirk.online\/en\/news\/100799\/\"]}]},{\"@type\":\"ImageObject\",\"inLanguage\":\"en-US\",\"@id\":\"https:\/\/pozirk.online\/en\/news\/100799\/#primaryimage\",\"url\":\"https:\/\/pozirk.online\/wp-content\/uploads\/2024\/01\/pozirk_color_blank_1128x752.jpg\",\"contentUrl\":\"https:\/\/pozirk.online\/wp-content\/uploads\/2024\/01\/pozirk_color_blank_1128x752.jpg\",\"width\":1128,\"height\":752},{\"@type\":\"BreadcrumbList\",\"@id\":\"https:\/\/pozirk.online\/en\/news\/100799\/#breadcrumb\",\"itemListElement\":[{\"@type\":\"ListItem\",\"position\":1,\"name\":\"Home\",\"item\":\"https:\/\/pozirk.online\/en\/\"},{\"@type\":\"ListItem\",\"position\":2,\"name\":\"Reprisals: arrests of 2020 protesters continue\"}]},{\"@type\":\"WebSite\",\"@id\":\"https:\/\/pozirk.online\/en\/#website\",\"url\":\"https:\/\/pozirk.online\/en\/\",\"name\":\"Pozirk\",\"description\":\"\",\"publisher\":{\"@id\":\"https:\/\/pozirk.online\/en\/#organization\"},\"potentialAction\":[{\"@type\":\"SearchAction\",\"target\":{\"@type\":\"EntryPoint\",\"urlTemplate\":\"https:\/\/pozirk.online\/en\/?s={search_term_string}\"},\"query-input\":{\"@type\":\"PropertyValueSpecification\",\"valueRequired\":true,\"valueName\":\"search_term_string\"}}],\"inLanguage\":\"en-US\"},{\"@type\":\"Organization\",\"@id\":\"https:\/\/pozirk.online\/en\/#organization\",\"name\":\"Pozirk\",\"url\":\"https:\/\/pozirk.online\/en\/\",\"logo\":{\"@type\":\"ImageObject\",\"inLanguage\":\"en-US\",\"@id\":\"https:\/\/pozirk.online\/en\/#\/schema\/logo\/image\/\",\"url\":\"https:\/\/pozirk.online\/wp-content\/uploads\/2023\/11\/cropped-Logo_color_512.png\",\"contentUrl\":\"https:\/\/pozirk.online\/wp-content\/uploads\/2023\/11\/cropped-Logo_color_512.png\",\"width\":512,\"height\":512,\"caption\":\"Pozirk\"},\"image\":{\"@id\":\"https:\/\/pozirk.online\/en\/#\/schema\/logo\/image\/\"},\"sameAs\":[\"https:\/\/www.facebook.com\/pozirkonline\/\",\"https:\/\/x.com\/Pozirk_online\"]}]}<\/script>\n<!-- \/ Yoast SEO plugin. -->","yoast_head_json":{"title":"Reprisals: arrests of 2020 protesters continue | Pozirk","description":"August 16, Pozirk. New cases of politically-motivated persecution were documented in Belarus on August 15 as rights groups reported more arrests and","robots":{"index":"index","follow":"follow","max-snippet":"max-snippet:-1","max-image-preview":"max-image-preview:large","max-video-preview":"max-video-preview:-1"},"canonical":"https:\/\/pozirk.online\/en\/news\/100799\/","og_locale":"en_US","og_type":"article","og_title":"Reprisals: arrests of 2020 protesters continue | Pozirk","og_description":"August 16, Pozirk. New cases of politically-motivated persecution were documented in Belarus on August 15 as rights groups reported more arrests and","og_url":"https:\/\/pozirk.online\/en\/news\/100799\/","og_site_name":"Pozirk","article_publisher":"https:\/\/www.facebook.com\/pozirkonline\/","article_modified_time":"2026-03-10T12:05:06+00:00","og_image":[{"width":1128,"height":752,"url":"https:\/\/pozirk.online\/wp-content\/uploads\/2024\/01\/pozirk_color_blank_1128x752.jpg","type":"image\/jpeg"}],"twitter_card":"summary_large_image","twitter_site":"@Pozirk_online","twitter_misc":{"Est. reading time":"3 minutes"},"schema":{"@context":"https:\/\/schema.org","@graph":[{"@type":"NewsArticle","@id":"https:\/\/pozirk.online\/en\/news\/100799\/#article","isPartOf":{"@id":"https:\/\/pozirk.online\/en\/news\/100799\/"},"headline":"Reprisals: arrests of 2020 protesters continue","datePublished":"2024-08-16T08:13:30+00:00","dateModified":"2026-03-10T12:05:06+00:00","mainEntityOfPage":{"@id":"https:\/\/pozirk.online\/en\/news\/100799\/"},"wordCount":348,"publisher":{"@id":"https:\/\/pozirk.online\/en\/#organization"},"image":{"@id":"https:\/\/pozirk.online\/en\/news\/100799\/#primaryimage"},"thumbnailUrl":"https:\/\/pozirk.online\/wp-content\/uploads\/2024\/01\/pozirk_color_blank_1128x752.jpg","inLanguage":"en-US"},{"@type":"WebPage","@id":"https:\/\/pozirk.online\/en\/news\/100799\/","url":"https:\/\/pozirk.online\/en\/news\/100799\/","name":"Reprisals: arrests of 2020 protesters continue | Pozirk","isPartOf":{"@id":"https:\/\/pozirk.online\/en\/#website"},"primaryImageOfPage":{"@id":"https:\/\/pozirk.online\/en\/news\/100799\/#primaryimage"},"image":{"@id":"https:\/\/pozirk.online\/en\/news\/100799\/#primaryimage"},"thumbnailUrl":"https:\/\/pozirk.online\/wp-content\/uploads\/2024\/01\/pozirk_color_blank_1128x752.jpg","datePublished":"2024-08-16T08:13:30+00:00","dateModified":"2026-03-10T12:05:06+00:00","description":"August 16, Pozirk. New cases of politically-motivated persecution were documented in Belarus on August 15 as rights groups reported more arrests and","breadcrumb":{"@id":"https:\/\/pozirk.online\/en\/news\/100799\/#breadcrumb"},"inLanguage":"en-US","potentialAction":[{"@type":"ReadAction","target":["https:\/\/pozirk.online\/en\/news\/100799\/"]}]},{"@type":"ImageObject","inLanguage":"en-US","@id":"https:\/\/pozirk.online\/en\/news\/100799\/#primaryimage","url":"https:\/\/pozirk.online\/wp-content\/uploads\/2024\/01\/pozirk_color_blank_1128x752.jpg","contentUrl":"https:\/\/pozirk.online\/wp-content\/uploads\/2024\/01\/pozirk_color_blank_1128x752.jpg","width":1128,"height":752},{"@type":"BreadcrumbList","@id":"https:\/\/pozirk.online\/en\/news\/100799\/#breadcrumb","itemListElement":[{"@type":"ListItem","position":1,"name":"Home","item":"https:\/\/pozirk.online\/en\/"},{"@type":"ListItem","position":2,"name":"Reprisals: arrests of 2020 protesters continue"}]},{"@type":"WebSite","@id":"https:\/\/pozirk.online\/en\/#website","url":"https:\/\/pozirk.online\/en\/","name":"Pozirk","description":"","publisher":{"@id":"https:\/\/pozirk.online\/en\/#organization"},"potentialAction":[{"@type":"SearchAction","target":{"@type":"EntryPoint","urlTemplate":"https:\/\/pozirk.online\/en\/?s={search_term_string}"},"query-input":{"@type":"PropertyValueSpecification","valueRequired":true,"valueName":"search_term_string"}}],"inLanguage":"en-US"},{"@type":"Organization","@id":"https:\/\/pozirk.online\/en\/#organization","name":"Pozirk","url":"https:\/\/pozirk.online\/en\/","logo":{"@type":"ImageObject","inLanguage":"en-US","@id":"https:\/\/pozirk.online\/en\/#\/schema\/logo\/image\/","url":"https:\/\/pozirk.online\/wp-content\/uploads\/2023\/11\/cropped-Logo_color_512.png","contentUrl":"https:\/\/pozirk.online\/wp-content\/uploads\/2023\/11\/cropped-Logo_color_512.png","width":512,"height":512,"caption":"Pozirk"},"image":{"@id":"https:\/\/pozirk.online\/en\/#\/schema\/logo\/image\/"},"sameAs":["https:\/\/www.facebook.com\/pozirkonline\/","https:\/\/x.com\/Pozirk_online"]}]}},"_links":{"self":[{"href":"https:\/\/pozirk.online\/en\/wp-json\/wp\/v2\/articles\/100799","targetHints":{"allow":["GET"]}}],"collection":[{"href":"https:\/\/pozirk.online\/en\/wp-json\/wp\/v2\/articles"}],"about":[{"href":"https:\/\/pozirk.online\/en\/wp-json\/wp\/v2\/types\/articles"}],"author":[{"embeddable":true,"href":"https:\/\/pozirk.online\/en\/wp-json\/wp\/v2\/users\/84"}],"wp:featuredmedia":[{"embeddable":true,"href":"https:\/\/pozirk.online\/en\/wp-json\/wp\/v2\/media\/63993"}],"wp:attachment":[{"href":"https:\/\/pozirk.online\/en\/wp-json\/wp\/v2\/media?parent=100799"}],"wp:term":[{"taxonomy":"rubric","embeddable":true,"href":"https:\/\/pozirk.online\/en\/wp-json\/wp\/v2\/rubric?post=100799"}],"curies":[{"name":"wp","href":"https:\/\/api.w.org\/{rel}","templated":true}]}}