{"id":10253,"date":"2023-11-03T13:13:25","date_gmt":"2023-11-03T10:13:25","guid":{"rendered":"https:\/\/api.pozirk.online\/?post_type=articles&#038;p=10253"},"modified":"2026-03-09T20:10:49","modified_gmt":"2026-03-09T20:10:49","slug":"interior-ministry-adds-rights-defender-lojka-32-others-to-its-extremist-list","status":"publish","type":"articles","link":"https:\/\/pozirk.online\/en\/news\/10253\/","title":{"rendered":"Interior ministry adds rights defender \u0141ojka, 32 others to its &#8220;extremist&#8221; list"},"content":{"rendered":"\n<figure class=\"block-image block-image-normal\">\n\n  <img decoding=\"async\" width=\"900\" height=\"600\" src=\"https:\/\/pozirk.online\/wp-content\/uploads\/2023\/11\/nasta_lojka.jpg\" class=\"attachment-full size-full\" alt=\"\" srcset=\"https:\/\/pozirk.online\/wp-content\/uploads\/2023\/11\/nasta_lojka.jpg 900w, https:\/\/pozirk.online\/wp-content\/uploads\/2023\/11\/nasta_lojka-300x200.jpg 300w, https:\/\/pozirk.online\/wp-content\/uploads\/2023\/11\/nasta_lojka-768x512.jpg 768w\" sizes=\"(max-width: 900px) 100vw, 900px\" \/>\n  <figcaption>\n      <div class=\"block-image__descr\">\n\n        Anastasija \u0141ojka\n    <\/div>\n  \n       <div class=\"block-image__author\">\n                <span>Credit: generation.by<\/span>\n    <\/div>\n     <\/figcaption>\n<\/figure>\n\n\n\n<p><strong>November 3, <em>Pozirk<\/em>.<\/strong> The interior ministry has added 33 more names to the list of &#8220;persons involved in extremist activities,&#8221; taking their total to 3,478, according to its website.<\/p>\n\n\n\n<p>Jailed human rights defender Anastasija \u0141ojka currently serving a seven-year prison term on charges of inciting hatred is one of the new additions.<\/p>\n\n\n\n<p>The list also features people convicted in connection with an alleged arson attack on MP Aleh Hajdukievi\u010d\u2019s home, among them Vadzim Prakopje\u016d, an exiled opposition activist and co-founder of the Belarusian volunteer regiment Pahonia fighting Russia in Ukraine, given 25 years in prison in absentia.<\/p>\n\n\n\n<p>Other additions include Vital Vajciachovi\u010d and his son U\u0142adzis\u0142a\u016d, their wives Anastasija and Volha, Siarhiej Liso\u016dski, Dzianis Chamicevi\u010d, U\u0142adzimir Savianko\u016d, Siarhiej Saka\u0142o\u016d, Mika\u0142aj Roj, D\u017amitryj Neviarkievi\u010d, Volha Pietuch, Piotr Jurkievi\u010d, Dzianis Fi\u0142on\u010dyk, Pavie\u0142 \u010cychinski, Eduard Piestrak, Alaksiej Michaj\u0142a\u016d. They all were given prison terms ranging from 21 to two years on charges widely seen as politically motivated.<\/p>\n\n\n\n<p>People placed on the list of individuals involved in extremist activities are banned from education, publishing, state positions and military service for five years after completing their sentences or criminal record annulment. Their financial transactions are subject to special monitoring.<\/p>\n\n\n\n<p>Belarus\u2019 authoritarian regime has actually equated criticism of the government, solidarity, advocacy, free media and free expression to extremism and terrorism.<\/p>\n","protected":false},"excerpt":{"rendered":"<p>November 3, Pozirk. The interior ministry has added 33 more names to the list of &#8220;persons involved in extremist activities,&#8221; taking their total to 3,478, according to its website. Jailed human rights defender Anastasija \u0141ojka currently serving a seven-year prison term on charges of inciting hatred is one of the new additions. The list also [&hellip;]<\/p>\n","protected":false},"author":83,"featured_media":10238,"template":"","rubric":[16,15],"class_list":["post-10253","articles","type-articles","status-publish","has-post-thumbnail","hentry","rubric-politics","rubric-society"],"acf":[],"yoast_head":"<!-- This site is optimized with the Yoast SEO plugin v25.5 - https:\/\/yoast.com\/wordpress\/plugins\/seo\/ -->\n<title>Interior ministry adds rights defender \u0141ojka, 32 others to its &quot;extremist&quot; list | Pozirk<\/title>\n<meta name=\"description\" content=\"November 3, Pozirk. The interior ministry has added 33 more names to the list of &quot;persons involved in extremist activities,&quot; taking their total to 3,478,\" \/>\n<meta name=\"robots\" content=\"index, follow, max-snippet:-1, max-image-preview:large, max-video-preview:-1\" \/>\n<link rel=\"canonical\" href=\"https:\/\/pozirk.online\/en\/news\/10253\/\" \/>\n<meta property=\"og:locale\" content=\"en_US\" \/>\n<meta property=\"og:type\" content=\"article\" \/>\n<meta property=\"og:title\" content=\"Interior ministry adds rights defender \u0141ojka, 32 others to its &quot;extremist&quot; list | Pozirk\" \/>\n<meta property=\"og:description\" content=\"November 3, Pozirk. The interior ministry has added 33 more names to the list of &quot;persons involved in extremist activities,&quot; taking their total to 3,478,\" \/>\n<meta property=\"og:url\" content=\"https:\/\/pozirk.online\/en\/news\/10253\/\" \/>\n<meta property=\"og:site_name\" content=\"Pozirk\" \/>\n<meta property=\"article:publisher\" content=\"https:\/\/www.facebook.com\/pozirkonline\/\" \/>\n<meta property=\"article:modified_time\" content=\"2026-03-09T20:10:49+00:00\" \/>\n<meta property=\"og:image\" content=\"https:\/\/pozirk.online\/wp-content\/uploads\/2023\/11\/nasta_lojka.jpg\" \/>\n\t<meta property=\"og:image:width\" content=\"900\" \/>\n\t<meta property=\"og:image:height\" content=\"600\" \/>\n\t<meta property=\"og:image:type\" content=\"image\/jpeg\" \/>\n<meta name=\"twitter:card\" content=\"summary_large_image\" \/>\n<meta name=\"twitter:site\" content=\"@Pozirk_online\" \/>\n<meta name=\"twitter:label1\" content=\"Est. reading time\" \/>\n\t<meta name=\"twitter:data1\" content=\"1 minute\" \/>\n<script type=\"application\/ld+json\" class=\"yoast-schema-graph\">{\"@context\":\"https:\/\/schema.org\",\"@graph\":[{\"@type\":\"NewsArticle\",\"@id\":\"https:\/\/pozirk.online\/en\/news\/10253\/#article\",\"isPartOf\":{\"@id\":\"https:\/\/pozirk.online\/en\/news\/10253\/\"},\"headline\":\"Interior ministry adds rights defender \u0141ojka, 32 others to its &#8220;extremist&#8221; list\",\"datePublished\":\"2023-11-03T10:13:25+00:00\",\"dateModified\":\"2026-03-09T20:10:49+00:00\",\"mainEntityOfPage\":{\"@id\":\"https:\/\/pozirk.online\/en\/news\/10253\/\"},\"wordCount\":232,\"publisher\":{\"@id\":\"https:\/\/pozirk.online\/en\/#organization\"},\"image\":{\"@id\":\"https:\/\/pozirk.online\/en\/news\/10253\/#primaryimage\"},\"thumbnailUrl\":\"https:\/\/pozirk.online\/wp-content\/uploads\/2023\/11\/nasta_lojka.jpg\",\"inLanguage\":\"en-US\"},{\"@type\":\"WebPage\",\"@id\":\"https:\/\/pozirk.online\/en\/news\/10253\/\",\"url\":\"https:\/\/pozirk.online\/en\/news\/10253\/\",\"name\":\"Interior ministry adds rights defender \u0141ojka, 32 others to its \\\"extremist\\\" list | Pozirk\",\"isPartOf\":{\"@id\":\"https:\/\/pozirk.online\/en\/#website\"},\"primaryImageOfPage\":{\"@id\":\"https:\/\/pozirk.online\/en\/news\/10253\/#primaryimage\"},\"image\":{\"@id\":\"https:\/\/pozirk.online\/en\/news\/10253\/#primaryimage\"},\"thumbnailUrl\":\"https:\/\/pozirk.online\/wp-content\/uploads\/2023\/11\/nasta_lojka.jpg\",\"datePublished\":\"2023-11-03T10:13:25+00:00\",\"dateModified\":\"2026-03-09T20:10:49+00:00\",\"description\":\"November 3, Pozirk. The interior ministry has added 33 more names to the list of \\\"persons involved in extremist activities,\\\" taking their total to 3,478,\",\"breadcrumb\":{\"@id\":\"https:\/\/pozirk.online\/en\/news\/10253\/#breadcrumb\"},\"inLanguage\":\"en-US\",\"potentialAction\":[{\"@type\":\"ReadAction\",\"target\":[\"https:\/\/pozirk.online\/en\/news\/10253\/\"]}]},{\"@type\":\"ImageObject\",\"inLanguage\":\"en-US\",\"@id\":\"https:\/\/pozirk.online\/en\/news\/10253\/#primaryimage\",\"url\":\"https:\/\/pozirk.online\/wp-content\/uploads\/2023\/11\/nasta_lojka.jpg\",\"contentUrl\":\"https:\/\/pozirk.online\/wp-content\/uploads\/2023\/11\/nasta_lojka.jpg\",\"width\":900,\"height\":600},{\"@type\":\"BreadcrumbList\",\"@id\":\"https:\/\/pozirk.online\/en\/news\/10253\/#breadcrumb\",\"itemListElement\":[{\"@type\":\"ListItem\",\"position\":1,\"name\":\"Home\",\"item\":\"https:\/\/pozirk.online\/en\/\"},{\"@type\":\"ListItem\",\"position\":2,\"name\":\"Interior ministry adds rights defender \u0141ojka, 32 others to its &#8220;extremist&#8221; list\"}]},{\"@type\":\"WebSite\",\"@id\":\"https:\/\/pozirk.online\/en\/#website\",\"url\":\"https:\/\/pozirk.online\/en\/\",\"name\":\"Pozirk\",\"description\":\"\",\"publisher\":{\"@id\":\"https:\/\/pozirk.online\/en\/#organization\"},\"potentialAction\":[{\"@type\":\"SearchAction\",\"target\":{\"@type\":\"EntryPoint\",\"urlTemplate\":\"https:\/\/pozirk.online\/en\/?s={search_term_string}\"},\"query-input\":{\"@type\":\"PropertyValueSpecification\",\"valueRequired\":true,\"valueName\":\"search_term_string\"}}],\"inLanguage\":\"en-US\"},{\"@type\":\"Organization\",\"@id\":\"https:\/\/pozirk.online\/en\/#organization\",\"name\":\"Pozirk\",\"url\":\"https:\/\/pozirk.online\/en\/\",\"logo\":{\"@type\":\"ImageObject\",\"inLanguage\":\"en-US\",\"@id\":\"https:\/\/pozirk.online\/en\/#\/schema\/logo\/image\/\",\"url\":\"https:\/\/pozirk.online\/wp-content\/uploads\/2023\/11\/cropped-Logo_color_512.png\",\"contentUrl\":\"https:\/\/pozirk.online\/wp-content\/uploads\/2023\/11\/cropped-Logo_color_512.png\",\"width\":512,\"height\":512,\"caption\":\"Pozirk\"},\"image\":{\"@id\":\"https:\/\/pozirk.online\/en\/#\/schema\/logo\/image\/\"},\"sameAs\":[\"https:\/\/www.facebook.com\/pozirkonline\/\",\"https:\/\/x.com\/Pozirk_online\"]}]}<\/script>\n<!-- \/ Yoast SEO plugin. -->","yoast_head_json":{"title":"Interior ministry adds rights defender \u0141ojka, 32 others to its \"extremist\" list | Pozirk","description":"November 3, Pozirk. The interior ministry has added 33 more names to the list of \"persons involved in extremist activities,\" taking their total to 3,478,","robots":{"index":"index","follow":"follow","max-snippet":"max-snippet:-1","max-image-preview":"max-image-preview:large","max-video-preview":"max-video-preview:-1"},"canonical":"https:\/\/pozirk.online\/en\/news\/10253\/","og_locale":"en_US","og_type":"article","og_title":"Interior ministry adds rights defender \u0141ojka, 32 others to its \"extremist\" list | Pozirk","og_description":"November 3, Pozirk. The interior ministry has added 33 more names to the list of \"persons involved in extremist activities,\" taking their total to 3,478,","og_url":"https:\/\/pozirk.online\/en\/news\/10253\/","og_site_name":"Pozirk","article_publisher":"https:\/\/www.facebook.com\/pozirkonline\/","article_modified_time":"2026-03-09T20:10:49+00:00","og_image":[{"width":900,"height":600,"url":"https:\/\/pozirk.online\/wp-content\/uploads\/2023\/11\/nasta_lojka.jpg","type":"image\/jpeg"}],"twitter_card":"summary_large_image","twitter_site":"@Pozirk_online","twitter_misc":{"Est. reading time":"1 minute"},"schema":{"@context":"https:\/\/schema.org","@graph":[{"@type":"NewsArticle","@id":"https:\/\/pozirk.online\/en\/news\/10253\/#article","isPartOf":{"@id":"https:\/\/pozirk.online\/en\/news\/10253\/"},"headline":"Interior ministry adds rights defender \u0141ojka, 32 others to its &#8220;extremist&#8221; list","datePublished":"2023-11-03T10:13:25+00:00","dateModified":"2026-03-09T20:10:49+00:00","mainEntityOfPage":{"@id":"https:\/\/pozirk.online\/en\/news\/10253\/"},"wordCount":232,"publisher":{"@id":"https:\/\/pozirk.online\/en\/#organization"},"image":{"@id":"https:\/\/pozirk.online\/en\/news\/10253\/#primaryimage"},"thumbnailUrl":"https:\/\/pozirk.online\/wp-content\/uploads\/2023\/11\/nasta_lojka.jpg","inLanguage":"en-US"},{"@type":"WebPage","@id":"https:\/\/pozirk.online\/en\/news\/10253\/","url":"https:\/\/pozirk.online\/en\/news\/10253\/","name":"Interior ministry adds rights defender \u0141ojka, 32 others to its \"extremist\" list | Pozirk","isPartOf":{"@id":"https:\/\/pozirk.online\/en\/#website"},"primaryImageOfPage":{"@id":"https:\/\/pozirk.online\/en\/news\/10253\/#primaryimage"},"image":{"@id":"https:\/\/pozirk.online\/en\/news\/10253\/#primaryimage"},"thumbnailUrl":"https:\/\/pozirk.online\/wp-content\/uploads\/2023\/11\/nasta_lojka.jpg","datePublished":"2023-11-03T10:13:25+00:00","dateModified":"2026-03-09T20:10:49+00:00","description":"November 3, Pozirk. The interior ministry has added 33 more names to the list of \"persons involved in extremist activities,\" taking their total to 3,478,","breadcrumb":{"@id":"https:\/\/pozirk.online\/en\/news\/10253\/#breadcrumb"},"inLanguage":"en-US","potentialAction":[{"@type":"ReadAction","target":["https:\/\/pozirk.online\/en\/news\/10253\/"]}]},{"@type":"ImageObject","inLanguage":"en-US","@id":"https:\/\/pozirk.online\/en\/news\/10253\/#primaryimage","url":"https:\/\/pozirk.online\/wp-content\/uploads\/2023\/11\/nasta_lojka.jpg","contentUrl":"https:\/\/pozirk.online\/wp-content\/uploads\/2023\/11\/nasta_lojka.jpg","width":900,"height":600},{"@type":"BreadcrumbList","@id":"https:\/\/pozirk.online\/en\/news\/10253\/#breadcrumb","itemListElement":[{"@type":"ListItem","position":1,"name":"Home","item":"https:\/\/pozirk.online\/en\/"},{"@type":"ListItem","position":2,"name":"Interior ministry adds rights defender \u0141ojka, 32 others to its &#8220;extremist&#8221; list"}]},{"@type":"WebSite","@id":"https:\/\/pozirk.online\/en\/#website","url":"https:\/\/pozirk.online\/en\/","name":"Pozirk","description":"","publisher":{"@id":"https:\/\/pozirk.online\/en\/#organization"},"potentialAction":[{"@type":"SearchAction","target":{"@type":"EntryPoint","urlTemplate":"https:\/\/pozirk.online\/en\/?s={search_term_string}"},"query-input":{"@type":"PropertyValueSpecification","valueRequired":true,"valueName":"search_term_string"}}],"inLanguage":"en-US"},{"@type":"Organization","@id":"https:\/\/pozirk.online\/en\/#organization","name":"Pozirk","url":"https:\/\/pozirk.online\/en\/","logo":{"@type":"ImageObject","inLanguage":"en-US","@id":"https:\/\/pozirk.online\/en\/#\/schema\/logo\/image\/","url":"https:\/\/pozirk.online\/wp-content\/uploads\/2023\/11\/cropped-Logo_color_512.png","contentUrl":"https:\/\/pozirk.online\/wp-content\/uploads\/2023\/11\/cropped-Logo_color_512.png","width":512,"height":512,"caption":"Pozirk"},"image":{"@id":"https:\/\/pozirk.online\/en\/#\/schema\/logo\/image\/"},"sameAs":["https:\/\/www.facebook.com\/pozirkonline\/","https:\/\/x.com\/Pozirk_online"]}]}},"_links":{"self":[{"href":"https:\/\/pozirk.online\/en\/wp-json\/wp\/v2\/articles\/10253","targetHints":{"allow":["GET"]}}],"collection":[{"href":"https:\/\/pozirk.online\/en\/wp-json\/wp\/v2\/articles"}],"about":[{"href":"https:\/\/pozirk.online\/en\/wp-json\/wp\/v2\/types\/articles"}],"author":[{"embeddable":true,"href":"https:\/\/pozirk.online\/en\/wp-json\/wp\/v2\/users\/83"}],"wp:featuredmedia":[{"embeddable":true,"href":"https:\/\/pozirk.online\/en\/wp-json\/wp\/v2\/media\/10238"}],"wp:attachment":[{"href":"https:\/\/pozirk.online\/en\/wp-json\/wp\/v2\/media?parent=10253"}],"wp:term":[{"taxonomy":"rubric","embeddable":true,"href":"https:\/\/pozirk.online\/en\/wp-json\/wp\/v2\/rubric?post=10253"}],"curies":[{"name":"wp","href":"https:\/\/api.w.org\/{rel}","templated":true}]}}