{"id":102660,"date":"2024-08-29T20:30:34","date_gmt":"2024-08-29T17:30:34","guid":{"rendered":"https:\/\/pozirk.online\/en\/news\/102660\/"},"modified":"2026-02-24T20:40:57","modified_gmt":"2026-02-24T20:40:57","slug":"human-rights-defenders-label-six-as-political-prisoners","status":"publish","type":"articles","link":"https:\/\/pozirk.online\/en\/news\/102660\/","title":{"rendered":"Human rights defenders label six as political prisoners"},"content":{"rendered":"\n<figure class=\"block-image block-image-normal\">\n\n  <img decoding=\"async\" width=\"1280\" height=\"853\" src=\"https:\/\/pozirk.online\/wp-content\/uploads\/2023\/11\/\u0442\u044e\u0440\u044c\u043c\u0430-\u0441\u043e\u043b\u043d\u0446\u0435-\u043f\u0438\u043a\u0441\u0430\u0431\u0430\u0439-e1700140578746.jpg\" class=\"attachment-full size-full\" alt=\"\" \/>\n  <figcaption>\n  \n       <div class=\"block-image__author\">\n                <span>(pixabay.com)<\/span>\n    <\/div>\n     <\/figcaption>\n<\/figure>\n\n\n\n<p><strong>August 29, <em>Pozirk.<\/em><\/strong> Human rights defenders have designated six people as political prisoners, bringing the total to 1,371, the Viasna Human Rights Center reported.<\/p>\n\n\n\n<p>The six were accused or convicted of violent disorder. Alaksandar Tarasievi\u010d was sentenced to 1.5 years&#8217; imprisonment. Natalla Burako\u016dskaja, also charged with tax evasion, to three years. Ala\u016dtyna Hudkova went on trial in Brest on August 6. D\u017amitryj Mirski and D\u017amitryj B\u0142a\u0161\u010danica were sentenced to unknown terms. D\u017amitryj Famin, also charged with libeling the head of state, was taken into custody.<\/p>\n\n\n\n<p>The human rights activists noted that the right to peaceful assembly was guaranteed by Article 21 of the International Covenant on Civil and Political Rights. &#8220;No restrictions may be placed on the exercise of this right other than those imposed in conformity with the law and which are necessary in a democratic society in the interests of national security or public safety, public order (ordre public), the protection of public health or morals or the protection of the rights and freedoms of others,&#8221; the article says.<\/p>\n\n\n\n<p>They also demanded freedom for these and all other political prisoners and an end to reprisals.<\/p>\n\n\n\n<p>The statement was signed by Viasna and Pravavaja Inicyjatyva.<\/p>\n\n\n\n<div class=\"insert-block\">\n\n    <div class=\"insert-block__img\">\n        <img decoding=\"async\" width=\"354\" height=\"236\" src=\"https:\/\/pozirk.online\/wp-content\/uploads\/2024\/02\/lednik-spring96.org-1128-354x236.jpg\" class=\"attachment-medium size-medium\" alt=\"\" srcset=\"https:\/\/pozirk.online\/wp-content\/uploads\/2024\/02\/lednik-spring96.org-1128-354x236.jpg 354w, https:\/\/pozirk.online\/wp-content\/uploads\/2024\/02\/lednik-spring96.org-1128-734x490.jpg 734w, https:\/\/pozirk.online\/wp-content\/uploads\/2024\/02\/lednik-spring96.org-1128-178x118.jpg 178w, https:\/\/pozirk.online\/wp-content\/uploads\/2024\/02\/lednik-spring96.org-1128-768x511.jpg 768w, https:\/\/pozirk.online\/wp-content\/uploads\/2024\/02\/lednik-spring96.org-1128.jpg 1128w\" sizes=\"(max-width: 354px) 100vw, 354px\" \/>                        <label class=\"insert-block__tag--mobile\"> \u041f\u043e\u043b\u0438\u0442\u0438\u043a\u0430<\/label>\n\n                            <label class=\"insert-block__tag--mobile\"> \u041e\u0431\u0449\u0435\u0441\u0442\u0432\u043e<\/label>\n\n                <\/div>\n    <div class=\"insert-block__text\">\n                    <label class=\"insert-block__tag\">\u041f\u043e\u043b\u0438\u0442\u0438\u043a\u0430, \u041e\u0431\u0449\u0435\u0441\u0442\u0432\u043e<\/label>\n                <h3 class=\"insert-block__title\">Belarus&#039; UN envoy says unaware of disabled political prisoner deaths<\/h3>\n        <div class=\"insert-block__descr\">August 28, Pozirk. Disabled people did not participate in the 2020 post-election protests en masse, said \u0141arysa Bielskaja, Belarus&#039; permanent representative to the United Nations Office at Geneva, dodging a question from a UN expert. Yesterday, the Viasna Human Rights &#8230;<\/div>\n        <a class=\"insert-block__btn-block\" href=\"\/en\/news\/102355\">\n            <button class=\"btn\">\n                <div class='btn__text'>Read the article<\/div>\n            <\/button>\n        <\/a>\n    <\/div>\n<\/div>","protected":false},"excerpt":{"rendered":"<p>August 29, Pozirk. Human rights defenders have designated six people as political prisoners, bringing the total to 1,371, the Viasna Human Rights Center reported. The six were accused or convicted of violent disorder. Alaksandar Tarasievi\u010d was sentenced to 1.5 years&#8217; imprisonment. Natalla Burako\u016dskaja, also charged with tax evasion, to three years. Ala\u016dtyna Hudkova went on [&hellip;]<\/p>\n","protected":false},"author":75,"featured_media":49661,"template":"","rubric":[14,13],"class_list":["post-102660","articles","type-articles","status-publish","has-post-thumbnail","hentry","rubric-politics","rubric-society"],"acf":[],"yoast_head":"<!-- This site is optimized with the Yoast SEO plugin v25.5 - https:\/\/yoast.com\/wordpress\/plugins\/seo\/ -->\n<title>Human rights defenders label six as political prisoners | Pozirk<\/title>\n<meta name=\"description\" content=\"August 29, Pozirk. Human rights defenders have designated six people as political prisoners, bringing the total to 1,371, the Viasna Human Rights Center\" \/>\n<meta name=\"robots\" content=\"index, follow, max-snippet:-1, max-image-preview:large, max-video-preview:-1\" \/>\n<link rel=\"canonical\" href=\"https:\/\/pozirk.online\/en\/news\/102660\/\" \/>\n<meta property=\"og:locale\" content=\"en_US\" \/>\n<meta property=\"og:type\" content=\"article\" \/>\n<meta property=\"og:title\" content=\"Human rights defenders label six as political prisoners | Pozirk\" \/>\n<meta property=\"og:description\" content=\"August 29, Pozirk. Human rights defenders have designated six people as political prisoners, bringing the total to 1,371, the Viasna Human Rights Center\" \/>\n<meta property=\"og:url\" content=\"https:\/\/pozirk.online\/en\/news\/102660\/\" \/>\n<meta property=\"og:site_name\" content=\"Pozirk\" \/>\n<meta property=\"article:publisher\" content=\"https:\/\/www.facebook.com\/pozirkonline\/\" \/>\n<meta property=\"article:modified_time\" content=\"2026-02-24T20:40:57+00:00\" \/>\n<meta property=\"og:image\" content=\"https:\/\/pozirk.online\/wp-content\/uploads\/2023\/11\/\u0442\u044e\u0440\u044c\u043c\u0430-\u0441\u043e\u043b\u043d\u0446\u0435-\u043f\u0438\u043a\u0441\u0430\u0431\u0430\u0439-e1700140578746.jpg\" \/>\n\t<meta property=\"og:image:width\" content=\"1280\" \/>\n\t<meta property=\"og:image:height\" content=\"853\" \/>\n\t<meta property=\"og:image:type\" content=\"image\/jpeg\" \/>\n<meta name=\"twitter:card\" content=\"summary_large_image\" \/>\n<meta name=\"twitter:site\" content=\"@Pozirk_online\" \/>\n<meta name=\"twitter:label1\" content=\"Est. reading time\" \/>\n\t<meta name=\"twitter:data1\" content=\"2 minutes\" \/>\n<script type=\"application\/ld+json\" class=\"yoast-schema-graph\">{\"@context\":\"https:\/\/schema.org\",\"@graph\":[{\"@type\":\"NewsArticle\",\"@id\":\"https:\/\/pozirk.online\/en\/news\/102660\/#article\",\"isPartOf\":{\"@id\":\"https:\/\/pozirk.online\/en\/news\/102660\/\"},\"headline\":\"Human rights defenders label six as political prisoners\",\"datePublished\":\"2024-08-29T17:30:34+00:00\",\"dateModified\":\"2026-02-24T20:40:57+00:00\",\"mainEntityOfPage\":{\"@id\":\"https:\/\/pozirk.online\/en\/news\/102660\/\"},\"wordCount\":206,\"publisher\":{\"@id\":\"https:\/\/pozirk.online\/en\/#organization\"},\"image\":{\"@id\":\"https:\/\/pozirk.online\/en\/news\/102660\/#primaryimage\"},\"thumbnailUrl\":\"https:\/\/pozirk.online\/wp-content\/uploads\/2023\/11\/\u0442\u044e\u0440\u044c\u043c\u0430-\u0441\u043e\u043b\u043d\u0446\u0435-\u043f\u0438\u043a\u0441\u0430\u0431\u0430\u0439-e1700140578746.jpg\",\"inLanguage\":\"en-US\"},{\"@type\":\"WebPage\",\"@id\":\"https:\/\/pozirk.online\/en\/news\/102660\/\",\"url\":\"https:\/\/pozirk.online\/en\/news\/102660\/\",\"name\":\"Human rights defenders label six as political prisoners | Pozirk\",\"isPartOf\":{\"@id\":\"https:\/\/pozirk.online\/en\/#website\"},\"primaryImageOfPage\":{\"@id\":\"https:\/\/pozirk.online\/en\/news\/102660\/#primaryimage\"},\"image\":{\"@id\":\"https:\/\/pozirk.online\/en\/news\/102660\/#primaryimage\"},\"thumbnailUrl\":\"https:\/\/pozirk.online\/wp-content\/uploads\/2023\/11\/\u0442\u044e\u0440\u044c\u043c\u0430-\u0441\u043e\u043b\u043d\u0446\u0435-\u043f\u0438\u043a\u0441\u0430\u0431\u0430\u0439-e1700140578746.jpg\",\"datePublished\":\"2024-08-29T17:30:34+00:00\",\"dateModified\":\"2026-02-24T20:40:57+00:00\",\"description\":\"August 29, Pozirk. Human rights defenders have designated six people as political prisoners, bringing the total to 1,371, the Viasna Human Rights Center\",\"breadcrumb\":{\"@id\":\"https:\/\/pozirk.online\/en\/news\/102660\/#breadcrumb\"},\"inLanguage\":\"en-US\",\"potentialAction\":[{\"@type\":\"ReadAction\",\"target\":[\"https:\/\/pozirk.online\/en\/news\/102660\/\"]}]},{\"@type\":\"ImageObject\",\"inLanguage\":\"en-US\",\"@id\":\"https:\/\/pozirk.online\/en\/news\/102660\/#primaryimage\",\"url\":\"https:\/\/pozirk.online\/wp-content\/uploads\/2023\/11\/\u0442\u044e\u0440\u044c\u043c\u0430-\u0441\u043e\u043b\u043d\u0446\u0435-\u043f\u0438\u043a\u0441\u0430\u0431\u0430\u0439-e1700140578746.jpg\",\"contentUrl\":\"https:\/\/pozirk.online\/wp-content\/uploads\/2023\/11\/\u0442\u044e\u0440\u044c\u043c\u0430-\u0441\u043e\u043b\u043d\u0446\u0435-\u043f\u0438\u043a\u0441\u0430\u0431\u0430\u0439-e1700140578746.jpg\",\"width\":1280,\"height\":853},{\"@type\":\"BreadcrumbList\",\"@id\":\"https:\/\/pozirk.online\/en\/news\/102660\/#breadcrumb\",\"itemListElement\":[{\"@type\":\"ListItem\",\"position\":1,\"name\":\"Home\",\"item\":\"https:\/\/pozirk.online\/en\/\"},{\"@type\":\"ListItem\",\"position\":2,\"name\":\"Human rights defenders label six as political prisoners\"}]},{\"@type\":\"WebSite\",\"@id\":\"https:\/\/pozirk.online\/en\/#website\",\"url\":\"https:\/\/pozirk.online\/en\/\",\"name\":\"Pozirk\",\"description\":\"\",\"publisher\":{\"@id\":\"https:\/\/pozirk.online\/en\/#organization\"},\"potentialAction\":[{\"@type\":\"SearchAction\",\"target\":{\"@type\":\"EntryPoint\",\"urlTemplate\":\"https:\/\/pozirk.online\/en\/?s={search_term_string}\"},\"query-input\":{\"@type\":\"PropertyValueSpecification\",\"valueRequired\":true,\"valueName\":\"search_term_string\"}}],\"inLanguage\":\"en-US\"},{\"@type\":\"Organization\",\"@id\":\"https:\/\/pozirk.online\/en\/#organization\",\"name\":\"Pozirk\",\"url\":\"https:\/\/pozirk.online\/en\/\",\"logo\":{\"@type\":\"ImageObject\",\"inLanguage\":\"en-US\",\"@id\":\"https:\/\/pozirk.online\/en\/#\/schema\/logo\/image\/\",\"url\":\"https:\/\/pozirk.online\/wp-content\/uploads\/2023\/11\/cropped-Logo_color_512.png\",\"contentUrl\":\"https:\/\/pozirk.online\/wp-content\/uploads\/2023\/11\/cropped-Logo_color_512.png\",\"width\":512,\"height\":512,\"caption\":\"Pozirk\"},\"image\":{\"@id\":\"https:\/\/pozirk.online\/en\/#\/schema\/logo\/image\/\"},\"sameAs\":[\"https:\/\/www.facebook.com\/pozirkonline\/\",\"https:\/\/x.com\/Pozirk_online\"]}]}<\/script>\n<!-- \/ Yoast SEO plugin. -->","yoast_head_json":{"title":"Human rights defenders label six as political prisoners | Pozirk","description":"August 29, Pozirk. Human rights defenders have designated six people as political prisoners, bringing the total to 1,371, the Viasna Human Rights Center","robots":{"index":"index","follow":"follow","max-snippet":"max-snippet:-1","max-image-preview":"max-image-preview:large","max-video-preview":"max-video-preview:-1"},"canonical":"https:\/\/pozirk.online\/en\/news\/102660\/","og_locale":"en_US","og_type":"article","og_title":"Human rights defenders label six as political prisoners | Pozirk","og_description":"August 29, Pozirk. Human rights defenders have designated six people as political prisoners, bringing the total to 1,371, the Viasna Human Rights Center","og_url":"https:\/\/pozirk.online\/en\/news\/102660\/","og_site_name":"Pozirk","article_publisher":"https:\/\/www.facebook.com\/pozirkonline\/","article_modified_time":"2026-02-24T20:40:57+00:00","og_image":[{"width":1280,"height":853,"url":"https:\/\/pozirk.online\/wp-content\/uploads\/2023\/11\/\u0442\u044e\u0440\u044c\u043c\u0430-\u0441\u043e\u043b\u043d\u0446\u0435-\u043f\u0438\u043a\u0441\u0430\u0431\u0430\u0439-e1700140578746.jpg","type":"image\/jpeg"}],"twitter_card":"summary_large_image","twitter_site":"@Pozirk_online","twitter_misc":{"Est. reading time":"2 minutes"},"schema":{"@context":"https:\/\/schema.org","@graph":[{"@type":"NewsArticle","@id":"https:\/\/pozirk.online\/en\/news\/102660\/#article","isPartOf":{"@id":"https:\/\/pozirk.online\/en\/news\/102660\/"},"headline":"Human rights defenders label six as political prisoners","datePublished":"2024-08-29T17:30:34+00:00","dateModified":"2026-02-24T20:40:57+00:00","mainEntityOfPage":{"@id":"https:\/\/pozirk.online\/en\/news\/102660\/"},"wordCount":206,"publisher":{"@id":"https:\/\/pozirk.online\/en\/#organization"},"image":{"@id":"https:\/\/pozirk.online\/en\/news\/102660\/#primaryimage"},"thumbnailUrl":"https:\/\/pozirk.online\/wp-content\/uploads\/2023\/11\/\u0442\u044e\u0440\u044c\u043c\u0430-\u0441\u043e\u043b\u043d\u0446\u0435-\u043f\u0438\u043a\u0441\u0430\u0431\u0430\u0439-e1700140578746.jpg","inLanguage":"en-US"},{"@type":"WebPage","@id":"https:\/\/pozirk.online\/en\/news\/102660\/","url":"https:\/\/pozirk.online\/en\/news\/102660\/","name":"Human rights defenders label six as political prisoners | Pozirk","isPartOf":{"@id":"https:\/\/pozirk.online\/en\/#website"},"primaryImageOfPage":{"@id":"https:\/\/pozirk.online\/en\/news\/102660\/#primaryimage"},"image":{"@id":"https:\/\/pozirk.online\/en\/news\/102660\/#primaryimage"},"thumbnailUrl":"https:\/\/pozirk.online\/wp-content\/uploads\/2023\/11\/\u0442\u044e\u0440\u044c\u043c\u0430-\u0441\u043e\u043b\u043d\u0446\u0435-\u043f\u0438\u043a\u0441\u0430\u0431\u0430\u0439-e1700140578746.jpg","datePublished":"2024-08-29T17:30:34+00:00","dateModified":"2026-02-24T20:40:57+00:00","description":"August 29, Pozirk. Human rights defenders have designated six people as political prisoners, bringing the total to 1,371, the Viasna Human Rights Center","breadcrumb":{"@id":"https:\/\/pozirk.online\/en\/news\/102660\/#breadcrumb"},"inLanguage":"en-US","potentialAction":[{"@type":"ReadAction","target":["https:\/\/pozirk.online\/en\/news\/102660\/"]}]},{"@type":"ImageObject","inLanguage":"en-US","@id":"https:\/\/pozirk.online\/en\/news\/102660\/#primaryimage","url":"https:\/\/pozirk.online\/wp-content\/uploads\/2023\/11\/\u0442\u044e\u0440\u044c\u043c\u0430-\u0441\u043e\u043b\u043d\u0446\u0435-\u043f\u0438\u043a\u0441\u0430\u0431\u0430\u0439-e1700140578746.jpg","contentUrl":"https:\/\/pozirk.online\/wp-content\/uploads\/2023\/11\/\u0442\u044e\u0440\u044c\u043c\u0430-\u0441\u043e\u043b\u043d\u0446\u0435-\u043f\u0438\u043a\u0441\u0430\u0431\u0430\u0439-e1700140578746.jpg","width":1280,"height":853},{"@type":"BreadcrumbList","@id":"https:\/\/pozirk.online\/en\/news\/102660\/#breadcrumb","itemListElement":[{"@type":"ListItem","position":1,"name":"Home","item":"https:\/\/pozirk.online\/en\/"},{"@type":"ListItem","position":2,"name":"Human rights defenders label six as political prisoners"}]},{"@type":"WebSite","@id":"https:\/\/pozirk.online\/en\/#website","url":"https:\/\/pozirk.online\/en\/","name":"Pozirk","description":"","publisher":{"@id":"https:\/\/pozirk.online\/en\/#organization"},"potentialAction":[{"@type":"SearchAction","target":{"@type":"EntryPoint","urlTemplate":"https:\/\/pozirk.online\/en\/?s={search_term_string}"},"query-input":{"@type":"PropertyValueSpecification","valueRequired":true,"valueName":"search_term_string"}}],"inLanguage":"en-US"},{"@type":"Organization","@id":"https:\/\/pozirk.online\/en\/#organization","name":"Pozirk","url":"https:\/\/pozirk.online\/en\/","logo":{"@type":"ImageObject","inLanguage":"en-US","@id":"https:\/\/pozirk.online\/en\/#\/schema\/logo\/image\/","url":"https:\/\/pozirk.online\/wp-content\/uploads\/2023\/11\/cropped-Logo_color_512.png","contentUrl":"https:\/\/pozirk.online\/wp-content\/uploads\/2023\/11\/cropped-Logo_color_512.png","width":512,"height":512,"caption":"Pozirk"},"image":{"@id":"https:\/\/pozirk.online\/en\/#\/schema\/logo\/image\/"},"sameAs":["https:\/\/www.facebook.com\/pozirkonline\/","https:\/\/x.com\/Pozirk_online"]}]}},"_links":{"self":[{"href":"https:\/\/pozirk.online\/en\/wp-json\/wp\/v2\/articles\/102660","targetHints":{"allow":["GET"]}}],"collection":[{"href":"https:\/\/pozirk.online\/en\/wp-json\/wp\/v2\/articles"}],"about":[{"href":"https:\/\/pozirk.online\/en\/wp-json\/wp\/v2\/types\/articles"}],"author":[{"embeddable":true,"href":"https:\/\/pozirk.online\/en\/wp-json\/wp\/v2\/users\/75"}],"wp:featuredmedia":[{"embeddable":true,"href":"https:\/\/pozirk.online\/en\/wp-json\/wp\/v2\/media\/49661"}],"wp:attachment":[{"href":"https:\/\/pozirk.online\/en\/wp-json\/wp\/v2\/media?parent=102660"}],"wp:term":[{"taxonomy":"rubric","embeddable":true,"href":"https:\/\/pozirk.online\/en\/wp-json\/wp\/v2\/rubric?post=102660"}],"curies":[{"name":"wp","href":"https:\/\/api.w.org\/{rel}","templated":true}]}}