{"id":105081,"date":"2024-09-16T12:04:49","date_gmt":"2024-09-16T09:04:49","guid":{"rendered":"https:\/\/pozirk.online\/en\/news\/105081\/"},"modified":"2026-03-10T12:05:06","modified_gmt":"2026-03-10T12:05:06","slug":"cichanouskaja-to-discuss-accountability-for-lukasenka-with-mps-from-nato-pa","status":"publish","type":"articles","link":"https:\/\/pozirk.online\/en\/news\/105081\/","title":{"rendered":"Cichano\u016dskaja to discuss accountability for \u0141uka\u0161enka with MPs from NATO PA"},"content":{"rendered":"\n<p><strong>September 16, <em>Pozirk.<\/em><\/strong> Belarusian opposition leader \u015aviat\u0142ana Cichano\u016dskaja will discuss accountability for Alaksandar \u0141uka\u0161enka and his officials for Russia\u2019s war on Ukraine with MPs from the NATO Parliamentary Assembly (PA), her aide Franak Via\u010dorka has told Pozirk.<\/p>\n\n\n\n<p>She and her associate Pavie\u0142 \u0141atu\u0161ka will represent Belarusian pro-democracy forces at a panel on Belarus and the Baltic States during the Rose-Roth seminar of NATO PA on September 17 in Warsaw. <\/p>\n\n\n\n<p>The two-day event will focus on strengthening NATO&#8217;s eastern frontiers, supporting Ukraine and the situation in Belarus and the Baltic region.<\/p>\n\n\n\n<div class=\"insert-block\">\n\n    <div class=\"insert-block__img\">\n        <img decoding=\"async\" width=\"354\" height=\"236\" src=\"https:\/\/pozirk.online\/wp-content\/uploads\/2024\/03\/minoborony-1-354x236.jpg\" class=\"attachment-medium size-medium\" alt=\"\" srcset=\"https:\/\/pozirk.online\/wp-content\/uploads\/2024\/03\/minoborony-1-354x236.jpg 354w, https:\/\/pozirk.online\/wp-content\/uploads\/2024\/03\/minoborony-1-734x490.jpg 734w, https:\/\/pozirk.online\/wp-content\/uploads\/2024\/03\/minoborony-1-178x118.jpg 178w, https:\/\/pozirk.online\/wp-content\/uploads\/2024\/03\/minoborony-1-768x512.jpg 768w, https:\/\/pozirk.online\/wp-content\/uploads\/2024\/03\/minoborony-1.jpg 1128w\" sizes=\"(max-width: 354px) 100vw, 354px\" \/>                        <label class=\"insert-block__tag--mobile\"> Politics<\/label>\n\n                            <label class=\"insert-block__tag--mobile\"> Security<\/label>\n\n                <\/div>\n    <div class=\"insert-block__text\">\n                    <label class=\"insert-block__tag\">Politics, Security<\/label>\n                <h3 class=\"insert-block__title\">Belarusian general urges preparation for open conflict with NATO<\/h3>\n        <div class=\"insert-block__descr\">August 18, Pozirk. Air\/Air Defense Commander Andrej \u0141ukjanovi\u010d has asserted the need to prepare for &quot;an open confrontation&quot; between Belarus and Russia on the one side and NATO on the other. The statement comes amid Ukraine&#039;s offensive in the Kursk &#8230;<\/div>\n        <a class=\"insert-block__btn-block\" href=\"\/en\/news\/101025\">\n            <button class=\"btn\">\n                <div class='btn__text'>Read the article<\/div>\n            <\/button>\n        <\/a>\n    <\/div>\n<\/div>","protected":false},"excerpt":{"rendered":"<p>September 16, Pozirk. Belarusian opposition leader \u015aviat\u0142ana Cichano\u016dskaja will discuss accountability for Alaksandar \u0141uka\u0161enka and his officials for Russia\u2019s war on Ukraine with MPs from the NATO Parliamentary Assembly (PA), her aide Franak Via\u010dorka has told Pozirk. She and her associate Pavie\u0142 \u0141atu\u0161ka will represent Belarusian pro-democracy forces at a panel on Belarus and the [&hellip;]<\/p>\n","protected":false},"author":84,"featured_media":63993,"template":"","rubric":[14],"class_list":["post-105081","articles","type-articles","status-publish","has-post-thumbnail","hentry","rubric-politics"],"acf":[],"yoast_head":"<!-- This site is optimized with the Yoast SEO plugin v25.5 - https:\/\/yoast.com\/wordpress\/plugins\/seo\/ -->\n<title>Cichano\u016dskaja to discuss accountability for \u0141uka\u0161enka with MPs from NATO PA | Pozirk<\/title>\n<meta name=\"description\" content=\"September 16, Pozirk. Belarusian opposition leader \u015aviat\u0142ana Cichano\u016dskaja will discuss accountability for Alaksandar \u0141uka\u0161enka and his officials for\" \/>\n<meta name=\"robots\" content=\"index, follow, max-snippet:-1, max-image-preview:large, max-video-preview:-1\" \/>\n<link rel=\"canonical\" href=\"https:\/\/pozirk.online\/en\/news\/105081\/\" \/>\n<meta property=\"og:locale\" content=\"en_US\" \/>\n<meta property=\"og:type\" content=\"article\" \/>\n<meta property=\"og:title\" content=\"Cichano\u016dskaja to discuss accountability for \u0141uka\u0161enka with MPs from NATO PA | Pozirk\" \/>\n<meta property=\"og:description\" content=\"September 16, Pozirk. Belarusian opposition leader \u015aviat\u0142ana Cichano\u016dskaja will discuss accountability for Alaksandar \u0141uka\u0161enka and his officials for\" \/>\n<meta property=\"og:url\" content=\"https:\/\/pozirk.online\/en\/news\/105081\/\" \/>\n<meta property=\"og:site_name\" content=\"Pozirk\" \/>\n<meta property=\"article:publisher\" content=\"https:\/\/www.facebook.com\/pozirkonline\/\" \/>\n<meta property=\"article:modified_time\" content=\"2026-03-10T12:05:06+00:00\" \/>\n<meta property=\"og:image\" content=\"https:\/\/pozirk.online\/wp-content\/uploads\/2024\/01\/pozirk_color_blank_1128x752.jpg\" \/>\n\t<meta property=\"og:image:width\" content=\"1128\" \/>\n\t<meta property=\"og:image:height\" content=\"752\" \/>\n\t<meta property=\"og:image:type\" content=\"image\/jpeg\" \/>\n<meta name=\"twitter:card\" content=\"summary_large_image\" \/>\n<meta name=\"twitter:site\" content=\"@Pozirk_online\" \/>\n<meta name=\"twitter:label1\" content=\"Est. reading time\" \/>\n\t<meta name=\"twitter:data1\" content=\"1 minute\" \/>\n<script type=\"application\/ld+json\" class=\"yoast-schema-graph\">{\"@context\":\"https:\/\/schema.org\",\"@graph\":[{\"@type\":\"NewsArticle\",\"@id\":\"https:\/\/pozirk.online\/en\/news\/105081\/#article\",\"isPartOf\":{\"@id\":\"https:\/\/pozirk.online\/en\/news\/105081\/\"},\"headline\":\"Cichano\u016dskaja to discuss accountability for \u0141uka\u0161enka with MPs from NATO PA\",\"datePublished\":\"2024-09-16T09:04:49+00:00\",\"dateModified\":\"2026-03-10T12:05:06+00:00\",\"mainEntityOfPage\":{\"@id\":\"https:\/\/pozirk.online\/en\/news\/105081\/\"},\"wordCount\":108,\"publisher\":{\"@id\":\"https:\/\/pozirk.online\/en\/#organization\"},\"image\":{\"@id\":\"https:\/\/pozirk.online\/en\/news\/105081\/#primaryimage\"},\"thumbnailUrl\":\"https:\/\/pozirk.online\/wp-content\/uploads\/2024\/01\/pozirk_color_blank_1128x752.jpg\",\"inLanguage\":\"en-US\"},{\"@type\":\"WebPage\",\"@id\":\"https:\/\/pozirk.online\/en\/news\/105081\/\",\"url\":\"https:\/\/pozirk.online\/en\/news\/105081\/\",\"name\":\"Cichano\u016dskaja to discuss accountability for \u0141uka\u0161enka with MPs from NATO PA | Pozirk\",\"isPartOf\":{\"@id\":\"https:\/\/pozirk.online\/en\/#website\"},\"primaryImageOfPage\":{\"@id\":\"https:\/\/pozirk.online\/en\/news\/105081\/#primaryimage\"},\"image\":{\"@id\":\"https:\/\/pozirk.online\/en\/news\/105081\/#primaryimage\"},\"thumbnailUrl\":\"https:\/\/pozirk.online\/wp-content\/uploads\/2024\/01\/pozirk_color_blank_1128x752.jpg\",\"datePublished\":\"2024-09-16T09:04:49+00:00\",\"dateModified\":\"2026-03-10T12:05:06+00:00\",\"description\":\"September 16, Pozirk. Belarusian opposition leader \u015aviat\u0142ana Cichano\u016dskaja will discuss accountability for Alaksandar \u0141uka\u0161enka and his officials for\",\"breadcrumb\":{\"@id\":\"https:\/\/pozirk.online\/en\/news\/105081\/#breadcrumb\"},\"inLanguage\":\"en-US\",\"potentialAction\":[{\"@type\":\"ReadAction\",\"target\":[\"https:\/\/pozirk.online\/en\/news\/105081\/\"]}]},{\"@type\":\"ImageObject\",\"inLanguage\":\"en-US\",\"@id\":\"https:\/\/pozirk.online\/en\/news\/105081\/#primaryimage\",\"url\":\"https:\/\/pozirk.online\/wp-content\/uploads\/2024\/01\/pozirk_color_blank_1128x752.jpg\",\"contentUrl\":\"https:\/\/pozirk.online\/wp-content\/uploads\/2024\/01\/pozirk_color_blank_1128x752.jpg\",\"width\":1128,\"height\":752},{\"@type\":\"BreadcrumbList\",\"@id\":\"https:\/\/pozirk.online\/en\/news\/105081\/#breadcrumb\",\"itemListElement\":[{\"@type\":\"ListItem\",\"position\":1,\"name\":\"Home\",\"item\":\"https:\/\/pozirk.online\/en\/\"},{\"@type\":\"ListItem\",\"position\":2,\"name\":\"Cichano\u016dskaja to discuss accountability for \u0141uka\u0161enka with MPs from NATO PA\"}]},{\"@type\":\"WebSite\",\"@id\":\"https:\/\/pozirk.online\/en\/#website\",\"url\":\"https:\/\/pozirk.online\/en\/\",\"name\":\"Pozirk\",\"description\":\"\",\"publisher\":{\"@id\":\"https:\/\/pozirk.online\/en\/#organization\"},\"potentialAction\":[{\"@type\":\"SearchAction\",\"target\":{\"@type\":\"EntryPoint\",\"urlTemplate\":\"https:\/\/pozirk.online\/en\/?s={search_term_string}\"},\"query-input\":{\"@type\":\"PropertyValueSpecification\",\"valueRequired\":true,\"valueName\":\"search_term_string\"}}],\"inLanguage\":\"en-US\"},{\"@type\":\"Organization\",\"@id\":\"https:\/\/pozirk.online\/en\/#organization\",\"name\":\"Pozirk\",\"url\":\"https:\/\/pozirk.online\/en\/\",\"logo\":{\"@type\":\"ImageObject\",\"inLanguage\":\"en-US\",\"@id\":\"https:\/\/pozirk.online\/en\/#\/schema\/logo\/image\/\",\"url\":\"https:\/\/pozirk.online\/wp-content\/uploads\/2023\/11\/cropped-Logo_color_512.png\",\"contentUrl\":\"https:\/\/pozirk.online\/wp-content\/uploads\/2023\/11\/cropped-Logo_color_512.png\",\"width\":512,\"height\":512,\"caption\":\"Pozirk\"},\"image\":{\"@id\":\"https:\/\/pozirk.online\/en\/#\/schema\/logo\/image\/\"},\"sameAs\":[\"https:\/\/www.facebook.com\/pozirkonline\/\",\"https:\/\/x.com\/Pozirk_online\"]}]}<\/script>\n<!-- \/ Yoast SEO plugin. -->","yoast_head_json":{"title":"Cichano\u016dskaja to discuss accountability for \u0141uka\u0161enka with MPs from NATO PA | Pozirk","description":"September 16, Pozirk. Belarusian opposition leader \u015aviat\u0142ana Cichano\u016dskaja will discuss accountability for Alaksandar \u0141uka\u0161enka and his officials for","robots":{"index":"index","follow":"follow","max-snippet":"max-snippet:-1","max-image-preview":"max-image-preview:large","max-video-preview":"max-video-preview:-1"},"canonical":"https:\/\/pozirk.online\/en\/news\/105081\/","og_locale":"en_US","og_type":"article","og_title":"Cichano\u016dskaja to discuss accountability for \u0141uka\u0161enka with MPs from NATO PA | Pozirk","og_description":"September 16, Pozirk. Belarusian opposition leader \u015aviat\u0142ana Cichano\u016dskaja will discuss accountability for Alaksandar \u0141uka\u0161enka and his officials for","og_url":"https:\/\/pozirk.online\/en\/news\/105081\/","og_site_name":"Pozirk","article_publisher":"https:\/\/www.facebook.com\/pozirkonline\/","article_modified_time":"2026-03-10T12:05:06+00:00","og_image":[{"width":1128,"height":752,"url":"https:\/\/pozirk.online\/wp-content\/uploads\/2024\/01\/pozirk_color_blank_1128x752.jpg","type":"image\/jpeg"}],"twitter_card":"summary_large_image","twitter_site":"@Pozirk_online","twitter_misc":{"Est. reading time":"1 minute"},"schema":{"@context":"https:\/\/schema.org","@graph":[{"@type":"NewsArticle","@id":"https:\/\/pozirk.online\/en\/news\/105081\/#article","isPartOf":{"@id":"https:\/\/pozirk.online\/en\/news\/105081\/"},"headline":"Cichano\u016dskaja to discuss accountability for \u0141uka\u0161enka with MPs from NATO PA","datePublished":"2024-09-16T09:04:49+00:00","dateModified":"2026-03-10T12:05:06+00:00","mainEntityOfPage":{"@id":"https:\/\/pozirk.online\/en\/news\/105081\/"},"wordCount":108,"publisher":{"@id":"https:\/\/pozirk.online\/en\/#organization"},"image":{"@id":"https:\/\/pozirk.online\/en\/news\/105081\/#primaryimage"},"thumbnailUrl":"https:\/\/pozirk.online\/wp-content\/uploads\/2024\/01\/pozirk_color_blank_1128x752.jpg","inLanguage":"en-US"},{"@type":"WebPage","@id":"https:\/\/pozirk.online\/en\/news\/105081\/","url":"https:\/\/pozirk.online\/en\/news\/105081\/","name":"Cichano\u016dskaja to discuss accountability for \u0141uka\u0161enka with MPs from NATO PA | Pozirk","isPartOf":{"@id":"https:\/\/pozirk.online\/en\/#website"},"primaryImageOfPage":{"@id":"https:\/\/pozirk.online\/en\/news\/105081\/#primaryimage"},"image":{"@id":"https:\/\/pozirk.online\/en\/news\/105081\/#primaryimage"},"thumbnailUrl":"https:\/\/pozirk.online\/wp-content\/uploads\/2024\/01\/pozirk_color_blank_1128x752.jpg","datePublished":"2024-09-16T09:04:49+00:00","dateModified":"2026-03-10T12:05:06+00:00","description":"September 16, Pozirk. Belarusian opposition leader \u015aviat\u0142ana Cichano\u016dskaja will discuss accountability for Alaksandar \u0141uka\u0161enka and his officials for","breadcrumb":{"@id":"https:\/\/pozirk.online\/en\/news\/105081\/#breadcrumb"},"inLanguage":"en-US","potentialAction":[{"@type":"ReadAction","target":["https:\/\/pozirk.online\/en\/news\/105081\/"]}]},{"@type":"ImageObject","inLanguage":"en-US","@id":"https:\/\/pozirk.online\/en\/news\/105081\/#primaryimage","url":"https:\/\/pozirk.online\/wp-content\/uploads\/2024\/01\/pozirk_color_blank_1128x752.jpg","contentUrl":"https:\/\/pozirk.online\/wp-content\/uploads\/2024\/01\/pozirk_color_blank_1128x752.jpg","width":1128,"height":752},{"@type":"BreadcrumbList","@id":"https:\/\/pozirk.online\/en\/news\/105081\/#breadcrumb","itemListElement":[{"@type":"ListItem","position":1,"name":"Home","item":"https:\/\/pozirk.online\/en\/"},{"@type":"ListItem","position":2,"name":"Cichano\u016dskaja to discuss accountability for \u0141uka\u0161enka with MPs from NATO PA"}]},{"@type":"WebSite","@id":"https:\/\/pozirk.online\/en\/#website","url":"https:\/\/pozirk.online\/en\/","name":"Pozirk","description":"","publisher":{"@id":"https:\/\/pozirk.online\/en\/#organization"},"potentialAction":[{"@type":"SearchAction","target":{"@type":"EntryPoint","urlTemplate":"https:\/\/pozirk.online\/en\/?s={search_term_string}"},"query-input":{"@type":"PropertyValueSpecification","valueRequired":true,"valueName":"search_term_string"}}],"inLanguage":"en-US"},{"@type":"Organization","@id":"https:\/\/pozirk.online\/en\/#organization","name":"Pozirk","url":"https:\/\/pozirk.online\/en\/","logo":{"@type":"ImageObject","inLanguage":"en-US","@id":"https:\/\/pozirk.online\/en\/#\/schema\/logo\/image\/","url":"https:\/\/pozirk.online\/wp-content\/uploads\/2023\/11\/cropped-Logo_color_512.png","contentUrl":"https:\/\/pozirk.online\/wp-content\/uploads\/2023\/11\/cropped-Logo_color_512.png","width":512,"height":512,"caption":"Pozirk"},"image":{"@id":"https:\/\/pozirk.online\/en\/#\/schema\/logo\/image\/"},"sameAs":["https:\/\/www.facebook.com\/pozirkonline\/","https:\/\/x.com\/Pozirk_online"]}]}},"_links":{"self":[{"href":"https:\/\/pozirk.online\/en\/wp-json\/wp\/v2\/articles\/105081","targetHints":{"allow":["GET"]}}],"collection":[{"href":"https:\/\/pozirk.online\/en\/wp-json\/wp\/v2\/articles"}],"about":[{"href":"https:\/\/pozirk.online\/en\/wp-json\/wp\/v2\/types\/articles"}],"author":[{"embeddable":true,"href":"https:\/\/pozirk.online\/en\/wp-json\/wp\/v2\/users\/84"}],"wp:featuredmedia":[{"embeddable":true,"href":"https:\/\/pozirk.online\/en\/wp-json\/wp\/v2\/media\/63993"}],"wp:attachment":[{"href":"https:\/\/pozirk.online\/en\/wp-json\/wp\/v2\/media?parent=105081"}],"wp:term":[{"taxonomy":"rubric","embeddable":true,"href":"https:\/\/pozirk.online\/en\/wp-json\/wp\/v2\/rubric?post=105081"}],"curies":[{"name":"wp","href":"https:\/\/api.w.org\/{rel}","templated":true}]}}