{"id":107647,"date":"2024-10-03T11:37:54","date_gmt":"2024-10-03T08:37:54","guid":{"rendered":"https:\/\/pozirk.online\/en\/news\/107647\/"},"modified":"2026-03-10T12:05:06","modified_gmt":"2026-03-10T12:05:06","slug":"reprisals-another-woman-on-trial-for-solidarity-with-political-prisoners","status":"publish","type":"articles","link":"https:\/\/pozirk.online\/en\/news\/107647\/","title":{"rendered":"Reprisals: another woman on trial for solidarity with political prisoners"},"content":{"rendered":"\n<p><strong>October 3, <em>Pozirk.<\/em><\/strong> Maryna Alisiejenka went on trial in Minsk on protest- and extremism-related charges, the Viasna Human Rights Center reported. She was arrested earlier this year during a raid targeting initiatives helping political prisoners and their families.<\/p>\n\n\n\n<p>Other cases of politically-motivated persecution documented in Belarus on October 2 include a trial in absentia of the opposition activist Ba\u017eena \u017do\u0142ud\u017a in Mahilo\u016d. The supporter of \u015aviat\u0142ana Cichano\u016dskaja&#8217;s presidential campaign is accused of insulting a judge, calling for sanctions and sharing personal data. Judge Siarhiej Mazura\u016d closed the proceedings to the public.<\/p>\n\n\n\n<p>Ema \u015aciepulonak in Miory, Viciebsk region, faces new criminal charges after her release from prison last May, where she had served two years for online comments, <em>Mediazona<\/em> reported. Authorities accuse the former teacher of insulting an official in connection with critical social media posts.<\/p>\n\n\n\n<p>Businessman Raman Ci\u0161kievi\u010d is on trial in Minsk on charges of violent disorder, usually filed against 2020 protesters, Viasna said.<\/p>\n\n\n\n<p>Arrests<\/p>\n\n\n\n<p>Pro-government sources reported an arrest of a 41-year-old man for posting online comments on the <em>Nexta <\/em>Telegram channel two years ago. Another arrest is linked to participation in 2020 postelection protests.<\/p>\n\n\n\n<p>A post office employee was arrested in Minsk  for an anti-police tattoo and may have been jailed for 15 days, <em>Mediazona<\/em> reported.<\/p>\n\n\n\n<p>Other cases<\/p>\n\n\n\n<p>Hrodna authorities closed down a foundation that had been promoting Jewish culture since 2018, the <em>Pravo Imeyut <\/em>Telegram channel reported.<\/p>\n\n\n\n<p>As of October 3, human rights defenders identified at least 1,287 political prisoners but the real number is considerably higher because many cases go undocumented.<\/p>\n\n\n\n<p>Belarusian authorities have arrested about 65,000 people for political reasons in the four years since the August 2020 presidential election, Viasna reported in early August.<\/p>\n\n\n\n<div class=\"insert-block\">\n\n    <div class=\"insert-block__img\">\n        <img decoding=\"async\" width=\"354\" height=\"236\" src=\"https:\/\/pozirk.online\/wp-content\/uploads\/2024\/01\/pozirk_color_blank_1128x752-354x236.jpg\" class=\"attachment-medium size-medium\" alt=\"\" srcset=\"https:\/\/pozirk.online\/wp-content\/uploads\/2024\/01\/pozirk_color_blank_1128x752-354x236.jpg 354w, https:\/\/pozirk.online\/wp-content\/uploads\/2024\/01\/pozirk_color_blank_1128x752-734x490.jpg 734w, https:\/\/pozirk.online\/wp-content\/uploads\/2024\/01\/pozirk_color_blank_1128x752-178x118.jpg 178w, https:\/\/pozirk.online\/wp-content\/uploads\/2024\/01\/pozirk_color_blank_1128x752-768x512.jpg 768w, https:\/\/pozirk.online\/wp-content\/uploads\/2024\/01\/pozirk_color_blank_1128x752.jpg 1128w\" sizes=\"(max-width: 354px) 100vw, 354px\" \/>                        <label class=\"insert-block__tag--mobile\"> \u041e\u0431\u0449\u0435\u0441\u0442\u0432\u043e<\/label>\n\n                <\/div>\n    <div class=\"insert-block__text\">\n                    <label class=\"insert-block__tag\">\u041e\u0431\u0449\u0435\u0441\u0442\u0432\u043e<\/label>\n                <h3 class=\"insert-block__title\">Investigators open special case against exiled businessman<\/h3>\n        <div class=\"insert-block__descr\">October 2, Pozirk. A special procedure case has been opened against businessman Siarhiej Rudenka, the Belarusian Investigative Committee (SK) reported. The special procedure allows the government to prosecute its exiled opponents for serious crimes, including terrorism, mercenarism and high treason. &#8230;<\/div>\n        <a class=\"insert-block__btn-block\" href=\"\/en\/news\/107560\">\n            <button class=\"btn\">\n                <div class='btn__text'>Read the article<\/div>\n            <\/button>\n        <\/a>\n    <\/div>\n<\/div>","protected":false},"excerpt":{"rendered":"<p>October 3, Pozirk. Maryna Alisiejenka went on trial in Minsk on protest- and extremism-related charges, the Viasna Human Rights Center reported. She was arrested earlier this year during a raid targeting initiatives helping political prisoners and their families. Other cases of politically-motivated persecution documented in Belarus on October 2 include a trial in absentia of [&hellip;]<\/p>\n","protected":false},"author":84,"featured_media":63993,"template":"","rubric":[14],"class_list":["post-107647","articles","type-articles","status-publish","has-post-thumbnail","hentry","rubric-politics"],"acf":[],"yoast_head":"<!-- This site is optimized with the Yoast SEO plugin v25.5 - https:\/\/yoast.com\/wordpress\/plugins\/seo\/ -->\n<title>Reprisals: another woman on trial for solidarity with political prisoners | Pozirk<\/title>\n<meta name=\"description\" content=\"October 3, Pozirk. Maryna Alisiejenka went on trial in Minsk on protest- and extremism-related charges, the Viasna Human Rights Center reported. She was\" \/>\n<meta name=\"robots\" content=\"index, follow, max-snippet:-1, max-image-preview:large, max-video-preview:-1\" \/>\n<link rel=\"canonical\" href=\"https:\/\/pozirk.online\/en\/news\/107647\/\" \/>\n<meta property=\"og:locale\" content=\"en_US\" \/>\n<meta property=\"og:type\" content=\"article\" \/>\n<meta property=\"og:title\" content=\"Reprisals: another woman on trial for solidarity with political prisoners | Pozirk\" \/>\n<meta property=\"og:description\" content=\"October 3, Pozirk. Maryna Alisiejenka went on trial in Minsk on protest- and extremism-related charges, the Viasna Human Rights Center reported. She was\" \/>\n<meta property=\"og:url\" content=\"https:\/\/pozirk.online\/en\/news\/107647\/\" \/>\n<meta property=\"og:site_name\" content=\"Pozirk\" \/>\n<meta property=\"article:publisher\" content=\"https:\/\/www.facebook.com\/pozirkonline\/\" \/>\n<meta property=\"article:modified_time\" content=\"2026-03-10T12:05:06+00:00\" \/>\n<meta property=\"og:image\" content=\"https:\/\/pozirk.online\/wp-content\/uploads\/2024\/01\/pozirk_color_blank_1128x752.jpg\" \/>\n\t<meta property=\"og:image:width\" content=\"1128\" \/>\n\t<meta property=\"og:image:height\" content=\"752\" \/>\n\t<meta property=\"og:image:type\" content=\"image\/jpeg\" \/>\n<meta name=\"twitter:card\" content=\"summary_large_image\" \/>\n<meta name=\"twitter:site\" content=\"@Pozirk_online\" \/>\n<meta name=\"twitter:label1\" content=\"Est. reading time\" \/>\n\t<meta name=\"twitter:data1\" content=\"2 minutes\" \/>\n<script type=\"application\/ld+json\" class=\"yoast-schema-graph\">{\"@context\":\"https:\/\/schema.org\",\"@graph\":[{\"@type\":\"NewsArticle\",\"@id\":\"https:\/\/pozirk.online\/en\/news\/107647\/#article\",\"isPartOf\":{\"@id\":\"https:\/\/pozirk.online\/en\/news\/107647\/\"},\"headline\":\"Reprisals: another woman on trial for solidarity with political prisoners\",\"datePublished\":\"2024-10-03T08:37:54+00:00\",\"dateModified\":\"2026-03-10T12:05:06+00:00\",\"mainEntityOfPage\":{\"@id\":\"https:\/\/pozirk.online\/en\/news\/107647\/\"},\"wordCount\":287,\"publisher\":{\"@id\":\"https:\/\/pozirk.online\/en\/#organization\"},\"image\":{\"@id\":\"https:\/\/pozirk.online\/en\/news\/107647\/#primaryimage\"},\"thumbnailUrl\":\"https:\/\/pozirk.online\/wp-content\/uploads\/2024\/01\/pozirk_color_blank_1128x752.jpg\",\"inLanguage\":\"en-US\"},{\"@type\":\"WebPage\",\"@id\":\"https:\/\/pozirk.online\/en\/news\/107647\/\",\"url\":\"https:\/\/pozirk.online\/en\/news\/107647\/\",\"name\":\"Reprisals: another woman on trial for solidarity with political prisoners | Pozirk\",\"isPartOf\":{\"@id\":\"https:\/\/pozirk.online\/en\/#website\"},\"primaryImageOfPage\":{\"@id\":\"https:\/\/pozirk.online\/en\/news\/107647\/#primaryimage\"},\"image\":{\"@id\":\"https:\/\/pozirk.online\/en\/news\/107647\/#primaryimage\"},\"thumbnailUrl\":\"https:\/\/pozirk.online\/wp-content\/uploads\/2024\/01\/pozirk_color_blank_1128x752.jpg\",\"datePublished\":\"2024-10-03T08:37:54+00:00\",\"dateModified\":\"2026-03-10T12:05:06+00:00\",\"description\":\"October 3, Pozirk. Maryna Alisiejenka went on trial in Minsk on protest- and extremism-related charges, the Viasna Human Rights Center reported. She was\",\"breadcrumb\":{\"@id\":\"https:\/\/pozirk.online\/en\/news\/107647\/#breadcrumb\"},\"inLanguage\":\"en-US\",\"potentialAction\":[{\"@type\":\"ReadAction\",\"target\":[\"https:\/\/pozirk.online\/en\/news\/107647\/\"]}]},{\"@type\":\"ImageObject\",\"inLanguage\":\"en-US\",\"@id\":\"https:\/\/pozirk.online\/en\/news\/107647\/#primaryimage\",\"url\":\"https:\/\/pozirk.online\/wp-content\/uploads\/2024\/01\/pozirk_color_blank_1128x752.jpg\",\"contentUrl\":\"https:\/\/pozirk.online\/wp-content\/uploads\/2024\/01\/pozirk_color_blank_1128x752.jpg\",\"width\":1128,\"height\":752},{\"@type\":\"BreadcrumbList\",\"@id\":\"https:\/\/pozirk.online\/en\/news\/107647\/#breadcrumb\",\"itemListElement\":[{\"@type\":\"ListItem\",\"position\":1,\"name\":\"Home\",\"item\":\"https:\/\/pozirk.online\/en\/\"},{\"@type\":\"ListItem\",\"position\":2,\"name\":\"Reprisals: another woman on trial for solidarity with political prisoners\"}]},{\"@type\":\"WebSite\",\"@id\":\"https:\/\/pozirk.online\/en\/#website\",\"url\":\"https:\/\/pozirk.online\/en\/\",\"name\":\"Pozirk\",\"description\":\"\",\"publisher\":{\"@id\":\"https:\/\/pozirk.online\/en\/#organization\"},\"potentialAction\":[{\"@type\":\"SearchAction\",\"target\":{\"@type\":\"EntryPoint\",\"urlTemplate\":\"https:\/\/pozirk.online\/en\/?s={search_term_string}\"},\"query-input\":{\"@type\":\"PropertyValueSpecification\",\"valueRequired\":true,\"valueName\":\"search_term_string\"}}],\"inLanguage\":\"en-US\"},{\"@type\":\"Organization\",\"@id\":\"https:\/\/pozirk.online\/en\/#organization\",\"name\":\"Pozirk\",\"url\":\"https:\/\/pozirk.online\/en\/\",\"logo\":{\"@type\":\"ImageObject\",\"inLanguage\":\"en-US\",\"@id\":\"https:\/\/pozirk.online\/en\/#\/schema\/logo\/image\/\",\"url\":\"https:\/\/pozirk.online\/wp-content\/uploads\/2023\/11\/cropped-Logo_color_512.png\",\"contentUrl\":\"https:\/\/pozirk.online\/wp-content\/uploads\/2023\/11\/cropped-Logo_color_512.png\",\"width\":512,\"height\":512,\"caption\":\"Pozirk\"},\"image\":{\"@id\":\"https:\/\/pozirk.online\/en\/#\/schema\/logo\/image\/\"},\"sameAs\":[\"https:\/\/www.facebook.com\/pozirkonline\/\",\"https:\/\/x.com\/Pozirk_online\"]}]}<\/script>\n<!-- \/ Yoast SEO plugin. -->","yoast_head_json":{"title":"Reprisals: another woman on trial for solidarity with political prisoners | Pozirk","description":"October 3, Pozirk. Maryna Alisiejenka went on trial in Minsk on protest- and extremism-related charges, the Viasna Human Rights Center reported. She was","robots":{"index":"index","follow":"follow","max-snippet":"max-snippet:-1","max-image-preview":"max-image-preview:large","max-video-preview":"max-video-preview:-1"},"canonical":"https:\/\/pozirk.online\/en\/news\/107647\/","og_locale":"en_US","og_type":"article","og_title":"Reprisals: another woman on trial for solidarity with political prisoners | Pozirk","og_description":"October 3, Pozirk. Maryna Alisiejenka went on trial in Minsk on protest- and extremism-related charges, the Viasna Human Rights Center reported. She was","og_url":"https:\/\/pozirk.online\/en\/news\/107647\/","og_site_name":"Pozirk","article_publisher":"https:\/\/www.facebook.com\/pozirkonline\/","article_modified_time":"2026-03-10T12:05:06+00:00","og_image":[{"width":1128,"height":752,"url":"https:\/\/pozirk.online\/wp-content\/uploads\/2024\/01\/pozirk_color_blank_1128x752.jpg","type":"image\/jpeg"}],"twitter_card":"summary_large_image","twitter_site":"@Pozirk_online","twitter_misc":{"Est. reading time":"2 minutes"},"schema":{"@context":"https:\/\/schema.org","@graph":[{"@type":"NewsArticle","@id":"https:\/\/pozirk.online\/en\/news\/107647\/#article","isPartOf":{"@id":"https:\/\/pozirk.online\/en\/news\/107647\/"},"headline":"Reprisals: another woman on trial for solidarity with political prisoners","datePublished":"2024-10-03T08:37:54+00:00","dateModified":"2026-03-10T12:05:06+00:00","mainEntityOfPage":{"@id":"https:\/\/pozirk.online\/en\/news\/107647\/"},"wordCount":287,"publisher":{"@id":"https:\/\/pozirk.online\/en\/#organization"},"image":{"@id":"https:\/\/pozirk.online\/en\/news\/107647\/#primaryimage"},"thumbnailUrl":"https:\/\/pozirk.online\/wp-content\/uploads\/2024\/01\/pozirk_color_blank_1128x752.jpg","inLanguage":"en-US"},{"@type":"WebPage","@id":"https:\/\/pozirk.online\/en\/news\/107647\/","url":"https:\/\/pozirk.online\/en\/news\/107647\/","name":"Reprisals: another woman on trial for solidarity with political prisoners | Pozirk","isPartOf":{"@id":"https:\/\/pozirk.online\/en\/#website"},"primaryImageOfPage":{"@id":"https:\/\/pozirk.online\/en\/news\/107647\/#primaryimage"},"image":{"@id":"https:\/\/pozirk.online\/en\/news\/107647\/#primaryimage"},"thumbnailUrl":"https:\/\/pozirk.online\/wp-content\/uploads\/2024\/01\/pozirk_color_blank_1128x752.jpg","datePublished":"2024-10-03T08:37:54+00:00","dateModified":"2026-03-10T12:05:06+00:00","description":"October 3, Pozirk. Maryna Alisiejenka went on trial in Minsk on protest- and extremism-related charges, the Viasna Human Rights Center reported. She was","breadcrumb":{"@id":"https:\/\/pozirk.online\/en\/news\/107647\/#breadcrumb"},"inLanguage":"en-US","potentialAction":[{"@type":"ReadAction","target":["https:\/\/pozirk.online\/en\/news\/107647\/"]}]},{"@type":"ImageObject","inLanguage":"en-US","@id":"https:\/\/pozirk.online\/en\/news\/107647\/#primaryimage","url":"https:\/\/pozirk.online\/wp-content\/uploads\/2024\/01\/pozirk_color_blank_1128x752.jpg","contentUrl":"https:\/\/pozirk.online\/wp-content\/uploads\/2024\/01\/pozirk_color_blank_1128x752.jpg","width":1128,"height":752},{"@type":"BreadcrumbList","@id":"https:\/\/pozirk.online\/en\/news\/107647\/#breadcrumb","itemListElement":[{"@type":"ListItem","position":1,"name":"Home","item":"https:\/\/pozirk.online\/en\/"},{"@type":"ListItem","position":2,"name":"Reprisals: another woman on trial for solidarity with political prisoners"}]},{"@type":"WebSite","@id":"https:\/\/pozirk.online\/en\/#website","url":"https:\/\/pozirk.online\/en\/","name":"Pozirk","description":"","publisher":{"@id":"https:\/\/pozirk.online\/en\/#organization"},"potentialAction":[{"@type":"SearchAction","target":{"@type":"EntryPoint","urlTemplate":"https:\/\/pozirk.online\/en\/?s={search_term_string}"},"query-input":{"@type":"PropertyValueSpecification","valueRequired":true,"valueName":"search_term_string"}}],"inLanguage":"en-US"},{"@type":"Organization","@id":"https:\/\/pozirk.online\/en\/#organization","name":"Pozirk","url":"https:\/\/pozirk.online\/en\/","logo":{"@type":"ImageObject","inLanguage":"en-US","@id":"https:\/\/pozirk.online\/en\/#\/schema\/logo\/image\/","url":"https:\/\/pozirk.online\/wp-content\/uploads\/2023\/11\/cropped-Logo_color_512.png","contentUrl":"https:\/\/pozirk.online\/wp-content\/uploads\/2023\/11\/cropped-Logo_color_512.png","width":512,"height":512,"caption":"Pozirk"},"image":{"@id":"https:\/\/pozirk.online\/en\/#\/schema\/logo\/image\/"},"sameAs":["https:\/\/www.facebook.com\/pozirkonline\/","https:\/\/x.com\/Pozirk_online"]}]}},"_links":{"self":[{"href":"https:\/\/pozirk.online\/en\/wp-json\/wp\/v2\/articles\/107647","targetHints":{"allow":["GET"]}}],"collection":[{"href":"https:\/\/pozirk.online\/en\/wp-json\/wp\/v2\/articles"}],"about":[{"href":"https:\/\/pozirk.online\/en\/wp-json\/wp\/v2\/types\/articles"}],"author":[{"embeddable":true,"href":"https:\/\/pozirk.online\/en\/wp-json\/wp\/v2\/users\/84"}],"wp:featuredmedia":[{"embeddable":true,"href":"https:\/\/pozirk.online\/en\/wp-json\/wp\/v2\/media\/63993"}],"wp:attachment":[{"href":"https:\/\/pozirk.online\/en\/wp-json\/wp\/v2\/media?parent=107647"}],"wp:term":[{"taxonomy":"rubric","embeddable":true,"href":"https:\/\/pozirk.online\/en\/wp-json\/wp\/v2\/rubric?post=107647"}],"curies":[{"name":"wp","href":"https:\/\/api.w.org\/{rel}","templated":true}]}}