{"id":108108,"date":"2024-10-06T13:23:14","date_gmt":"2024-10-06T10:23:14","guid":{"rendered":"https:\/\/pozirk.online\/en\/news\/108108\/"},"modified":"2026-03-10T12:05:06","modified_gmt":"2026-03-10T12:05:06","slug":"interior-ministry-adds-opposition-politician-12-others-to-its-extremist-list","status":"publish","type":"articles","link":"https:\/\/pozirk.online\/en\/news\/108108\/","title":{"rendered":"Interior ministry adds opposition politician, 12 others to its extremist list"},"content":{"rendered":"\n<figure class=\"block-image block-image-normal\">\n\n  <img decoding=\"async\" width=\"1128\" height=\"751\" src=\"https:\/\/pozirk.online\/wp-content\/uploads\/2024\/03\/viachorka_twitter_1128x752.jpg\" class=\"attachment-full size-full\" alt=\"\" srcset=\"https:\/\/pozirk.online\/wp-content\/uploads\/2024\/03\/viachorka_twitter_1128x752.jpg 1128w, https:\/\/pozirk.online\/wp-content\/uploads\/2024\/03\/viachorka_twitter_1128x752-354x236.jpg 354w, https:\/\/pozirk.online\/wp-content\/uploads\/2024\/03\/viachorka_twitter_1128x752-734x490.jpg 734w, https:\/\/pozirk.online\/wp-content\/uploads\/2024\/03\/viachorka_twitter_1128x752-178x118.jpg 178w, https:\/\/pozirk.online\/wp-content\/uploads\/2024\/03\/viachorka_twitter_1128x752-768x511.jpg 768w\" sizes=\"(max-width: 1128px) 100vw, 1128px\" \/>\n  <figcaption>\n  \n       <div class=\"block-image__author\">\n                <span>(Franak Via\u010dorka&#039;s X account)<\/span>\n    <\/div>\n     <\/figcaption>\n<\/figure>\n\n\n\n<p><strong>October 6, <\/strong><em><strong>Pozirk.<\/strong> <\/em>The interior ministry added 13 new names to the list of \u201cpersons involved in extremist activities\u201d on Friday, taking the total of entries to 4,489, its website says.<\/p>\n\n\n\n<p>All blacklisted people were convicted on criminal charges that Belarusian authorities use to persecute political opponents.<\/p>\n\n\n\n<p>Rights groups consider seven of them political prisoners: Anton \u0160arupa, Aleh Pivavar, Vital and Nadzieja Leskaviec, Alaksandar Barodzi\u010d, Ina P\u0142achatniuk and Armenian national Ervand Martirosyan.<\/p>\n\n\n\n<p>Juryj Ruk\u0161ta and Ja\u016dhien Barysienka who are reportedly serving sentences also feature in the updated extremist register. Ihar Ciera\u0161ko\u016d, Alaksiej and Ludmi\u0142a Pa\u016d\u0142ovi\u010d have criminal records and may be serving non-custodial sentences.<\/p>\n\n\n\n<p>Another addition to the list is exiled politician Franak Via\u010dorka, an aide to Belarusian opposition leader \u015aviat\u0142ana Cichano\u016dskaja. Last week, he was also branded a terrorist in Belarus.<\/p>\n\n\n\n<p>In June, the Minsk City Court sentenced Via\u010dorka to a 20-year prison term in a politically-motivated case without the defendant being present.<\/p>\n\n\n\n<p>People placed on the list of individuals involved in extremist activities are prohibited from engaging in education activity, publishing, as well as from holding state positions and from doing military service, for five years after completing their sentences or criminal record annulment.<\/p>\n\n\n\n<p>Their financial transactions are subject to special monitoring. They are also banned from activities involving narcotic drugs, psychotropic substances and their precursors, arms and ammunition and explosives, for five years.<\/p>\n\n\n\n<p>Authorities in Belarus have equated criticism, solidarity, advocacy, free media and free expression to extremism and terrorism.<\/p>\n\n\n\n<div class=\"insert-block\">\n\n    <div class=\"insert-block__img\">\n        <img decoding=\"async\" width=\"354\" height=\"236\" src=\"https:\/\/pozirk.online\/wp-content\/uploads\/2024\/07\/viachorka_ost_1128x752-354x236.jpg\" class=\"attachment-medium size-medium\" alt=\"\" srcset=\"https:\/\/pozirk.online\/wp-content\/uploads\/2024\/07\/viachorka_ost_1128x752-354x236.jpg 354w, https:\/\/pozirk.online\/wp-content\/uploads\/2024\/07\/viachorka_ost_1128x752-734x490.jpg 734w, https:\/\/pozirk.online\/wp-content\/uploads\/2024\/07\/viachorka_ost_1128x752-178x118.jpg 178w, https:\/\/pozirk.online\/wp-content\/uploads\/2024\/07\/viachorka_ost_1128x752-768x512.jpg 768w, https:\/\/pozirk.online\/wp-content\/uploads\/2024\/07\/viachorka_ost_1128x752.jpg 1128w\" sizes=\"(max-width: 354px) 100vw, 354px\" \/>                        <label class=\"insert-block__tag--mobile\"> \u041f\u043e\u043b\u0438\u0442\u0438\u043a\u0430<\/label>\n\n                <\/div>\n    <div class=\"insert-block__text\">\n                    <label class=\"insert-block__tag\">\u041f\u043e\u043b\u0438\u0442\u0438\u043a\u0430<\/label>\n                <h3 class=\"insert-block__title\">KGB adds Via\u010dorka, others to terrorism list<\/h3>\n        <div class=\"insert-block__descr\">October 3, Pozirk. \u015aviat\u0142ana Cichano\u016dskaja&#039;s chief adviser Franak Via\u010dorka and five more Belarusian citizens have been added to the Committee for State Security (KGB) list of persons &quot;involved in terrorist activity.&quot; The five are Jana Andrajuk, Alaksiej Mazuka, Alaksandar Branavicki, &#8230;<\/div>\n        <a class=\"insert-block__btn-block\" href=\"\/en\/news\/107742\">\n            <button class=\"btn\">\n                <div class='btn__text'>Read the article<\/div>\n            <\/button>\n        <\/a>\n    <\/div>\n<\/div>","protected":false},"excerpt":{"rendered":"<p>October 6, Pozirk. The interior ministry added 13 new names to the list of \u201cpersons involved in extremist activities\u201d on Friday, taking the total of entries to 4,489, its website says. All blacklisted people were convicted on criminal charges that Belarusian authorities use to persecute political opponents. Rights groups consider seven of them political prisoners: [&hellip;]<\/p>\n","protected":false},"author":84,"featured_media":75027,"template":"","rubric":[14,13],"class_list":["post-108108","articles","type-articles","status-publish","has-post-thumbnail","hentry","rubric-politics","rubric-society"],"acf":[],"yoast_head":"<!-- This site is optimized with the Yoast SEO plugin v25.5 - https:\/\/yoast.com\/wordpress\/plugins\/seo\/ -->\n<title>Interior ministry adds opposition politician, 12 others to its extremist list | Pozirk<\/title>\n<meta name=\"description\" content=\"October 6, Pozirk. The interior ministry added 13 new names to the list of \u201cpersons involved in extremist activities\u201d on Friday, taking the total of\" \/>\n<meta name=\"robots\" content=\"index, follow, max-snippet:-1, max-image-preview:large, max-video-preview:-1\" \/>\n<link rel=\"canonical\" href=\"https:\/\/pozirk.online\/en\/news\/108108\/\" \/>\n<meta property=\"og:locale\" content=\"en_US\" \/>\n<meta property=\"og:type\" content=\"article\" \/>\n<meta property=\"og:title\" content=\"Interior ministry adds opposition politician, 12 others to its extremist list | Pozirk\" \/>\n<meta property=\"og:description\" content=\"October 6, Pozirk. The interior ministry added 13 new names to the list of \u201cpersons involved in extremist activities\u201d on Friday, taking the total of\" \/>\n<meta property=\"og:url\" content=\"https:\/\/pozirk.online\/en\/news\/108108\/\" \/>\n<meta property=\"og:site_name\" content=\"Pozirk\" \/>\n<meta property=\"article:publisher\" content=\"https:\/\/www.facebook.com\/pozirkonline\/\" \/>\n<meta property=\"article:modified_time\" content=\"2026-03-10T12:05:06+00:00\" \/>\n<meta property=\"og:image\" content=\"https:\/\/pozirk.online\/wp-content\/uploads\/2024\/03\/viachorka_twitter_1128x752.jpg\" \/>\n\t<meta property=\"og:image:width\" content=\"1128\" \/>\n\t<meta property=\"og:image:height\" content=\"751\" \/>\n\t<meta property=\"og:image:type\" content=\"image\/jpeg\" \/>\n<meta name=\"twitter:card\" content=\"summary_large_image\" \/>\n<meta name=\"twitter:site\" content=\"@Pozirk_online\" \/>\n<meta name=\"twitter:label1\" content=\"Est. reading time\" \/>\n\t<meta name=\"twitter:data1\" content=\"2 minutes\" \/>\n<script type=\"application\/ld+json\" class=\"yoast-schema-graph\">{\"@context\":\"https:\/\/schema.org\",\"@graph\":[{\"@type\":\"NewsArticle\",\"@id\":\"https:\/\/pozirk.online\/en\/news\/108108\/#article\",\"isPartOf\":{\"@id\":\"https:\/\/pozirk.online\/en\/news\/108108\/\"},\"headline\":\"Interior ministry adds opposition politician, 12 others to its extremist list\",\"datePublished\":\"2024-10-06T10:23:14+00:00\",\"dateModified\":\"2026-03-10T12:05:06+00:00\",\"mainEntityOfPage\":{\"@id\":\"https:\/\/pozirk.online\/en\/news\/108108\/\"},\"wordCount\":260,\"publisher\":{\"@id\":\"https:\/\/pozirk.online\/en\/#organization\"},\"image\":{\"@id\":\"https:\/\/pozirk.online\/en\/news\/108108\/#primaryimage\"},\"thumbnailUrl\":\"https:\/\/pozirk.online\/wp-content\/uploads\/2024\/03\/viachorka_twitter_1128x752.jpg\",\"inLanguage\":\"en-US\"},{\"@type\":\"WebPage\",\"@id\":\"https:\/\/pozirk.online\/en\/news\/108108\/\",\"url\":\"https:\/\/pozirk.online\/en\/news\/108108\/\",\"name\":\"Interior ministry adds opposition politician, 12 others to its extremist list | Pozirk\",\"isPartOf\":{\"@id\":\"https:\/\/pozirk.online\/en\/#website\"},\"primaryImageOfPage\":{\"@id\":\"https:\/\/pozirk.online\/en\/news\/108108\/#primaryimage\"},\"image\":{\"@id\":\"https:\/\/pozirk.online\/en\/news\/108108\/#primaryimage\"},\"thumbnailUrl\":\"https:\/\/pozirk.online\/wp-content\/uploads\/2024\/03\/viachorka_twitter_1128x752.jpg\",\"datePublished\":\"2024-10-06T10:23:14+00:00\",\"dateModified\":\"2026-03-10T12:05:06+00:00\",\"description\":\"October 6, Pozirk. The interior ministry added 13 new names to the list of \u201cpersons involved in extremist activities\u201d on Friday, taking the total of\",\"breadcrumb\":{\"@id\":\"https:\/\/pozirk.online\/en\/news\/108108\/#breadcrumb\"},\"inLanguage\":\"en-US\",\"potentialAction\":[{\"@type\":\"ReadAction\",\"target\":[\"https:\/\/pozirk.online\/en\/news\/108108\/\"]}]},{\"@type\":\"ImageObject\",\"inLanguage\":\"en-US\",\"@id\":\"https:\/\/pozirk.online\/en\/news\/108108\/#primaryimage\",\"url\":\"https:\/\/pozirk.online\/wp-content\/uploads\/2024\/03\/viachorka_twitter_1128x752.jpg\",\"contentUrl\":\"https:\/\/pozirk.online\/wp-content\/uploads\/2024\/03\/viachorka_twitter_1128x752.jpg\",\"width\":1128,\"height\":751},{\"@type\":\"BreadcrumbList\",\"@id\":\"https:\/\/pozirk.online\/en\/news\/108108\/#breadcrumb\",\"itemListElement\":[{\"@type\":\"ListItem\",\"position\":1,\"name\":\"Home\",\"item\":\"https:\/\/pozirk.online\/en\/\"},{\"@type\":\"ListItem\",\"position\":2,\"name\":\"Interior ministry adds opposition politician, 12 others to its extremist list\"}]},{\"@type\":\"WebSite\",\"@id\":\"https:\/\/pozirk.online\/en\/#website\",\"url\":\"https:\/\/pozirk.online\/en\/\",\"name\":\"Pozirk\",\"description\":\"\",\"publisher\":{\"@id\":\"https:\/\/pozirk.online\/en\/#organization\"},\"potentialAction\":[{\"@type\":\"SearchAction\",\"target\":{\"@type\":\"EntryPoint\",\"urlTemplate\":\"https:\/\/pozirk.online\/en\/?s={search_term_string}\"},\"query-input\":{\"@type\":\"PropertyValueSpecification\",\"valueRequired\":true,\"valueName\":\"search_term_string\"}}],\"inLanguage\":\"en-US\"},{\"@type\":\"Organization\",\"@id\":\"https:\/\/pozirk.online\/en\/#organization\",\"name\":\"Pozirk\",\"url\":\"https:\/\/pozirk.online\/en\/\",\"logo\":{\"@type\":\"ImageObject\",\"inLanguage\":\"en-US\",\"@id\":\"https:\/\/pozirk.online\/en\/#\/schema\/logo\/image\/\",\"url\":\"https:\/\/pozirk.online\/wp-content\/uploads\/2023\/11\/cropped-Logo_color_512.png\",\"contentUrl\":\"https:\/\/pozirk.online\/wp-content\/uploads\/2023\/11\/cropped-Logo_color_512.png\",\"width\":512,\"height\":512,\"caption\":\"Pozirk\"},\"image\":{\"@id\":\"https:\/\/pozirk.online\/en\/#\/schema\/logo\/image\/\"},\"sameAs\":[\"https:\/\/www.facebook.com\/pozirkonline\/\",\"https:\/\/x.com\/Pozirk_online\"]}]}<\/script>\n<!-- \/ Yoast SEO plugin. -->","yoast_head_json":{"title":"Interior ministry adds opposition politician, 12 others to its extremist list | Pozirk","description":"October 6, Pozirk. The interior ministry added 13 new names to the list of \u201cpersons involved in extremist activities\u201d on Friday, taking the total of","robots":{"index":"index","follow":"follow","max-snippet":"max-snippet:-1","max-image-preview":"max-image-preview:large","max-video-preview":"max-video-preview:-1"},"canonical":"https:\/\/pozirk.online\/en\/news\/108108\/","og_locale":"en_US","og_type":"article","og_title":"Interior ministry adds opposition politician, 12 others to its extremist list | Pozirk","og_description":"October 6, Pozirk. The interior ministry added 13 new names to the list of \u201cpersons involved in extremist activities\u201d on Friday, taking the total of","og_url":"https:\/\/pozirk.online\/en\/news\/108108\/","og_site_name":"Pozirk","article_publisher":"https:\/\/www.facebook.com\/pozirkonline\/","article_modified_time":"2026-03-10T12:05:06+00:00","og_image":[{"width":1128,"height":751,"url":"https:\/\/pozirk.online\/wp-content\/uploads\/2024\/03\/viachorka_twitter_1128x752.jpg","type":"image\/jpeg"}],"twitter_card":"summary_large_image","twitter_site":"@Pozirk_online","twitter_misc":{"Est. reading time":"2 minutes"},"schema":{"@context":"https:\/\/schema.org","@graph":[{"@type":"NewsArticle","@id":"https:\/\/pozirk.online\/en\/news\/108108\/#article","isPartOf":{"@id":"https:\/\/pozirk.online\/en\/news\/108108\/"},"headline":"Interior ministry adds opposition politician, 12 others to its extremist list","datePublished":"2024-10-06T10:23:14+00:00","dateModified":"2026-03-10T12:05:06+00:00","mainEntityOfPage":{"@id":"https:\/\/pozirk.online\/en\/news\/108108\/"},"wordCount":260,"publisher":{"@id":"https:\/\/pozirk.online\/en\/#organization"},"image":{"@id":"https:\/\/pozirk.online\/en\/news\/108108\/#primaryimage"},"thumbnailUrl":"https:\/\/pozirk.online\/wp-content\/uploads\/2024\/03\/viachorka_twitter_1128x752.jpg","inLanguage":"en-US"},{"@type":"WebPage","@id":"https:\/\/pozirk.online\/en\/news\/108108\/","url":"https:\/\/pozirk.online\/en\/news\/108108\/","name":"Interior ministry adds opposition politician, 12 others to its extremist list | Pozirk","isPartOf":{"@id":"https:\/\/pozirk.online\/en\/#website"},"primaryImageOfPage":{"@id":"https:\/\/pozirk.online\/en\/news\/108108\/#primaryimage"},"image":{"@id":"https:\/\/pozirk.online\/en\/news\/108108\/#primaryimage"},"thumbnailUrl":"https:\/\/pozirk.online\/wp-content\/uploads\/2024\/03\/viachorka_twitter_1128x752.jpg","datePublished":"2024-10-06T10:23:14+00:00","dateModified":"2026-03-10T12:05:06+00:00","description":"October 6, Pozirk. The interior ministry added 13 new names to the list of \u201cpersons involved in extremist activities\u201d on Friday, taking the total of","breadcrumb":{"@id":"https:\/\/pozirk.online\/en\/news\/108108\/#breadcrumb"},"inLanguage":"en-US","potentialAction":[{"@type":"ReadAction","target":["https:\/\/pozirk.online\/en\/news\/108108\/"]}]},{"@type":"ImageObject","inLanguage":"en-US","@id":"https:\/\/pozirk.online\/en\/news\/108108\/#primaryimage","url":"https:\/\/pozirk.online\/wp-content\/uploads\/2024\/03\/viachorka_twitter_1128x752.jpg","contentUrl":"https:\/\/pozirk.online\/wp-content\/uploads\/2024\/03\/viachorka_twitter_1128x752.jpg","width":1128,"height":751},{"@type":"BreadcrumbList","@id":"https:\/\/pozirk.online\/en\/news\/108108\/#breadcrumb","itemListElement":[{"@type":"ListItem","position":1,"name":"Home","item":"https:\/\/pozirk.online\/en\/"},{"@type":"ListItem","position":2,"name":"Interior ministry adds opposition politician, 12 others to its extremist list"}]},{"@type":"WebSite","@id":"https:\/\/pozirk.online\/en\/#website","url":"https:\/\/pozirk.online\/en\/","name":"Pozirk","description":"","publisher":{"@id":"https:\/\/pozirk.online\/en\/#organization"},"potentialAction":[{"@type":"SearchAction","target":{"@type":"EntryPoint","urlTemplate":"https:\/\/pozirk.online\/en\/?s={search_term_string}"},"query-input":{"@type":"PropertyValueSpecification","valueRequired":true,"valueName":"search_term_string"}}],"inLanguage":"en-US"},{"@type":"Organization","@id":"https:\/\/pozirk.online\/en\/#organization","name":"Pozirk","url":"https:\/\/pozirk.online\/en\/","logo":{"@type":"ImageObject","inLanguage":"en-US","@id":"https:\/\/pozirk.online\/en\/#\/schema\/logo\/image\/","url":"https:\/\/pozirk.online\/wp-content\/uploads\/2023\/11\/cropped-Logo_color_512.png","contentUrl":"https:\/\/pozirk.online\/wp-content\/uploads\/2023\/11\/cropped-Logo_color_512.png","width":512,"height":512,"caption":"Pozirk"},"image":{"@id":"https:\/\/pozirk.online\/en\/#\/schema\/logo\/image\/"},"sameAs":["https:\/\/www.facebook.com\/pozirkonline\/","https:\/\/x.com\/Pozirk_online"]}]}},"_links":{"self":[{"href":"https:\/\/pozirk.online\/en\/wp-json\/wp\/v2\/articles\/108108","targetHints":{"allow":["GET"]}}],"collection":[{"href":"https:\/\/pozirk.online\/en\/wp-json\/wp\/v2\/articles"}],"about":[{"href":"https:\/\/pozirk.online\/en\/wp-json\/wp\/v2\/types\/articles"}],"author":[{"embeddable":true,"href":"https:\/\/pozirk.online\/en\/wp-json\/wp\/v2\/users\/84"}],"wp:featuredmedia":[{"embeddable":true,"href":"https:\/\/pozirk.online\/en\/wp-json\/wp\/v2\/media\/75027"}],"wp:attachment":[{"href":"https:\/\/pozirk.online\/en\/wp-json\/wp\/v2\/media?parent=108108"}],"wp:term":[{"taxonomy":"rubric","embeddable":true,"href":"https:\/\/pozirk.online\/en\/wp-json\/wp\/v2\/rubric?post=108108"}],"curies":[{"name":"wp","href":"https:\/\/api.w.org\/{rel}","templated":true}]}}