{"id":108369,"date":"2024-10-08T15:00:59","date_gmt":"2024-10-08T12:00:59","guid":{"rendered":"https:\/\/pozirk.online\/en\/news\/108369\/"},"modified":"2026-03-10T12:05:06","modified_gmt":"2026-03-10T12:05:06","slug":"ep-delegation-pledges-to-support-belarusians-european-aspirations","status":"publish","type":"articles","link":"https:\/\/pozirk.online\/en\/news\/108369\/","title":{"rendered":"EP delegation pledges to support Belarusians\u2019 European aspirations"},"content":{"rendered":"\n<figure class=\"block-image block-image-normal\">\n\n  <img decoding=\"async\" width=\"1128\" height=\"752\" src=\"https:\/\/pozirk.online\/wp-content\/uploads\/2024\/10\/malgorzata-gosiewska_pap_1128x752.jpg\" class=\"attachment-full size-full\" alt=\"\" srcset=\"https:\/\/pozirk.online\/wp-content\/uploads\/2024\/10\/malgorzata-gosiewska_pap_1128x752.jpg 1128w, https:\/\/pozirk.online\/wp-content\/uploads\/2024\/10\/malgorzata-gosiewska_pap_1128x752-354x236.jpg 354w, https:\/\/pozirk.online\/wp-content\/uploads\/2024\/10\/malgorzata-gosiewska_pap_1128x752-734x490.jpg 734w, https:\/\/pozirk.online\/wp-content\/uploads\/2024\/10\/malgorzata-gosiewska_pap_1128x752-178x118.jpg 178w, https:\/\/pozirk.online\/wp-content\/uploads\/2024\/10\/malgorzata-gosiewska_pap_1128x752-768x512.jpg 768w\" sizes=\"(max-width: 1128px) 100vw, 1128px\" \/>\n  <figcaption>\n  \n       <div class=\"block-image__author\">\n                <span>(Marcin Obara \/ PAP)<\/span>\n    <\/div>\n     <\/figcaption>\n<\/figure>\n\n\n\n<p><strong>October 8, <em>Pozirk.<\/em><\/strong> The European Parliament&#8217;s (EP) delegation on Belarus will base its activities on \u201clegitimate aspirations of the people of Belarus for European future of their homeland,&#8221; its head Ma\u0142gorzata Gosiewska said on Monday.<\/p>\n\n\n\n<p>She pledged commitment to \u201ca democratic, sovereign, inclusive and prosperous Belarus\u201d and cooperation with the exiled Belarusian opposition led by \u015aviat\u0142ana Cichano\u016dskaja.<\/p>\n\n\n\n<p>Noting the &#8220;fraudulent presidential election of August 9, 2020 and the subsequent brutal crackdown on democratic forces, civil society activists, free trade unions, independent media and peaceful protesters,&#8221; the delegation stressed its non-recognition of the election results.<\/p>\n\n\n\n<p>The EP&#8217;s numerous resolutions over the past four years &#8220;strongly condemned the unprecedented repression and systemic human rights violations perpetrated by the regime,&#8221; Gosiewska noted. <\/p>\n\n\n\n<p>MEPs along with other European institutions and EU member states should focus on the immediate and unconditional release of hundreds of Belarusian opposition leaders, journalists and activists, jailed in politically-motivated cases, her statement stressed.<\/p>\n\n\n\n<div class=\"insert-block\">\n\n    <div class=\"insert-block__img\">\n        <img decoding=\"async\" width=\"354\" height=\"236\" src=\"https:\/\/pozirk.online\/wp-content\/uploads\/2024\/10\/malgorzata-gosiewska_pap_1128x752-354x236.jpg\" class=\"attachment-medium size-medium\" alt=\"\" srcset=\"https:\/\/pozirk.online\/wp-content\/uploads\/2024\/10\/malgorzata-gosiewska_pap_1128x752-354x236.jpg 354w, https:\/\/pozirk.online\/wp-content\/uploads\/2024\/10\/malgorzata-gosiewska_pap_1128x752-734x490.jpg 734w, https:\/\/pozirk.online\/wp-content\/uploads\/2024\/10\/malgorzata-gosiewska_pap_1128x752-178x118.jpg 178w, https:\/\/pozirk.online\/wp-content\/uploads\/2024\/10\/malgorzata-gosiewska_pap_1128x752-768x512.jpg 768w, https:\/\/pozirk.online\/wp-content\/uploads\/2024\/10\/malgorzata-gosiewska_pap_1128x752.jpg 1128w\" sizes=\"(max-width: 354px) 100vw, 354px\" \/>                        <label class=\"insert-block__tag--mobile\"> \u041f\u043e\u043b\u0438\u0442\u0438\u043a\u0430<\/label>\n\n                <\/div>\n    <div class=\"insert-block__text\">\n                    <label class=\"insert-block__tag\">\u041f\u043e\u043b\u0438\u0442\u0438\u043a\u0430<\/label>\n                <h3 class=\"insert-block__title\">Polish MEP Gosiewska elected Belarus delegation head<\/h3>\n        <div class=\"insert-block__descr\">October 3, Pozirk. MEP Ma\u0142gorzata Gosiewska of the Polish Law and Justice party has been elected as head of the delegation on Belarus in the European Parliament (EP), Parlamentskiy Kanal reported. Gosiewska, deputy speaker of the Polish Sejm in 2019-2023, &#8230;<\/div>\n        <a class=\"insert-block__btn-block\" href=\"\/en\/news\/107669\">\n            <button class=\"btn\">\n                <div class='btn__text'>Read the article<\/div>\n            <\/button>\n        <\/a>\n    <\/div>\n<\/div>","protected":false},"excerpt":{"rendered":"<p>October 8, Pozirk. The European Parliament&#8217;s (EP) delegation on Belarus will base its activities on \u201clegitimate aspirations of the people of Belarus for European future of their homeland,&#8221; its head Ma\u0142gorzata Gosiewska said on Monday. She pledged commitment to \u201ca democratic, sovereign, inclusive and prosperous Belarus\u201d and cooperation with the exiled Belarusian opposition led by [&hellip;]<\/p>\n","protected":false},"author":84,"featured_media":107663,"template":"","rubric":[14],"class_list":["post-108369","articles","type-articles","status-publish","has-post-thumbnail","hentry","rubric-politics"],"acf":[],"yoast_head":"<!-- This site is optimized with the Yoast SEO plugin v25.5 - https:\/\/yoast.com\/wordpress\/plugins\/seo\/ -->\n<title>EP delegation pledges to support Belarusians\u2019 European aspirations | Pozirk<\/title>\n<meta name=\"description\" content=\"October 8, Pozirk. The European Parliament&#039;s (EP) delegation on Belarus will base its activities on \u201clegitimate aspirations of the people of Belarus for\" \/>\n<meta name=\"robots\" content=\"index, follow, max-snippet:-1, max-image-preview:large, max-video-preview:-1\" \/>\n<link rel=\"canonical\" href=\"https:\/\/pozirk.online\/en\/news\/108369\/\" \/>\n<meta property=\"og:locale\" content=\"en_US\" \/>\n<meta property=\"og:type\" content=\"article\" \/>\n<meta property=\"og:title\" content=\"EP delegation pledges to support Belarusians\u2019 European aspirations | Pozirk\" \/>\n<meta property=\"og:description\" content=\"October 8, Pozirk. The European Parliament&#039;s (EP) delegation on Belarus will base its activities on \u201clegitimate aspirations of the people of Belarus for\" \/>\n<meta property=\"og:url\" content=\"https:\/\/pozirk.online\/en\/news\/108369\/\" \/>\n<meta property=\"og:site_name\" content=\"Pozirk\" \/>\n<meta property=\"article:publisher\" content=\"https:\/\/www.facebook.com\/pozirkonline\/\" \/>\n<meta property=\"article:modified_time\" content=\"2026-03-10T12:05:06+00:00\" \/>\n<meta property=\"og:image\" content=\"https:\/\/pozirk.online\/wp-content\/uploads\/2024\/10\/malgorzata-gosiewska_pap_1128x752.jpg\" \/>\n\t<meta property=\"og:image:width\" content=\"1128\" \/>\n\t<meta property=\"og:image:height\" content=\"752\" \/>\n\t<meta property=\"og:image:type\" content=\"image\/jpeg\" \/>\n<meta name=\"twitter:card\" content=\"summary_large_image\" \/>\n<meta name=\"twitter:site\" content=\"@Pozirk_online\" \/>\n<meta name=\"twitter:label1\" content=\"Est. reading time\" \/>\n\t<meta name=\"twitter:data1\" content=\"1 minute\" \/>\n<script type=\"application\/ld+json\" class=\"yoast-schema-graph\">{\"@context\":\"https:\/\/schema.org\",\"@graph\":[{\"@type\":\"NewsArticle\",\"@id\":\"https:\/\/pozirk.online\/en\/news\/108369\/#article\",\"isPartOf\":{\"@id\":\"https:\/\/pozirk.online\/en\/news\/108369\/\"},\"headline\":\"EP delegation pledges to support Belarusians\u2019 European aspirations\",\"datePublished\":\"2024-10-08T12:00:59+00:00\",\"dateModified\":\"2026-03-10T12:05:06+00:00\",\"mainEntityOfPage\":{\"@id\":\"https:\/\/pozirk.online\/en\/news\/108369\/\"},\"wordCount\":163,\"publisher\":{\"@id\":\"https:\/\/pozirk.online\/en\/#organization\"},\"image\":{\"@id\":\"https:\/\/pozirk.online\/en\/news\/108369\/#primaryimage\"},\"thumbnailUrl\":\"https:\/\/pozirk.online\/wp-content\/uploads\/2024\/10\/malgorzata-gosiewska_pap_1128x752.jpg\",\"inLanguage\":\"en-US\"},{\"@type\":\"WebPage\",\"@id\":\"https:\/\/pozirk.online\/en\/news\/108369\/\",\"url\":\"https:\/\/pozirk.online\/en\/news\/108369\/\",\"name\":\"EP delegation pledges to support Belarusians\u2019 European aspirations | Pozirk\",\"isPartOf\":{\"@id\":\"https:\/\/pozirk.online\/en\/#website\"},\"primaryImageOfPage\":{\"@id\":\"https:\/\/pozirk.online\/en\/news\/108369\/#primaryimage\"},\"image\":{\"@id\":\"https:\/\/pozirk.online\/en\/news\/108369\/#primaryimage\"},\"thumbnailUrl\":\"https:\/\/pozirk.online\/wp-content\/uploads\/2024\/10\/malgorzata-gosiewska_pap_1128x752.jpg\",\"datePublished\":\"2024-10-08T12:00:59+00:00\",\"dateModified\":\"2026-03-10T12:05:06+00:00\",\"description\":\"October 8, Pozirk. The European Parliament's (EP) delegation on Belarus will base its activities on \u201clegitimate aspirations of the people of Belarus for\",\"breadcrumb\":{\"@id\":\"https:\/\/pozirk.online\/en\/news\/108369\/#breadcrumb\"},\"inLanguage\":\"en-US\",\"potentialAction\":[{\"@type\":\"ReadAction\",\"target\":[\"https:\/\/pozirk.online\/en\/news\/108369\/\"]}]},{\"@type\":\"ImageObject\",\"inLanguage\":\"en-US\",\"@id\":\"https:\/\/pozirk.online\/en\/news\/108369\/#primaryimage\",\"url\":\"https:\/\/pozirk.online\/wp-content\/uploads\/2024\/10\/malgorzata-gosiewska_pap_1128x752.jpg\",\"contentUrl\":\"https:\/\/pozirk.online\/wp-content\/uploads\/2024\/10\/malgorzata-gosiewska_pap_1128x752.jpg\",\"width\":1128,\"height\":752},{\"@type\":\"BreadcrumbList\",\"@id\":\"https:\/\/pozirk.online\/en\/news\/108369\/#breadcrumb\",\"itemListElement\":[{\"@type\":\"ListItem\",\"position\":1,\"name\":\"Home\",\"item\":\"https:\/\/pozirk.online\/en\/\"},{\"@type\":\"ListItem\",\"position\":2,\"name\":\"EP delegation pledges to support Belarusians\u2019 European aspirations\"}]},{\"@type\":\"WebSite\",\"@id\":\"https:\/\/pozirk.online\/en\/#website\",\"url\":\"https:\/\/pozirk.online\/en\/\",\"name\":\"Pozirk\",\"description\":\"\",\"publisher\":{\"@id\":\"https:\/\/pozirk.online\/en\/#organization\"},\"potentialAction\":[{\"@type\":\"SearchAction\",\"target\":{\"@type\":\"EntryPoint\",\"urlTemplate\":\"https:\/\/pozirk.online\/en\/?s={search_term_string}\"},\"query-input\":{\"@type\":\"PropertyValueSpecification\",\"valueRequired\":true,\"valueName\":\"search_term_string\"}}],\"inLanguage\":\"en-US\"},{\"@type\":\"Organization\",\"@id\":\"https:\/\/pozirk.online\/en\/#organization\",\"name\":\"Pozirk\",\"url\":\"https:\/\/pozirk.online\/en\/\",\"logo\":{\"@type\":\"ImageObject\",\"inLanguage\":\"en-US\",\"@id\":\"https:\/\/pozirk.online\/en\/#\/schema\/logo\/image\/\",\"url\":\"https:\/\/pozirk.online\/wp-content\/uploads\/2023\/11\/cropped-Logo_color_512.png\",\"contentUrl\":\"https:\/\/pozirk.online\/wp-content\/uploads\/2023\/11\/cropped-Logo_color_512.png\",\"width\":512,\"height\":512,\"caption\":\"Pozirk\"},\"image\":{\"@id\":\"https:\/\/pozirk.online\/en\/#\/schema\/logo\/image\/\"},\"sameAs\":[\"https:\/\/www.facebook.com\/pozirkonline\/\",\"https:\/\/x.com\/Pozirk_online\"]}]}<\/script>\n<!-- \/ Yoast SEO plugin. -->","yoast_head_json":{"title":"EP delegation pledges to support Belarusians\u2019 European aspirations | Pozirk","description":"October 8, Pozirk. The European Parliament's (EP) delegation on Belarus will base its activities on \u201clegitimate aspirations of the people of Belarus for","robots":{"index":"index","follow":"follow","max-snippet":"max-snippet:-1","max-image-preview":"max-image-preview:large","max-video-preview":"max-video-preview:-1"},"canonical":"https:\/\/pozirk.online\/en\/news\/108369\/","og_locale":"en_US","og_type":"article","og_title":"EP delegation pledges to support Belarusians\u2019 European aspirations | Pozirk","og_description":"October 8, Pozirk. The European Parliament's (EP) delegation on Belarus will base its activities on \u201clegitimate aspirations of the people of Belarus for","og_url":"https:\/\/pozirk.online\/en\/news\/108369\/","og_site_name":"Pozirk","article_publisher":"https:\/\/www.facebook.com\/pozirkonline\/","article_modified_time":"2026-03-10T12:05:06+00:00","og_image":[{"width":1128,"height":752,"url":"https:\/\/pozirk.online\/wp-content\/uploads\/2024\/10\/malgorzata-gosiewska_pap_1128x752.jpg","type":"image\/jpeg"}],"twitter_card":"summary_large_image","twitter_site":"@Pozirk_online","twitter_misc":{"Est. reading time":"1 minute"},"schema":{"@context":"https:\/\/schema.org","@graph":[{"@type":"NewsArticle","@id":"https:\/\/pozirk.online\/en\/news\/108369\/#article","isPartOf":{"@id":"https:\/\/pozirk.online\/en\/news\/108369\/"},"headline":"EP delegation pledges to support Belarusians\u2019 European aspirations","datePublished":"2024-10-08T12:00:59+00:00","dateModified":"2026-03-10T12:05:06+00:00","mainEntityOfPage":{"@id":"https:\/\/pozirk.online\/en\/news\/108369\/"},"wordCount":163,"publisher":{"@id":"https:\/\/pozirk.online\/en\/#organization"},"image":{"@id":"https:\/\/pozirk.online\/en\/news\/108369\/#primaryimage"},"thumbnailUrl":"https:\/\/pozirk.online\/wp-content\/uploads\/2024\/10\/malgorzata-gosiewska_pap_1128x752.jpg","inLanguage":"en-US"},{"@type":"WebPage","@id":"https:\/\/pozirk.online\/en\/news\/108369\/","url":"https:\/\/pozirk.online\/en\/news\/108369\/","name":"EP delegation pledges to support Belarusians\u2019 European aspirations | Pozirk","isPartOf":{"@id":"https:\/\/pozirk.online\/en\/#website"},"primaryImageOfPage":{"@id":"https:\/\/pozirk.online\/en\/news\/108369\/#primaryimage"},"image":{"@id":"https:\/\/pozirk.online\/en\/news\/108369\/#primaryimage"},"thumbnailUrl":"https:\/\/pozirk.online\/wp-content\/uploads\/2024\/10\/malgorzata-gosiewska_pap_1128x752.jpg","datePublished":"2024-10-08T12:00:59+00:00","dateModified":"2026-03-10T12:05:06+00:00","description":"October 8, Pozirk. The European Parliament's (EP) delegation on Belarus will base its activities on \u201clegitimate aspirations of the people of Belarus for","breadcrumb":{"@id":"https:\/\/pozirk.online\/en\/news\/108369\/#breadcrumb"},"inLanguage":"en-US","potentialAction":[{"@type":"ReadAction","target":["https:\/\/pozirk.online\/en\/news\/108369\/"]}]},{"@type":"ImageObject","inLanguage":"en-US","@id":"https:\/\/pozirk.online\/en\/news\/108369\/#primaryimage","url":"https:\/\/pozirk.online\/wp-content\/uploads\/2024\/10\/malgorzata-gosiewska_pap_1128x752.jpg","contentUrl":"https:\/\/pozirk.online\/wp-content\/uploads\/2024\/10\/malgorzata-gosiewska_pap_1128x752.jpg","width":1128,"height":752},{"@type":"BreadcrumbList","@id":"https:\/\/pozirk.online\/en\/news\/108369\/#breadcrumb","itemListElement":[{"@type":"ListItem","position":1,"name":"Home","item":"https:\/\/pozirk.online\/en\/"},{"@type":"ListItem","position":2,"name":"EP delegation pledges to support Belarusians\u2019 European aspirations"}]},{"@type":"WebSite","@id":"https:\/\/pozirk.online\/en\/#website","url":"https:\/\/pozirk.online\/en\/","name":"Pozirk","description":"","publisher":{"@id":"https:\/\/pozirk.online\/en\/#organization"},"potentialAction":[{"@type":"SearchAction","target":{"@type":"EntryPoint","urlTemplate":"https:\/\/pozirk.online\/en\/?s={search_term_string}"},"query-input":{"@type":"PropertyValueSpecification","valueRequired":true,"valueName":"search_term_string"}}],"inLanguage":"en-US"},{"@type":"Organization","@id":"https:\/\/pozirk.online\/en\/#organization","name":"Pozirk","url":"https:\/\/pozirk.online\/en\/","logo":{"@type":"ImageObject","inLanguage":"en-US","@id":"https:\/\/pozirk.online\/en\/#\/schema\/logo\/image\/","url":"https:\/\/pozirk.online\/wp-content\/uploads\/2023\/11\/cropped-Logo_color_512.png","contentUrl":"https:\/\/pozirk.online\/wp-content\/uploads\/2023\/11\/cropped-Logo_color_512.png","width":512,"height":512,"caption":"Pozirk"},"image":{"@id":"https:\/\/pozirk.online\/en\/#\/schema\/logo\/image\/"},"sameAs":["https:\/\/www.facebook.com\/pozirkonline\/","https:\/\/x.com\/Pozirk_online"]}]}},"_links":{"self":[{"href":"https:\/\/pozirk.online\/en\/wp-json\/wp\/v2\/articles\/108369","targetHints":{"allow":["GET"]}}],"collection":[{"href":"https:\/\/pozirk.online\/en\/wp-json\/wp\/v2\/articles"}],"about":[{"href":"https:\/\/pozirk.online\/en\/wp-json\/wp\/v2\/types\/articles"}],"author":[{"embeddable":true,"href":"https:\/\/pozirk.online\/en\/wp-json\/wp\/v2\/users\/84"}],"wp:featuredmedia":[{"embeddable":true,"href":"https:\/\/pozirk.online\/en\/wp-json\/wp\/v2\/media\/107663"}],"wp:attachment":[{"href":"https:\/\/pozirk.online\/en\/wp-json\/wp\/v2\/media?parent=108369"}],"wp:term":[{"taxonomy":"rubric","embeddable":true,"href":"https:\/\/pozirk.online\/en\/wp-json\/wp\/v2\/rubric?post=108369"}],"curies":[{"name":"wp","href":"https:\/\/api.w.org\/{rel}","templated":true}]}}