{"id":108876,"date":"2024-10-11T13:27:57","date_gmt":"2024-10-11T10:27:57","guid":{"rendered":"https:\/\/pozirk.online\/en\/news\/108876\/"},"modified":"2026-03-10T12:05:06","modified_gmt":"2026-03-10T12:05:06","slug":"reprisals-arrests-and-trials-of-2020-protesters-continue","status":"publish","type":"articles","link":"https:\/\/pozirk.online\/en\/news\/108876\/","title":{"rendered":"Reprisals: arrests and trials of 2020 protesters continue"},"content":{"rendered":"\n<p><strong>October 11, <em>Pozirk<\/em>.<\/strong> A Brest judge sentenced Siarhiej Ni\u010dyparuk, Alaksandar Klima\u0161evi\u010d and Ja\u016dhien By\u010dko to prison terms on charges of violent disorder in connection with 2020 protests, the Viasna Human Rights Center said.<\/p>\n\n\n\n<p>Police also arrested at least five people, including a married couple, in H\u0142ybokaje, Viciebsk region, for their alleged participation in 2020 postelection protests, <em>Mediazona<\/em> reported. One of the arrested is known as Vital \u017dy\u0142a in social media.<\/p>\n\n\n\n<p>Other cases of politically-motivated persecution documented in Belarus on October 10 included harassment of Belarusians for their online activities. <\/p>\n\n\n\n<p>U\u0142adzimir Ha\u016dryka\u016d went on trial in Homiel on criminal charges of insulting and defaming Alaksandar \u0141uka\u0161enka as well as inciting hatred in connection with critical social media posts, Viasna reported.<\/p>\n\n\n\n<p>Real estate agency manager Barys A\u016d\u0142uko\u016d was tried for sharing opposition content in Viciebsk two days ago, the <em>Vitebsk, Ya Gulayu <\/em>Telegram channel said. The sentence remains unknown.<\/p>\n\n\n\n<p>Lizavieta Kazina, Ina Sarokina, Volha Tarabanava and Juryj Chadok were tried in the Hrodna region on similar charges, according to the <em>Pravo Imeyut <\/em>Telegram channel. Chadok may have been a member of an election commission four years ago.<\/p>\n\n\n\n<p>High school principal Alaksandar Lejkin in Raha\u010do\u016d, Homiel region, was fired over reactions in social media, Viasna&#8217;s Homiel branch said. Yesterday, he was also scheduled to go on trial for sharing opposition content.<\/p>\n\n\n\n<p>As of October 11, human rights defenders identified at least 1,291 political prisoners but the real number is considerably higher because many cases go undocumented.<\/p>\n\n\n\n<p>Belarusian authorities have arrested about 65,000 people for political reasons in the four years since the August 2020 presidential election, Viasna reported in early August.<\/p>\n\n\n\n<div class=\"insert-block\">\n\n    <div class=\"insert-block__img\">\n        <img decoding=\"async\" width=\"354\" height=\"236\" src=\"https:\/\/pozirk.online\/wp-content\/uploads\/2024\/10\/tomilov-vit-vesna-354x236.jpg\" class=\"attachment-medium size-medium\" alt=\"\" srcset=\"https:\/\/pozirk.online\/wp-content\/uploads\/2024\/10\/tomilov-vit-vesna-354x236.jpg 354w, https:\/\/pozirk.online\/wp-content\/uploads\/2024\/10\/tomilov-vit-vesna-734x490.jpg 734w, https:\/\/pozirk.online\/wp-content\/uploads\/2024\/10\/tomilov-vit-vesna-178x118.jpg 178w, https:\/\/pozirk.online\/wp-content\/uploads\/2024\/10\/tomilov-vit-vesna-768x512.jpg 768w, https:\/\/pozirk.online\/wp-content\/uploads\/2024\/10\/tomilov-vit-vesna.jpg 1128w\" sizes=\"(max-width: 354px) 100vw, 354px\" \/>                        <label class=\"insert-block__tag--mobile\"> Politics<\/label>\n\n                <\/div>\n    <div class=\"insert-block__text\">\n                    <label class=\"insert-block__tag\">Politics<\/label>\n                <h3 class=\"insert-block__title\">Opposition politicians link opposition supporter&#039;s death to severe beating in jail<\/h3>\n        <div class=\"insert-block__descr\">October 10, Pozirk. Volha Zazulinskaja, the United Transitional Cabinet&#039;s (UTC) social policy representative, linked the recent death of 52-year-old Alaksiej Tami\u0142a\u016d to injuries caused by police beating at Viciebsk&#039;s detention center in March 2023. Viasna Viciebsk reported on October 9 &#8230;<\/div>\n        <a class=\"insert-block__btn-block\" href=\"\/en\/news\/108781\">\n            <button class=\"btn\">\n                <div class='btn__text'>Read the article<\/div>\n            <\/button>\n        <\/a>\n    <\/div>\n<\/div>","protected":false},"excerpt":{"rendered":"<p>October 11, Pozirk. A Brest judge sentenced Siarhiej Ni\u010dyparuk, Alaksandar Klima\u0161evi\u010d and Ja\u016dhien By\u010dko to prison terms on charges of violent disorder in connection with 2020 protests, the Viasna Human Rights Center said. Police also arrested at least five people, including a married couple, in H\u0142ybokaje, Viciebsk region, for their alleged participation in 2020 postelection [&hellip;]<\/p>\n","protected":false},"author":84,"featured_media":63993,"template":"","rubric":[14],"class_list":["post-108876","articles","type-articles","status-publish","has-post-thumbnail","hentry","rubric-politics"],"acf":[],"yoast_head":"<!-- This site is optimized with the Yoast SEO plugin v25.5 - https:\/\/yoast.com\/wordpress\/plugins\/seo\/ -->\n<title>Reprisals: arrests and trials of 2020 protesters continue | Pozirk<\/title>\n<meta name=\"description\" content=\"October 11, Pozirk. A Brest judge sentenced Siarhiej Ni\u010dyparuk, Alaksandar Klima\u0161evi\u010d and Ja\u016dhien By\u010dko to prison terms on charges of violent disorder in\" \/>\n<meta name=\"robots\" content=\"index, follow, max-snippet:-1, max-image-preview:large, max-video-preview:-1\" \/>\n<link rel=\"canonical\" href=\"https:\/\/pozirk.online\/en\/news\/108876\/\" \/>\n<meta property=\"og:locale\" content=\"en_US\" \/>\n<meta property=\"og:type\" content=\"article\" \/>\n<meta property=\"og:title\" content=\"Reprisals: arrests and trials of 2020 protesters continue | Pozirk\" \/>\n<meta property=\"og:description\" content=\"October 11, Pozirk. A Brest judge sentenced Siarhiej Ni\u010dyparuk, Alaksandar Klima\u0161evi\u010d and Ja\u016dhien By\u010dko to prison terms on charges of violent disorder in\" \/>\n<meta property=\"og:url\" content=\"https:\/\/pozirk.online\/en\/news\/108876\/\" \/>\n<meta property=\"og:site_name\" content=\"Pozirk\" \/>\n<meta property=\"article:publisher\" content=\"https:\/\/www.facebook.com\/pozirkonline\/\" \/>\n<meta property=\"article:modified_time\" content=\"2026-03-10T12:05:06+00:00\" \/>\n<meta property=\"og:image\" content=\"https:\/\/pozirk.online\/wp-content\/uploads\/2024\/01\/pozirk_color_blank_1128x752.jpg\" \/>\n\t<meta property=\"og:image:width\" content=\"1128\" \/>\n\t<meta property=\"og:image:height\" content=\"752\" \/>\n\t<meta property=\"og:image:type\" content=\"image\/jpeg\" \/>\n<meta name=\"twitter:card\" content=\"summary_large_image\" \/>\n<meta name=\"twitter:site\" content=\"@Pozirk_online\" \/>\n<meta name=\"twitter:label1\" content=\"Est. reading time\" \/>\n\t<meta name=\"twitter:data1\" content=\"2 minutes\" \/>\n<script type=\"application\/ld+json\" class=\"yoast-schema-graph\">{\"@context\":\"https:\/\/schema.org\",\"@graph\":[{\"@type\":\"NewsArticle\",\"@id\":\"https:\/\/pozirk.online\/en\/news\/108876\/#article\",\"isPartOf\":{\"@id\":\"https:\/\/pozirk.online\/en\/news\/108876\/\"},\"headline\":\"Reprisals: arrests and trials of 2020 protesters continue\",\"datePublished\":\"2024-10-11T10:27:57+00:00\",\"dateModified\":\"2026-03-10T12:05:06+00:00\",\"mainEntityOfPage\":{\"@id\":\"https:\/\/pozirk.online\/en\/news\/108876\/\"},\"wordCount\":279,\"publisher\":{\"@id\":\"https:\/\/pozirk.online\/en\/#organization\"},\"image\":{\"@id\":\"https:\/\/pozirk.online\/en\/news\/108876\/#primaryimage\"},\"thumbnailUrl\":\"https:\/\/pozirk.online\/wp-content\/uploads\/2024\/01\/pozirk_color_blank_1128x752.jpg\",\"inLanguage\":\"en-US\"},{\"@type\":\"WebPage\",\"@id\":\"https:\/\/pozirk.online\/en\/news\/108876\/\",\"url\":\"https:\/\/pozirk.online\/en\/news\/108876\/\",\"name\":\"Reprisals: arrests and trials of 2020 protesters continue | Pozirk\",\"isPartOf\":{\"@id\":\"https:\/\/pozirk.online\/en\/#website\"},\"primaryImageOfPage\":{\"@id\":\"https:\/\/pozirk.online\/en\/news\/108876\/#primaryimage\"},\"image\":{\"@id\":\"https:\/\/pozirk.online\/en\/news\/108876\/#primaryimage\"},\"thumbnailUrl\":\"https:\/\/pozirk.online\/wp-content\/uploads\/2024\/01\/pozirk_color_blank_1128x752.jpg\",\"datePublished\":\"2024-10-11T10:27:57+00:00\",\"dateModified\":\"2026-03-10T12:05:06+00:00\",\"description\":\"October 11, Pozirk. A Brest judge sentenced Siarhiej Ni\u010dyparuk, Alaksandar Klima\u0161evi\u010d and Ja\u016dhien By\u010dko to prison terms on charges of violent disorder in\",\"breadcrumb\":{\"@id\":\"https:\/\/pozirk.online\/en\/news\/108876\/#breadcrumb\"},\"inLanguage\":\"en-US\",\"potentialAction\":[{\"@type\":\"ReadAction\",\"target\":[\"https:\/\/pozirk.online\/en\/news\/108876\/\"]}]},{\"@type\":\"ImageObject\",\"inLanguage\":\"en-US\",\"@id\":\"https:\/\/pozirk.online\/en\/news\/108876\/#primaryimage\",\"url\":\"https:\/\/pozirk.online\/wp-content\/uploads\/2024\/01\/pozirk_color_blank_1128x752.jpg\",\"contentUrl\":\"https:\/\/pozirk.online\/wp-content\/uploads\/2024\/01\/pozirk_color_blank_1128x752.jpg\",\"width\":1128,\"height\":752},{\"@type\":\"BreadcrumbList\",\"@id\":\"https:\/\/pozirk.online\/en\/news\/108876\/#breadcrumb\",\"itemListElement\":[{\"@type\":\"ListItem\",\"position\":1,\"name\":\"Home\",\"item\":\"https:\/\/pozirk.online\/en\/\"},{\"@type\":\"ListItem\",\"position\":2,\"name\":\"Reprisals: arrests and trials of 2020 protesters continue\"}]},{\"@type\":\"WebSite\",\"@id\":\"https:\/\/pozirk.online\/en\/#website\",\"url\":\"https:\/\/pozirk.online\/en\/\",\"name\":\"Pozirk\",\"description\":\"\",\"publisher\":{\"@id\":\"https:\/\/pozirk.online\/en\/#organization\"},\"potentialAction\":[{\"@type\":\"SearchAction\",\"target\":{\"@type\":\"EntryPoint\",\"urlTemplate\":\"https:\/\/pozirk.online\/en\/?s={search_term_string}\"},\"query-input\":{\"@type\":\"PropertyValueSpecification\",\"valueRequired\":true,\"valueName\":\"search_term_string\"}}],\"inLanguage\":\"en-US\"},{\"@type\":\"Organization\",\"@id\":\"https:\/\/pozirk.online\/en\/#organization\",\"name\":\"Pozirk\",\"url\":\"https:\/\/pozirk.online\/en\/\",\"logo\":{\"@type\":\"ImageObject\",\"inLanguage\":\"en-US\",\"@id\":\"https:\/\/pozirk.online\/en\/#\/schema\/logo\/image\/\",\"url\":\"https:\/\/pozirk.online\/wp-content\/uploads\/2023\/11\/cropped-Logo_color_512.png\",\"contentUrl\":\"https:\/\/pozirk.online\/wp-content\/uploads\/2023\/11\/cropped-Logo_color_512.png\",\"width\":512,\"height\":512,\"caption\":\"Pozirk\"},\"image\":{\"@id\":\"https:\/\/pozirk.online\/en\/#\/schema\/logo\/image\/\"},\"sameAs\":[\"https:\/\/www.facebook.com\/pozirkonline\/\",\"https:\/\/x.com\/Pozirk_online\"]}]}<\/script>\n<!-- \/ Yoast SEO plugin. -->","yoast_head_json":{"title":"Reprisals: arrests and trials of 2020 protesters continue | Pozirk","description":"October 11, Pozirk. A Brest judge sentenced Siarhiej Ni\u010dyparuk, Alaksandar Klima\u0161evi\u010d and Ja\u016dhien By\u010dko to prison terms on charges of violent disorder in","robots":{"index":"index","follow":"follow","max-snippet":"max-snippet:-1","max-image-preview":"max-image-preview:large","max-video-preview":"max-video-preview:-1"},"canonical":"https:\/\/pozirk.online\/en\/news\/108876\/","og_locale":"en_US","og_type":"article","og_title":"Reprisals: arrests and trials of 2020 protesters continue | Pozirk","og_description":"October 11, Pozirk. A Brest judge sentenced Siarhiej Ni\u010dyparuk, Alaksandar Klima\u0161evi\u010d and Ja\u016dhien By\u010dko to prison terms on charges of violent disorder in","og_url":"https:\/\/pozirk.online\/en\/news\/108876\/","og_site_name":"Pozirk","article_publisher":"https:\/\/www.facebook.com\/pozirkonline\/","article_modified_time":"2026-03-10T12:05:06+00:00","og_image":[{"width":1128,"height":752,"url":"https:\/\/pozirk.online\/wp-content\/uploads\/2024\/01\/pozirk_color_blank_1128x752.jpg","type":"image\/jpeg"}],"twitter_card":"summary_large_image","twitter_site":"@Pozirk_online","twitter_misc":{"Est. reading time":"2 minutes"},"schema":{"@context":"https:\/\/schema.org","@graph":[{"@type":"NewsArticle","@id":"https:\/\/pozirk.online\/en\/news\/108876\/#article","isPartOf":{"@id":"https:\/\/pozirk.online\/en\/news\/108876\/"},"headline":"Reprisals: arrests and trials of 2020 protesters continue","datePublished":"2024-10-11T10:27:57+00:00","dateModified":"2026-03-10T12:05:06+00:00","mainEntityOfPage":{"@id":"https:\/\/pozirk.online\/en\/news\/108876\/"},"wordCount":279,"publisher":{"@id":"https:\/\/pozirk.online\/en\/#organization"},"image":{"@id":"https:\/\/pozirk.online\/en\/news\/108876\/#primaryimage"},"thumbnailUrl":"https:\/\/pozirk.online\/wp-content\/uploads\/2024\/01\/pozirk_color_blank_1128x752.jpg","inLanguage":"en-US"},{"@type":"WebPage","@id":"https:\/\/pozirk.online\/en\/news\/108876\/","url":"https:\/\/pozirk.online\/en\/news\/108876\/","name":"Reprisals: arrests and trials of 2020 protesters continue | Pozirk","isPartOf":{"@id":"https:\/\/pozirk.online\/en\/#website"},"primaryImageOfPage":{"@id":"https:\/\/pozirk.online\/en\/news\/108876\/#primaryimage"},"image":{"@id":"https:\/\/pozirk.online\/en\/news\/108876\/#primaryimage"},"thumbnailUrl":"https:\/\/pozirk.online\/wp-content\/uploads\/2024\/01\/pozirk_color_blank_1128x752.jpg","datePublished":"2024-10-11T10:27:57+00:00","dateModified":"2026-03-10T12:05:06+00:00","description":"October 11, Pozirk. A Brest judge sentenced Siarhiej Ni\u010dyparuk, Alaksandar Klima\u0161evi\u010d and Ja\u016dhien By\u010dko to prison terms on charges of violent disorder in","breadcrumb":{"@id":"https:\/\/pozirk.online\/en\/news\/108876\/#breadcrumb"},"inLanguage":"en-US","potentialAction":[{"@type":"ReadAction","target":["https:\/\/pozirk.online\/en\/news\/108876\/"]}]},{"@type":"ImageObject","inLanguage":"en-US","@id":"https:\/\/pozirk.online\/en\/news\/108876\/#primaryimage","url":"https:\/\/pozirk.online\/wp-content\/uploads\/2024\/01\/pozirk_color_blank_1128x752.jpg","contentUrl":"https:\/\/pozirk.online\/wp-content\/uploads\/2024\/01\/pozirk_color_blank_1128x752.jpg","width":1128,"height":752},{"@type":"BreadcrumbList","@id":"https:\/\/pozirk.online\/en\/news\/108876\/#breadcrumb","itemListElement":[{"@type":"ListItem","position":1,"name":"Home","item":"https:\/\/pozirk.online\/en\/"},{"@type":"ListItem","position":2,"name":"Reprisals: arrests and trials of 2020 protesters continue"}]},{"@type":"WebSite","@id":"https:\/\/pozirk.online\/en\/#website","url":"https:\/\/pozirk.online\/en\/","name":"Pozirk","description":"","publisher":{"@id":"https:\/\/pozirk.online\/en\/#organization"},"potentialAction":[{"@type":"SearchAction","target":{"@type":"EntryPoint","urlTemplate":"https:\/\/pozirk.online\/en\/?s={search_term_string}"},"query-input":{"@type":"PropertyValueSpecification","valueRequired":true,"valueName":"search_term_string"}}],"inLanguage":"en-US"},{"@type":"Organization","@id":"https:\/\/pozirk.online\/en\/#organization","name":"Pozirk","url":"https:\/\/pozirk.online\/en\/","logo":{"@type":"ImageObject","inLanguage":"en-US","@id":"https:\/\/pozirk.online\/en\/#\/schema\/logo\/image\/","url":"https:\/\/pozirk.online\/wp-content\/uploads\/2023\/11\/cropped-Logo_color_512.png","contentUrl":"https:\/\/pozirk.online\/wp-content\/uploads\/2023\/11\/cropped-Logo_color_512.png","width":512,"height":512,"caption":"Pozirk"},"image":{"@id":"https:\/\/pozirk.online\/en\/#\/schema\/logo\/image\/"},"sameAs":["https:\/\/www.facebook.com\/pozirkonline\/","https:\/\/x.com\/Pozirk_online"]}]}},"_links":{"self":[{"href":"https:\/\/pozirk.online\/en\/wp-json\/wp\/v2\/articles\/108876","targetHints":{"allow":["GET"]}}],"collection":[{"href":"https:\/\/pozirk.online\/en\/wp-json\/wp\/v2\/articles"}],"about":[{"href":"https:\/\/pozirk.online\/en\/wp-json\/wp\/v2\/types\/articles"}],"author":[{"embeddable":true,"href":"https:\/\/pozirk.online\/en\/wp-json\/wp\/v2\/users\/84"}],"wp:featuredmedia":[{"embeddable":true,"href":"https:\/\/pozirk.online\/en\/wp-json\/wp\/v2\/media\/63993"}],"wp:attachment":[{"href":"https:\/\/pozirk.online\/en\/wp-json\/wp\/v2\/media?parent=108876"}],"wp:term":[{"taxonomy":"rubric","embeddable":true,"href":"https:\/\/pozirk.online\/en\/wp-json\/wp\/v2\/rubric?post=108876"}],"curies":[{"name":"wp","href":"https:\/\/api.w.org\/{rel}","templated":true}]}}