{"id":108880,"date":"2024-10-11T13:46:18","date_gmt":"2024-10-11T10:46:18","guid":{"rendered":"https:\/\/pozirk.online\/en\/news\/108880\/"},"modified":"2026-03-10T12:05:06","modified_gmt":"2026-03-10T12:05:06","slug":"rights-groups-label-five-as-political-prisoners","status":"publish","type":"articles","link":"https:\/\/pozirk.online\/en\/news\/108880\/","title":{"rendered":"Rights groups label five as political prisoners"},"content":{"rendered":"\n<figure class=\"block-image block-image-normal\">\n\n  <img decoding=\"async\" width=\"744\" height=\"496\" src=\"https:\/\/pozirk.online\/wp-content\/uploads\/2023\/12\/prison_unsplash_744x496.jpg\" class=\"attachment-full size-full\" alt=\"\" srcset=\"https:\/\/pozirk.online\/wp-content\/uploads\/2023\/12\/prison_unsplash_744x496.jpg 744w, https:\/\/pozirk.online\/wp-content\/uploads\/2023\/12\/prison_unsplash_744x496-300x200.jpg 300w\" sizes=\"(max-width: 744px) 100vw, 744px\" \/>\n  <figcaption>\n  \n       <div class=\"block-image__author\">\n                <span>(unsplash.com)<\/span>\n    <\/div>\n     <\/figcaption>\n<\/figure>\n\n\n\n<p><strong>October 11, <em>Pozirk<\/em>. <\/strong>Human rights defenders have designated five people as political prisoners, bringing the total to 1,291, the Viasna Human Rights Center reports.<\/p>\n\n\n\n<p>One of them is A\u0142a Dziesiacik, serving a three-year prison term on charges of violent disorder, insulting and defaming Alaksandar \u0141uka\u0161enka and officials, abusing state symbols and facilitating extremism for alleged association with opposition groups.<\/p>\n\n\n\n<p>Siarhiej Jun\u010dyc, Alena Lasnie\u016dskaja, Ta\u0107ciana Vasiljeva and U\u0142adzimir Lazarevi\u010d face extremism-related charges over their links to opposition initiatives. Lasnie\u016dskaja is also accused of participating in 2020 postelection protests, and Lazarevi\u010d, of terrorism financing in connection with donations to solidarity groups.<\/p>\n\n\n\n<p>Human rights activists demanded freedom for these and all other political prisoners and an end to reprisals.<\/p>\n\n\n\n<p>The statement was signed by Viasna, Pravavaja Inicyjatyva, Lawtrend and the Belarusian Association of Journalists.<\/p>\n\n\n\n<div class=\"insert-block\">\n\n    <div class=\"insert-block__img\">\n        <img decoding=\"async\" width=\"354\" height=\"236\" src=\"https:\/\/pozirk.online\/wp-content\/uploads\/2024\/01\/pozirk_color_blank_1128x752-354x236.jpg\" class=\"attachment-medium size-medium\" alt=\"\" srcset=\"https:\/\/pozirk.online\/wp-content\/uploads\/2024\/01\/pozirk_color_blank_1128x752-354x236.jpg 354w, https:\/\/pozirk.online\/wp-content\/uploads\/2024\/01\/pozirk_color_blank_1128x752-734x490.jpg 734w, https:\/\/pozirk.online\/wp-content\/uploads\/2024\/01\/pozirk_color_blank_1128x752-178x118.jpg 178w, https:\/\/pozirk.online\/wp-content\/uploads\/2024\/01\/pozirk_color_blank_1128x752-768x512.jpg 768w, https:\/\/pozirk.online\/wp-content\/uploads\/2024\/01\/pozirk_color_blank_1128x752.jpg 1128w\" sizes=\"(max-width: 354px) 100vw, 354px\" \/>                        <label class=\"insert-block__tag--mobile\"> \u041f\u043e\u043b\u0438\u0442\u0438\u043a\u0430<\/label>\n\n                <\/div>\n    <div class=\"insert-block__text\">\n                    <label class=\"insert-block__tag\">\u041f\u043e\u043b\u0438\u0442\u0438\u043a\u0430<\/label>\n                <h3 class=\"insert-block__title\">Reprisals: arrests and trials of 2020 protesters continue<\/h3>\n        <div class=\"insert-block__descr\">October 11, Pozirk. A Brest judge sentenced Siarhiej Ni\u010dyparuk, Alaksandar Klima\u0161evi\u010d and Ja\u016dhien By\u010dko to prison terms on charges of violent disorder in connection with 2020 protests, the Viasna Human Rights Center said. Police also arrested at least five people, &#8230;<\/div>\n        <a class=\"insert-block__btn-block\" href=\"\/en\/news\/108876\">\n            <button class=\"btn\">\n                <div class='btn__text'>Read the article<\/div>\n            <\/button>\n        <\/a>\n    <\/div>\n<\/div>","protected":false},"excerpt":{"rendered":"<p>October 11, Pozirk. Human rights defenders have designated five people as political prisoners, bringing the total to 1,291, the Viasna Human Rights Center reports. One of them is A\u0142a Dziesiacik, serving a three-year prison term on charges of violent disorder, insulting and defaming Alaksandar \u0141uka\u0161enka and officials, abusing state symbols and facilitating extremism for alleged [&hellip;]<\/p>\n","protected":false},"author":84,"featured_media":58264,"template":"","rubric":[14],"class_list":["post-108880","articles","type-articles","status-publish","has-post-thumbnail","hentry","rubric-politics"],"acf":[],"yoast_head":"<!-- This site is optimized with the Yoast SEO plugin v25.5 - https:\/\/yoast.com\/wordpress\/plugins\/seo\/ -->\n<title>Rights groups label five as political prisoners | Pozirk<\/title>\n<meta name=\"description\" content=\"October 11, Pozirk. Human rights defenders have designated five people as political prisoners, bringing the total to 1,291, the Viasna Human Rights Center\" \/>\n<meta name=\"robots\" content=\"index, follow, max-snippet:-1, max-image-preview:large, max-video-preview:-1\" \/>\n<link rel=\"canonical\" href=\"https:\/\/pozirk.online\/en\/news\/108880\/\" \/>\n<meta property=\"og:locale\" content=\"en_US\" \/>\n<meta property=\"og:type\" content=\"article\" \/>\n<meta property=\"og:title\" content=\"Rights groups label five as political prisoners | Pozirk\" \/>\n<meta property=\"og:description\" content=\"October 11, Pozirk. Human rights defenders have designated five people as political prisoners, bringing the total to 1,291, the Viasna Human Rights Center\" \/>\n<meta property=\"og:url\" content=\"https:\/\/pozirk.online\/en\/news\/108880\/\" \/>\n<meta property=\"og:site_name\" content=\"Pozirk\" \/>\n<meta property=\"article:publisher\" content=\"https:\/\/www.facebook.com\/pozirkonline\/\" \/>\n<meta property=\"article:modified_time\" content=\"2026-03-10T12:05:06+00:00\" \/>\n<meta property=\"og:image\" content=\"https:\/\/pozirk.online\/wp-content\/uploads\/2023\/12\/prison_unsplash_744x496-1.jpg\" \/>\n\t<meta property=\"og:image:width\" content=\"744\" \/>\n\t<meta property=\"og:image:height\" content=\"496\" \/>\n\t<meta property=\"og:image:type\" content=\"image\/jpeg\" \/>\n<meta name=\"twitter:card\" content=\"summary_large_image\" \/>\n<meta name=\"twitter:site\" content=\"@Pozirk_online\" \/>\n<meta name=\"twitter:label1\" content=\"Est. reading time\" \/>\n\t<meta name=\"twitter:data1\" content=\"1 minute\" \/>\n<script type=\"application\/ld+json\" class=\"yoast-schema-graph\">{\"@context\":\"https:\/\/schema.org\",\"@graph\":[{\"@type\":\"NewsArticle\",\"@id\":\"https:\/\/pozirk.online\/en\/news\/108880\/#article\",\"isPartOf\":{\"@id\":\"https:\/\/pozirk.online\/en\/news\/108880\/\"},\"headline\":\"Rights groups label five as political prisoners\",\"datePublished\":\"2024-10-11T10:46:18+00:00\",\"dateModified\":\"2026-03-10T12:05:06+00:00\",\"mainEntityOfPage\":{\"@id\":\"https:\/\/pozirk.online\/en\/news\/108880\/\"},\"wordCount\":142,\"publisher\":{\"@id\":\"https:\/\/pozirk.online\/en\/#organization\"},\"image\":{\"@id\":\"https:\/\/pozirk.online\/en\/news\/108880\/#primaryimage\"},\"thumbnailUrl\":\"https:\/\/pozirk.online\/wp-content\/uploads\/2023\/12\/prison_unsplash_744x496-1.jpg\",\"inLanguage\":\"en-US\"},{\"@type\":\"WebPage\",\"@id\":\"https:\/\/pozirk.online\/en\/news\/108880\/\",\"url\":\"https:\/\/pozirk.online\/en\/news\/108880\/\",\"name\":\"Rights groups label five as political prisoners | Pozirk\",\"isPartOf\":{\"@id\":\"https:\/\/pozirk.online\/en\/#website\"},\"primaryImageOfPage\":{\"@id\":\"https:\/\/pozirk.online\/en\/news\/108880\/#primaryimage\"},\"image\":{\"@id\":\"https:\/\/pozirk.online\/en\/news\/108880\/#primaryimage\"},\"thumbnailUrl\":\"https:\/\/pozirk.online\/wp-content\/uploads\/2023\/12\/prison_unsplash_744x496-1.jpg\",\"datePublished\":\"2024-10-11T10:46:18+00:00\",\"dateModified\":\"2026-03-10T12:05:06+00:00\",\"description\":\"October 11, Pozirk. Human rights defenders have designated five people as political prisoners, bringing the total to 1,291, the Viasna Human Rights Center\",\"breadcrumb\":{\"@id\":\"https:\/\/pozirk.online\/en\/news\/108880\/#breadcrumb\"},\"inLanguage\":\"en-US\",\"potentialAction\":[{\"@type\":\"ReadAction\",\"target\":[\"https:\/\/pozirk.online\/en\/news\/108880\/\"]}]},{\"@type\":\"ImageObject\",\"inLanguage\":\"en-US\",\"@id\":\"https:\/\/pozirk.online\/en\/news\/108880\/#primaryimage\",\"url\":\"https:\/\/pozirk.online\/wp-content\/uploads\/2023\/12\/prison_unsplash_744x496-1.jpg\",\"contentUrl\":\"https:\/\/pozirk.online\/wp-content\/uploads\/2023\/12\/prison_unsplash_744x496-1.jpg\",\"width\":744,\"height\":496},{\"@type\":\"BreadcrumbList\",\"@id\":\"https:\/\/pozirk.online\/en\/news\/108880\/#breadcrumb\",\"itemListElement\":[{\"@type\":\"ListItem\",\"position\":1,\"name\":\"Home\",\"item\":\"https:\/\/pozirk.online\/en\/\"},{\"@type\":\"ListItem\",\"position\":2,\"name\":\"Rights groups label five as political prisoners\"}]},{\"@type\":\"WebSite\",\"@id\":\"https:\/\/pozirk.online\/en\/#website\",\"url\":\"https:\/\/pozirk.online\/en\/\",\"name\":\"Pozirk\",\"description\":\"\",\"publisher\":{\"@id\":\"https:\/\/pozirk.online\/en\/#organization\"},\"potentialAction\":[{\"@type\":\"SearchAction\",\"target\":{\"@type\":\"EntryPoint\",\"urlTemplate\":\"https:\/\/pozirk.online\/en\/?s={search_term_string}\"},\"query-input\":{\"@type\":\"PropertyValueSpecification\",\"valueRequired\":true,\"valueName\":\"search_term_string\"}}],\"inLanguage\":\"en-US\"},{\"@type\":\"Organization\",\"@id\":\"https:\/\/pozirk.online\/en\/#organization\",\"name\":\"Pozirk\",\"url\":\"https:\/\/pozirk.online\/en\/\",\"logo\":{\"@type\":\"ImageObject\",\"inLanguage\":\"en-US\",\"@id\":\"https:\/\/pozirk.online\/en\/#\/schema\/logo\/image\/\",\"url\":\"https:\/\/pozirk.online\/wp-content\/uploads\/2023\/11\/cropped-Logo_color_512.png\",\"contentUrl\":\"https:\/\/pozirk.online\/wp-content\/uploads\/2023\/11\/cropped-Logo_color_512.png\",\"width\":512,\"height\":512,\"caption\":\"Pozirk\"},\"image\":{\"@id\":\"https:\/\/pozirk.online\/en\/#\/schema\/logo\/image\/\"},\"sameAs\":[\"https:\/\/www.facebook.com\/pozirkonline\/\",\"https:\/\/x.com\/Pozirk_online\"]}]}<\/script>\n<!-- \/ Yoast SEO plugin. -->","yoast_head_json":{"title":"Rights groups label five as political prisoners | Pozirk","description":"October 11, Pozirk. Human rights defenders have designated five people as political prisoners, bringing the total to 1,291, the Viasna Human Rights Center","robots":{"index":"index","follow":"follow","max-snippet":"max-snippet:-1","max-image-preview":"max-image-preview:large","max-video-preview":"max-video-preview:-1"},"canonical":"https:\/\/pozirk.online\/en\/news\/108880\/","og_locale":"en_US","og_type":"article","og_title":"Rights groups label five as political prisoners | Pozirk","og_description":"October 11, Pozirk. Human rights defenders have designated five people as political prisoners, bringing the total to 1,291, the Viasna Human Rights Center","og_url":"https:\/\/pozirk.online\/en\/news\/108880\/","og_site_name":"Pozirk","article_publisher":"https:\/\/www.facebook.com\/pozirkonline\/","article_modified_time":"2026-03-10T12:05:06+00:00","og_image":[{"width":744,"height":496,"url":"https:\/\/pozirk.online\/wp-content\/uploads\/2023\/12\/prison_unsplash_744x496-1.jpg","type":"image\/jpeg"}],"twitter_card":"summary_large_image","twitter_site":"@Pozirk_online","twitter_misc":{"Est. reading time":"1 minute"},"schema":{"@context":"https:\/\/schema.org","@graph":[{"@type":"NewsArticle","@id":"https:\/\/pozirk.online\/en\/news\/108880\/#article","isPartOf":{"@id":"https:\/\/pozirk.online\/en\/news\/108880\/"},"headline":"Rights groups label five as political prisoners","datePublished":"2024-10-11T10:46:18+00:00","dateModified":"2026-03-10T12:05:06+00:00","mainEntityOfPage":{"@id":"https:\/\/pozirk.online\/en\/news\/108880\/"},"wordCount":142,"publisher":{"@id":"https:\/\/pozirk.online\/en\/#organization"},"image":{"@id":"https:\/\/pozirk.online\/en\/news\/108880\/#primaryimage"},"thumbnailUrl":"https:\/\/pozirk.online\/wp-content\/uploads\/2023\/12\/prison_unsplash_744x496-1.jpg","inLanguage":"en-US"},{"@type":"WebPage","@id":"https:\/\/pozirk.online\/en\/news\/108880\/","url":"https:\/\/pozirk.online\/en\/news\/108880\/","name":"Rights groups label five as political prisoners | Pozirk","isPartOf":{"@id":"https:\/\/pozirk.online\/en\/#website"},"primaryImageOfPage":{"@id":"https:\/\/pozirk.online\/en\/news\/108880\/#primaryimage"},"image":{"@id":"https:\/\/pozirk.online\/en\/news\/108880\/#primaryimage"},"thumbnailUrl":"https:\/\/pozirk.online\/wp-content\/uploads\/2023\/12\/prison_unsplash_744x496-1.jpg","datePublished":"2024-10-11T10:46:18+00:00","dateModified":"2026-03-10T12:05:06+00:00","description":"October 11, Pozirk. Human rights defenders have designated five people as political prisoners, bringing the total to 1,291, the Viasna Human Rights Center","breadcrumb":{"@id":"https:\/\/pozirk.online\/en\/news\/108880\/#breadcrumb"},"inLanguage":"en-US","potentialAction":[{"@type":"ReadAction","target":["https:\/\/pozirk.online\/en\/news\/108880\/"]}]},{"@type":"ImageObject","inLanguage":"en-US","@id":"https:\/\/pozirk.online\/en\/news\/108880\/#primaryimage","url":"https:\/\/pozirk.online\/wp-content\/uploads\/2023\/12\/prison_unsplash_744x496-1.jpg","contentUrl":"https:\/\/pozirk.online\/wp-content\/uploads\/2023\/12\/prison_unsplash_744x496-1.jpg","width":744,"height":496},{"@type":"BreadcrumbList","@id":"https:\/\/pozirk.online\/en\/news\/108880\/#breadcrumb","itemListElement":[{"@type":"ListItem","position":1,"name":"Home","item":"https:\/\/pozirk.online\/en\/"},{"@type":"ListItem","position":2,"name":"Rights groups label five as political prisoners"}]},{"@type":"WebSite","@id":"https:\/\/pozirk.online\/en\/#website","url":"https:\/\/pozirk.online\/en\/","name":"Pozirk","description":"","publisher":{"@id":"https:\/\/pozirk.online\/en\/#organization"},"potentialAction":[{"@type":"SearchAction","target":{"@type":"EntryPoint","urlTemplate":"https:\/\/pozirk.online\/en\/?s={search_term_string}"},"query-input":{"@type":"PropertyValueSpecification","valueRequired":true,"valueName":"search_term_string"}}],"inLanguage":"en-US"},{"@type":"Organization","@id":"https:\/\/pozirk.online\/en\/#organization","name":"Pozirk","url":"https:\/\/pozirk.online\/en\/","logo":{"@type":"ImageObject","inLanguage":"en-US","@id":"https:\/\/pozirk.online\/en\/#\/schema\/logo\/image\/","url":"https:\/\/pozirk.online\/wp-content\/uploads\/2023\/11\/cropped-Logo_color_512.png","contentUrl":"https:\/\/pozirk.online\/wp-content\/uploads\/2023\/11\/cropped-Logo_color_512.png","width":512,"height":512,"caption":"Pozirk"},"image":{"@id":"https:\/\/pozirk.online\/en\/#\/schema\/logo\/image\/"},"sameAs":["https:\/\/www.facebook.com\/pozirkonline\/","https:\/\/x.com\/Pozirk_online"]}]}},"_links":{"self":[{"href":"https:\/\/pozirk.online\/en\/wp-json\/wp\/v2\/articles\/108880","targetHints":{"allow":["GET"]}}],"collection":[{"href":"https:\/\/pozirk.online\/en\/wp-json\/wp\/v2\/articles"}],"about":[{"href":"https:\/\/pozirk.online\/en\/wp-json\/wp\/v2\/types\/articles"}],"author":[{"embeddable":true,"href":"https:\/\/pozirk.online\/en\/wp-json\/wp\/v2\/users\/84"}],"wp:featuredmedia":[{"embeddable":true,"href":"https:\/\/pozirk.online\/en\/wp-json\/wp\/v2\/media\/58264"}],"wp:attachment":[{"href":"https:\/\/pozirk.online\/en\/wp-json\/wp\/v2\/media?parent=108880"}],"wp:term":[{"taxonomy":"rubric","embeddable":true,"href":"https:\/\/pozirk.online\/en\/wp-json\/wp\/v2\/rubric?post=108880"}],"curies":[{"name":"wp","href":"https:\/\/api.w.org\/{rel}","templated":true}]}}