{"id":109320,"date":"2024-10-14T16:49:32","date_gmt":"2024-10-14T13:49:32","guid":{"rendered":"https:\/\/pozirk.online\/en\/news\/109320\/"},"modified":"2026-02-24T20:40:57","modified_gmt":"2026-02-24T20:40:57","slug":"european-diplomats-come-to-courthouse-where-jailed-activist-stands-new-trial","status":"publish","type":"articles","link":"https:\/\/pozirk.online\/en\/news\/109320\/","title":{"rendered":"European diplomats travel to Re\u010dyca to support jailed activist"},"content":{"rendered":"\n<figure class=\"block-image block-image-normal\">\n\n  <img decoding=\"async\" width=\"1200\" height=\"800\" src=\"https:\/\/pozirk.online\/wp-content\/uploads\/2024\/10\/evro_diplomaty_posolstvo_garmanii_fb.jpg\" class=\"attachment-full size-full\" alt=\"\" srcset=\"https:\/\/pozirk.online\/wp-content\/uploads\/2024\/10\/evro_diplomaty_posolstvo_garmanii_fb.jpg 1200w, https:\/\/pozirk.online\/wp-content\/uploads\/2024\/10\/evro_diplomaty_posolstvo_garmanii_fb-354x236.jpg 354w, https:\/\/pozirk.online\/wp-content\/uploads\/2024\/10\/evro_diplomaty_posolstvo_garmanii_fb-734x490.jpg 734w, https:\/\/pozirk.online\/wp-content\/uploads\/2024\/10\/evro_diplomaty_posolstvo_garmanii_fb-178x118.jpg 178w, https:\/\/pozirk.online\/wp-content\/uploads\/2024\/10\/evro_diplomaty_posolstvo_garmanii_fb-768x512.jpg 768w\" sizes=\"(max-width: 1200px) 100vw, 1200px\" \/>\n  <figcaption>\n  \n       <div class=\"block-image__author\">\n        Facebook        <span>(German embassy in Belarus)<\/span>\n    <\/div>\n     <\/figcaption>\n<\/figure>\n\n\n\n<p><strong>October 14, <em>Pozirk.<\/em><\/strong> European diplomats gathered outside the Re\u010dyca District Court building in the Homiel region to show solidarity with Palina \u0160arenda-Panasiuk.<\/p>\n\n\n\n<p>\u0160arenda-Panasiuk&#8217;s detention is unfair and the charges brought against her are unjust and politically motivated, the German embassy said on Facebook.<\/p>\n\n\n\n<p>The fact that the mother of two minor children has to stand trial on the Mother\u2019s Day, observed in the country on October 14, demonstrates the ruthlessness of the Belarusian regime toward dissidents, it said.<\/p>\n\n\n\n<p>The German Federal Government demands freedom for all political prisoners in Belarus, it added.<\/p>\n\n\n\n<p>Judge Stanis\u0142a\u016d Ivaniucienka opened the trial in Re\u010dyca earlier today.<\/p>\n\n\n\n<p>Three years ago, the activist was given two years in prison after a judge found her guilty of violence against a police officer and insulting officials. She subsequently received two additional one-year terms for allegedly disobeying the prison administration.<\/p>\n\n\n\n<p>This spring, the UN Committee on the Elimination of Discrimination Against Women called on Belarus to urgently protect \u0160arenda-Panasiuk.<\/p>\n\n\n\n<p>\u0160arenda-Panasiuk remains in a poor physical and mental state as she keeps facing pressure and \u201ctorture-like\u201d detention conditions, her husband Andrej \u0160arenda said recently.<\/p>\n\n\n\n<div class=\"insert-block\">\n\n    <div class=\"insert-block__img\">\n        <img decoding=\"async\" width=\"354\" height=\"236\" src=\"https:\/\/pozirk.online\/wp-content\/uploads\/2024\/04\/sharenda-panasiuk-beldom-pozirk-1128-354x236.jpg\" class=\"attachment-medium size-medium\" alt=\"\" srcset=\"https:\/\/pozirk.online\/wp-content\/uploads\/2024\/04\/sharenda-panasiuk-beldom-pozirk-1128-354x236.jpg 354w, https:\/\/pozirk.online\/wp-content\/uploads\/2024\/04\/sharenda-panasiuk-beldom-pozirk-1128-734x490.jpg 734w, https:\/\/pozirk.online\/wp-content\/uploads\/2024\/04\/sharenda-panasiuk-beldom-pozirk-1128-178x118.jpg 178w, https:\/\/pozirk.online\/wp-content\/uploads\/2024\/04\/sharenda-panasiuk-beldom-pozirk-1128-768x513.jpg 768w, https:\/\/pozirk.online\/wp-content\/uploads\/2024\/04\/sharenda-panasiuk-beldom-pozirk-1128.jpg 1128w\" sizes=\"(max-width: 354px) 100vw, 354px\" \/>                        <label class=\"insert-block__tag--mobile\"> Politics<\/label>\n\n                <\/div>\n    <div class=\"insert-block__text\">\n                    <label class=\"insert-block__tag\">Politics<\/label>\n                <h3 class=\"insert-block__title\">Palina \u0160arenda-Panasiuk sent to Homiel pending another trial<\/h3>\n        <div class=\"insert-block__descr\">September 11, Pozirk. Opposition activist Palina \u0160arenda-Panasiuk has been placed in the punishment cell for 10 days at Homiel&#039;s pre-trial detention center following her transfer from a detention facility in Re\u010dyca, Homiel region, her exiled husband Andrej \u0160arenda told rights &#8230;<\/div>\n        <a class=\"insert-block__btn-block\" href=\"\/en\/news\/104465\">\n            <button class=\"btn\">\n                <div class='btn__text'>Read the article<\/div>\n            <\/button>\n        <\/a>\n    <\/div>\n<\/div>","protected":false},"excerpt":{"rendered":"<p>October 14, Pozirk. European diplomats gathered outside the Re\u010dyca District Court building in the Homiel region to show solidarity with Palina \u0160arenda-Panasiuk. \u0160arenda-Panasiuk&#8217;s detention is unfair and the charges brought against her are unjust and politically motivated, the German embassy said on Facebook. The fact that the mother of two minor children has to stand [&hellip;]<\/p>\n","protected":false},"author":75,"featured_media":109313,"template":"","rubric":[29,16],"class_list":["post-109320","articles","type-articles","status-publish","has-post-thumbnail","hentry","rubric-germanynews","rubric-politics"],"acf":[],"yoast_head":"<!-- This site is optimized with the Yoast SEO plugin v25.5 - https:\/\/yoast.com\/wordpress\/plugins\/seo\/ -->\n<title>European diplomats travel to Re\u010dyca to support jailed activist | Pozirk<\/title>\n<meta name=\"description\" content=\"October 14, Pozirk. European diplomats gathered outside the Re\u010dyca District Court building in the Homiel region to show solidarity with Palina\" \/>\n<meta name=\"robots\" content=\"index, follow, max-snippet:-1, max-image-preview:large, max-video-preview:-1\" \/>\n<link rel=\"canonical\" href=\"https:\/\/pozirk.online\/en\/news\/109320\/\" \/>\n<meta property=\"og:locale\" content=\"en_US\" \/>\n<meta property=\"og:type\" content=\"article\" \/>\n<meta property=\"og:title\" content=\"European diplomats travel to Re\u010dyca to support jailed activist | Pozirk\" \/>\n<meta property=\"og:description\" content=\"October 14, Pozirk. European diplomats gathered outside the Re\u010dyca District Court building in the Homiel region to show solidarity with Palina\" \/>\n<meta property=\"og:url\" content=\"https:\/\/pozirk.online\/en\/news\/109320\/\" \/>\n<meta property=\"og:site_name\" content=\"Pozirk\" \/>\n<meta property=\"article:publisher\" content=\"https:\/\/www.facebook.com\/pozirkonline\/\" \/>\n<meta property=\"article:modified_time\" content=\"2026-02-24T20:40:57+00:00\" \/>\n<meta property=\"og:image\" content=\"https:\/\/pozirk.online\/wp-content\/uploads\/2024\/10\/evro_diplomaty_posolstvo_garmanii_fb.jpg\" \/>\n\t<meta property=\"og:image:width\" content=\"1200\" \/>\n\t<meta property=\"og:image:height\" content=\"800\" \/>\n\t<meta property=\"og:image:type\" content=\"image\/jpeg\" \/>\n<meta name=\"twitter:card\" content=\"summary_large_image\" \/>\n<meta name=\"twitter:site\" content=\"@Pozirk_online\" \/>\n<meta name=\"twitter:label1\" content=\"Est. reading time\" \/>\n\t<meta name=\"twitter:data1\" content=\"2 minutes\" \/>\n<script type=\"application\/ld+json\" class=\"yoast-schema-graph\">{\"@context\":\"https:\/\/schema.org\",\"@graph\":[{\"@type\":\"NewsArticle\",\"@id\":\"https:\/\/pozirk.online\/en\/news\/109320\/#article\",\"isPartOf\":{\"@id\":\"https:\/\/pozirk.online\/en\/news\/109320\/\"},\"headline\":\"European diplomats travel to Re\u010dyca to support jailed activist\",\"datePublished\":\"2024-10-14T13:49:32+00:00\",\"dateModified\":\"2026-02-24T20:40:57+00:00\",\"mainEntityOfPage\":{\"@id\":\"https:\/\/pozirk.online\/en\/news\/109320\/\"},\"wordCount\":197,\"publisher\":{\"@id\":\"https:\/\/pozirk.online\/en\/#organization\"},\"image\":{\"@id\":\"https:\/\/pozirk.online\/en\/news\/109320\/#primaryimage\"},\"thumbnailUrl\":\"https:\/\/pozirk.online\/wp-content\/uploads\/2024\/10\/evro_diplomaty_posolstvo_garmanii_fb.jpg\",\"inLanguage\":\"en-US\"},{\"@type\":\"WebPage\",\"@id\":\"https:\/\/pozirk.online\/en\/news\/109320\/\",\"url\":\"https:\/\/pozirk.online\/en\/news\/109320\/\",\"name\":\"European diplomats travel to Re\u010dyca to support jailed activist | Pozirk\",\"isPartOf\":{\"@id\":\"https:\/\/pozirk.online\/en\/#website\"},\"primaryImageOfPage\":{\"@id\":\"https:\/\/pozirk.online\/en\/news\/109320\/#primaryimage\"},\"image\":{\"@id\":\"https:\/\/pozirk.online\/en\/news\/109320\/#primaryimage\"},\"thumbnailUrl\":\"https:\/\/pozirk.online\/wp-content\/uploads\/2024\/10\/evro_diplomaty_posolstvo_garmanii_fb.jpg\",\"datePublished\":\"2024-10-14T13:49:32+00:00\",\"dateModified\":\"2026-02-24T20:40:57+00:00\",\"description\":\"October 14, Pozirk. European diplomats gathered outside the Re\u010dyca District Court building in the Homiel region to show solidarity with Palina\",\"breadcrumb\":{\"@id\":\"https:\/\/pozirk.online\/en\/news\/109320\/#breadcrumb\"},\"inLanguage\":\"en-US\",\"potentialAction\":[{\"@type\":\"ReadAction\",\"target\":[\"https:\/\/pozirk.online\/en\/news\/109320\/\"]}]},{\"@type\":\"ImageObject\",\"inLanguage\":\"en-US\",\"@id\":\"https:\/\/pozirk.online\/en\/news\/109320\/#primaryimage\",\"url\":\"https:\/\/pozirk.online\/wp-content\/uploads\/2024\/10\/evro_diplomaty_posolstvo_garmanii_fb.jpg\",\"contentUrl\":\"https:\/\/pozirk.online\/wp-content\/uploads\/2024\/10\/evro_diplomaty_posolstvo_garmanii_fb.jpg\",\"width\":1200,\"height\":800},{\"@type\":\"BreadcrumbList\",\"@id\":\"https:\/\/pozirk.online\/en\/news\/109320\/#breadcrumb\",\"itemListElement\":[{\"@type\":\"ListItem\",\"position\":1,\"name\":\"Home\",\"item\":\"https:\/\/pozirk.online\/en\/\"},{\"@type\":\"ListItem\",\"position\":2,\"name\":\"European diplomats travel to Re\u010dyca to support jailed activist\"}]},{\"@type\":\"WebSite\",\"@id\":\"https:\/\/pozirk.online\/en\/#website\",\"url\":\"https:\/\/pozirk.online\/en\/\",\"name\":\"Pozirk\",\"description\":\"\",\"publisher\":{\"@id\":\"https:\/\/pozirk.online\/en\/#organization\"},\"potentialAction\":[{\"@type\":\"SearchAction\",\"target\":{\"@type\":\"EntryPoint\",\"urlTemplate\":\"https:\/\/pozirk.online\/en\/?s={search_term_string}\"},\"query-input\":{\"@type\":\"PropertyValueSpecification\",\"valueRequired\":true,\"valueName\":\"search_term_string\"}}],\"inLanguage\":\"en-US\"},{\"@type\":\"Organization\",\"@id\":\"https:\/\/pozirk.online\/en\/#organization\",\"name\":\"Pozirk\",\"url\":\"https:\/\/pozirk.online\/en\/\",\"logo\":{\"@type\":\"ImageObject\",\"inLanguage\":\"en-US\",\"@id\":\"https:\/\/pozirk.online\/en\/#\/schema\/logo\/image\/\",\"url\":\"https:\/\/pozirk.online\/wp-content\/uploads\/2023\/11\/cropped-Logo_color_512.png\",\"contentUrl\":\"https:\/\/pozirk.online\/wp-content\/uploads\/2023\/11\/cropped-Logo_color_512.png\",\"width\":512,\"height\":512,\"caption\":\"Pozirk\"},\"image\":{\"@id\":\"https:\/\/pozirk.online\/en\/#\/schema\/logo\/image\/\"},\"sameAs\":[\"https:\/\/www.facebook.com\/pozirkonline\/\",\"https:\/\/x.com\/Pozirk_online\"]}]}<\/script>\n<!-- \/ Yoast SEO plugin. -->","yoast_head_json":{"title":"European diplomats travel to Re\u010dyca to support jailed activist | Pozirk","description":"October 14, Pozirk. European diplomats gathered outside the Re\u010dyca District Court building in the Homiel region to show solidarity with Palina","robots":{"index":"index","follow":"follow","max-snippet":"max-snippet:-1","max-image-preview":"max-image-preview:large","max-video-preview":"max-video-preview:-1"},"canonical":"https:\/\/pozirk.online\/en\/news\/109320\/","og_locale":"en_US","og_type":"article","og_title":"European diplomats travel to Re\u010dyca to support jailed activist | Pozirk","og_description":"October 14, Pozirk. European diplomats gathered outside the Re\u010dyca District Court building in the Homiel region to show solidarity with Palina","og_url":"https:\/\/pozirk.online\/en\/news\/109320\/","og_site_name":"Pozirk","article_publisher":"https:\/\/www.facebook.com\/pozirkonline\/","article_modified_time":"2026-02-24T20:40:57+00:00","og_image":[{"width":1200,"height":800,"url":"https:\/\/pozirk.online\/wp-content\/uploads\/2024\/10\/evro_diplomaty_posolstvo_garmanii_fb.jpg","type":"image\/jpeg"}],"twitter_card":"summary_large_image","twitter_site":"@Pozirk_online","twitter_misc":{"Est. reading time":"2 minutes"},"schema":{"@context":"https:\/\/schema.org","@graph":[{"@type":"NewsArticle","@id":"https:\/\/pozirk.online\/en\/news\/109320\/#article","isPartOf":{"@id":"https:\/\/pozirk.online\/en\/news\/109320\/"},"headline":"European diplomats travel to Re\u010dyca to support jailed activist","datePublished":"2024-10-14T13:49:32+00:00","dateModified":"2026-02-24T20:40:57+00:00","mainEntityOfPage":{"@id":"https:\/\/pozirk.online\/en\/news\/109320\/"},"wordCount":197,"publisher":{"@id":"https:\/\/pozirk.online\/en\/#organization"},"image":{"@id":"https:\/\/pozirk.online\/en\/news\/109320\/#primaryimage"},"thumbnailUrl":"https:\/\/pozirk.online\/wp-content\/uploads\/2024\/10\/evro_diplomaty_posolstvo_garmanii_fb.jpg","inLanguage":"en-US"},{"@type":"WebPage","@id":"https:\/\/pozirk.online\/en\/news\/109320\/","url":"https:\/\/pozirk.online\/en\/news\/109320\/","name":"European diplomats travel to Re\u010dyca to support jailed activist | Pozirk","isPartOf":{"@id":"https:\/\/pozirk.online\/en\/#website"},"primaryImageOfPage":{"@id":"https:\/\/pozirk.online\/en\/news\/109320\/#primaryimage"},"image":{"@id":"https:\/\/pozirk.online\/en\/news\/109320\/#primaryimage"},"thumbnailUrl":"https:\/\/pozirk.online\/wp-content\/uploads\/2024\/10\/evro_diplomaty_posolstvo_garmanii_fb.jpg","datePublished":"2024-10-14T13:49:32+00:00","dateModified":"2026-02-24T20:40:57+00:00","description":"October 14, Pozirk. European diplomats gathered outside the Re\u010dyca District Court building in the Homiel region to show solidarity with Palina","breadcrumb":{"@id":"https:\/\/pozirk.online\/en\/news\/109320\/#breadcrumb"},"inLanguage":"en-US","potentialAction":[{"@type":"ReadAction","target":["https:\/\/pozirk.online\/en\/news\/109320\/"]}]},{"@type":"ImageObject","inLanguage":"en-US","@id":"https:\/\/pozirk.online\/en\/news\/109320\/#primaryimage","url":"https:\/\/pozirk.online\/wp-content\/uploads\/2024\/10\/evro_diplomaty_posolstvo_garmanii_fb.jpg","contentUrl":"https:\/\/pozirk.online\/wp-content\/uploads\/2024\/10\/evro_diplomaty_posolstvo_garmanii_fb.jpg","width":1200,"height":800},{"@type":"BreadcrumbList","@id":"https:\/\/pozirk.online\/en\/news\/109320\/#breadcrumb","itemListElement":[{"@type":"ListItem","position":1,"name":"Home","item":"https:\/\/pozirk.online\/en\/"},{"@type":"ListItem","position":2,"name":"European diplomats travel to Re\u010dyca to support jailed activist"}]},{"@type":"WebSite","@id":"https:\/\/pozirk.online\/en\/#website","url":"https:\/\/pozirk.online\/en\/","name":"Pozirk","description":"","publisher":{"@id":"https:\/\/pozirk.online\/en\/#organization"},"potentialAction":[{"@type":"SearchAction","target":{"@type":"EntryPoint","urlTemplate":"https:\/\/pozirk.online\/en\/?s={search_term_string}"},"query-input":{"@type":"PropertyValueSpecification","valueRequired":true,"valueName":"search_term_string"}}],"inLanguage":"en-US"},{"@type":"Organization","@id":"https:\/\/pozirk.online\/en\/#organization","name":"Pozirk","url":"https:\/\/pozirk.online\/en\/","logo":{"@type":"ImageObject","inLanguage":"en-US","@id":"https:\/\/pozirk.online\/en\/#\/schema\/logo\/image\/","url":"https:\/\/pozirk.online\/wp-content\/uploads\/2023\/11\/cropped-Logo_color_512.png","contentUrl":"https:\/\/pozirk.online\/wp-content\/uploads\/2023\/11\/cropped-Logo_color_512.png","width":512,"height":512,"caption":"Pozirk"},"image":{"@id":"https:\/\/pozirk.online\/en\/#\/schema\/logo\/image\/"},"sameAs":["https:\/\/www.facebook.com\/pozirkonline\/","https:\/\/x.com\/Pozirk_online"]}]}},"_links":{"self":[{"href":"https:\/\/pozirk.online\/en\/wp-json\/wp\/v2\/articles\/109320","targetHints":{"allow":["GET"]}}],"collection":[{"href":"https:\/\/pozirk.online\/en\/wp-json\/wp\/v2\/articles"}],"about":[{"href":"https:\/\/pozirk.online\/en\/wp-json\/wp\/v2\/types\/articles"}],"author":[{"embeddable":true,"href":"https:\/\/pozirk.online\/en\/wp-json\/wp\/v2\/users\/75"}],"wp:featuredmedia":[{"embeddable":true,"href":"https:\/\/pozirk.online\/en\/wp-json\/wp\/v2\/media\/109313"}],"wp:attachment":[{"href":"https:\/\/pozirk.online\/en\/wp-json\/wp\/v2\/media?parent=109320"}],"wp:term":[{"taxonomy":"rubric","embeddable":true,"href":"https:\/\/pozirk.online\/en\/wp-json\/wp\/v2\/rubric?post=109320"}],"curies":[{"name":"wp","href":"https:\/\/api.w.org\/{rel}","templated":true}]}}