{"id":109551,"date":"2024-10-15T18:47:23","date_gmt":"2024-10-15T15:47:23","guid":{"rendered":"https:\/\/pozirk.online\/en\/news\/109551\/"},"modified":"2026-03-09T20:10:49","modified_gmt":"2026-03-09T20:10:49","slug":"pro-democracy-activist-sarenda-panasiuk-sentenced-to-one-more-year-in-prison","status":"publish","type":"articles","link":"https:\/\/pozirk.online\/en\/news\/109551\/","title":{"rendered":"Pro-democracy activist \u0160arenda-Panasiuk sentenced to one more year in prison"},"content":{"rendered":"\n<figure class=\"block-image block-image-normal\">\n\n  <img decoding=\"async\" width=\"1128\" height=\"753\" src=\"https:\/\/pozirk.online\/wp-content\/uploads\/2024\/04\/sharenda-panasiuk-beldom-pozirk-1128.jpg\" class=\"attachment-full size-full\" alt=\"\" srcset=\"https:\/\/pozirk.online\/wp-content\/uploads\/2024\/04\/sharenda-panasiuk-beldom-pozirk-1128.jpg 1128w, https:\/\/pozirk.online\/wp-content\/uploads\/2024\/04\/sharenda-panasiuk-beldom-pozirk-1128-354x236.jpg 354w, https:\/\/pozirk.online\/wp-content\/uploads\/2024\/04\/sharenda-panasiuk-beldom-pozirk-1128-734x490.jpg 734w, https:\/\/pozirk.online\/wp-content\/uploads\/2024\/04\/sharenda-panasiuk-beldom-pozirk-1128-178x118.jpg 178w, https:\/\/pozirk.online\/wp-content\/uploads\/2024\/04\/sharenda-panasiuk-beldom-pozirk-1128-768x513.jpg 768w\" sizes=\"(max-width: 1128px) 100vw, 1128px\" \/>\n  <figcaption>\n  \n       <div class=\"block-image__author\">\n                <span>(Pozirk)<\/span>\n    <\/div>\n     <\/figcaption>\n<\/figure>\n\n\n\n<p><strong>October 15, <em>Pozirk<\/em>.<\/strong> The Re\u010dyca District Court in the Homiel region has sentenced Palina \u0160arenda-Panasiuk to a year and a day behind bars, finding her guilty of malicious disobedience to prison authorities, her husband said on Facebook.<\/p>\n\n\n\n<p>This is the third time the jailed activist has been found guilty of disobedience.<\/p>\n\n\n\n<p>&#8220;There was only one day left from the last sentence . . . But this sounds like a death warrant, because Palina physically won&#8217;t be able to survive the fourth circle of hell,&#8221; he said.<\/p>\n\n\n\n<p>The sentence was handed down by Judge Stanis\u0142a\u016d Ivaniucienka sanctioned by the European Union. Last year, he also added one year to the prisoner&#8217;s sentence.<\/p>\n\n\n\n<p>Three years ago, the activist was given two years in prison after a judge found her guilty of violence against a police officer and insulting officials. She subsequently received three additional one-year terms for allegedly disobeying prison administration. Her added sentences are already longer than the original one.<\/p>\n\n\n\n<p>European diplomats traveled to Re\u010dyca yesterday to support the imprisoned activist.<\/p>\n\n\n\n<p>\u0160arenda-Panasiuk\u2019s detention is unfair and the charges brought against her are unjust and politically motivated, the German embassy said on Facebook.<\/p>\n\n\n\n<p>The fact that the mother of two minor children has to stand trial on the Mother\u2019s Day, observed in the country on October 14, demonstrates the ruthlessness of the Belarusian regime toward dissidents, it said.<\/p>\n\n\n\n<p>The German Federal Government demands freedom for all political prisoners in Belarus, it added.<\/p>\n\n\n\n<div class=\"insert-block\">\n\n    <div class=\"insert-block__img\">\n        <img decoding=\"async\" width=\"354\" height=\"236\" src=\"https:\/\/pozirk.online\/wp-content\/uploads\/2024\/10\/evro_diplomaty_posolstvo_garmanii_fb-354x236.jpg\" class=\"attachment-medium size-medium\" alt=\"\" srcset=\"https:\/\/pozirk.online\/wp-content\/uploads\/2024\/10\/evro_diplomaty_posolstvo_garmanii_fb-354x236.jpg 354w, https:\/\/pozirk.online\/wp-content\/uploads\/2024\/10\/evro_diplomaty_posolstvo_garmanii_fb-734x490.jpg 734w, https:\/\/pozirk.online\/wp-content\/uploads\/2024\/10\/evro_diplomaty_posolstvo_garmanii_fb-178x118.jpg 178w, https:\/\/pozirk.online\/wp-content\/uploads\/2024\/10\/evro_diplomaty_posolstvo_garmanii_fb-768x512.jpg 768w, https:\/\/pozirk.online\/wp-content\/uploads\/2024\/10\/evro_diplomaty_posolstvo_garmanii_fb.jpg 1200w\" sizes=\"(max-width: 354px) 100vw, 354px\" \/>                        <label class=\"insert-block__tag--mobile\"> Germany news<\/label>\n\n                            <label class=\"insert-block__tag--mobile\"> Politics<\/label>\n\n                <\/div>\n    <div class=\"insert-block__text\">\n                    <label class=\"insert-block__tag\">Germany news, Politics<\/label>\n                <h3 class=\"insert-block__title\">European diplomats travel to Re\u010dyca to support jailed activist<\/h3>\n        <div class=\"insert-block__descr\">October 14, Pozirk. European diplomats gathered outside the Re\u010dyca District Court building in the Homiel region to show solidarity with Palina \u0160arenda-Panasiuk. \u0160arenda-Panasiuk&#039;s detention is unfair and the charges brought against her are unjust and politically motivated, the German embassy &#8230;<\/div>\n        <a class=\"insert-block__btn-block\" href=\"\/en\/news\/109320\">\n            <button class=\"btn\">\n                <div class='btn__text'>Read <\/div>\n            <\/button>\n        <\/a>\n    <\/div>\n<\/div>","protected":false},"excerpt":{"rendered":"<p>October 15, Pozirk. The Re\u010dyca District Court in the Homiel region has sentenced Palina \u0160arenda-Panasiuk to a year and a day behind bars, finding her guilty of malicious disobedience to prison authorities, her husband said on Facebook. This is the third time the jailed activist has been found guilty of disobedience. &#8220;There was only one [&hellip;]<\/p>\n","protected":false},"author":83,"featured_media":82715,"template":"","rubric":[16],"class_list":["post-109551","articles","type-articles","status-publish","has-post-thumbnail","hentry","rubric-politics"],"acf":[],"yoast_head":"<!-- This site is optimized with the Yoast SEO plugin v25.5 - https:\/\/yoast.com\/wordpress\/plugins\/seo\/ -->\n<title>Pro-democracy activist \u0160arenda-Panasiuk sentenced to one more year in prison | Pozirk<\/title>\n<meta name=\"description\" content=\"October 15, Pozirk. The Re\u010dyca District Court in the Homiel region has sentenced Palina \u0160arenda-Panasiuk to a year and a day behind bars, finding her\" \/>\n<meta name=\"robots\" content=\"index, follow, max-snippet:-1, max-image-preview:large, max-video-preview:-1\" \/>\n<link rel=\"canonical\" href=\"https:\/\/pozirk.online\/en\/news\/109551\/\" \/>\n<meta property=\"og:locale\" content=\"en_US\" \/>\n<meta property=\"og:type\" content=\"article\" \/>\n<meta property=\"og:title\" content=\"Pro-democracy activist \u0160arenda-Panasiuk sentenced to one more year in prison | Pozirk\" \/>\n<meta property=\"og:description\" content=\"October 15, Pozirk. The Re\u010dyca District Court in the Homiel region has sentenced Palina \u0160arenda-Panasiuk to a year and a day behind bars, finding her\" \/>\n<meta property=\"og:url\" content=\"https:\/\/pozirk.online\/en\/news\/109551\/\" \/>\n<meta property=\"og:site_name\" content=\"Pozirk\" \/>\n<meta property=\"article:publisher\" content=\"https:\/\/www.facebook.com\/pozirkonline\/\" \/>\n<meta property=\"article:modified_time\" content=\"2026-03-09T20:10:49+00:00\" \/>\n<meta property=\"og:image\" content=\"https:\/\/pozirk.online\/wp-content\/uploads\/2024\/04\/sharenda-panasiuk-beldom-pozirk-1128.jpg\" \/>\n\t<meta property=\"og:image:width\" content=\"1128\" \/>\n\t<meta property=\"og:image:height\" content=\"753\" \/>\n\t<meta property=\"og:image:type\" content=\"image\/jpeg\" \/>\n<meta name=\"twitter:card\" content=\"summary_large_image\" \/>\n<meta name=\"twitter:site\" content=\"@Pozirk_online\" \/>\n<meta name=\"twitter:label1\" content=\"Est. reading time\" \/>\n\t<meta name=\"twitter:data1\" content=\"2 minutes\" \/>\n<script type=\"application\/ld+json\" class=\"yoast-schema-graph\">{\"@context\":\"https:\/\/schema.org\",\"@graph\":[{\"@type\":\"NewsArticle\",\"@id\":\"https:\/\/pozirk.online\/en\/news\/109551\/#article\",\"isPartOf\":{\"@id\":\"https:\/\/pozirk.online\/en\/news\/109551\/\"},\"headline\":\"Pro-democracy activist \u0160arenda-Panasiuk sentenced to one more year in prison\",\"datePublished\":\"2024-10-15T15:47:23+00:00\",\"dateModified\":\"2026-03-09T20:10:49+00:00\",\"mainEntityOfPage\":{\"@id\":\"https:\/\/pozirk.online\/en\/news\/109551\/\"},\"wordCount\":252,\"publisher\":{\"@id\":\"https:\/\/pozirk.online\/en\/#organization\"},\"image\":{\"@id\":\"https:\/\/pozirk.online\/en\/news\/109551\/#primaryimage\"},\"thumbnailUrl\":\"https:\/\/pozirk.online\/wp-content\/uploads\/2024\/04\/sharenda-panasiuk-beldom-pozirk-1128.jpg\",\"inLanguage\":\"en-US\"},{\"@type\":\"WebPage\",\"@id\":\"https:\/\/pozirk.online\/en\/news\/109551\/\",\"url\":\"https:\/\/pozirk.online\/en\/news\/109551\/\",\"name\":\"Pro-democracy activist \u0160arenda-Panasiuk sentenced to one more year in prison | Pozirk\",\"isPartOf\":{\"@id\":\"https:\/\/pozirk.online\/en\/#website\"},\"primaryImageOfPage\":{\"@id\":\"https:\/\/pozirk.online\/en\/news\/109551\/#primaryimage\"},\"image\":{\"@id\":\"https:\/\/pozirk.online\/en\/news\/109551\/#primaryimage\"},\"thumbnailUrl\":\"https:\/\/pozirk.online\/wp-content\/uploads\/2024\/04\/sharenda-panasiuk-beldom-pozirk-1128.jpg\",\"datePublished\":\"2024-10-15T15:47:23+00:00\",\"dateModified\":\"2026-03-09T20:10:49+00:00\",\"description\":\"October 15, Pozirk. The Re\u010dyca District Court in the Homiel region has sentenced Palina \u0160arenda-Panasiuk to a year and a day behind bars, finding her\",\"breadcrumb\":{\"@id\":\"https:\/\/pozirk.online\/en\/news\/109551\/#breadcrumb\"},\"inLanguage\":\"en-US\",\"potentialAction\":[{\"@type\":\"ReadAction\",\"target\":[\"https:\/\/pozirk.online\/en\/news\/109551\/\"]}]},{\"@type\":\"ImageObject\",\"inLanguage\":\"en-US\",\"@id\":\"https:\/\/pozirk.online\/en\/news\/109551\/#primaryimage\",\"url\":\"https:\/\/pozirk.online\/wp-content\/uploads\/2024\/04\/sharenda-panasiuk-beldom-pozirk-1128.jpg\",\"contentUrl\":\"https:\/\/pozirk.online\/wp-content\/uploads\/2024\/04\/sharenda-panasiuk-beldom-pozirk-1128.jpg\",\"width\":1128,\"height\":753},{\"@type\":\"BreadcrumbList\",\"@id\":\"https:\/\/pozirk.online\/en\/news\/109551\/#breadcrumb\",\"itemListElement\":[{\"@type\":\"ListItem\",\"position\":1,\"name\":\"Home\",\"item\":\"https:\/\/pozirk.online\/en\/\"},{\"@type\":\"ListItem\",\"position\":2,\"name\":\"Pro-democracy activist \u0160arenda-Panasiuk sentenced to one more year in prison\"}]},{\"@type\":\"WebSite\",\"@id\":\"https:\/\/pozirk.online\/en\/#website\",\"url\":\"https:\/\/pozirk.online\/en\/\",\"name\":\"Pozirk\",\"description\":\"\",\"publisher\":{\"@id\":\"https:\/\/pozirk.online\/en\/#organization\"},\"potentialAction\":[{\"@type\":\"SearchAction\",\"target\":{\"@type\":\"EntryPoint\",\"urlTemplate\":\"https:\/\/pozirk.online\/en\/?s={search_term_string}\"},\"query-input\":{\"@type\":\"PropertyValueSpecification\",\"valueRequired\":true,\"valueName\":\"search_term_string\"}}],\"inLanguage\":\"en-US\"},{\"@type\":\"Organization\",\"@id\":\"https:\/\/pozirk.online\/en\/#organization\",\"name\":\"Pozirk\",\"url\":\"https:\/\/pozirk.online\/en\/\",\"logo\":{\"@type\":\"ImageObject\",\"inLanguage\":\"en-US\",\"@id\":\"https:\/\/pozirk.online\/en\/#\/schema\/logo\/image\/\",\"url\":\"https:\/\/pozirk.online\/wp-content\/uploads\/2023\/11\/cropped-Logo_color_512.png\",\"contentUrl\":\"https:\/\/pozirk.online\/wp-content\/uploads\/2023\/11\/cropped-Logo_color_512.png\",\"width\":512,\"height\":512,\"caption\":\"Pozirk\"},\"image\":{\"@id\":\"https:\/\/pozirk.online\/en\/#\/schema\/logo\/image\/\"},\"sameAs\":[\"https:\/\/www.facebook.com\/pozirkonline\/\",\"https:\/\/x.com\/Pozirk_online\"]}]}<\/script>\n<!-- \/ Yoast SEO plugin. -->","yoast_head_json":{"title":"Pro-democracy activist \u0160arenda-Panasiuk sentenced to one more year in prison | Pozirk","description":"October 15, Pozirk. The Re\u010dyca District Court in the Homiel region has sentenced Palina \u0160arenda-Panasiuk to a year and a day behind bars, finding her","robots":{"index":"index","follow":"follow","max-snippet":"max-snippet:-1","max-image-preview":"max-image-preview:large","max-video-preview":"max-video-preview:-1"},"canonical":"https:\/\/pozirk.online\/en\/news\/109551\/","og_locale":"en_US","og_type":"article","og_title":"Pro-democracy activist \u0160arenda-Panasiuk sentenced to one more year in prison | Pozirk","og_description":"October 15, Pozirk. The Re\u010dyca District Court in the Homiel region has sentenced Palina \u0160arenda-Panasiuk to a year and a day behind bars, finding her","og_url":"https:\/\/pozirk.online\/en\/news\/109551\/","og_site_name":"Pozirk","article_publisher":"https:\/\/www.facebook.com\/pozirkonline\/","article_modified_time":"2026-03-09T20:10:49+00:00","og_image":[{"width":1128,"height":753,"url":"https:\/\/pozirk.online\/wp-content\/uploads\/2024\/04\/sharenda-panasiuk-beldom-pozirk-1128.jpg","type":"image\/jpeg"}],"twitter_card":"summary_large_image","twitter_site":"@Pozirk_online","twitter_misc":{"Est. reading time":"2 minutes"},"schema":{"@context":"https:\/\/schema.org","@graph":[{"@type":"NewsArticle","@id":"https:\/\/pozirk.online\/en\/news\/109551\/#article","isPartOf":{"@id":"https:\/\/pozirk.online\/en\/news\/109551\/"},"headline":"Pro-democracy activist \u0160arenda-Panasiuk sentenced to one more year in prison","datePublished":"2024-10-15T15:47:23+00:00","dateModified":"2026-03-09T20:10:49+00:00","mainEntityOfPage":{"@id":"https:\/\/pozirk.online\/en\/news\/109551\/"},"wordCount":252,"publisher":{"@id":"https:\/\/pozirk.online\/en\/#organization"},"image":{"@id":"https:\/\/pozirk.online\/en\/news\/109551\/#primaryimage"},"thumbnailUrl":"https:\/\/pozirk.online\/wp-content\/uploads\/2024\/04\/sharenda-panasiuk-beldom-pozirk-1128.jpg","inLanguage":"en-US"},{"@type":"WebPage","@id":"https:\/\/pozirk.online\/en\/news\/109551\/","url":"https:\/\/pozirk.online\/en\/news\/109551\/","name":"Pro-democracy activist \u0160arenda-Panasiuk sentenced to one more year in prison | Pozirk","isPartOf":{"@id":"https:\/\/pozirk.online\/en\/#website"},"primaryImageOfPage":{"@id":"https:\/\/pozirk.online\/en\/news\/109551\/#primaryimage"},"image":{"@id":"https:\/\/pozirk.online\/en\/news\/109551\/#primaryimage"},"thumbnailUrl":"https:\/\/pozirk.online\/wp-content\/uploads\/2024\/04\/sharenda-panasiuk-beldom-pozirk-1128.jpg","datePublished":"2024-10-15T15:47:23+00:00","dateModified":"2026-03-09T20:10:49+00:00","description":"October 15, Pozirk. The Re\u010dyca District Court in the Homiel region has sentenced Palina \u0160arenda-Panasiuk to a year and a day behind bars, finding her","breadcrumb":{"@id":"https:\/\/pozirk.online\/en\/news\/109551\/#breadcrumb"},"inLanguage":"en-US","potentialAction":[{"@type":"ReadAction","target":["https:\/\/pozirk.online\/en\/news\/109551\/"]}]},{"@type":"ImageObject","inLanguage":"en-US","@id":"https:\/\/pozirk.online\/en\/news\/109551\/#primaryimage","url":"https:\/\/pozirk.online\/wp-content\/uploads\/2024\/04\/sharenda-panasiuk-beldom-pozirk-1128.jpg","contentUrl":"https:\/\/pozirk.online\/wp-content\/uploads\/2024\/04\/sharenda-panasiuk-beldom-pozirk-1128.jpg","width":1128,"height":753},{"@type":"BreadcrumbList","@id":"https:\/\/pozirk.online\/en\/news\/109551\/#breadcrumb","itemListElement":[{"@type":"ListItem","position":1,"name":"Home","item":"https:\/\/pozirk.online\/en\/"},{"@type":"ListItem","position":2,"name":"Pro-democracy activist \u0160arenda-Panasiuk sentenced to one more year in prison"}]},{"@type":"WebSite","@id":"https:\/\/pozirk.online\/en\/#website","url":"https:\/\/pozirk.online\/en\/","name":"Pozirk","description":"","publisher":{"@id":"https:\/\/pozirk.online\/en\/#organization"},"potentialAction":[{"@type":"SearchAction","target":{"@type":"EntryPoint","urlTemplate":"https:\/\/pozirk.online\/en\/?s={search_term_string}"},"query-input":{"@type":"PropertyValueSpecification","valueRequired":true,"valueName":"search_term_string"}}],"inLanguage":"en-US"},{"@type":"Organization","@id":"https:\/\/pozirk.online\/en\/#organization","name":"Pozirk","url":"https:\/\/pozirk.online\/en\/","logo":{"@type":"ImageObject","inLanguage":"en-US","@id":"https:\/\/pozirk.online\/en\/#\/schema\/logo\/image\/","url":"https:\/\/pozirk.online\/wp-content\/uploads\/2023\/11\/cropped-Logo_color_512.png","contentUrl":"https:\/\/pozirk.online\/wp-content\/uploads\/2023\/11\/cropped-Logo_color_512.png","width":512,"height":512,"caption":"Pozirk"},"image":{"@id":"https:\/\/pozirk.online\/en\/#\/schema\/logo\/image\/"},"sameAs":["https:\/\/www.facebook.com\/pozirkonline\/","https:\/\/x.com\/Pozirk_online"]}]}},"_links":{"self":[{"href":"https:\/\/pozirk.online\/en\/wp-json\/wp\/v2\/articles\/109551","targetHints":{"allow":["GET"]}}],"collection":[{"href":"https:\/\/pozirk.online\/en\/wp-json\/wp\/v2\/articles"}],"about":[{"href":"https:\/\/pozirk.online\/en\/wp-json\/wp\/v2\/types\/articles"}],"author":[{"embeddable":true,"href":"https:\/\/pozirk.online\/en\/wp-json\/wp\/v2\/users\/83"}],"wp:featuredmedia":[{"embeddable":true,"href":"https:\/\/pozirk.online\/en\/wp-json\/wp\/v2\/media\/82715"}],"wp:attachment":[{"href":"https:\/\/pozirk.online\/en\/wp-json\/wp\/v2\/media?parent=109551"}],"wp:term":[{"taxonomy":"rubric","embeddable":true,"href":"https:\/\/pozirk.online\/en\/wp-json\/wp\/v2\/rubric?post=109551"}],"curies":[{"name":"wp","href":"https:\/\/api.w.org\/{rel}","templated":true}]}}