{"id":110106,"date":"2024-10-18T19:36:23","date_gmt":"2024-10-18T16:36:23","guid":{"rendered":"https:\/\/pozirk.online\/en\/news\/110106\/"},"modified":"2026-03-10T12:05:06","modified_gmt":"2026-03-10T12:05:06","slug":"interior-ministry-brands-21-people-as-extremists","status":"publish","type":"articles","link":"https:\/\/pozirk.online\/en\/news\/110106\/","title":{"rendered":"Interior ministry brands 21 people as extremists"},"content":{"rendered":"\n<figure class=\"block-image block-image-normal\">\n\n  <img decoding=\"async\" width=\"1128\" height=\"752\" src=\"https:\/\/pozirk.online\/wp-content\/uploads\/2023\/12\/spisok_unsplash_ron_dyar_1128x752.jpg\" class=\"attachment-full size-full\" alt=\"\" srcset=\"https:\/\/pozirk.online\/wp-content\/uploads\/2023\/12\/spisok_unsplash_ron_dyar_1128x752.jpg 1128w, https:\/\/pozirk.online\/wp-content\/uploads\/2023\/12\/spisok_unsplash_ron_dyar_1128x752-300x200.jpg 300w, https:\/\/pozirk.online\/wp-content\/uploads\/2023\/12\/spisok_unsplash_ron_dyar_1128x752-1024x683.jpg 1024w, https:\/\/pozirk.online\/wp-content\/uploads\/2023\/12\/spisok_unsplash_ron_dyar_1128x752-768x512.jpg 768w\" sizes=\"(max-width: 1128px) 100vw, 1128px\" \/>\n  <figcaption>\n  \n       <div class=\"block-image__author\">\n                <span>(Ron Dyar \/ unsplash.com)<\/span>\n    <\/div>\n     <\/figcaption>\n<\/figure>\n\n\n\n<p><strong>October 18, <em>Pozirk<\/em>.<\/strong> The interior ministry has added 21 new names to the list of \u201cpersons involved in extremist activities,\u201d taking the total of entries to 4,544, its website says.<\/p>\n\n\n\n<p>All blacklisted people were convicted on criminal charges that Belarusian authorities use to persecute political opponents. Fifteen are reportedly serving prison terms. Rights groups declared three of them &#8211; Andrej Burdzienia, Vital Sa\u016dka and Juryj \u0141ahadziuk &#8211; political prisoners.<\/p>\n\n\n\n<p>Mika\u0142aj \u0141osik, Iryna \u010cabatar, U\u0142adzimir Dzie\u016dhu\u0107, Pavie\u0142 Mi\u015bciejka, \u010cas\u0142a\u016d Hviazdo\u016dski, D\u017amitryj Rutkievi\u010d and Mika\u0142aj Dudarevi\u010d were convicted of disorder charges in connection with participation in 2020 postelection protests.<\/p>\n\n\n\n<p>Andrej Suvora\u016d, Anton Lisi\u010dkin, Pavie\u0142 Pa\u0142a\u016d and Alaksandar Lebiedzie\u016d are behind bars for allegedly inciting hatred, insulting officials and Alaksandar \u0141uka\u0161enka, while Ja\u016dhien \u015aciapana\u016d was persecuted on charges of association with an extremist group.<\/p>\n\n\n\n<p>The criminal records of Viktoryja Kuchar\u010dyk, D\u017amitryj Pilecki, Maksim Nikanovi\u010d, Ina Kalino\u016dskaja, Anastasia Hra\u010dy\u0161kina and \u0141arysa Kulik were not expunged which may mean they are serving non-custodial sentences. They were prosecuted on defamation and protest-related charges.<\/p>\n\n\n\n<p>People placed on the list of individuals involved in extremist activities are prohibited from engaging in education activity, publishing, as well as from holding state positions and from doing military service, for five years after completing their sentences or criminal record annulment.<\/p>\n\n\n\n<p>Their financial transactions are subject to special monitoring. They are also banned from activities involving narcotic drugs, psychotropic substances and their precursors, arms and ammunition and explosives, for five years.<\/p>\n\n\n\n<p>Authorities in Belarus have equated criticism, solidarity, advocacy, free media and free expression to extremism and terrorism.<\/p>\n\n\n\n<div class=\"insert-block\">\n\n    <div class=\"insert-block__img\">\n        <img decoding=\"async\" width=\"354\" height=\"236\" src=\"https:\/\/pozirk.online\/wp-content\/uploads\/2024\/10\/ABF_facebook-354x236.jpg\" class=\"attachment-medium size-medium\" alt=\"\" srcset=\"https:\/\/pozirk.online\/wp-content\/uploads\/2024\/10\/ABF_facebook-354x236.jpg 354w, https:\/\/pozirk.online\/wp-content\/uploads\/2024\/10\/ABF_facebook-734x490.jpg 734w, https:\/\/pozirk.online\/wp-content\/uploads\/2024\/10\/ABF_facebook-178x118.jpg 178w, https:\/\/pozirk.online\/wp-content\/uploads\/2024\/10\/ABF_facebook-768x512.jpg 768w, https:\/\/pozirk.online\/wp-content\/uploads\/2024\/10\/ABF_facebook-1536x1024.jpg 1536w, https:\/\/pozirk.online\/wp-content\/uploads\/2024\/10\/ABF_facebook-2048x1365.jpg 2048w\" sizes=\"(max-width: 354px) 100vw, 354px\" \/>                        <label class=\"insert-block__tag--mobile\"> \u041f\u043e\u043b\u0438\u0442\u0438\u043a\u0430<\/label>\n\n                <\/div>\n    <div class=\"insert-block__text\">\n                    <label class=\"insert-block__tag\">\u041f\u043e\u043b\u0438\u0442\u0438\u043a\u0430<\/label>\n                <h3 class=\"insert-block__title\">Fine to Be Active declared extremist group<\/h3>\n        <div class=\"insert-block__descr\">October 11, Pozirk. The Committee for State Security earlier this week designated the Fine to Be Active project (Bel.: Akty\u016dnym By\u0107 Fajna), an informal education project, as an extremist group, according to an updated list published by the Belarusian interior &#8230;<\/div>\n        <a class=\"insert-block__btn-block\" href=\"\/en\/news\/108926\">\n            <button class=\"btn\">\n                <div class='btn__text'>Read the article<\/div>\n            <\/button>\n        <\/a>\n    <\/div>\n<\/div>","protected":false},"excerpt":{"rendered":"<p>October 18, Pozirk. The interior ministry has added 21 new names to the list of \u201cpersons involved in extremist activities,\u201d taking the total of entries to 4,544, its website says. All blacklisted people were convicted on criminal charges that Belarusian authorities use to persecute political opponents. Fifteen are reportedly serving prison terms. Rights groups declared [&hellip;]<\/p>\n","protected":false},"author":84,"featured_media":58193,"template":"","rubric":[16],"class_list":["post-110106","articles","type-articles","status-publish","has-post-thumbnail","hentry","rubric-politics"],"acf":[],"yoast_head":"<!-- This site is optimized with the Yoast SEO plugin v25.5 - https:\/\/yoast.com\/wordpress\/plugins\/seo\/ -->\n<title>Interior ministry brands 21 people as extremists | Pozirk<\/title>\n<meta name=\"description\" content=\"October 18, Pozirk. The interior ministry has added 21 new names to the list of \u201cpersons involved in extremist activities,\u201d taking the total of entries to\" \/>\n<meta name=\"robots\" content=\"index, follow, max-snippet:-1, max-image-preview:large, max-video-preview:-1\" \/>\n<link rel=\"canonical\" href=\"https:\/\/pozirk.online\/en\/news\/110106\/\" \/>\n<meta property=\"og:locale\" content=\"en_US\" \/>\n<meta property=\"og:type\" content=\"article\" \/>\n<meta property=\"og:title\" content=\"Interior ministry brands 21 people as extremists | Pozirk\" \/>\n<meta property=\"og:description\" content=\"October 18, Pozirk. The interior ministry has added 21 new names to the list of \u201cpersons involved in extremist activities,\u201d taking the total of entries to\" \/>\n<meta property=\"og:url\" content=\"https:\/\/pozirk.online\/en\/news\/110106\/\" \/>\n<meta property=\"og:site_name\" content=\"Pozirk\" \/>\n<meta property=\"article:publisher\" content=\"https:\/\/www.facebook.com\/pozirkonline\/\" \/>\n<meta property=\"article:modified_time\" content=\"2026-03-10T12:05:06+00:00\" \/>\n<meta property=\"og:image\" content=\"https:\/\/pozirk.online\/wp-content\/uploads\/2023\/12\/spisok_unsplash_ron_dyar_1128x752.jpg\" \/>\n\t<meta property=\"og:image:width\" content=\"1128\" \/>\n\t<meta property=\"og:image:height\" content=\"752\" \/>\n\t<meta property=\"og:image:type\" content=\"image\/jpeg\" \/>\n<meta name=\"twitter:card\" content=\"summary_large_image\" \/>\n<meta name=\"twitter:site\" content=\"@Pozirk_online\" \/>\n<meta name=\"twitter:label1\" content=\"Est. reading time\" \/>\n\t<meta name=\"twitter:data1\" content=\"2 minutes\" \/>\n<script type=\"application\/ld+json\" class=\"yoast-schema-graph\">{\"@context\":\"https:\/\/schema.org\",\"@graph\":[{\"@type\":\"NewsArticle\",\"@id\":\"https:\/\/pozirk.online\/en\/news\/110106\/#article\",\"isPartOf\":{\"@id\":\"https:\/\/pozirk.online\/en\/news\/110106\/\"},\"headline\":\"Interior ministry brands 21 people as extremists\",\"datePublished\":\"2024-10-18T16:36:23+00:00\",\"dateModified\":\"2026-03-10T12:05:06+00:00\",\"mainEntityOfPage\":{\"@id\":\"https:\/\/pozirk.online\/en\/news\/110106\/\"},\"wordCount\":276,\"publisher\":{\"@id\":\"https:\/\/pozirk.online\/en\/#organization\"},\"image\":{\"@id\":\"https:\/\/pozirk.online\/en\/news\/110106\/#primaryimage\"},\"thumbnailUrl\":\"https:\/\/pozirk.online\/wp-content\/uploads\/2023\/12\/spisok_unsplash_ron_dyar_1128x752.jpg\",\"inLanguage\":\"en-US\"},{\"@type\":\"WebPage\",\"@id\":\"https:\/\/pozirk.online\/en\/news\/110106\/\",\"url\":\"https:\/\/pozirk.online\/en\/news\/110106\/\",\"name\":\"Interior ministry brands 21 people as extremists | Pozirk\",\"isPartOf\":{\"@id\":\"https:\/\/pozirk.online\/en\/#website\"},\"primaryImageOfPage\":{\"@id\":\"https:\/\/pozirk.online\/en\/news\/110106\/#primaryimage\"},\"image\":{\"@id\":\"https:\/\/pozirk.online\/en\/news\/110106\/#primaryimage\"},\"thumbnailUrl\":\"https:\/\/pozirk.online\/wp-content\/uploads\/2023\/12\/spisok_unsplash_ron_dyar_1128x752.jpg\",\"datePublished\":\"2024-10-18T16:36:23+00:00\",\"dateModified\":\"2026-03-10T12:05:06+00:00\",\"description\":\"October 18, Pozirk. The interior ministry has added 21 new names to the list of \u201cpersons involved in extremist activities,\u201d taking the total of entries to\",\"breadcrumb\":{\"@id\":\"https:\/\/pozirk.online\/en\/news\/110106\/#breadcrumb\"},\"inLanguage\":\"en-US\",\"potentialAction\":[{\"@type\":\"ReadAction\",\"target\":[\"https:\/\/pozirk.online\/en\/news\/110106\/\"]}]},{\"@type\":\"ImageObject\",\"inLanguage\":\"en-US\",\"@id\":\"https:\/\/pozirk.online\/en\/news\/110106\/#primaryimage\",\"url\":\"https:\/\/pozirk.online\/wp-content\/uploads\/2023\/12\/spisok_unsplash_ron_dyar_1128x752.jpg\",\"contentUrl\":\"https:\/\/pozirk.online\/wp-content\/uploads\/2023\/12\/spisok_unsplash_ron_dyar_1128x752.jpg\",\"width\":1128,\"height\":752},{\"@type\":\"BreadcrumbList\",\"@id\":\"https:\/\/pozirk.online\/en\/news\/110106\/#breadcrumb\",\"itemListElement\":[{\"@type\":\"ListItem\",\"position\":1,\"name\":\"Home\",\"item\":\"https:\/\/pozirk.online\/en\/\"},{\"@type\":\"ListItem\",\"position\":2,\"name\":\"Interior ministry brands 21 people as extremists\"}]},{\"@type\":\"WebSite\",\"@id\":\"https:\/\/pozirk.online\/en\/#website\",\"url\":\"https:\/\/pozirk.online\/en\/\",\"name\":\"Pozirk\",\"description\":\"\",\"publisher\":{\"@id\":\"https:\/\/pozirk.online\/en\/#organization\"},\"potentialAction\":[{\"@type\":\"SearchAction\",\"target\":{\"@type\":\"EntryPoint\",\"urlTemplate\":\"https:\/\/pozirk.online\/en\/?s={search_term_string}\"},\"query-input\":{\"@type\":\"PropertyValueSpecification\",\"valueRequired\":true,\"valueName\":\"search_term_string\"}}],\"inLanguage\":\"en-US\"},{\"@type\":\"Organization\",\"@id\":\"https:\/\/pozirk.online\/en\/#organization\",\"name\":\"Pozirk\",\"url\":\"https:\/\/pozirk.online\/en\/\",\"logo\":{\"@type\":\"ImageObject\",\"inLanguage\":\"en-US\",\"@id\":\"https:\/\/pozirk.online\/en\/#\/schema\/logo\/image\/\",\"url\":\"https:\/\/pozirk.online\/wp-content\/uploads\/2023\/11\/cropped-Logo_color_512.png\",\"contentUrl\":\"https:\/\/pozirk.online\/wp-content\/uploads\/2023\/11\/cropped-Logo_color_512.png\",\"width\":512,\"height\":512,\"caption\":\"Pozirk\"},\"image\":{\"@id\":\"https:\/\/pozirk.online\/en\/#\/schema\/logo\/image\/\"},\"sameAs\":[\"https:\/\/www.facebook.com\/pozirkonline\/\",\"https:\/\/x.com\/Pozirk_online\"]}]}<\/script>\n<!-- \/ Yoast SEO plugin. -->","yoast_head_json":{"title":"Interior ministry brands 21 people as extremists | Pozirk","description":"October 18, Pozirk. The interior ministry has added 21 new names to the list of \u201cpersons involved in extremist activities,\u201d taking the total of entries to","robots":{"index":"index","follow":"follow","max-snippet":"max-snippet:-1","max-image-preview":"max-image-preview:large","max-video-preview":"max-video-preview:-1"},"canonical":"https:\/\/pozirk.online\/en\/news\/110106\/","og_locale":"en_US","og_type":"article","og_title":"Interior ministry brands 21 people as extremists | Pozirk","og_description":"October 18, Pozirk. The interior ministry has added 21 new names to the list of \u201cpersons involved in extremist activities,\u201d taking the total of entries to","og_url":"https:\/\/pozirk.online\/en\/news\/110106\/","og_site_name":"Pozirk","article_publisher":"https:\/\/www.facebook.com\/pozirkonline\/","article_modified_time":"2026-03-10T12:05:06+00:00","og_image":[{"width":1128,"height":752,"url":"https:\/\/pozirk.online\/wp-content\/uploads\/2023\/12\/spisok_unsplash_ron_dyar_1128x752.jpg","type":"image\/jpeg"}],"twitter_card":"summary_large_image","twitter_site":"@Pozirk_online","twitter_misc":{"Est. reading time":"2 minutes"},"schema":{"@context":"https:\/\/schema.org","@graph":[{"@type":"NewsArticle","@id":"https:\/\/pozirk.online\/en\/news\/110106\/#article","isPartOf":{"@id":"https:\/\/pozirk.online\/en\/news\/110106\/"},"headline":"Interior ministry brands 21 people as extremists","datePublished":"2024-10-18T16:36:23+00:00","dateModified":"2026-03-10T12:05:06+00:00","mainEntityOfPage":{"@id":"https:\/\/pozirk.online\/en\/news\/110106\/"},"wordCount":276,"publisher":{"@id":"https:\/\/pozirk.online\/en\/#organization"},"image":{"@id":"https:\/\/pozirk.online\/en\/news\/110106\/#primaryimage"},"thumbnailUrl":"https:\/\/pozirk.online\/wp-content\/uploads\/2023\/12\/spisok_unsplash_ron_dyar_1128x752.jpg","inLanguage":"en-US"},{"@type":"WebPage","@id":"https:\/\/pozirk.online\/en\/news\/110106\/","url":"https:\/\/pozirk.online\/en\/news\/110106\/","name":"Interior ministry brands 21 people as extremists | Pozirk","isPartOf":{"@id":"https:\/\/pozirk.online\/en\/#website"},"primaryImageOfPage":{"@id":"https:\/\/pozirk.online\/en\/news\/110106\/#primaryimage"},"image":{"@id":"https:\/\/pozirk.online\/en\/news\/110106\/#primaryimage"},"thumbnailUrl":"https:\/\/pozirk.online\/wp-content\/uploads\/2023\/12\/spisok_unsplash_ron_dyar_1128x752.jpg","datePublished":"2024-10-18T16:36:23+00:00","dateModified":"2026-03-10T12:05:06+00:00","description":"October 18, Pozirk. The interior ministry has added 21 new names to the list of \u201cpersons involved in extremist activities,\u201d taking the total of entries to","breadcrumb":{"@id":"https:\/\/pozirk.online\/en\/news\/110106\/#breadcrumb"},"inLanguage":"en-US","potentialAction":[{"@type":"ReadAction","target":["https:\/\/pozirk.online\/en\/news\/110106\/"]}]},{"@type":"ImageObject","inLanguage":"en-US","@id":"https:\/\/pozirk.online\/en\/news\/110106\/#primaryimage","url":"https:\/\/pozirk.online\/wp-content\/uploads\/2023\/12\/spisok_unsplash_ron_dyar_1128x752.jpg","contentUrl":"https:\/\/pozirk.online\/wp-content\/uploads\/2023\/12\/spisok_unsplash_ron_dyar_1128x752.jpg","width":1128,"height":752},{"@type":"BreadcrumbList","@id":"https:\/\/pozirk.online\/en\/news\/110106\/#breadcrumb","itemListElement":[{"@type":"ListItem","position":1,"name":"Home","item":"https:\/\/pozirk.online\/en\/"},{"@type":"ListItem","position":2,"name":"Interior ministry brands 21 people as extremists"}]},{"@type":"WebSite","@id":"https:\/\/pozirk.online\/en\/#website","url":"https:\/\/pozirk.online\/en\/","name":"Pozirk","description":"","publisher":{"@id":"https:\/\/pozirk.online\/en\/#organization"},"potentialAction":[{"@type":"SearchAction","target":{"@type":"EntryPoint","urlTemplate":"https:\/\/pozirk.online\/en\/?s={search_term_string}"},"query-input":{"@type":"PropertyValueSpecification","valueRequired":true,"valueName":"search_term_string"}}],"inLanguage":"en-US"},{"@type":"Organization","@id":"https:\/\/pozirk.online\/en\/#organization","name":"Pozirk","url":"https:\/\/pozirk.online\/en\/","logo":{"@type":"ImageObject","inLanguage":"en-US","@id":"https:\/\/pozirk.online\/en\/#\/schema\/logo\/image\/","url":"https:\/\/pozirk.online\/wp-content\/uploads\/2023\/11\/cropped-Logo_color_512.png","contentUrl":"https:\/\/pozirk.online\/wp-content\/uploads\/2023\/11\/cropped-Logo_color_512.png","width":512,"height":512,"caption":"Pozirk"},"image":{"@id":"https:\/\/pozirk.online\/en\/#\/schema\/logo\/image\/"},"sameAs":["https:\/\/www.facebook.com\/pozirkonline\/","https:\/\/x.com\/Pozirk_online"]}]}},"_links":{"self":[{"href":"https:\/\/pozirk.online\/en\/wp-json\/wp\/v2\/articles\/110106","targetHints":{"allow":["GET"]}}],"collection":[{"href":"https:\/\/pozirk.online\/en\/wp-json\/wp\/v2\/articles"}],"about":[{"href":"https:\/\/pozirk.online\/en\/wp-json\/wp\/v2\/types\/articles"}],"author":[{"embeddable":true,"href":"https:\/\/pozirk.online\/en\/wp-json\/wp\/v2\/users\/84"}],"wp:featuredmedia":[{"embeddable":true,"href":"https:\/\/pozirk.online\/en\/wp-json\/wp\/v2\/media\/58193"}],"wp:attachment":[{"href":"https:\/\/pozirk.online\/en\/wp-json\/wp\/v2\/media?parent=110106"}],"wp:term":[{"taxonomy":"rubric","embeddable":true,"href":"https:\/\/pozirk.online\/en\/wp-json\/wp\/v2\/rubric?post=110106"}],"curies":[{"name":"wp","href":"https:\/\/api.w.org\/{rel}","templated":true}]}}