{"id":110746,"date":"2024-10-23T12:16:43","date_gmt":"2024-10-23T09:16:43","guid":{"rendered":"https:\/\/pozirk.online\/en\/news\/110746\/"},"modified":"2026-03-10T12:05:06","modified_gmt":"2026-03-10T12:05:06","slug":"reprisals-harassment-of-belarus-based-journalists-continues","status":"publish","type":"articles","link":"https:\/\/pozirk.online\/en\/news\/110746\/","title":{"rendered":"Reprisals: another journalist arrested"},"content":{"rendered":"\n<p><strong>October 23, <em>Pozirk. <\/em><\/strong>Armed riot police officers arrested journalist Ihar Ilja\u0161 on October 22 for interviews with independent media, according to a police video. His wife, journalist Kaciaryna Andrejeva (Bachva\u0142ava), is serving a lengthy prison and is considered a political prisoner.<\/p>\n\n\n\n<p>Other cases of politically-motivated persecution documented in Belarus on October 22 included the arrest of a former Minsk hotel engineer, known as Ihar Rem on social media, for participating in 2020 postelection protests, <em>Mediazona<\/em> reported.<\/p>\n\n\n\n<p>In early October, exiled former police officer Juryj Machna\u010d was convicted in absentia on high treason charges for disclosing information about violence against 2020 protesters in Lida, Hrodna region, the Viasna Human Rights Center said. Authorities punished him with a 15-year prison sentence and a fine of 20,000 rubels (some $6,000).<\/p>\n\n\n\n<p>Online content<\/p>\n\n\n\n<p>A pro-government blogger Alaksandar Pietra\u010dko\u016d was tried for sharing content that allegedly promotes extremism, Viasna\u2019s Homiel branch said. The sentence is unknown.<\/p>\n\n\n\n<p>Natalla Hre\u0161\u010dyk and Alaksiej Saka\u016d were tried in the Hrodna region for sharing opposition content, the <em>Pravo Imeyut<\/em> Telegram channel said.<\/p>\n\n\n\n<p>A judge in Minsk sentenced Alena Barysiuk to two and a half years in prison on charges of inciting hatred in connection with politically-sensitive social media posts, Viasna reported.<\/p>\n\n\n\n<p>Alaksandar Jacenka was given two years in prison and fined 8,000 rubels (about $2,430) without being present at a trial in Mahilo\u016d, Viasna said. Authorities persecuted him for insulting officials.<\/p>\n\n\n\n<p>Raman Jakimienka went on trial in Minsk for online comments about a terrorist attack on a concert hall near Moscow this spring, Viasna said. Charges against him range from inciting hatred to facilitating extremism.<\/p>\n\n\n\n<p>Other cases<\/p>\n\n\n\n<p>Polish authorities deported a Belarusian national whose stay in the country was deemed illegal, <em>mostmedia.io<\/em> reported. In Belarus, he was jailed for sharing opposition content and is now facing criminal charges of financing extremism for donating $5 to the BySol solidarity fund. The man attempted suicide while in Poland in protest against his deportation.<\/p>\n\n\n\n<p>Armenia granted Belarusian dissident Kiry\u0142 Ba\u0142andzin refugee status, refusing to extradite him to Belarus at Minsk&#8217;s request, <em>RFE\/RL<\/em> Armenian Service reported.<\/p>\n\n\n\n<p>Privately-owned Streamline Language School is closing down, while its CEO Eduard Caluk&#8217;s phone remains inaccessible, the Alliance of Belarus\u2019 Investigators said.<\/p>\n\n\n\n<p>Inmates at Penal Colony No 1 in Navapo\u0142ack, Viciebsk region, cannot receive parcels due to a reported lack of staff that could handle parcels and oversee visits, MAYDAY.TEAM said.<\/p>\n\n\n\n<p>As of October 23, human rights defenders identified at least 1,300 political prisoners but the real number is considerably higher because many cases go undocumented.<\/p>\n\n\n\n<p>Belarusian authorities filed 7,400 politically-motivated criminal cases in the four years since the August 2020 presidential election, Viasna reported last week.<\/p>\n\n\n\n<div class=\"insert-block\">\n\n    <div class=\"insert-block__img\">\n        <img decoding=\"async\" width=\"354\" height=\"236\" src=\"https:\/\/pozirk.online\/wp-content\/uploads\/2024\/10\/balandin_RS_armenia-354x236.jpg\" class=\"attachment-medium size-medium\" alt=\"\" srcset=\"https:\/\/pozirk.online\/wp-content\/uploads\/2024\/10\/balandin_RS_armenia-354x236.jpg 354w, https:\/\/pozirk.online\/wp-content\/uploads\/2024\/10\/balandin_RS_armenia-734x490.jpg 734w, https:\/\/pozirk.online\/wp-content\/uploads\/2024\/10\/balandin_RS_armenia-178x118.jpg 178w, https:\/\/pozirk.online\/wp-content\/uploads\/2024\/10\/balandin_RS_armenia-768x512.jpg 768w, https:\/\/pozirk.online\/wp-content\/uploads\/2024\/10\/balandin_RS_armenia.jpg 863w\" sizes=\"(max-width: 354px) 100vw, 354px\" \/>                        <label class=\"insert-block__tag--mobile\"> Politics<\/label>\n\n                <\/div>\n    <div class=\"insert-block__text\">\n                    <label class=\"insert-block__tag\">Politics<\/label>\n                <h3 class=\"insert-block__title\">Armenia refuses to extradite Belarusian dissident despite prosecutor\u2019s overtures<\/h3>\n        <div class=\"insert-block__descr\">October 23, Pozirk. The Armenian migration authority grant Belarusian dissident Kiry\u0142 Ba\u0142andzin asylum, refusing to extradite him to Belarus at Minsk&#039;s request, RFE\/RL Armenian Service reported. The move comes weeks after Belarusian Prosecutor General Andrej \u0160vied appealed to his Armenian &#8230;<\/div>\n        <a class=\"insert-block__btn-block\" href=\"\/en\/news\/110738\">\n            <button class=\"btn\">\n                <div class='btn__text'>Read the article<\/div>\n            <\/button>\n        <\/a>\n    <\/div>\n<\/div>","protected":false},"excerpt":{"rendered":"<p>October 23, Pozirk. Armed riot police officers arrested journalist Ihar Ilja\u0161 on October 22 for interviews with independent media, according to a police video. His wife, journalist Kaciaryna Andrejeva (Bachva\u0142ava), is serving a lengthy prison and is considered a political prisoner. Other cases of politically-motivated persecution documented in Belarus on October 22 included the arrest [&hellip;]<\/p>\n","protected":false},"author":84,"featured_media":63993,"template":"","rubric":[14],"class_list":["post-110746","articles","type-articles","status-publish","has-post-thumbnail","hentry","rubric-politics"],"acf":[],"yoast_head":"<!-- This site is optimized with the Yoast SEO plugin v25.5 - https:\/\/yoast.com\/wordpress\/plugins\/seo\/ -->\n<title>Reprisals: another journalist arrested | Pozirk<\/title>\n<meta name=\"description\" content=\"October 23, Pozirk. Armed riot police officers arrested journalist Ihar Ilja\u0161 on October 22 for interviews with independent media, according to a police\" \/>\n<meta name=\"robots\" content=\"index, follow, max-snippet:-1, max-image-preview:large, max-video-preview:-1\" \/>\n<link rel=\"canonical\" href=\"https:\/\/pozirk.online\/en\/news\/110746\/\" \/>\n<meta property=\"og:locale\" content=\"en_US\" \/>\n<meta property=\"og:type\" content=\"article\" \/>\n<meta property=\"og:title\" content=\"Reprisals: another journalist arrested | Pozirk\" \/>\n<meta property=\"og:description\" content=\"October 23, Pozirk. Armed riot police officers arrested journalist Ihar Ilja\u0161 on October 22 for interviews with independent media, according to a police\" \/>\n<meta property=\"og:url\" content=\"https:\/\/pozirk.online\/en\/news\/110746\/\" \/>\n<meta property=\"og:site_name\" content=\"Pozirk\" \/>\n<meta property=\"article:publisher\" content=\"https:\/\/www.facebook.com\/pozirkonline\/\" \/>\n<meta property=\"article:modified_time\" content=\"2026-03-10T12:05:06+00:00\" \/>\n<meta property=\"og:image\" content=\"https:\/\/pozirk.online\/wp-content\/uploads\/2024\/01\/pozirk_color_blank_1128x752.jpg\" \/>\n\t<meta property=\"og:image:width\" content=\"1128\" \/>\n\t<meta property=\"og:image:height\" content=\"752\" \/>\n\t<meta property=\"og:image:type\" content=\"image\/jpeg\" \/>\n<meta name=\"twitter:card\" content=\"summary_large_image\" \/>\n<meta name=\"twitter:site\" content=\"@Pozirk_online\" \/>\n<meta name=\"twitter:label1\" content=\"Est. reading time\" \/>\n\t<meta name=\"twitter:data1\" content=\"3 minutes\" \/>\n<script type=\"application\/ld+json\" class=\"yoast-schema-graph\">{\"@context\":\"https:\/\/schema.org\",\"@graph\":[{\"@type\":\"NewsArticle\",\"@id\":\"https:\/\/pozirk.online\/en\/news\/110746\/#article\",\"isPartOf\":{\"@id\":\"https:\/\/pozirk.online\/en\/news\/110746\/\"},\"headline\":\"Reprisals: another journalist arrested\",\"datePublished\":\"2024-10-23T09:16:43+00:00\",\"dateModified\":\"2026-03-10T12:05:06+00:00\",\"mainEntityOfPage\":{\"@id\":\"https:\/\/pozirk.online\/en\/news\/110746\/\"},\"wordCount\":438,\"publisher\":{\"@id\":\"https:\/\/pozirk.online\/en\/#organization\"},\"image\":{\"@id\":\"https:\/\/pozirk.online\/en\/news\/110746\/#primaryimage\"},\"thumbnailUrl\":\"https:\/\/pozirk.online\/wp-content\/uploads\/2024\/01\/pozirk_color_blank_1128x752.jpg\",\"inLanguage\":\"en-US\"},{\"@type\":\"WebPage\",\"@id\":\"https:\/\/pozirk.online\/en\/news\/110746\/\",\"url\":\"https:\/\/pozirk.online\/en\/news\/110746\/\",\"name\":\"Reprisals: another journalist arrested | Pozirk\",\"isPartOf\":{\"@id\":\"https:\/\/pozirk.online\/en\/#website\"},\"primaryImageOfPage\":{\"@id\":\"https:\/\/pozirk.online\/en\/news\/110746\/#primaryimage\"},\"image\":{\"@id\":\"https:\/\/pozirk.online\/en\/news\/110746\/#primaryimage\"},\"thumbnailUrl\":\"https:\/\/pozirk.online\/wp-content\/uploads\/2024\/01\/pozirk_color_blank_1128x752.jpg\",\"datePublished\":\"2024-10-23T09:16:43+00:00\",\"dateModified\":\"2026-03-10T12:05:06+00:00\",\"description\":\"October 23, Pozirk. Armed riot police officers arrested journalist Ihar Ilja\u0161 on October 22 for interviews with independent media, according to a police\",\"breadcrumb\":{\"@id\":\"https:\/\/pozirk.online\/en\/news\/110746\/#breadcrumb\"},\"inLanguage\":\"en-US\",\"potentialAction\":[{\"@type\":\"ReadAction\",\"target\":[\"https:\/\/pozirk.online\/en\/news\/110746\/\"]}]},{\"@type\":\"ImageObject\",\"inLanguage\":\"en-US\",\"@id\":\"https:\/\/pozirk.online\/en\/news\/110746\/#primaryimage\",\"url\":\"https:\/\/pozirk.online\/wp-content\/uploads\/2024\/01\/pozirk_color_blank_1128x752.jpg\",\"contentUrl\":\"https:\/\/pozirk.online\/wp-content\/uploads\/2024\/01\/pozirk_color_blank_1128x752.jpg\",\"width\":1128,\"height\":752},{\"@type\":\"BreadcrumbList\",\"@id\":\"https:\/\/pozirk.online\/en\/news\/110746\/#breadcrumb\",\"itemListElement\":[{\"@type\":\"ListItem\",\"position\":1,\"name\":\"Home\",\"item\":\"https:\/\/pozirk.online\/en\/\"},{\"@type\":\"ListItem\",\"position\":2,\"name\":\"Reprisals: another journalist arrested\"}]},{\"@type\":\"WebSite\",\"@id\":\"https:\/\/pozirk.online\/en\/#website\",\"url\":\"https:\/\/pozirk.online\/en\/\",\"name\":\"Pozirk\",\"description\":\"\",\"publisher\":{\"@id\":\"https:\/\/pozirk.online\/en\/#organization\"},\"potentialAction\":[{\"@type\":\"SearchAction\",\"target\":{\"@type\":\"EntryPoint\",\"urlTemplate\":\"https:\/\/pozirk.online\/en\/?s={search_term_string}\"},\"query-input\":{\"@type\":\"PropertyValueSpecification\",\"valueRequired\":true,\"valueName\":\"search_term_string\"}}],\"inLanguage\":\"en-US\"},{\"@type\":\"Organization\",\"@id\":\"https:\/\/pozirk.online\/en\/#organization\",\"name\":\"Pozirk\",\"url\":\"https:\/\/pozirk.online\/en\/\",\"logo\":{\"@type\":\"ImageObject\",\"inLanguage\":\"en-US\",\"@id\":\"https:\/\/pozirk.online\/en\/#\/schema\/logo\/image\/\",\"url\":\"https:\/\/pozirk.online\/wp-content\/uploads\/2023\/11\/cropped-Logo_color_512.png\",\"contentUrl\":\"https:\/\/pozirk.online\/wp-content\/uploads\/2023\/11\/cropped-Logo_color_512.png\",\"width\":512,\"height\":512,\"caption\":\"Pozirk\"},\"image\":{\"@id\":\"https:\/\/pozirk.online\/en\/#\/schema\/logo\/image\/\"},\"sameAs\":[\"https:\/\/www.facebook.com\/pozirkonline\/\",\"https:\/\/x.com\/Pozirk_online\"]}]}<\/script>\n<!-- \/ Yoast SEO plugin. -->","yoast_head_json":{"title":"Reprisals: another journalist arrested | Pozirk","description":"October 23, Pozirk. Armed riot police officers arrested journalist Ihar Ilja\u0161 on October 22 for interviews with independent media, according to a police","robots":{"index":"index","follow":"follow","max-snippet":"max-snippet:-1","max-image-preview":"max-image-preview:large","max-video-preview":"max-video-preview:-1"},"canonical":"https:\/\/pozirk.online\/en\/news\/110746\/","og_locale":"en_US","og_type":"article","og_title":"Reprisals: another journalist arrested | Pozirk","og_description":"October 23, Pozirk. Armed riot police officers arrested journalist Ihar Ilja\u0161 on October 22 for interviews with independent media, according to a police","og_url":"https:\/\/pozirk.online\/en\/news\/110746\/","og_site_name":"Pozirk","article_publisher":"https:\/\/www.facebook.com\/pozirkonline\/","article_modified_time":"2026-03-10T12:05:06+00:00","og_image":[{"width":1128,"height":752,"url":"https:\/\/pozirk.online\/wp-content\/uploads\/2024\/01\/pozirk_color_blank_1128x752.jpg","type":"image\/jpeg"}],"twitter_card":"summary_large_image","twitter_site":"@Pozirk_online","twitter_misc":{"Est. reading time":"3 minutes"},"schema":{"@context":"https:\/\/schema.org","@graph":[{"@type":"NewsArticle","@id":"https:\/\/pozirk.online\/en\/news\/110746\/#article","isPartOf":{"@id":"https:\/\/pozirk.online\/en\/news\/110746\/"},"headline":"Reprisals: another journalist arrested","datePublished":"2024-10-23T09:16:43+00:00","dateModified":"2026-03-10T12:05:06+00:00","mainEntityOfPage":{"@id":"https:\/\/pozirk.online\/en\/news\/110746\/"},"wordCount":438,"publisher":{"@id":"https:\/\/pozirk.online\/en\/#organization"},"image":{"@id":"https:\/\/pozirk.online\/en\/news\/110746\/#primaryimage"},"thumbnailUrl":"https:\/\/pozirk.online\/wp-content\/uploads\/2024\/01\/pozirk_color_blank_1128x752.jpg","inLanguage":"en-US"},{"@type":"WebPage","@id":"https:\/\/pozirk.online\/en\/news\/110746\/","url":"https:\/\/pozirk.online\/en\/news\/110746\/","name":"Reprisals: another journalist arrested | Pozirk","isPartOf":{"@id":"https:\/\/pozirk.online\/en\/#website"},"primaryImageOfPage":{"@id":"https:\/\/pozirk.online\/en\/news\/110746\/#primaryimage"},"image":{"@id":"https:\/\/pozirk.online\/en\/news\/110746\/#primaryimage"},"thumbnailUrl":"https:\/\/pozirk.online\/wp-content\/uploads\/2024\/01\/pozirk_color_blank_1128x752.jpg","datePublished":"2024-10-23T09:16:43+00:00","dateModified":"2026-03-10T12:05:06+00:00","description":"October 23, Pozirk. Armed riot police officers arrested journalist Ihar Ilja\u0161 on October 22 for interviews with independent media, according to a police","breadcrumb":{"@id":"https:\/\/pozirk.online\/en\/news\/110746\/#breadcrumb"},"inLanguage":"en-US","potentialAction":[{"@type":"ReadAction","target":["https:\/\/pozirk.online\/en\/news\/110746\/"]}]},{"@type":"ImageObject","inLanguage":"en-US","@id":"https:\/\/pozirk.online\/en\/news\/110746\/#primaryimage","url":"https:\/\/pozirk.online\/wp-content\/uploads\/2024\/01\/pozirk_color_blank_1128x752.jpg","contentUrl":"https:\/\/pozirk.online\/wp-content\/uploads\/2024\/01\/pozirk_color_blank_1128x752.jpg","width":1128,"height":752},{"@type":"BreadcrumbList","@id":"https:\/\/pozirk.online\/en\/news\/110746\/#breadcrumb","itemListElement":[{"@type":"ListItem","position":1,"name":"Home","item":"https:\/\/pozirk.online\/en\/"},{"@type":"ListItem","position":2,"name":"Reprisals: another journalist arrested"}]},{"@type":"WebSite","@id":"https:\/\/pozirk.online\/en\/#website","url":"https:\/\/pozirk.online\/en\/","name":"Pozirk","description":"","publisher":{"@id":"https:\/\/pozirk.online\/en\/#organization"},"potentialAction":[{"@type":"SearchAction","target":{"@type":"EntryPoint","urlTemplate":"https:\/\/pozirk.online\/en\/?s={search_term_string}"},"query-input":{"@type":"PropertyValueSpecification","valueRequired":true,"valueName":"search_term_string"}}],"inLanguage":"en-US"},{"@type":"Organization","@id":"https:\/\/pozirk.online\/en\/#organization","name":"Pozirk","url":"https:\/\/pozirk.online\/en\/","logo":{"@type":"ImageObject","inLanguage":"en-US","@id":"https:\/\/pozirk.online\/en\/#\/schema\/logo\/image\/","url":"https:\/\/pozirk.online\/wp-content\/uploads\/2023\/11\/cropped-Logo_color_512.png","contentUrl":"https:\/\/pozirk.online\/wp-content\/uploads\/2023\/11\/cropped-Logo_color_512.png","width":512,"height":512,"caption":"Pozirk"},"image":{"@id":"https:\/\/pozirk.online\/en\/#\/schema\/logo\/image\/"},"sameAs":["https:\/\/www.facebook.com\/pozirkonline\/","https:\/\/x.com\/Pozirk_online"]}]}},"_links":{"self":[{"href":"https:\/\/pozirk.online\/en\/wp-json\/wp\/v2\/articles\/110746","targetHints":{"allow":["GET"]}}],"collection":[{"href":"https:\/\/pozirk.online\/en\/wp-json\/wp\/v2\/articles"}],"about":[{"href":"https:\/\/pozirk.online\/en\/wp-json\/wp\/v2\/types\/articles"}],"author":[{"embeddable":true,"href":"https:\/\/pozirk.online\/en\/wp-json\/wp\/v2\/users\/84"}],"wp:featuredmedia":[{"embeddable":true,"href":"https:\/\/pozirk.online\/en\/wp-json\/wp\/v2\/media\/63993"}],"wp:attachment":[{"href":"https:\/\/pozirk.online\/en\/wp-json\/wp\/v2\/media?parent=110746"}],"wp:term":[{"taxonomy":"rubric","embeddable":true,"href":"https:\/\/pozirk.online\/en\/wp-json\/wp\/v2\/rubric?post=110746"}],"curies":[{"name":"wp","href":"https:\/\/api.w.org\/{rel}","templated":true}]}}