{"id":1119,"date":"2023-08-30T12:59:00","date_gmt":"2023-08-30T09:59:00","guid":{"rendered":"https:\/\/api.pozirk.online\/?post_type=articles&#038;p=1119"},"modified":"2026-03-09T20:10:49","modified_gmt":"2026-03-09T20:10:49","slug":"ex-member-of-lukasenkas-death-squad-to-go-on-trial-in-switzerland","status":"publish","type":"articles","link":"https:\/\/pozirk.online\/en\/news\/1119\/","title":{"rendered":"Ex-member of \u0141uka\u0161enka&#8217;s death squad to go on trial in Switzerland"},"content":{"rendered":"\n<p><strong>August 30,&nbsp;<em>BPN<\/em>.<\/strong>&nbsp;Juryj Hara\u016dski, a former member of the Belarusian interior ministry&#8217;s Special Rapid Response Unit, will go on trial in St. Gallen, Switzerland, on September 19, the International Federation for Human Rights (FIDH)&nbsp;<a href=\"https:\/\/www.fidh.org\/en\/region\/europe-central-asia\/belarus\/accountability-for-enforced-disappearances-in-belarus-former-member\" target=\"_blank\" rel=\"nofollow\">reports<\/a>.<\/p>\n\n\n\n<p>&#8220;With this first ever prosecution of an alleged member of \u0141uka\u0161enka&#8217;s hit squad we are sending a strong signal,&#8221; said Pavie\u0142 Sapie\u0142ka of the Viasna Human Rights Center. &#8220;Justice for international crimes can and will be delivered, regardless of state borders or time elapsed since the crimes have been committed.&#8221;<\/p>\n\n\n\n<p>Judicial systems start using the principle of universal jurisdiction to prevent impunity for international criminals, he stressed.<\/p>\n\n\n\n<p>The case marks a &#8220;decisive step forward in the fight against impunity for the crimes committed in Belarus,&#8221; said Severin Walz, the attorney at law representing the victims\u2019 families.<\/p>\n\n\n\n<p>In 2019, media reported that Hara\u016dski admitted to being a member of a death squad that allegedly abducted and killed former Interior Minister Juryj Zacharanka, businessman Anatol Kraso\u016dski and opposition politician Viktar Han\u010dar in 1999.<\/p>\n\n\n\n<p>Hara\u016dski has been living in Switzerland since October 2018.<\/p>\n\n\n\n<p>Zacharanka, Kraso\u016dski and Han\u010dar disappeared between May and December 1999.<\/p>\n\n\n\n<p>The families of the victims made numerous attempts to obtain information on the whereabouts of their relatives. However, law enforcement authorities in Belarus systematically refused to prosecute perpetrators and to hold them accountable.<\/p>\n","protected":false},"excerpt":{"rendered":"<p>August 30,&nbsp;BPN.&nbsp;Juryj Hara\u016dski, a former member of the Belarusian interior ministry&#8217;s Special Rapid Response Unit, will go on trial in St. Gallen, Switzerland, on September 19, the International Federation for Human Rights (FIDH)&nbsp;reports. &#8220;With this first ever prosecution of an alleged member of \u0141uka\u0161enka&#8217;s hit squad we are sending a strong signal,&#8221; said Pavie\u0142 Sapie\u0142ka [&hellip;]<\/p>\n","protected":false},"author":83,"featured_media":0,"template":"","rubric":[30],"class_list":["post-1119","articles","type-articles","status-publish","hentry","rubric-security"],"acf":[],"yoast_head":"<!-- This site is optimized with the Yoast SEO plugin v25.5 - https:\/\/yoast.com\/wordpress\/plugins\/seo\/ -->\n<title>Ex-member of \u0141uka\u0161enka&#039;s death squad to go on trial in Switzerland | Pozirk<\/title>\n<meta name=\"description\" content=\"August 30,&nbsp;BPN.&nbsp;Juryj Hara\u016dski, a former member of the Belarusian interior ministry&#039;s Special Rapid Response Unit, will go on trial in St.\" \/>\n<meta name=\"robots\" content=\"index, follow, max-snippet:-1, max-image-preview:large, max-video-preview:-1\" \/>\n<link rel=\"canonical\" href=\"https:\/\/pozirk.online\/en\/news\/1119\/\" \/>\n<meta property=\"og:locale\" content=\"en_US\" \/>\n<meta property=\"og:type\" content=\"article\" \/>\n<meta property=\"og:title\" content=\"Ex-member of \u0141uka\u0161enka&#039;s death squad to go on trial in Switzerland | Pozirk\" \/>\n<meta property=\"og:description\" content=\"August 30,&nbsp;BPN.&nbsp;Juryj Hara\u016dski, a former member of the Belarusian interior ministry&#039;s Special Rapid Response Unit, will go on trial in St.\" \/>\n<meta property=\"og:url\" content=\"https:\/\/pozirk.online\/en\/news\/1119\/\" \/>\n<meta property=\"og:site_name\" content=\"Pozirk\" \/>\n<meta property=\"article:publisher\" content=\"https:\/\/www.facebook.com\/pozirkonline\/\" \/>\n<meta property=\"article:modified_time\" content=\"2026-03-09T20:10:49+00:00\" \/>\n<meta name=\"twitter:card\" content=\"summary_large_image\" \/>\n<meta name=\"twitter:site\" content=\"@Pozirk_online\" \/>\n<meta name=\"twitter:label1\" content=\"Est. reading time\" \/>\n\t<meta name=\"twitter:data1\" content=\"1 minute\" \/>\n<script type=\"application\/ld+json\" class=\"yoast-schema-graph\">{\"@context\":\"https:\/\/schema.org\",\"@graph\":[{\"@type\":\"NewsArticle\",\"@id\":\"https:\/\/pozirk.online\/en\/news\/1119\/#article\",\"isPartOf\":{\"@id\":\"https:\/\/pozirk.online\/en\/news\/1119\/\"},\"headline\":\"Ex-member of \u0141uka\u0161enka&#8217;s death squad to go on trial in Switzerland\",\"datePublished\":\"2023-08-30T09:59:00+00:00\",\"dateModified\":\"2026-03-09T20:10:49+00:00\",\"mainEntityOfPage\":{\"@id\":\"https:\/\/pozirk.online\/en\/news\/1119\/\"},\"wordCount\":240,\"publisher\":{\"@id\":\"https:\/\/pozirk.online\/en\/#organization\"},\"inLanguage\":\"en-US\"},{\"@type\":\"WebPage\",\"@id\":\"https:\/\/pozirk.online\/en\/news\/1119\/\",\"url\":\"https:\/\/pozirk.online\/en\/news\/1119\/\",\"name\":\"Ex-member of \u0141uka\u0161enka's death squad to go on trial in Switzerland | Pozirk\",\"isPartOf\":{\"@id\":\"https:\/\/pozirk.online\/en\/#website\"},\"datePublished\":\"2023-08-30T09:59:00+00:00\",\"dateModified\":\"2026-03-09T20:10:49+00:00\",\"description\":\"August 30,&nbsp;BPN.&nbsp;Juryj Hara\u016dski, a former member of the Belarusian interior ministry's Special Rapid Response Unit, will go on trial in St.\",\"breadcrumb\":{\"@id\":\"https:\/\/pozirk.online\/en\/news\/1119\/#breadcrumb\"},\"inLanguage\":\"en-US\",\"potentialAction\":[{\"@type\":\"ReadAction\",\"target\":[\"https:\/\/pozirk.online\/en\/news\/1119\/\"]}]},{\"@type\":\"BreadcrumbList\",\"@id\":\"https:\/\/pozirk.online\/en\/news\/1119\/#breadcrumb\",\"itemListElement\":[{\"@type\":\"ListItem\",\"position\":1,\"name\":\"Home\",\"item\":\"https:\/\/pozirk.online\/en\/\"},{\"@type\":\"ListItem\",\"position\":2,\"name\":\"Ex-member of \u0141uka\u0161enka&#8217;s death squad to go on trial in Switzerland\"}]},{\"@type\":\"WebSite\",\"@id\":\"https:\/\/pozirk.online\/en\/#website\",\"url\":\"https:\/\/pozirk.online\/en\/\",\"name\":\"Pozirk\",\"description\":\"\",\"publisher\":{\"@id\":\"https:\/\/pozirk.online\/en\/#organization\"},\"potentialAction\":[{\"@type\":\"SearchAction\",\"target\":{\"@type\":\"EntryPoint\",\"urlTemplate\":\"https:\/\/pozirk.online\/en\/?s={search_term_string}\"},\"query-input\":{\"@type\":\"PropertyValueSpecification\",\"valueRequired\":true,\"valueName\":\"search_term_string\"}}],\"inLanguage\":\"en-US\"},{\"@type\":\"Organization\",\"@id\":\"https:\/\/pozirk.online\/en\/#organization\",\"name\":\"Pozirk\",\"url\":\"https:\/\/pozirk.online\/en\/\",\"logo\":{\"@type\":\"ImageObject\",\"inLanguage\":\"en-US\",\"@id\":\"https:\/\/pozirk.online\/en\/#\/schema\/logo\/image\/\",\"url\":\"https:\/\/pozirk.online\/wp-content\/uploads\/2023\/11\/cropped-Logo_color_512.png\",\"contentUrl\":\"https:\/\/pozirk.online\/wp-content\/uploads\/2023\/11\/cropped-Logo_color_512.png\",\"width\":512,\"height\":512,\"caption\":\"Pozirk\"},\"image\":{\"@id\":\"https:\/\/pozirk.online\/en\/#\/schema\/logo\/image\/\"},\"sameAs\":[\"https:\/\/www.facebook.com\/pozirkonline\/\",\"https:\/\/x.com\/Pozirk_online\"]}]}<\/script>\n<!-- \/ Yoast SEO plugin. -->","yoast_head_json":{"title":"Ex-member of \u0141uka\u0161enka's death squad to go on trial in Switzerland | Pozirk","description":"August 30,&nbsp;BPN.&nbsp;Juryj Hara\u016dski, a former member of the Belarusian interior ministry's Special Rapid Response Unit, will go on trial in St.","robots":{"index":"index","follow":"follow","max-snippet":"max-snippet:-1","max-image-preview":"max-image-preview:large","max-video-preview":"max-video-preview:-1"},"canonical":"https:\/\/pozirk.online\/en\/news\/1119\/","og_locale":"en_US","og_type":"article","og_title":"Ex-member of \u0141uka\u0161enka's death squad to go on trial in Switzerland | Pozirk","og_description":"August 30,&nbsp;BPN.&nbsp;Juryj Hara\u016dski, a former member of the Belarusian interior ministry's Special Rapid Response Unit, will go on trial in St.","og_url":"https:\/\/pozirk.online\/en\/news\/1119\/","og_site_name":"Pozirk","article_publisher":"https:\/\/www.facebook.com\/pozirkonline\/","article_modified_time":"2026-03-09T20:10:49+00:00","twitter_card":"summary_large_image","twitter_site":"@Pozirk_online","twitter_misc":{"Est. reading time":"1 minute"},"schema":{"@context":"https:\/\/schema.org","@graph":[{"@type":"NewsArticle","@id":"https:\/\/pozirk.online\/en\/news\/1119\/#article","isPartOf":{"@id":"https:\/\/pozirk.online\/en\/news\/1119\/"},"headline":"Ex-member of \u0141uka\u0161enka&#8217;s death squad to go on trial in Switzerland","datePublished":"2023-08-30T09:59:00+00:00","dateModified":"2026-03-09T20:10:49+00:00","mainEntityOfPage":{"@id":"https:\/\/pozirk.online\/en\/news\/1119\/"},"wordCount":240,"publisher":{"@id":"https:\/\/pozirk.online\/en\/#organization"},"inLanguage":"en-US"},{"@type":"WebPage","@id":"https:\/\/pozirk.online\/en\/news\/1119\/","url":"https:\/\/pozirk.online\/en\/news\/1119\/","name":"Ex-member of \u0141uka\u0161enka's death squad to go on trial in Switzerland | Pozirk","isPartOf":{"@id":"https:\/\/pozirk.online\/en\/#website"},"datePublished":"2023-08-30T09:59:00+00:00","dateModified":"2026-03-09T20:10:49+00:00","description":"August 30,&nbsp;BPN.&nbsp;Juryj Hara\u016dski, a former member of the Belarusian interior ministry's Special Rapid Response Unit, will go on trial in St.","breadcrumb":{"@id":"https:\/\/pozirk.online\/en\/news\/1119\/#breadcrumb"},"inLanguage":"en-US","potentialAction":[{"@type":"ReadAction","target":["https:\/\/pozirk.online\/en\/news\/1119\/"]}]},{"@type":"BreadcrumbList","@id":"https:\/\/pozirk.online\/en\/news\/1119\/#breadcrumb","itemListElement":[{"@type":"ListItem","position":1,"name":"Home","item":"https:\/\/pozirk.online\/en\/"},{"@type":"ListItem","position":2,"name":"Ex-member of \u0141uka\u0161enka&#8217;s death squad to go on trial in Switzerland"}]},{"@type":"WebSite","@id":"https:\/\/pozirk.online\/en\/#website","url":"https:\/\/pozirk.online\/en\/","name":"Pozirk","description":"","publisher":{"@id":"https:\/\/pozirk.online\/en\/#organization"},"potentialAction":[{"@type":"SearchAction","target":{"@type":"EntryPoint","urlTemplate":"https:\/\/pozirk.online\/en\/?s={search_term_string}"},"query-input":{"@type":"PropertyValueSpecification","valueRequired":true,"valueName":"search_term_string"}}],"inLanguage":"en-US"},{"@type":"Organization","@id":"https:\/\/pozirk.online\/en\/#organization","name":"Pozirk","url":"https:\/\/pozirk.online\/en\/","logo":{"@type":"ImageObject","inLanguage":"en-US","@id":"https:\/\/pozirk.online\/en\/#\/schema\/logo\/image\/","url":"https:\/\/pozirk.online\/wp-content\/uploads\/2023\/11\/cropped-Logo_color_512.png","contentUrl":"https:\/\/pozirk.online\/wp-content\/uploads\/2023\/11\/cropped-Logo_color_512.png","width":512,"height":512,"caption":"Pozirk"},"image":{"@id":"https:\/\/pozirk.online\/en\/#\/schema\/logo\/image\/"},"sameAs":["https:\/\/www.facebook.com\/pozirkonline\/","https:\/\/x.com\/Pozirk_online"]}]}},"_links":{"self":[{"href":"https:\/\/pozirk.online\/en\/wp-json\/wp\/v2\/articles\/1119","targetHints":{"allow":["GET"]}}],"collection":[{"href":"https:\/\/pozirk.online\/en\/wp-json\/wp\/v2\/articles"}],"about":[{"href":"https:\/\/pozirk.online\/en\/wp-json\/wp\/v2\/types\/articles"}],"author":[{"embeddable":true,"href":"https:\/\/pozirk.online\/en\/wp-json\/wp\/v2\/users\/83"}],"wp:attachment":[{"href":"https:\/\/pozirk.online\/en\/wp-json\/wp\/v2\/media?parent=1119"}],"wp:term":[{"taxonomy":"rubric","embeddable":true,"href":"https:\/\/pozirk.online\/en\/wp-json\/wp\/v2\/rubric?post=1119"}],"curies":[{"name":"wp","href":"https:\/\/api.w.org\/{rel}","templated":true}]}}