{"id":112704,"date":"2024-11-05T20:56:01","date_gmt":"2024-11-05T17:56:01","guid":{"rendered":"https:\/\/pozirk.online\/en\/news\/112704\/"},"modified":"2026-02-24T20:40:57","modified_gmt":"2026-02-24T20:40:57","slug":"over-dozen-people-declared-political-prisoners","status":"publish","type":"articles","link":"https:\/\/pozirk.online\/en\/news\/112704\/","title":{"rendered":"Over dozen people declared political prisoners"},"content":{"rendered":"\n<figure class=\"block-image block-image-normal\">\n\n  <img decoding=\"async\" width=\"775\" height=\"550\" src=\"https:\/\/pozirk.online\/wp-content\/uploads\/2024\/05\/repressii_pixabay.jpg\" class=\"attachment-full size-full\" alt=\"\" srcset=\"https:\/\/pozirk.online\/wp-content\/uploads\/2024\/05\/repressii_pixabay.jpg 775w, https:\/\/pozirk.online\/wp-content\/uploads\/2024\/05\/repressii_pixabay-333x236.jpg 333w, https:\/\/pozirk.online\/wp-content\/uploads\/2024\/05\/repressii_pixabay-690x490.jpg 690w, https:\/\/pozirk.online\/wp-content\/uploads\/2024\/05\/repressii_pixabay-768x545.jpg 768w\" sizes=\"(max-width: 775px) 100vw, 775px\" \/>\n  <figcaption>\n  \n       <div class=\"block-image__author\">\n                <span>(pixabay.com)<\/span>\n    <\/div>\n     <\/figcaption>\n<\/figure>\n\n\n\n<p><strong>November 5, <em>Pozirk.<\/em><\/strong> Human rights defenders have designated 14 people as political prisoners, bringing the total to 1,312, the Viasna Human Rights Center reported.<\/p>\n\n\n\n<p>It named Anatol \u010curyka\u016d, Illa \u0141uka\u0161enka, Piotra Kavalo\u016d, Valer Maroz, Siarhiej Piatru\u010dyk, Andrej Kar\u010daha, \u0179micier Bu\u0142ana\u016d, Ja\u016dhien By\u010dko, Alaksandar Klima\u0161evi\u010d, Siarhiej Ni\u010dyparuk, Alaksandar Martysievi\u010d, Anastasija Fo\u015bcij, \u0179micier \u0160\u010derba and Alaksandar \u0160ukaj\u0142a.<\/p>\n\n\n\n<p>All 14 were persecuted for taking part in protests.<\/p>\n\n\n\n<p>The Biaroza District Court in the Brest region sentenced \u010curyka\u016d and \u0141uka\u0161enka to unknown prison terms. The sentences of Martysievi\u010d and \u0160\u010derba are also unclear.<\/p>\n\n\n\n<p>The Minsk Leninski District Court sentenced Kavalo\u016d to two years behind bars.<\/p>\n\n\n\n<p>The Va\u016dkavysk District Court in the Hrodna region sentenced \u0160ukaj\u0142a to restricted freedom in an open-type corrective institution.<\/p>\n\n\n\n<p>There is no public information about Fo\u015bcij.<\/p>\n\n\n\n<p>In October 2024, Kar\u010daha, Piatru\u010dyk, Bu\u0142ana\u016d, Maroz and Ni\u010dyparuk were sentenced to 1.5 years in prison each for participating in the August 10, 2020, protest rally in Brest. By\u010dko and Klima\u0161evi\u010d, to a year each.<\/p>\n\n\n\n<p>Human rights defenders know of at least 77 people convicted of rioting for protest rallies in Brest. After a brief lull at the end of 2023, new arrests began in connection with the protests, but under a different charge: violent disorder. At least 67 people have since been convicted of this crime.<\/p>\n\n\n\n<p>The human rights activists noted that the right to peaceful assembly was guaranteed by Article 21 of the International Covenant on Civil and Political Rights. &#8220;No restrictions may be placed on the exercise of this right other than those imposed in conformity with the law and which are necessary in a democratic society in the interests of national security or public safety, public order (ordre public), the protection of public health or morals or the protection of the rights and freedoms of others,&#8221; the article says.<\/p>\n\n\n\n<p>The activists demanded freedom for these and all other political prisoners and an end to reprisals.<\/p>\n\n\n\n<p>The statement was signed by Viasna, the Belarusian Helsinki Committee, Pravavaja Inicyjatyva, the Belarusian Association of Journalists, Lawtrend, Human Constanta, and Belarusian PEN.<\/p>\n\n\n\n<div class=\"insert-block\">\n\n    <div class=\"insert-block__img\">\n        <img decoding=\"async\" width=\"354\" height=\"236\" src=\"https:\/\/pozirk.online\/wp-content\/uploads\/2024\/09\/oon_newyorkgid_com-354x236.jpg\" class=\"attachment-medium size-medium\" alt=\"\" srcset=\"https:\/\/pozirk.online\/wp-content\/uploads\/2024\/09\/oon_newyorkgid_com-354x236.jpg 354w, https:\/\/pozirk.online\/wp-content\/uploads\/2024\/09\/oon_newyorkgid_com-734x490.jpg 734w, https:\/\/pozirk.online\/wp-content\/uploads\/2024\/09\/oon_newyorkgid_com-178x118.jpg 178w, https:\/\/pozirk.online\/wp-content\/uploads\/2024\/09\/oon_newyorkgid_com-768x512.jpg 768w, https:\/\/pozirk.online\/wp-content\/uploads\/2024\/09\/oon_newyorkgid_com.jpg 1000w\" sizes=\"(max-width: 354px) 100vw, 354px\" \/>                        <label class=\"insert-block__tag--mobile\"> Politics<\/label>\n\n                <\/div>\n    <div class=\"insert-block__text\">\n                    <label class=\"insert-block__tag\">Politics<\/label>\n                <h3 class=\"insert-block__title\">UN experts concerned over reports of ill-treatment in Belarusian prisons<\/h3>\n        <div class=\"insert-block__descr\">November 1, Pozirk. A group of United Nations experts sent another appeal to the authorities in Minsk yesterday, expressing concerns over continuing reports of ill-treatment of jailed regime critics in Belarusian prisons, the UN Human Rights Office reports. They noted &#8230;<\/div>\n        <a class=\"insert-block__btn-block\" href=\"\/en\/news\/112313\">\n            <button class=\"btn\">\n                <div class='btn__text'>Read the article<\/div>\n            <\/button>\n        <\/a>\n    <\/div>\n<\/div>","protected":false},"excerpt":{"rendered":"<p>November 5, Pozirk. Human rights defenders have designated 14 people as political prisoners, bringing the total to 1,312, the Viasna Human Rights Center reported. It named Anatol \u010curyka\u016d, Illa \u0141uka\u0161enka, Piotra Kavalo\u016d, Valer Maroz, Siarhiej Piatru\u010dyk, Andrej Kar\u010daha, \u0179micier Bu\u0142ana\u016d, Ja\u016dhien By\u010dko, Alaksandar Klima\u0161evi\u010d, Siarhiej Ni\u010dyparuk, Alaksandar Martysievi\u010d, Anastasija Fo\u015bcij, \u0179micier \u0160\u010derba and Alaksandar \u0160ukaj\u0142a. [&hellip;]<\/p>\n","protected":false},"author":75,"featured_media":87832,"template":"","rubric":[16],"class_list":["post-112704","articles","type-articles","status-publish","has-post-thumbnail","hentry","rubric-politics"],"acf":[],"yoast_head":"<!-- This site is optimized with the Yoast SEO plugin v25.5 - https:\/\/yoast.com\/wordpress\/plugins\/seo\/ -->\n<title>Over dozen people declared political prisoners | Pozirk<\/title>\n<meta name=\"description\" content=\"November 5, Pozirk. Human rights defenders have designated 14 people as political prisoners, bringing the total to 1,312, the Viasna Human Rights Center\" \/>\n<meta name=\"robots\" content=\"index, follow, max-snippet:-1, max-image-preview:large, max-video-preview:-1\" \/>\n<link rel=\"canonical\" href=\"https:\/\/pozirk.online\/en\/news\/112704\/\" \/>\n<meta property=\"og:locale\" content=\"en_US\" \/>\n<meta property=\"og:type\" content=\"article\" \/>\n<meta property=\"og:title\" content=\"Over dozen people declared political prisoners | Pozirk\" \/>\n<meta property=\"og:description\" content=\"November 5, Pozirk. Human rights defenders have designated 14 people as political prisoners, bringing the total to 1,312, the Viasna Human Rights Center\" \/>\n<meta property=\"og:url\" content=\"https:\/\/pozirk.online\/en\/news\/112704\/\" \/>\n<meta property=\"og:site_name\" content=\"Pozirk\" \/>\n<meta property=\"article:publisher\" content=\"https:\/\/www.facebook.com\/pozirkonline\/\" \/>\n<meta property=\"article:modified_time\" content=\"2026-02-24T20:40:57+00:00\" \/>\n<meta property=\"og:image\" content=\"https:\/\/pozirk.online\/wp-content\/uploads\/2024\/05\/repressii_pixabay.jpg\" \/>\n\t<meta property=\"og:image:width\" content=\"775\" \/>\n\t<meta property=\"og:image:height\" content=\"550\" \/>\n\t<meta property=\"og:image:type\" content=\"image\/jpeg\" \/>\n<meta name=\"twitter:card\" content=\"summary_large_image\" \/>\n<meta name=\"twitter:site\" content=\"@Pozirk_online\" \/>\n<meta name=\"twitter:label1\" content=\"Est. reading time\" \/>\n\t<meta name=\"twitter:data1\" content=\"3 minutes\" \/>\n<script type=\"application\/ld+json\" class=\"yoast-schema-graph\">{\"@context\":\"https:\/\/schema.org\",\"@graph\":[{\"@type\":\"NewsArticle\",\"@id\":\"https:\/\/pozirk.online\/en\/news\/112704\/#article\",\"isPartOf\":{\"@id\":\"https:\/\/pozirk.online\/en\/news\/112704\/\"},\"headline\":\"Over dozen people declared political prisoners\",\"datePublished\":\"2024-11-05T17:56:01+00:00\",\"dateModified\":\"2026-02-24T20:40:57+00:00\",\"mainEntityOfPage\":{\"@id\":\"https:\/\/pozirk.online\/en\/news\/112704\/\"},\"wordCount\":352,\"publisher\":{\"@id\":\"https:\/\/pozirk.online\/en\/#organization\"},\"image\":{\"@id\":\"https:\/\/pozirk.online\/en\/news\/112704\/#primaryimage\"},\"thumbnailUrl\":\"https:\/\/pozirk.online\/wp-content\/uploads\/2024\/05\/repressii_pixabay.jpg\",\"inLanguage\":\"en-US\"},{\"@type\":\"WebPage\",\"@id\":\"https:\/\/pozirk.online\/en\/news\/112704\/\",\"url\":\"https:\/\/pozirk.online\/en\/news\/112704\/\",\"name\":\"Over dozen people declared political prisoners | Pozirk\",\"isPartOf\":{\"@id\":\"https:\/\/pozirk.online\/en\/#website\"},\"primaryImageOfPage\":{\"@id\":\"https:\/\/pozirk.online\/en\/news\/112704\/#primaryimage\"},\"image\":{\"@id\":\"https:\/\/pozirk.online\/en\/news\/112704\/#primaryimage\"},\"thumbnailUrl\":\"https:\/\/pozirk.online\/wp-content\/uploads\/2024\/05\/repressii_pixabay.jpg\",\"datePublished\":\"2024-11-05T17:56:01+00:00\",\"dateModified\":\"2026-02-24T20:40:57+00:00\",\"description\":\"November 5, Pozirk. Human rights defenders have designated 14 people as political prisoners, bringing the total to 1,312, the Viasna Human Rights Center\",\"breadcrumb\":{\"@id\":\"https:\/\/pozirk.online\/en\/news\/112704\/#breadcrumb\"},\"inLanguage\":\"en-US\",\"potentialAction\":[{\"@type\":\"ReadAction\",\"target\":[\"https:\/\/pozirk.online\/en\/news\/112704\/\"]}]},{\"@type\":\"ImageObject\",\"inLanguage\":\"en-US\",\"@id\":\"https:\/\/pozirk.online\/en\/news\/112704\/#primaryimage\",\"url\":\"https:\/\/pozirk.online\/wp-content\/uploads\/2024\/05\/repressii_pixabay.jpg\",\"contentUrl\":\"https:\/\/pozirk.online\/wp-content\/uploads\/2024\/05\/repressii_pixabay.jpg\",\"width\":775,\"height\":550},{\"@type\":\"BreadcrumbList\",\"@id\":\"https:\/\/pozirk.online\/en\/news\/112704\/#breadcrumb\",\"itemListElement\":[{\"@type\":\"ListItem\",\"position\":1,\"name\":\"Home\",\"item\":\"https:\/\/pozirk.online\/en\/\"},{\"@type\":\"ListItem\",\"position\":2,\"name\":\"Over dozen people declared political prisoners\"}]},{\"@type\":\"WebSite\",\"@id\":\"https:\/\/pozirk.online\/en\/#website\",\"url\":\"https:\/\/pozirk.online\/en\/\",\"name\":\"Pozirk\",\"description\":\"\",\"publisher\":{\"@id\":\"https:\/\/pozirk.online\/en\/#organization\"},\"potentialAction\":[{\"@type\":\"SearchAction\",\"target\":{\"@type\":\"EntryPoint\",\"urlTemplate\":\"https:\/\/pozirk.online\/en\/?s={search_term_string}\"},\"query-input\":{\"@type\":\"PropertyValueSpecification\",\"valueRequired\":true,\"valueName\":\"search_term_string\"}}],\"inLanguage\":\"en-US\"},{\"@type\":\"Organization\",\"@id\":\"https:\/\/pozirk.online\/en\/#organization\",\"name\":\"Pozirk\",\"url\":\"https:\/\/pozirk.online\/en\/\",\"logo\":{\"@type\":\"ImageObject\",\"inLanguage\":\"en-US\",\"@id\":\"https:\/\/pozirk.online\/en\/#\/schema\/logo\/image\/\",\"url\":\"https:\/\/pozirk.online\/wp-content\/uploads\/2023\/11\/cropped-Logo_color_512.png\",\"contentUrl\":\"https:\/\/pozirk.online\/wp-content\/uploads\/2023\/11\/cropped-Logo_color_512.png\",\"width\":512,\"height\":512,\"caption\":\"Pozirk\"},\"image\":{\"@id\":\"https:\/\/pozirk.online\/en\/#\/schema\/logo\/image\/\"},\"sameAs\":[\"https:\/\/www.facebook.com\/pozirkonline\/\",\"https:\/\/x.com\/Pozirk_online\"]}]}<\/script>\n<!-- \/ Yoast SEO plugin. -->","yoast_head_json":{"title":"Over dozen people declared political prisoners | Pozirk","description":"November 5, Pozirk. Human rights defenders have designated 14 people as political prisoners, bringing the total to 1,312, the Viasna Human Rights Center","robots":{"index":"index","follow":"follow","max-snippet":"max-snippet:-1","max-image-preview":"max-image-preview:large","max-video-preview":"max-video-preview:-1"},"canonical":"https:\/\/pozirk.online\/en\/news\/112704\/","og_locale":"en_US","og_type":"article","og_title":"Over dozen people declared political prisoners | Pozirk","og_description":"November 5, Pozirk. Human rights defenders have designated 14 people as political prisoners, bringing the total to 1,312, the Viasna Human Rights Center","og_url":"https:\/\/pozirk.online\/en\/news\/112704\/","og_site_name":"Pozirk","article_publisher":"https:\/\/www.facebook.com\/pozirkonline\/","article_modified_time":"2026-02-24T20:40:57+00:00","og_image":[{"width":775,"height":550,"url":"https:\/\/pozirk.online\/wp-content\/uploads\/2024\/05\/repressii_pixabay.jpg","type":"image\/jpeg"}],"twitter_card":"summary_large_image","twitter_site":"@Pozirk_online","twitter_misc":{"Est. reading time":"3 minutes"},"schema":{"@context":"https:\/\/schema.org","@graph":[{"@type":"NewsArticle","@id":"https:\/\/pozirk.online\/en\/news\/112704\/#article","isPartOf":{"@id":"https:\/\/pozirk.online\/en\/news\/112704\/"},"headline":"Over dozen people declared political prisoners","datePublished":"2024-11-05T17:56:01+00:00","dateModified":"2026-02-24T20:40:57+00:00","mainEntityOfPage":{"@id":"https:\/\/pozirk.online\/en\/news\/112704\/"},"wordCount":352,"publisher":{"@id":"https:\/\/pozirk.online\/en\/#organization"},"image":{"@id":"https:\/\/pozirk.online\/en\/news\/112704\/#primaryimage"},"thumbnailUrl":"https:\/\/pozirk.online\/wp-content\/uploads\/2024\/05\/repressii_pixabay.jpg","inLanguage":"en-US"},{"@type":"WebPage","@id":"https:\/\/pozirk.online\/en\/news\/112704\/","url":"https:\/\/pozirk.online\/en\/news\/112704\/","name":"Over dozen people declared political prisoners | Pozirk","isPartOf":{"@id":"https:\/\/pozirk.online\/en\/#website"},"primaryImageOfPage":{"@id":"https:\/\/pozirk.online\/en\/news\/112704\/#primaryimage"},"image":{"@id":"https:\/\/pozirk.online\/en\/news\/112704\/#primaryimage"},"thumbnailUrl":"https:\/\/pozirk.online\/wp-content\/uploads\/2024\/05\/repressii_pixabay.jpg","datePublished":"2024-11-05T17:56:01+00:00","dateModified":"2026-02-24T20:40:57+00:00","description":"November 5, Pozirk. Human rights defenders have designated 14 people as political prisoners, bringing the total to 1,312, the Viasna Human Rights Center","breadcrumb":{"@id":"https:\/\/pozirk.online\/en\/news\/112704\/#breadcrumb"},"inLanguage":"en-US","potentialAction":[{"@type":"ReadAction","target":["https:\/\/pozirk.online\/en\/news\/112704\/"]}]},{"@type":"ImageObject","inLanguage":"en-US","@id":"https:\/\/pozirk.online\/en\/news\/112704\/#primaryimage","url":"https:\/\/pozirk.online\/wp-content\/uploads\/2024\/05\/repressii_pixabay.jpg","contentUrl":"https:\/\/pozirk.online\/wp-content\/uploads\/2024\/05\/repressii_pixabay.jpg","width":775,"height":550},{"@type":"BreadcrumbList","@id":"https:\/\/pozirk.online\/en\/news\/112704\/#breadcrumb","itemListElement":[{"@type":"ListItem","position":1,"name":"Home","item":"https:\/\/pozirk.online\/en\/"},{"@type":"ListItem","position":2,"name":"Over dozen people declared political prisoners"}]},{"@type":"WebSite","@id":"https:\/\/pozirk.online\/en\/#website","url":"https:\/\/pozirk.online\/en\/","name":"Pozirk","description":"","publisher":{"@id":"https:\/\/pozirk.online\/en\/#organization"},"potentialAction":[{"@type":"SearchAction","target":{"@type":"EntryPoint","urlTemplate":"https:\/\/pozirk.online\/en\/?s={search_term_string}"},"query-input":{"@type":"PropertyValueSpecification","valueRequired":true,"valueName":"search_term_string"}}],"inLanguage":"en-US"},{"@type":"Organization","@id":"https:\/\/pozirk.online\/en\/#organization","name":"Pozirk","url":"https:\/\/pozirk.online\/en\/","logo":{"@type":"ImageObject","inLanguage":"en-US","@id":"https:\/\/pozirk.online\/en\/#\/schema\/logo\/image\/","url":"https:\/\/pozirk.online\/wp-content\/uploads\/2023\/11\/cropped-Logo_color_512.png","contentUrl":"https:\/\/pozirk.online\/wp-content\/uploads\/2023\/11\/cropped-Logo_color_512.png","width":512,"height":512,"caption":"Pozirk"},"image":{"@id":"https:\/\/pozirk.online\/en\/#\/schema\/logo\/image\/"},"sameAs":["https:\/\/www.facebook.com\/pozirkonline\/","https:\/\/x.com\/Pozirk_online"]}]}},"_links":{"self":[{"href":"https:\/\/pozirk.online\/en\/wp-json\/wp\/v2\/articles\/112704","targetHints":{"allow":["GET"]}}],"collection":[{"href":"https:\/\/pozirk.online\/en\/wp-json\/wp\/v2\/articles"}],"about":[{"href":"https:\/\/pozirk.online\/en\/wp-json\/wp\/v2\/types\/articles"}],"author":[{"embeddable":true,"href":"https:\/\/pozirk.online\/en\/wp-json\/wp\/v2\/users\/75"}],"wp:featuredmedia":[{"embeddable":true,"href":"https:\/\/pozirk.online\/en\/wp-json\/wp\/v2\/media\/87832"}],"wp:attachment":[{"href":"https:\/\/pozirk.online\/en\/wp-json\/wp\/v2\/media?parent=112704"}],"wp:term":[{"taxonomy":"rubric","embeddable":true,"href":"https:\/\/pozirk.online\/en\/wp-json\/wp\/v2\/rubric?post=112704"}],"curies":[{"name":"wp","href":"https:\/\/api.w.org\/{rel}","templated":true}]}}