{"id":113726,"date":"2024-11-14T12:26:43","date_gmt":"2024-11-14T09:26:43","guid":{"rendered":"https:\/\/pozirk.online\/en\/news\/113726\/"},"modified":"2026-03-09T20:10:49","modified_gmt":"2026-03-09T20:10:49","slug":"opposition-leader-to-meet-estonias-top-politicians-next-week","status":"publish","type":"articles","link":"https:\/\/pozirk.online\/en\/news\/113726\/","title":{"rendered":"Opposition leader to meet Estonia&#8217;s top politicians next week"},"content":{"rendered":"\n<p><strong>November 14, <em>Pozirk<\/em>.<\/strong> Belarusian opposition leader \u015aviat\u0142ana Cichano\u016dskaja will meet Foreign Minister Margus Tsahkna on November 19 during her two-day visit to Estonia next week, her aide Franak Via\u010dorka told <em>Pozirk<\/em>.<\/p>\n\n\n\n<p>The politician will also hold talks with parliamentary speaker Lauri Hussar, Interior Minister Lauri L\u00e4\u00e4nemets and Culture Minister Heidy Purga.<\/p>\n\n\n\n<p>On November 18, Cichano\u016dskaja will go to Tartu to meet Education Minister Kristina Kallas and University of Tartu Rector Toomas Asser.<\/p>\n\n\n\n<p>The Belarusian politician will give a guest lecture at the university, focusing on politically-motivated reprisals in Belarus since 2020, Alaksandar \u0141uka\u0161enka&#8217;s role in Russia&#8217;s war on Ukraine and Belarusians&#8217; European aspirations.<\/p>\n\n\n\n<div class=\"insert-block\">\n\n    <div class=\"insert-block__img\">\n        <img decoding=\"async\" width=\"354\" height=\"236\" src=\"https:\/\/pozirk.online\/wp-content\/uploads\/2024\/01\/pozirk_color_blank_1128x752-354x236.jpg\" class=\"attachment-medium size-medium\" alt=\"\" srcset=\"https:\/\/pozirk.online\/wp-content\/uploads\/2024\/01\/pozirk_color_blank_1128x752-354x236.jpg 354w, https:\/\/pozirk.online\/wp-content\/uploads\/2024\/01\/pozirk_color_blank_1128x752-734x490.jpg 734w, https:\/\/pozirk.online\/wp-content\/uploads\/2024\/01\/pozirk_color_blank_1128x752-178x118.jpg 178w, https:\/\/pozirk.online\/wp-content\/uploads\/2024\/01\/pozirk_color_blank_1128x752-768x512.jpg 768w, https:\/\/pozirk.online\/wp-content\/uploads\/2024\/01\/pozirk_color_blank_1128x752.jpg 1128w\" sizes=\"(max-width: 354px) 100vw, 354px\" \/>                        <label class=\"insert-block__tag--mobile\"> \u041f\u043e\u043b\u0438\u0442\u0438\u043a\u0430<\/label>\n\n                <\/div>\n    <div class=\"insert-block__text\">\n                    <label class=\"insert-block__tag\">\u041f\u043e\u043b\u0438\u0442\u0438\u043a\u0430<\/label>\n                <h3 class=\"insert-block__title\">Cichano\u016dskaja meets with Spain\u2019s secretary for EU affairs<\/h3>\n        <div class=\"insert-block__descr\">November 12,&nbsp;Pozirk.&nbsp;\u015aviat\u0142ana Cichano\u016dskaja has met with Fernando Mariano Sampedro Marcos, Spain\u2019s state secretary for EU affairs, in Vilnius, said the Belarusian opposition politician\u2019s press office. Chichano\u016dskaja thanked the Spanish government for issuing more long-term Belarusian visas to Belarusians and for &#8230;<\/div>\n        <a class=\"insert-block__btn-block\" href=\"\/en\/news\/113492\">\n            <button class=\"btn\">\n                <div class='btn__text'>Read<\/div>\n            <\/button>\n        <\/a>\n    <\/div>\n<\/div>","protected":false},"excerpt":{"rendered":"<p>November 14, Pozirk. Belarusian opposition leader \u015aviat\u0142ana Cichano\u016dskaja will meet Foreign Minister Margus Tsahkna on November 19 during her two-day visit to Estonia next week, her aide Franak Via\u010dorka told Pozirk. The politician will also hold talks with parliamentary speaker Lauri Hussar, Interior Minister Lauri L\u00e4\u00e4nemets and Culture Minister Heidy Purga. On November 18, Cichano\u016dskaja [&hellip;]<\/p>\n","protected":false},"author":83,"featured_media":63993,"template":"","rubric":[16],"class_list":["post-113726","articles","type-articles","status-publish","has-post-thumbnail","hentry","rubric-politics"],"acf":[],"yoast_head":"<!-- This site is optimized with the Yoast SEO plugin v25.5 - https:\/\/yoast.com\/wordpress\/plugins\/seo\/ -->\n<title>Opposition leader to meet Estonia&#039;s top politicians next week | Pozirk<\/title>\n<meta name=\"description\" content=\"November 14, Pozirk. Belarusian opposition leader \u015aviat\u0142ana Cichano\u016dskaja will meet Foreign Minister Margus Tsahkna on November 19 during her two-day\" \/>\n<meta name=\"robots\" content=\"index, follow, max-snippet:-1, max-image-preview:large, max-video-preview:-1\" \/>\n<link rel=\"canonical\" href=\"https:\/\/pozirk.online\/en\/news\/113726\/\" \/>\n<meta property=\"og:locale\" content=\"en_US\" \/>\n<meta property=\"og:type\" content=\"article\" \/>\n<meta property=\"og:title\" content=\"Opposition leader to meet Estonia&#039;s top politicians next week | Pozirk\" \/>\n<meta property=\"og:description\" content=\"November 14, Pozirk. Belarusian opposition leader \u015aviat\u0142ana Cichano\u016dskaja will meet Foreign Minister Margus Tsahkna on November 19 during her two-day\" \/>\n<meta property=\"og:url\" content=\"https:\/\/pozirk.online\/en\/news\/113726\/\" \/>\n<meta property=\"og:site_name\" content=\"Pozirk\" \/>\n<meta property=\"article:publisher\" content=\"https:\/\/www.facebook.com\/pozirkonline\/\" \/>\n<meta property=\"article:modified_time\" content=\"2026-03-09T20:10:49+00:00\" \/>\n<meta property=\"og:image\" content=\"https:\/\/pozirk.online\/wp-content\/uploads\/2024\/01\/pozirk_color_blank_1128x752.jpg\" \/>\n\t<meta property=\"og:image:width\" content=\"1128\" \/>\n\t<meta property=\"og:image:height\" content=\"752\" \/>\n\t<meta property=\"og:image:type\" content=\"image\/jpeg\" \/>\n<meta name=\"twitter:card\" content=\"summary_large_image\" \/>\n<meta name=\"twitter:site\" content=\"@Pozirk_online\" \/>\n<meta name=\"twitter:label1\" content=\"Est. reading time\" \/>\n\t<meta name=\"twitter:data1\" content=\"1 minute\" \/>\n<script type=\"application\/ld+json\" class=\"yoast-schema-graph\">{\"@context\":\"https:\/\/schema.org\",\"@graph\":[{\"@type\":\"NewsArticle\",\"@id\":\"https:\/\/pozirk.online\/en\/news\/113726\/#article\",\"isPartOf\":{\"@id\":\"https:\/\/pozirk.online\/en\/news\/113726\/\"},\"headline\":\"Opposition leader to meet Estonia&#8217;s top politicians next week\",\"datePublished\":\"2024-11-14T09:26:43+00:00\",\"dateModified\":\"2026-03-09T20:10:49+00:00\",\"mainEntityOfPage\":{\"@id\":\"https:\/\/pozirk.online\/en\/news\/113726\/\"},\"wordCount\":117,\"publisher\":{\"@id\":\"https:\/\/pozirk.online\/en\/#organization\"},\"image\":{\"@id\":\"https:\/\/pozirk.online\/en\/news\/113726\/#primaryimage\"},\"thumbnailUrl\":\"https:\/\/pozirk.online\/wp-content\/uploads\/2024\/01\/pozirk_color_blank_1128x752.jpg\",\"inLanguage\":\"en-US\"},{\"@type\":\"WebPage\",\"@id\":\"https:\/\/pozirk.online\/en\/news\/113726\/\",\"url\":\"https:\/\/pozirk.online\/en\/news\/113726\/\",\"name\":\"Opposition leader to meet Estonia's top politicians next week | Pozirk\",\"isPartOf\":{\"@id\":\"https:\/\/pozirk.online\/en\/#website\"},\"primaryImageOfPage\":{\"@id\":\"https:\/\/pozirk.online\/en\/news\/113726\/#primaryimage\"},\"image\":{\"@id\":\"https:\/\/pozirk.online\/en\/news\/113726\/#primaryimage\"},\"thumbnailUrl\":\"https:\/\/pozirk.online\/wp-content\/uploads\/2024\/01\/pozirk_color_blank_1128x752.jpg\",\"datePublished\":\"2024-11-14T09:26:43+00:00\",\"dateModified\":\"2026-03-09T20:10:49+00:00\",\"description\":\"November 14, Pozirk. Belarusian opposition leader \u015aviat\u0142ana Cichano\u016dskaja will meet Foreign Minister Margus Tsahkna on November 19 during her two-day\",\"breadcrumb\":{\"@id\":\"https:\/\/pozirk.online\/en\/news\/113726\/#breadcrumb\"},\"inLanguage\":\"en-US\",\"potentialAction\":[{\"@type\":\"ReadAction\",\"target\":[\"https:\/\/pozirk.online\/en\/news\/113726\/\"]}]},{\"@type\":\"ImageObject\",\"inLanguage\":\"en-US\",\"@id\":\"https:\/\/pozirk.online\/en\/news\/113726\/#primaryimage\",\"url\":\"https:\/\/pozirk.online\/wp-content\/uploads\/2024\/01\/pozirk_color_blank_1128x752.jpg\",\"contentUrl\":\"https:\/\/pozirk.online\/wp-content\/uploads\/2024\/01\/pozirk_color_blank_1128x752.jpg\",\"width\":1128,\"height\":752},{\"@type\":\"BreadcrumbList\",\"@id\":\"https:\/\/pozirk.online\/en\/news\/113726\/#breadcrumb\",\"itemListElement\":[{\"@type\":\"ListItem\",\"position\":1,\"name\":\"Home\",\"item\":\"https:\/\/pozirk.online\/en\/\"},{\"@type\":\"ListItem\",\"position\":2,\"name\":\"Opposition leader to meet Estonia&#8217;s top politicians next week\"}]},{\"@type\":\"WebSite\",\"@id\":\"https:\/\/pozirk.online\/en\/#website\",\"url\":\"https:\/\/pozirk.online\/en\/\",\"name\":\"Pozirk\",\"description\":\"\",\"publisher\":{\"@id\":\"https:\/\/pozirk.online\/en\/#organization\"},\"potentialAction\":[{\"@type\":\"SearchAction\",\"target\":{\"@type\":\"EntryPoint\",\"urlTemplate\":\"https:\/\/pozirk.online\/en\/?s={search_term_string}\"},\"query-input\":{\"@type\":\"PropertyValueSpecification\",\"valueRequired\":true,\"valueName\":\"search_term_string\"}}],\"inLanguage\":\"en-US\"},{\"@type\":\"Organization\",\"@id\":\"https:\/\/pozirk.online\/en\/#organization\",\"name\":\"Pozirk\",\"url\":\"https:\/\/pozirk.online\/en\/\",\"logo\":{\"@type\":\"ImageObject\",\"inLanguage\":\"en-US\",\"@id\":\"https:\/\/pozirk.online\/en\/#\/schema\/logo\/image\/\",\"url\":\"https:\/\/pozirk.online\/wp-content\/uploads\/2023\/11\/cropped-Logo_color_512.png\",\"contentUrl\":\"https:\/\/pozirk.online\/wp-content\/uploads\/2023\/11\/cropped-Logo_color_512.png\",\"width\":512,\"height\":512,\"caption\":\"Pozirk\"},\"image\":{\"@id\":\"https:\/\/pozirk.online\/en\/#\/schema\/logo\/image\/\"},\"sameAs\":[\"https:\/\/www.facebook.com\/pozirkonline\/\",\"https:\/\/x.com\/Pozirk_online\"]}]}<\/script>\n<!-- \/ Yoast SEO plugin. -->","yoast_head_json":{"title":"Opposition leader to meet Estonia's top politicians next week | Pozirk","description":"November 14, Pozirk. Belarusian opposition leader \u015aviat\u0142ana Cichano\u016dskaja will meet Foreign Minister Margus Tsahkna on November 19 during her two-day","robots":{"index":"index","follow":"follow","max-snippet":"max-snippet:-1","max-image-preview":"max-image-preview:large","max-video-preview":"max-video-preview:-1"},"canonical":"https:\/\/pozirk.online\/en\/news\/113726\/","og_locale":"en_US","og_type":"article","og_title":"Opposition leader to meet Estonia's top politicians next week | Pozirk","og_description":"November 14, Pozirk. Belarusian opposition leader \u015aviat\u0142ana Cichano\u016dskaja will meet Foreign Minister Margus Tsahkna on November 19 during her two-day","og_url":"https:\/\/pozirk.online\/en\/news\/113726\/","og_site_name":"Pozirk","article_publisher":"https:\/\/www.facebook.com\/pozirkonline\/","article_modified_time":"2026-03-09T20:10:49+00:00","og_image":[{"width":1128,"height":752,"url":"https:\/\/pozirk.online\/wp-content\/uploads\/2024\/01\/pozirk_color_blank_1128x752.jpg","type":"image\/jpeg"}],"twitter_card":"summary_large_image","twitter_site":"@Pozirk_online","twitter_misc":{"Est. reading time":"1 minute"},"schema":{"@context":"https:\/\/schema.org","@graph":[{"@type":"NewsArticle","@id":"https:\/\/pozirk.online\/en\/news\/113726\/#article","isPartOf":{"@id":"https:\/\/pozirk.online\/en\/news\/113726\/"},"headline":"Opposition leader to meet Estonia&#8217;s top politicians next week","datePublished":"2024-11-14T09:26:43+00:00","dateModified":"2026-03-09T20:10:49+00:00","mainEntityOfPage":{"@id":"https:\/\/pozirk.online\/en\/news\/113726\/"},"wordCount":117,"publisher":{"@id":"https:\/\/pozirk.online\/en\/#organization"},"image":{"@id":"https:\/\/pozirk.online\/en\/news\/113726\/#primaryimage"},"thumbnailUrl":"https:\/\/pozirk.online\/wp-content\/uploads\/2024\/01\/pozirk_color_blank_1128x752.jpg","inLanguage":"en-US"},{"@type":"WebPage","@id":"https:\/\/pozirk.online\/en\/news\/113726\/","url":"https:\/\/pozirk.online\/en\/news\/113726\/","name":"Opposition leader to meet Estonia's top politicians next week | Pozirk","isPartOf":{"@id":"https:\/\/pozirk.online\/en\/#website"},"primaryImageOfPage":{"@id":"https:\/\/pozirk.online\/en\/news\/113726\/#primaryimage"},"image":{"@id":"https:\/\/pozirk.online\/en\/news\/113726\/#primaryimage"},"thumbnailUrl":"https:\/\/pozirk.online\/wp-content\/uploads\/2024\/01\/pozirk_color_blank_1128x752.jpg","datePublished":"2024-11-14T09:26:43+00:00","dateModified":"2026-03-09T20:10:49+00:00","description":"November 14, Pozirk. Belarusian opposition leader \u015aviat\u0142ana Cichano\u016dskaja will meet Foreign Minister Margus Tsahkna on November 19 during her two-day","breadcrumb":{"@id":"https:\/\/pozirk.online\/en\/news\/113726\/#breadcrumb"},"inLanguage":"en-US","potentialAction":[{"@type":"ReadAction","target":["https:\/\/pozirk.online\/en\/news\/113726\/"]}]},{"@type":"ImageObject","inLanguage":"en-US","@id":"https:\/\/pozirk.online\/en\/news\/113726\/#primaryimage","url":"https:\/\/pozirk.online\/wp-content\/uploads\/2024\/01\/pozirk_color_blank_1128x752.jpg","contentUrl":"https:\/\/pozirk.online\/wp-content\/uploads\/2024\/01\/pozirk_color_blank_1128x752.jpg","width":1128,"height":752},{"@type":"BreadcrumbList","@id":"https:\/\/pozirk.online\/en\/news\/113726\/#breadcrumb","itemListElement":[{"@type":"ListItem","position":1,"name":"Home","item":"https:\/\/pozirk.online\/en\/"},{"@type":"ListItem","position":2,"name":"Opposition leader to meet Estonia&#8217;s top politicians next week"}]},{"@type":"WebSite","@id":"https:\/\/pozirk.online\/en\/#website","url":"https:\/\/pozirk.online\/en\/","name":"Pozirk","description":"","publisher":{"@id":"https:\/\/pozirk.online\/en\/#organization"},"potentialAction":[{"@type":"SearchAction","target":{"@type":"EntryPoint","urlTemplate":"https:\/\/pozirk.online\/en\/?s={search_term_string}"},"query-input":{"@type":"PropertyValueSpecification","valueRequired":true,"valueName":"search_term_string"}}],"inLanguage":"en-US"},{"@type":"Organization","@id":"https:\/\/pozirk.online\/en\/#organization","name":"Pozirk","url":"https:\/\/pozirk.online\/en\/","logo":{"@type":"ImageObject","inLanguage":"en-US","@id":"https:\/\/pozirk.online\/en\/#\/schema\/logo\/image\/","url":"https:\/\/pozirk.online\/wp-content\/uploads\/2023\/11\/cropped-Logo_color_512.png","contentUrl":"https:\/\/pozirk.online\/wp-content\/uploads\/2023\/11\/cropped-Logo_color_512.png","width":512,"height":512,"caption":"Pozirk"},"image":{"@id":"https:\/\/pozirk.online\/en\/#\/schema\/logo\/image\/"},"sameAs":["https:\/\/www.facebook.com\/pozirkonline\/","https:\/\/x.com\/Pozirk_online"]}]}},"_links":{"self":[{"href":"https:\/\/pozirk.online\/en\/wp-json\/wp\/v2\/articles\/113726","targetHints":{"allow":["GET"]}}],"collection":[{"href":"https:\/\/pozirk.online\/en\/wp-json\/wp\/v2\/articles"}],"about":[{"href":"https:\/\/pozirk.online\/en\/wp-json\/wp\/v2\/types\/articles"}],"author":[{"embeddable":true,"href":"https:\/\/pozirk.online\/en\/wp-json\/wp\/v2\/users\/83"}],"wp:featuredmedia":[{"embeddable":true,"href":"https:\/\/pozirk.online\/en\/wp-json\/wp\/v2\/media\/63993"}],"wp:attachment":[{"href":"https:\/\/pozirk.online\/en\/wp-json\/wp\/v2\/media?parent=113726"}],"wp:term":[{"taxonomy":"rubric","embeddable":true,"href":"https:\/\/pozirk.online\/en\/wp-json\/wp\/v2\/rubric?post=113726"}],"curies":[{"name":"wp","href":"https:\/\/api.w.org\/{rel}","templated":true}]}}