{"id":114898,"date":"2024-11-21T18:06:29","date_gmt":"2024-11-21T15:06:29","guid":{"rendered":"https:\/\/pozirk.online\/en\/news\/114898\/"},"modified":"2026-03-09T20:10:49","modified_gmt":"2026-03-09T20:10:49","slug":"warsaw-appoints-special-envoy-for-belarusian-pro-democracy-forces","status":"publish","type":"articles","link":"https:\/\/pozirk.online\/en\/news\/114898\/","title":{"rendered":"Warsaw appoints special envoy for Belarusian pro-democracy forces"},"content":{"rendered":"\n<figure class=\"block-image block-image-normal\">\n\n  <img decoding=\"async\" width=\"1122\" height=\"748\" src=\"https:\/\/pozirk.online\/wp-content\/uploads\/2024\/11\/halacinski-X-20241121.jpg\" class=\"attachment-full size-full\" alt=\"\" srcset=\"https:\/\/pozirk.online\/wp-content\/uploads\/2024\/11\/halacinski-X-20241121.jpg 1122w, https:\/\/pozirk.online\/wp-content\/uploads\/2024\/11\/halacinski-X-20241121-354x236.jpg 354w, https:\/\/pozirk.online\/wp-content\/uploads\/2024\/11\/halacinski-X-20241121-734x490.jpg 734w, https:\/\/pozirk.online\/wp-content\/uploads\/2024\/11\/halacinski-X-20241121-178x118.jpg 178w, https:\/\/pozirk.online\/wp-content\/uploads\/2024\/11\/halacinski-X-20241121-768x512.jpg 768w\" sizes=\"(max-width: 1122px) 100vw, 1122px\" \/>\n  <figcaption>\n  \n       <div class=\"block-image__author\">\n                <span>(Ha\u0142aci\u0144ski&#039;s account on X)<\/span>\n    <\/div>\n     <\/figcaption>\n<\/figure>\n\n\n\n<p><strong>November 21, <em>Pozirk<\/em>.<\/strong> The Polish foreign ministry has appointed Ambassador Adam Ha\u0142aci\u0144ski as special envoy for the Belarusian pro-democracy forces, the press office of Belarusian opposition politician Pavie\u0142 \u0141atu\u0161ka reported.<\/p>\n\n\n\n<p>The leader of the National Anti-Crisis Management expressed hope that the &#8220;fruitful cooperation&#8221; that began when Ha\u0142aci\u0144ski served at the Organization for Security and Cooperation in Europe will continue.<\/p>\n\n\n\n<p>&#8220;This important decision by the Polish foreign ministry demonstrates the continuity of the activities launched by Ambassador Artur Michalski, the Polish foreign ministry&#8217;s special representative for cooperation with Belarusian democratic forces, and our Polish partners&#8217; stable support for the democratic forces of Belarus,&#8221; \u0141atu\u0161ka said.<\/p>\n\n\n\n<p>According to him, the appointment represents Poland&#8217;s unwavering support for Belarusians&#8217; aspirations for democratic change.<\/p>\n\n\n\n<p>Ha\u0142aci\u0144ski said he was honored by the appointment and thanked his predecessor Michalski.<\/p>\n\n\n\n<p>Michalski, formerly ambassador to Belarus, was appointed special envoy for the Belarusian pro-democracy forces on September 12, 2023.<\/p>\n\n\n\n<p>Also read: <a href=\"https:\/\/pozirk.online\/en\/news\/108865\/\">Opposition honors Polish envoy for supporting democracy in Belarus<\/a><\/p>\n","protected":false},"excerpt":{"rendered":"<p>November 21, Pozirk. The Polish foreign ministry has appointed Ambassador Adam Ha\u0142aci\u0144ski as special envoy for the Belarusian pro-democracy forces, the press office of Belarusian opposition politician Pavie\u0142 \u0141atu\u0161ka reported. The leader of the National Anti-Crisis Management expressed hope that the &#8220;fruitful cooperation&#8221; that began when Ha\u0142aci\u0144ski served at the Organization for Security and Cooperation [&hellip;]<\/p>\n","protected":false},"author":83,"featured_media":114870,"template":"","rubric":[16],"class_list":["post-114898","articles","type-articles","status-publish","has-post-thumbnail","hentry","rubric-politics"],"acf":[],"yoast_head":"<!-- This site is optimized with the Yoast SEO plugin v25.5 - https:\/\/yoast.com\/wordpress\/plugins\/seo\/ -->\n<title>Warsaw appoints special envoy for Belarusian pro-democracy forces | Pozirk<\/title>\n<meta name=\"description\" content=\"November 21, Pozirk. The Polish foreign ministry has appointed Ambassador Adam Ha\u0142aci\u0144ski as special envoy for the Belarusian pro-democracy forces, the\" \/>\n<meta name=\"robots\" content=\"index, follow, max-snippet:-1, max-image-preview:large, max-video-preview:-1\" \/>\n<link rel=\"canonical\" href=\"https:\/\/pozirk.online\/en\/news\/114898\/\" \/>\n<meta property=\"og:locale\" content=\"en_US\" \/>\n<meta property=\"og:type\" content=\"article\" \/>\n<meta property=\"og:title\" content=\"Warsaw appoints special envoy for Belarusian pro-democracy forces | Pozirk\" \/>\n<meta property=\"og:description\" content=\"November 21, Pozirk. The Polish foreign ministry has appointed Ambassador Adam Ha\u0142aci\u0144ski as special envoy for the Belarusian pro-democracy forces, the\" \/>\n<meta property=\"og:url\" content=\"https:\/\/pozirk.online\/en\/news\/114898\/\" \/>\n<meta property=\"og:site_name\" content=\"Pozirk\" \/>\n<meta property=\"article:publisher\" content=\"https:\/\/www.facebook.com\/pozirkonline\/\" \/>\n<meta property=\"article:modified_time\" content=\"2026-03-09T20:10:49+00:00\" \/>\n<meta property=\"og:image\" content=\"https:\/\/pozirk.online\/wp-content\/uploads\/2024\/11\/halacinski-X-20241121.jpg\" \/>\n\t<meta property=\"og:image:width\" content=\"1122\" \/>\n\t<meta property=\"og:image:height\" content=\"748\" \/>\n\t<meta property=\"og:image:type\" content=\"image\/jpeg\" \/>\n<meta name=\"twitter:card\" content=\"summary_large_image\" \/>\n<meta name=\"twitter:site\" content=\"@Pozirk_online\" \/>\n<meta name=\"twitter:label1\" content=\"Est. reading time\" \/>\n\t<meta name=\"twitter:data1\" content=\"1 minute\" \/>\n<script type=\"application\/ld+json\" class=\"yoast-schema-graph\">{\"@context\":\"https:\/\/schema.org\",\"@graph\":[{\"@type\":\"NewsArticle\",\"@id\":\"https:\/\/pozirk.online\/en\/news\/114898\/#article\",\"isPartOf\":{\"@id\":\"https:\/\/pozirk.online\/en\/news\/114898\/\"},\"headline\":\"Warsaw appoints special envoy for Belarusian pro-democracy forces\",\"datePublished\":\"2024-11-21T15:06:29+00:00\",\"dateModified\":\"2026-03-09T20:10:49+00:00\",\"mainEntityOfPage\":{\"@id\":\"https:\/\/pozirk.online\/en\/news\/114898\/\"},\"wordCount\":176,\"publisher\":{\"@id\":\"https:\/\/pozirk.online\/en\/#organization\"},\"image\":{\"@id\":\"https:\/\/pozirk.online\/en\/news\/114898\/#primaryimage\"},\"thumbnailUrl\":\"https:\/\/pozirk.online\/wp-content\/uploads\/2024\/11\/halacinski-X-20241121.jpg\",\"inLanguage\":\"en-US\"},{\"@type\":\"WebPage\",\"@id\":\"https:\/\/pozirk.online\/en\/news\/114898\/\",\"url\":\"https:\/\/pozirk.online\/en\/news\/114898\/\",\"name\":\"Warsaw appoints special envoy for Belarusian pro-democracy forces | Pozirk\",\"isPartOf\":{\"@id\":\"https:\/\/pozirk.online\/en\/#website\"},\"primaryImageOfPage\":{\"@id\":\"https:\/\/pozirk.online\/en\/news\/114898\/#primaryimage\"},\"image\":{\"@id\":\"https:\/\/pozirk.online\/en\/news\/114898\/#primaryimage\"},\"thumbnailUrl\":\"https:\/\/pozirk.online\/wp-content\/uploads\/2024\/11\/halacinski-X-20241121.jpg\",\"datePublished\":\"2024-11-21T15:06:29+00:00\",\"dateModified\":\"2026-03-09T20:10:49+00:00\",\"description\":\"November 21, Pozirk. The Polish foreign ministry has appointed Ambassador Adam Ha\u0142aci\u0144ski as special envoy for the Belarusian pro-democracy forces, the\",\"breadcrumb\":{\"@id\":\"https:\/\/pozirk.online\/en\/news\/114898\/#breadcrumb\"},\"inLanguage\":\"en-US\",\"potentialAction\":[{\"@type\":\"ReadAction\",\"target\":[\"https:\/\/pozirk.online\/en\/news\/114898\/\"]}]},{\"@type\":\"ImageObject\",\"inLanguage\":\"en-US\",\"@id\":\"https:\/\/pozirk.online\/en\/news\/114898\/#primaryimage\",\"url\":\"https:\/\/pozirk.online\/wp-content\/uploads\/2024\/11\/halacinski-X-20241121.jpg\",\"contentUrl\":\"https:\/\/pozirk.online\/wp-content\/uploads\/2024\/11\/halacinski-X-20241121.jpg\",\"width\":1122,\"height\":748},{\"@type\":\"BreadcrumbList\",\"@id\":\"https:\/\/pozirk.online\/en\/news\/114898\/#breadcrumb\",\"itemListElement\":[{\"@type\":\"ListItem\",\"position\":1,\"name\":\"Home\",\"item\":\"https:\/\/pozirk.online\/en\/\"},{\"@type\":\"ListItem\",\"position\":2,\"name\":\"Warsaw appoints special envoy for Belarusian pro-democracy forces\"}]},{\"@type\":\"WebSite\",\"@id\":\"https:\/\/pozirk.online\/en\/#website\",\"url\":\"https:\/\/pozirk.online\/en\/\",\"name\":\"Pozirk\",\"description\":\"\",\"publisher\":{\"@id\":\"https:\/\/pozirk.online\/en\/#organization\"},\"potentialAction\":[{\"@type\":\"SearchAction\",\"target\":{\"@type\":\"EntryPoint\",\"urlTemplate\":\"https:\/\/pozirk.online\/en\/?s={search_term_string}\"},\"query-input\":{\"@type\":\"PropertyValueSpecification\",\"valueRequired\":true,\"valueName\":\"search_term_string\"}}],\"inLanguage\":\"en-US\"},{\"@type\":\"Organization\",\"@id\":\"https:\/\/pozirk.online\/en\/#organization\",\"name\":\"Pozirk\",\"url\":\"https:\/\/pozirk.online\/en\/\",\"logo\":{\"@type\":\"ImageObject\",\"inLanguage\":\"en-US\",\"@id\":\"https:\/\/pozirk.online\/en\/#\/schema\/logo\/image\/\",\"url\":\"https:\/\/pozirk.online\/wp-content\/uploads\/2023\/11\/cropped-Logo_color_512.png\",\"contentUrl\":\"https:\/\/pozirk.online\/wp-content\/uploads\/2023\/11\/cropped-Logo_color_512.png\",\"width\":512,\"height\":512,\"caption\":\"Pozirk\"},\"image\":{\"@id\":\"https:\/\/pozirk.online\/en\/#\/schema\/logo\/image\/\"},\"sameAs\":[\"https:\/\/www.facebook.com\/pozirkonline\/\",\"https:\/\/x.com\/Pozirk_online\"]}]}<\/script>\n<!-- \/ Yoast SEO plugin. -->","yoast_head_json":{"title":"Warsaw appoints special envoy for Belarusian pro-democracy forces | Pozirk","description":"November 21, Pozirk. The Polish foreign ministry has appointed Ambassador Adam Ha\u0142aci\u0144ski as special envoy for the Belarusian pro-democracy forces, the","robots":{"index":"index","follow":"follow","max-snippet":"max-snippet:-1","max-image-preview":"max-image-preview:large","max-video-preview":"max-video-preview:-1"},"canonical":"https:\/\/pozirk.online\/en\/news\/114898\/","og_locale":"en_US","og_type":"article","og_title":"Warsaw appoints special envoy for Belarusian pro-democracy forces | Pozirk","og_description":"November 21, Pozirk. The Polish foreign ministry has appointed Ambassador Adam Ha\u0142aci\u0144ski as special envoy for the Belarusian pro-democracy forces, the","og_url":"https:\/\/pozirk.online\/en\/news\/114898\/","og_site_name":"Pozirk","article_publisher":"https:\/\/www.facebook.com\/pozirkonline\/","article_modified_time":"2026-03-09T20:10:49+00:00","og_image":[{"width":1122,"height":748,"url":"https:\/\/pozirk.online\/wp-content\/uploads\/2024\/11\/halacinski-X-20241121.jpg","type":"image\/jpeg"}],"twitter_card":"summary_large_image","twitter_site":"@Pozirk_online","twitter_misc":{"Est. reading time":"1 minute"},"schema":{"@context":"https:\/\/schema.org","@graph":[{"@type":"NewsArticle","@id":"https:\/\/pozirk.online\/en\/news\/114898\/#article","isPartOf":{"@id":"https:\/\/pozirk.online\/en\/news\/114898\/"},"headline":"Warsaw appoints special envoy for Belarusian pro-democracy forces","datePublished":"2024-11-21T15:06:29+00:00","dateModified":"2026-03-09T20:10:49+00:00","mainEntityOfPage":{"@id":"https:\/\/pozirk.online\/en\/news\/114898\/"},"wordCount":176,"publisher":{"@id":"https:\/\/pozirk.online\/en\/#organization"},"image":{"@id":"https:\/\/pozirk.online\/en\/news\/114898\/#primaryimage"},"thumbnailUrl":"https:\/\/pozirk.online\/wp-content\/uploads\/2024\/11\/halacinski-X-20241121.jpg","inLanguage":"en-US"},{"@type":"WebPage","@id":"https:\/\/pozirk.online\/en\/news\/114898\/","url":"https:\/\/pozirk.online\/en\/news\/114898\/","name":"Warsaw appoints special envoy for Belarusian pro-democracy forces | Pozirk","isPartOf":{"@id":"https:\/\/pozirk.online\/en\/#website"},"primaryImageOfPage":{"@id":"https:\/\/pozirk.online\/en\/news\/114898\/#primaryimage"},"image":{"@id":"https:\/\/pozirk.online\/en\/news\/114898\/#primaryimage"},"thumbnailUrl":"https:\/\/pozirk.online\/wp-content\/uploads\/2024\/11\/halacinski-X-20241121.jpg","datePublished":"2024-11-21T15:06:29+00:00","dateModified":"2026-03-09T20:10:49+00:00","description":"November 21, Pozirk. The Polish foreign ministry has appointed Ambassador Adam Ha\u0142aci\u0144ski as special envoy for the Belarusian pro-democracy forces, the","breadcrumb":{"@id":"https:\/\/pozirk.online\/en\/news\/114898\/#breadcrumb"},"inLanguage":"en-US","potentialAction":[{"@type":"ReadAction","target":["https:\/\/pozirk.online\/en\/news\/114898\/"]}]},{"@type":"ImageObject","inLanguage":"en-US","@id":"https:\/\/pozirk.online\/en\/news\/114898\/#primaryimage","url":"https:\/\/pozirk.online\/wp-content\/uploads\/2024\/11\/halacinski-X-20241121.jpg","contentUrl":"https:\/\/pozirk.online\/wp-content\/uploads\/2024\/11\/halacinski-X-20241121.jpg","width":1122,"height":748},{"@type":"BreadcrumbList","@id":"https:\/\/pozirk.online\/en\/news\/114898\/#breadcrumb","itemListElement":[{"@type":"ListItem","position":1,"name":"Home","item":"https:\/\/pozirk.online\/en\/"},{"@type":"ListItem","position":2,"name":"Warsaw appoints special envoy for Belarusian pro-democracy forces"}]},{"@type":"WebSite","@id":"https:\/\/pozirk.online\/en\/#website","url":"https:\/\/pozirk.online\/en\/","name":"Pozirk","description":"","publisher":{"@id":"https:\/\/pozirk.online\/en\/#organization"},"potentialAction":[{"@type":"SearchAction","target":{"@type":"EntryPoint","urlTemplate":"https:\/\/pozirk.online\/en\/?s={search_term_string}"},"query-input":{"@type":"PropertyValueSpecification","valueRequired":true,"valueName":"search_term_string"}}],"inLanguage":"en-US"},{"@type":"Organization","@id":"https:\/\/pozirk.online\/en\/#organization","name":"Pozirk","url":"https:\/\/pozirk.online\/en\/","logo":{"@type":"ImageObject","inLanguage":"en-US","@id":"https:\/\/pozirk.online\/en\/#\/schema\/logo\/image\/","url":"https:\/\/pozirk.online\/wp-content\/uploads\/2023\/11\/cropped-Logo_color_512.png","contentUrl":"https:\/\/pozirk.online\/wp-content\/uploads\/2023\/11\/cropped-Logo_color_512.png","width":512,"height":512,"caption":"Pozirk"},"image":{"@id":"https:\/\/pozirk.online\/en\/#\/schema\/logo\/image\/"},"sameAs":["https:\/\/www.facebook.com\/pozirkonline\/","https:\/\/x.com\/Pozirk_online"]}]}},"_links":{"self":[{"href":"https:\/\/pozirk.online\/en\/wp-json\/wp\/v2\/articles\/114898","targetHints":{"allow":["GET"]}}],"collection":[{"href":"https:\/\/pozirk.online\/en\/wp-json\/wp\/v2\/articles"}],"about":[{"href":"https:\/\/pozirk.online\/en\/wp-json\/wp\/v2\/types\/articles"}],"author":[{"embeddable":true,"href":"https:\/\/pozirk.online\/en\/wp-json\/wp\/v2\/users\/83"}],"wp:featuredmedia":[{"embeddable":true,"href":"https:\/\/pozirk.online\/en\/wp-json\/wp\/v2\/media\/114870"}],"wp:attachment":[{"href":"https:\/\/pozirk.online\/en\/wp-json\/wp\/v2\/media?parent=114898"}],"wp:term":[{"taxonomy":"rubric","embeddable":true,"href":"https:\/\/pozirk.online\/en\/wp-json\/wp\/v2\/rubric?post=114898"}],"curies":[{"name":"wp","href":"https:\/\/api.w.org\/{rel}","templated":true}]}}