{"id":116477,"date":"2024-12-03T14:01:06","date_gmt":"2024-12-03T11:01:06","guid":{"rendered":"https:\/\/pozirk.online\/en\/news\/116477\/"},"modified":"2026-03-09T20:10:49","modified_gmt":"2026-03-09T20:10:49","slug":"eu-to-hold-belarus-solidarity-events-in-brussels-next-week","status":"publish","type":"articles","link":"https:\/\/pozirk.online\/en\/news\/116477\/","title":{"rendered":"EU to hold Belarus solidarity events in Brussels next week"},"content":{"rendered":"\n<figure class=\"block-image block-image-normal\">\n\n  <img decoding=\"async\" width=\"1440\" height=\"956\" src=\"https:\/\/pozirk.online\/wp-content\/uploads\/2023\/10\/EU_Brussel_Flag_POZ_Archive_1440.jpg\" class=\"attachment-full size-full\" alt=\"\" srcset=\"https:\/\/pozirk.online\/wp-content\/uploads\/2023\/10\/EU_Brussel_Flag_POZ_Archive_1440.jpg 1440w, https:\/\/pozirk.online\/wp-content\/uploads\/2023\/10\/EU_Brussel_Flag_POZ_Archive_1440-300x199.jpg 300w, https:\/\/pozirk.online\/wp-content\/uploads\/2023\/10\/EU_Brussel_Flag_POZ_Archive_1440-1024x680.jpg 1024w, https:\/\/pozirk.online\/wp-content\/uploads\/2023\/10\/EU_Brussel_Flag_POZ_Archive_1440-768x510.jpg 768w\" sizes=\"(max-width: 1440px) 100vw, 1440px\" \/>\n  <figcaption>\n  \n       <div class=\"block-image__author\">\n                <span>(Pozirk)<\/span>\n    <\/div>\n     <\/figcaption>\n<\/figure>\n\n\n\n<p><strong>December 3, <em>Pozir<\/em>k.<\/strong> The European External Action Service (EEAS) will hold Belarus Days in Brussels in the second week of December in cooperation with the European Commission and the European Parliament (EP), its press office said.<\/p>\n\n\n\n<p>The events will &#8220;demonstrate the EU\u2019s solidarity and continued commitment to the Belarusian people at the start of the new European legislature, and ahead of the so-called presidential election in Belarus on 26 January 2025,\u201d it noted.<\/p>\n\n\n\n<p>The EEAS invited more than 100 Belarusian pro-democracy activists, international organizations, journalists and artists to participate.<\/p>\n\n\n\n<p>The screening of Motherland, a documentary by Alaksandar Micha\u0142kovi\u010d and Hanna Badziaka will open Belarus Days on December 9.<\/p>\n\n\n\n<p>The fourth meeting of the EU Consultative Group with the Belarusian pro-democracy forces, launched in June 2023, is scheduled for December 11. The closed-door consultations will be chaired by EEAS Managing Director for Eastern Europe Michael Siebert and Belarusian opposition leader \u015aviat\u0142ana Cichano\u016dskaja.<\/p>\n\n\n\n<p>The high-level conference Standing with the People of Belarus at the EP will conclude the events on December 13. It will demonstrate the EU&#8217;s commitment to solidarity with the Belarusian people and focus on a democratic future for Belarus. Cichano\u016dskaja and EP President Roberta Metsola are expected to attend its opening.<\/p>\n\n\n\n<div class=\"insert-block\">\n\n    <div class=\"insert-block__img\">\n        <img decoding=\"async\" width=\"354\" height=\"236\" src=\"https:\/\/pozirk.online\/wp-content\/uploads\/2024\/12\/\u0433\u0430\u0430\u0433\u0430-20241202-\u043b\u0430\u0442\u0443\u0448\u043a\u043e-354x236.jpg\" class=\"attachment-medium size-medium\" alt=\"\" srcset=\"https:\/\/pozirk.online\/wp-content\/uploads\/2024\/12\/\u0433\u0430\u0430\u0433\u0430-20241202-\u043b\u0430\u0442\u0443\u0448\u043a\u043e-354x236.jpg 354w, https:\/\/pozirk.online\/wp-content\/uploads\/2024\/12\/\u0433\u0430\u0430\u0433\u0430-20241202-\u043b\u0430\u0442\u0443\u0448\u043a\u043e-734x490.jpg 734w, https:\/\/pozirk.online\/wp-content\/uploads\/2024\/12\/\u0433\u0430\u0430\u0433\u0430-20241202-\u043b\u0430\u0442\u0443\u0448\u043a\u043e-178x118.jpg 178w, https:\/\/pozirk.online\/wp-content\/uploads\/2024\/12\/\u0433\u0430\u0430\u0433\u0430-20241202-\u043b\u0430\u0442\u0443\u0448\u043a\u043e-768x512.jpg 768w, https:\/\/pozirk.online\/wp-content\/uploads\/2024\/12\/\u0433\u0430\u0430\u0433\u0430-20241202-\u043b\u0430\u0442\u0443\u0448\u043a\u043e-1536x1024.jpg 1536w, https:\/\/pozirk.online\/wp-content\/uploads\/2024\/12\/\u0433\u0430\u0430\u0433\u0430-20241202-\u043b\u0430\u0442\u0443\u0448\u043a\u043e-2048x1366.jpg 2048w\" sizes=\"(max-width: 354px) 100vw, 354px\" \/>                        <label class=\"insert-block__tag--mobile\"> Politics<\/label>\n\n                <\/div>\n    <div class=\"insert-block__text\">\n                    <label class=\"insert-block__tag\">Politics<\/label>\n                <h3 class=\"insert-block__title\">One in 30 Belarusians is a victim of deportation, opposition politician says at ICC<\/h3>\n        <div class=\"insert-block__descr\">December 2, Pozirk. Fear, terror and persecution have forced about 300,000 Belarusians to flee their country. \u201cOne in 30 citizens has left Belarus. They simply had no other choice. We consider all of them victims of deportation, a crime against &#8230;<\/div>\n        <a class=\"insert-block__btn-block\" href=\"\/en\/news\/116381\">\n            <button class=\"btn\">\n                <div class='btn__text'>Read<\/div>\n            <\/button>\n        <\/a>\n    <\/div>\n<\/div>","protected":false},"excerpt":{"rendered":"<p>December 3, Pozirk. The European External Action Service (EEAS) will hold Belarus Days in Brussels in the second week of December in cooperation with the European Commission and the European Parliament (EP), its press office said. The events will &#8220;demonstrate the EU\u2019s solidarity and continued commitment to the Belarusian people at the start of the [&hellip;]<\/p>\n","protected":false},"author":83,"featured_media":7763,"template":"","rubric":[16,15],"class_list":["post-116477","articles","type-articles","status-publish","has-post-thumbnail","hentry","rubric-politics","rubric-society"],"acf":[],"yoast_head":"<!-- This site is optimized with the Yoast SEO plugin v25.5 - https:\/\/yoast.com\/wordpress\/plugins\/seo\/ -->\n<title>EU to hold Belarus solidarity events in Brussels next week | Pozirk<\/title>\n<meta name=\"description\" content=\"December 3, Pozirk. The European External Action Service (EEAS) will hold Belarus Days in Brussels in the second week of December in cooperation with the\" \/>\n<meta name=\"robots\" content=\"index, follow, max-snippet:-1, max-image-preview:large, max-video-preview:-1\" \/>\n<link rel=\"canonical\" href=\"https:\/\/pozirk.online\/en\/news\/116477\/\" \/>\n<meta property=\"og:locale\" content=\"en_US\" \/>\n<meta property=\"og:type\" content=\"article\" \/>\n<meta property=\"og:title\" content=\"EU to hold Belarus solidarity events in Brussels next week | Pozirk\" \/>\n<meta property=\"og:description\" content=\"December 3, Pozirk. The European External Action Service (EEAS) will hold Belarus Days in Brussels in the second week of December in cooperation with the\" \/>\n<meta property=\"og:url\" content=\"https:\/\/pozirk.online\/en\/news\/116477\/\" \/>\n<meta property=\"og:site_name\" content=\"Pozirk\" \/>\n<meta property=\"article:publisher\" content=\"https:\/\/www.facebook.com\/pozirkonline\/\" \/>\n<meta property=\"article:modified_time\" content=\"2026-03-09T20:10:49+00:00\" \/>\n<meta property=\"og:image\" content=\"https:\/\/pozirk.online\/wp-content\/uploads\/2023\/10\/EU_Brussel_Flag_POZ_Archive_1440.jpg\" \/>\n\t<meta property=\"og:image:width\" content=\"1440\" \/>\n\t<meta property=\"og:image:height\" content=\"956\" \/>\n\t<meta property=\"og:image:type\" content=\"image\/jpeg\" \/>\n<meta name=\"twitter:card\" content=\"summary_large_image\" \/>\n<meta name=\"twitter:site\" content=\"@Pozirk_online\" \/>\n<meta name=\"twitter:label1\" content=\"Est. reading time\" \/>\n\t<meta name=\"twitter:data1\" content=\"2 minutes\" \/>\n<script type=\"application\/ld+json\" class=\"yoast-schema-graph\">{\"@context\":\"https:\/\/schema.org\",\"@graph\":[{\"@type\":\"NewsArticle\",\"@id\":\"https:\/\/pozirk.online\/en\/news\/116477\/#article\",\"isPartOf\":{\"@id\":\"https:\/\/pozirk.online\/en\/news\/116477\/\"},\"headline\":\"EU to hold Belarus solidarity events in Brussels next week\",\"datePublished\":\"2024-12-03T11:01:06+00:00\",\"dateModified\":\"2026-03-09T20:10:49+00:00\",\"mainEntityOfPage\":{\"@id\":\"https:\/\/pozirk.online\/en\/news\/116477\/\"},\"wordCount\":210,\"publisher\":{\"@id\":\"https:\/\/pozirk.online\/en\/#organization\"},\"image\":{\"@id\":\"https:\/\/pozirk.online\/en\/news\/116477\/#primaryimage\"},\"thumbnailUrl\":\"https:\/\/pozirk.online\/wp-content\/uploads\/2023\/10\/EU_Brussel_Flag_POZ_Archive_1440.jpg\",\"inLanguage\":\"en-US\"},{\"@type\":\"WebPage\",\"@id\":\"https:\/\/pozirk.online\/en\/news\/116477\/\",\"url\":\"https:\/\/pozirk.online\/en\/news\/116477\/\",\"name\":\"EU to hold Belarus solidarity events in Brussels next week | Pozirk\",\"isPartOf\":{\"@id\":\"https:\/\/pozirk.online\/en\/#website\"},\"primaryImageOfPage\":{\"@id\":\"https:\/\/pozirk.online\/en\/news\/116477\/#primaryimage\"},\"image\":{\"@id\":\"https:\/\/pozirk.online\/en\/news\/116477\/#primaryimage\"},\"thumbnailUrl\":\"https:\/\/pozirk.online\/wp-content\/uploads\/2023\/10\/EU_Brussel_Flag_POZ_Archive_1440.jpg\",\"datePublished\":\"2024-12-03T11:01:06+00:00\",\"dateModified\":\"2026-03-09T20:10:49+00:00\",\"description\":\"December 3, Pozirk. The European External Action Service (EEAS) will hold Belarus Days in Brussels in the second week of December in cooperation with the\",\"breadcrumb\":{\"@id\":\"https:\/\/pozirk.online\/en\/news\/116477\/#breadcrumb\"},\"inLanguage\":\"en-US\",\"potentialAction\":[{\"@type\":\"ReadAction\",\"target\":[\"https:\/\/pozirk.online\/en\/news\/116477\/\"]}]},{\"@type\":\"ImageObject\",\"inLanguage\":\"en-US\",\"@id\":\"https:\/\/pozirk.online\/en\/news\/116477\/#primaryimage\",\"url\":\"https:\/\/pozirk.online\/wp-content\/uploads\/2023\/10\/EU_Brussel_Flag_POZ_Archive_1440.jpg\",\"contentUrl\":\"https:\/\/pozirk.online\/wp-content\/uploads\/2023\/10\/EU_Brussel_Flag_POZ_Archive_1440.jpg\",\"width\":1440,\"height\":956},{\"@type\":\"BreadcrumbList\",\"@id\":\"https:\/\/pozirk.online\/en\/news\/116477\/#breadcrumb\",\"itemListElement\":[{\"@type\":\"ListItem\",\"position\":1,\"name\":\"Home\",\"item\":\"https:\/\/pozirk.online\/en\/\"},{\"@type\":\"ListItem\",\"position\":2,\"name\":\"EU to hold Belarus solidarity events in Brussels next week\"}]},{\"@type\":\"WebSite\",\"@id\":\"https:\/\/pozirk.online\/en\/#website\",\"url\":\"https:\/\/pozirk.online\/en\/\",\"name\":\"Pozirk\",\"description\":\"\",\"publisher\":{\"@id\":\"https:\/\/pozirk.online\/en\/#organization\"},\"potentialAction\":[{\"@type\":\"SearchAction\",\"target\":{\"@type\":\"EntryPoint\",\"urlTemplate\":\"https:\/\/pozirk.online\/en\/?s={search_term_string}\"},\"query-input\":{\"@type\":\"PropertyValueSpecification\",\"valueRequired\":true,\"valueName\":\"search_term_string\"}}],\"inLanguage\":\"en-US\"},{\"@type\":\"Organization\",\"@id\":\"https:\/\/pozirk.online\/en\/#organization\",\"name\":\"Pozirk\",\"url\":\"https:\/\/pozirk.online\/en\/\",\"logo\":{\"@type\":\"ImageObject\",\"inLanguage\":\"en-US\",\"@id\":\"https:\/\/pozirk.online\/en\/#\/schema\/logo\/image\/\",\"url\":\"https:\/\/pozirk.online\/wp-content\/uploads\/2023\/11\/cropped-Logo_color_512.png\",\"contentUrl\":\"https:\/\/pozirk.online\/wp-content\/uploads\/2023\/11\/cropped-Logo_color_512.png\",\"width\":512,\"height\":512,\"caption\":\"Pozirk\"},\"image\":{\"@id\":\"https:\/\/pozirk.online\/en\/#\/schema\/logo\/image\/\"},\"sameAs\":[\"https:\/\/www.facebook.com\/pozirkonline\/\",\"https:\/\/x.com\/Pozirk_online\"]}]}<\/script>\n<!-- \/ Yoast SEO plugin. -->","yoast_head_json":{"title":"EU to hold Belarus solidarity events in Brussels next week | Pozirk","description":"December 3, Pozirk. The European External Action Service (EEAS) will hold Belarus Days in Brussels in the second week of December in cooperation with the","robots":{"index":"index","follow":"follow","max-snippet":"max-snippet:-1","max-image-preview":"max-image-preview:large","max-video-preview":"max-video-preview:-1"},"canonical":"https:\/\/pozirk.online\/en\/news\/116477\/","og_locale":"en_US","og_type":"article","og_title":"EU to hold Belarus solidarity events in Brussels next week | Pozirk","og_description":"December 3, Pozirk. The European External Action Service (EEAS) will hold Belarus Days in Brussels in the second week of December in cooperation with the","og_url":"https:\/\/pozirk.online\/en\/news\/116477\/","og_site_name":"Pozirk","article_publisher":"https:\/\/www.facebook.com\/pozirkonline\/","article_modified_time":"2026-03-09T20:10:49+00:00","og_image":[{"width":1440,"height":956,"url":"https:\/\/pozirk.online\/wp-content\/uploads\/2023\/10\/EU_Brussel_Flag_POZ_Archive_1440.jpg","type":"image\/jpeg"}],"twitter_card":"summary_large_image","twitter_site":"@Pozirk_online","twitter_misc":{"Est. reading time":"2 minutes"},"schema":{"@context":"https:\/\/schema.org","@graph":[{"@type":"NewsArticle","@id":"https:\/\/pozirk.online\/en\/news\/116477\/#article","isPartOf":{"@id":"https:\/\/pozirk.online\/en\/news\/116477\/"},"headline":"EU to hold Belarus solidarity events in Brussels next week","datePublished":"2024-12-03T11:01:06+00:00","dateModified":"2026-03-09T20:10:49+00:00","mainEntityOfPage":{"@id":"https:\/\/pozirk.online\/en\/news\/116477\/"},"wordCount":210,"publisher":{"@id":"https:\/\/pozirk.online\/en\/#organization"},"image":{"@id":"https:\/\/pozirk.online\/en\/news\/116477\/#primaryimage"},"thumbnailUrl":"https:\/\/pozirk.online\/wp-content\/uploads\/2023\/10\/EU_Brussel_Flag_POZ_Archive_1440.jpg","inLanguage":"en-US"},{"@type":"WebPage","@id":"https:\/\/pozirk.online\/en\/news\/116477\/","url":"https:\/\/pozirk.online\/en\/news\/116477\/","name":"EU to hold Belarus solidarity events in Brussels next week | Pozirk","isPartOf":{"@id":"https:\/\/pozirk.online\/en\/#website"},"primaryImageOfPage":{"@id":"https:\/\/pozirk.online\/en\/news\/116477\/#primaryimage"},"image":{"@id":"https:\/\/pozirk.online\/en\/news\/116477\/#primaryimage"},"thumbnailUrl":"https:\/\/pozirk.online\/wp-content\/uploads\/2023\/10\/EU_Brussel_Flag_POZ_Archive_1440.jpg","datePublished":"2024-12-03T11:01:06+00:00","dateModified":"2026-03-09T20:10:49+00:00","description":"December 3, Pozirk. The European External Action Service (EEAS) will hold Belarus Days in Brussels in the second week of December in cooperation with the","breadcrumb":{"@id":"https:\/\/pozirk.online\/en\/news\/116477\/#breadcrumb"},"inLanguage":"en-US","potentialAction":[{"@type":"ReadAction","target":["https:\/\/pozirk.online\/en\/news\/116477\/"]}]},{"@type":"ImageObject","inLanguage":"en-US","@id":"https:\/\/pozirk.online\/en\/news\/116477\/#primaryimage","url":"https:\/\/pozirk.online\/wp-content\/uploads\/2023\/10\/EU_Brussel_Flag_POZ_Archive_1440.jpg","contentUrl":"https:\/\/pozirk.online\/wp-content\/uploads\/2023\/10\/EU_Brussel_Flag_POZ_Archive_1440.jpg","width":1440,"height":956},{"@type":"BreadcrumbList","@id":"https:\/\/pozirk.online\/en\/news\/116477\/#breadcrumb","itemListElement":[{"@type":"ListItem","position":1,"name":"Home","item":"https:\/\/pozirk.online\/en\/"},{"@type":"ListItem","position":2,"name":"EU to hold Belarus solidarity events in Brussels next week"}]},{"@type":"WebSite","@id":"https:\/\/pozirk.online\/en\/#website","url":"https:\/\/pozirk.online\/en\/","name":"Pozirk","description":"","publisher":{"@id":"https:\/\/pozirk.online\/en\/#organization"},"potentialAction":[{"@type":"SearchAction","target":{"@type":"EntryPoint","urlTemplate":"https:\/\/pozirk.online\/en\/?s={search_term_string}"},"query-input":{"@type":"PropertyValueSpecification","valueRequired":true,"valueName":"search_term_string"}}],"inLanguage":"en-US"},{"@type":"Organization","@id":"https:\/\/pozirk.online\/en\/#organization","name":"Pozirk","url":"https:\/\/pozirk.online\/en\/","logo":{"@type":"ImageObject","inLanguage":"en-US","@id":"https:\/\/pozirk.online\/en\/#\/schema\/logo\/image\/","url":"https:\/\/pozirk.online\/wp-content\/uploads\/2023\/11\/cropped-Logo_color_512.png","contentUrl":"https:\/\/pozirk.online\/wp-content\/uploads\/2023\/11\/cropped-Logo_color_512.png","width":512,"height":512,"caption":"Pozirk"},"image":{"@id":"https:\/\/pozirk.online\/en\/#\/schema\/logo\/image\/"},"sameAs":["https:\/\/www.facebook.com\/pozirkonline\/","https:\/\/x.com\/Pozirk_online"]}]}},"_links":{"self":[{"href":"https:\/\/pozirk.online\/en\/wp-json\/wp\/v2\/articles\/116477","targetHints":{"allow":["GET"]}}],"collection":[{"href":"https:\/\/pozirk.online\/en\/wp-json\/wp\/v2\/articles"}],"about":[{"href":"https:\/\/pozirk.online\/en\/wp-json\/wp\/v2\/types\/articles"}],"author":[{"embeddable":true,"href":"https:\/\/pozirk.online\/en\/wp-json\/wp\/v2\/users\/83"}],"wp:featuredmedia":[{"embeddable":true,"href":"https:\/\/pozirk.online\/en\/wp-json\/wp\/v2\/media\/7763"}],"wp:attachment":[{"href":"https:\/\/pozirk.online\/en\/wp-json\/wp\/v2\/media?parent=116477"}],"wp:term":[{"taxonomy":"rubric","embeddable":true,"href":"https:\/\/pozirk.online\/en\/wp-json\/wp\/v2\/rubric?post=116477"}],"curies":[{"name":"wp","href":"https:\/\/api.w.org\/{rel}","templated":true}]}}