{"id":117832,"date":"2024-12-11T20:51:37","date_gmt":"2024-12-11T17:51:37","guid":{"rendered":"https:\/\/pozirk.online\/en\/news\/117832\/"},"modified":"2026-03-10T12:05:06","modified_gmt":"2026-03-10T12:05:06","slug":"opposition-politician-urges-europe-to-open-its-doors-to-belarusian-youth","status":"publish","type":"articles","link":"https:\/\/pozirk.online\/en\/news\/117832\/","title":{"rendered":"Opposition politician urges Europe to open its doors to Belarusian youth"},"content":{"rendered":"\n<figure class=\"block-image block-image-normal\">\n\n  <img decoding=\"async\" width=\"1440\" height=\"960\" src=\"https:\/\/pozirk.online\/wp-content\/uploads\/2023\/11\/pexels-dusan-cvetanovic-12541596-e1702590744749.jpg\" class=\"attachment-full size-full\" alt=\"\" \/>\n  <figcaption>\n  \n       <div class=\"block-image__author\">\n                <span>(pexels.com)<\/span>\n    <\/div>\n     <\/figcaption>\n<\/figure>\n\n\n\n<p><strong>December 11, <\/strong><em><strong>Pozirk.<\/strong><\/em> Marharyta Vorychava, in charge of youth policy at the opposition transition cabinet, has urged<em> <\/em>Europe to \u201copen its doors&#8221; for Belarusian youth, as she addressed the fourth meeting of the EU Consultative Group with the Belarusian pro-democracy forces.<\/p>\n\n\n\n<p>Young people in Belarus feel trapped, scared and helpless as authorities prevent them from obtaining decent education and jobs, the cabinet&#8217;s press office reports, citing Vorychava as saying.<\/p>\n\n\n\n<p>\u201cWe need your support to secure visas, internships and scholarships for those who strive for a better future,&#8221; Vorychava told the EU representatives. &#8220;We need to strengthen and support youth organizations within Belarus, as well as structures that work tirelessly for the future democratic Belarus and its sustainability.\u201d<\/p>\n\n\n\n<p>Europe will be investing \u201cin the strength and stability of the entire continent\u201d by supporting Belarusian youth, the politician stressed.<\/p>\n\n\n\n<p>Belarusian opposition leader \u015aviat\u0142ana Cichano\u016dskaja and her associate Pavie\u0142 \u0141atu\u0161ka also participated in the meeting, which took place as a part of Belarus Days in Brussels this week.<\/p>\n\n\n\n<p>The series of events organized by the European External Action Service (EEAS) in cooperation with the European Commission and the European Parliament are designed to demonstrate the EU\u2019s solidarity and continued commitment to the Belarusian people.<\/p>\n\n\n\n<p>The EEAS invited more than 100 Belarusian pro-democracy activists, international organizations, journalists and artists to participate.<\/p>\n\n\n\n<div class=\"insert-block\">\n\n    <div class=\"insert-block__img\">\n        <img decoding=\"async\" width=\"300\" height=\"199\" src=\"https:\/\/pozirk.online\/wp-content\/uploads\/2023\/10\/EU_Brussel_Flag_POZ_Archive_1440-300x199.jpg\" class=\"attachment-medium size-medium\" alt=\"\" srcset=\"https:\/\/pozirk.online\/wp-content\/uploads\/2023\/10\/EU_Brussel_Flag_POZ_Archive_1440-300x199.jpg 300w, https:\/\/pozirk.online\/wp-content\/uploads\/2023\/10\/EU_Brussel_Flag_POZ_Archive_1440-1024x680.jpg 1024w, https:\/\/pozirk.online\/wp-content\/uploads\/2023\/10\/EU_Brussel_Flag_POZ_Archive_1440-768x510.jpg 768w, https:\/\/pozirk.online\/wp-content\/uploads\/2023\/10\/EU_Brussel_Flag_POZ_Archive_1440.jpg 1440w\" sizes=\"(max-width: 300px) 100vw, 300px\" \/>                        <label class=\"insert-block__tag--mobile\"> Politics<\/label>\n\n                            <label class=\"insert-block__tag--mobile\"> Society<\/label>\n\n                <\/div>\n    <div class=\"insert-block__text\">\n                    <label class=\"insert-block__tag\">Politics, Society<\/label>\n                <h3 class=\"insert-block__title\">EU to hold Belarus solidarity events in Brussels next week<\/h3>\n        <div class=\"insert-block__descr\">December 3, Pozirk. The European External Action Service (EEAS) will hold Belarus Days in Brussels in the second week of December in cooperation with the European Commission and the European Parliament (EP), its press office said. The events will &quot;demonstrate &#8230;<\/div>\n        <a class=\"insert-block__btn-block\" href=\"\/en\/news\/116477\">\n            <button class=\"btn\">\n                <div class='btn__text'>Read the article<\/div>\n            <\/button>\n        <\/a>\n    <\/div>\n<\/div>\n\n\n<p><\/p>\n","protected":false},"excerpt":{"rendered":"<p>December 11, Pozirk. Marharyta Vorychava, in charge of youth policy at the opposition transition cabinet, has urged Europe to \u201copen its doors&#8221; for Belarusian youth, as she addressed the fourth meeting of the EU Consultative Group with the Belarusian pro-democracy forces. Young people in Belarus feel trapped, scared and helpless as authorities prevent them from [&hellip;]<\/p>\n","protected":false},"author":84,"featured_media":10221,"template":"","rubric":[14,13],"class_list":["post-117832","articles","type-articles","status-publish","has-post-thumbnail","hentry","rubric-politics","rubric-society"],"acf":[],"yoast_head":"<!-- This site is optimized with the Yoast SEO plugin v25.5 - https:\/\/yoast.com\/wordpress\/plugins\/seo\/ -->\n<title>Opposition politician urges Europe to open its doors to Belarusian youth | Pozirk<\/title>\n<meta name=\"description\" content=\"December 11, Pozirk. Marharyta Vorychava, in charge of youth policy at the opposition transition cabinet, has urged Europe to \u201copen its doors&quot; for\" \/>\n<meta name=\"robots\" content=\"index, follow, max-snippet:-1, max-image-preview:large, max-video-preview:-1\" \/>\n<link rel=\"canonical\" href=\"https:\/\/pozirk.online\/en\/news\/117832\/\" \/>\n<meta property=\"og:locale\" content=\"en_US\" \/>\n<meta property=\"og:type\" content=\"article\" \/>\n<meta property=\"og:title\" content=\"Opposition politician urges Europe to open its doors to Belarusian youth | Pozirk\" \/>\n<meta property=\"og:description\" content=\"December 11, Pozirk. Marharyta Vorychava, in charge of youth policy at the opposition transition cabinet, has urged Europe to \u201copen its doors&quot; for\" \/>\n<meta property=\"og:url\" content=\"https:\/\/pozirk.online\/en\/news\/117832\/\" \/>\n<meta property=\"og:site_name\" content=\"Pozirk\" \/>\n<meta property=\"article:publisher\" content=\"https:\/\/www.facebook.com\/pozirkonline\/\" \/>\n<meta property=\"article:modified_time\" content=\"2026-03-10T12:05:06+00:00\" \/>\n<meta property=\"og:image\" content=\"https:\/\/pozirk.online\/wp-content\/uploads\/2023\/11\/pexels-dusan-cvetanovic-12541596-e1702590744749.jpg\" \/>\n\t<meta property=\"og:image:width\" content=\"1440\" \/>\n\t<meta property=\"og:image:height\" content=\"960\" \/>\n\t<meta property=\"og:image:type\" content=\"image\/jpeg\" \/>\n<meta name=\"twitter:card\" content=\"summary_large_image\" \/>\n<meta name=\"twitter:site\" content=\"@Pozirk_online\" \/>\n<meta name=\"twitter:label1\" content=\"Est. reading time\" \/>\n\t<meta name=\"twitter:data1\" content=\"2 minutes\" \/>\n<script type=\"application\/ld+json\" class=\"yoast-schema-graph\">{\"@context\":\"https:\/\/schema.org\",\"@graph\":[{\"@type\":\"NewsArticle\",\"@id\":\"https:\/\/pozirk.online\/en\/news\/117832\/#article\",\"isPartOf\":{\"@id\":\"https:\/\/pozirk.online\/en\/news\/117832\/\"},\"headline\":\"Opposition politician urges Europe to open its doors to Belarusian youth\",\"datePublished\":\"2024-12-11T17:51:37+00:00\",\"dateModified\":\"2026-03-10T12:05:06+00:00\",\"mainEntityOfPage\":{\"@id\":\"https:\/\/pozirk.online\/en\/news\/117832\/\"},\"wordCount\":231,\"publisher\":{\"@id\":\"https:\/\/pozirk.online\/en\/#organization\"},\"image\":{\"@id\":\"https:\/\/pozirk.online\/en\/news\/117832\/#primaryimage\"},\"thumbnailUrl\":\"https:\/\/pozirk.online\/wp-content\/uploads\/2023\/11\/pexels-dusan-cvetanovic-12541596-e1702590744749.jpg\",\"inLanguage\":\"en-US\"},{\"@type\":\"WebPage\",\"@id\":\"https:\/\/pozirk.online\/en\/news\/117832\/\",\"url\":\"https:\/\/pozirk.online\/en\/news\/117832\/\",\"name\":\"Opposition politician urges Europe to open its doors to Belarusian youth | Pozirk\",\"isPartOf\":{\"@id\":\"https:\/\/pozirk.online\/en\/#website\"},\"primaryImageOfPage\":{\"@id\":\"https:\/\/pozirk.online\/en\/news\/117832\/#primaryimage\"},\"image\":{\"@id\":\"https:\/\/pozirk.online\/en\/news\/117832\/#primaryimage\"},\"thumbnailUrl\":\"https:\/\/pozirk.online\/wp-content\/uploads\/2023\/11\/pexels-dusan-cvetanovic-12541596-e1702590744749.jpg\",\"datePublished\":\"2024-12-11T17:51:37+00:00\",\"dateModified\":\"2026-03-10T12:05:06+00:00\",\"description\":\"December 11, Pozirk. Marharyta Vorychava, in charge of youth policy at the opposition transition cabinet, has urged Europe to \u201copen its doors\\\" for\",\"breadcrumb\":{\"@id\":\"https:\/\/pozirk.online\/en\/news\/117832\/#breadcrumb\"},\"inLanguage\":\"en-US\",\"potentialAction\":[{\"@type\":\"ReadAction\",\"target\":[\"https:\/\/pozirk.online\/en\/news\/117832\/\"]}]},{\"@type\":\"ImageObject\",\"inLanguage\":\"en-US\",\"@id\":\"https:\/\/pozirk.online\/en\/news\/117832\/#primaryimage\",\"url\":\"https:\/\/pozirk.online\/wp-content\/uploads\/2023\/11\/pexels-dusan-cvetanovic-12541596-e1702590744749.jpg\",\"contentUrl\":\"https:\/\/pozirk.online\/wp-content\/uploads\/2023\/11\/pexels-dusan-cvetanovic-12541596-e1702590744749.jpg\",\"width\":1440,\"height\":960},{\"@type\":\"BreadcrumbList\",\"@id\":\"https:\/\/pozirk.online\/en\/news\/117832\/#breadcrumb\",\"itemListElement\":[{\"@type\":\"ListItem\",\"position\":1,\"name\":\"Home\",\"item\":\"https:\/\/pozirk.online\/en\/\"},{\"@type\":\"ListItem\",\"position\":2,\"name\":\"Opposition politician urges Europe to open its doors to Belarusian youth\"}]},{\"@type\":\"WebSite\",\"@id\":\"https:\/\/pozirk.online\/en\/#website\",\"url\":\"https:\/\/pozirk.online\/en\/\",\"name\":\"Pozirk\",\"description\":\"\",\"publisher\":{\"@id\":\"https:\/\/pozirk.online\/en\/#organization\"},\"potentialAction\":[{\"@type\":\"SearchAction\",\"target\":{\"@type\":\"EntryPoint\",\"urlTemplate\":\"https:\/\/pozirk.online\/en\/?s={search_term_string}\"},\"query-input\":{\"@type\":\"PropertyValueSpecification\",\"valueRequired\":true,\"valueName\":\"search_term_string\"}}],\"inLanguage\":\"en-US\"},{\"@type\":\"Organization\",\"@id\":\"https:\/\/pozirk.online\/en\/#organization\",\"name\":\"Pozirk\",\"url\":\"https:\/\/pozirk.online\/en\/\",\"logo\":{\"@type\":\"ImageObject\",\"inLanguage\":\"en-US\",\"@id\":\"https:\/\/pozirk.online\/en\/#\/schema\/logo\/image\/\",\"url\":\"https:\/\/pozirk.online\/wp-content\/uploads\/2023\/11\/cropped-Logo_color_512.png\",\"contentUrl\":\"https:\/\/pozirk.online\/wp-content\/uploads\/2023\/11\/cropped-Logo_color_512.png\",\"width\":512,\"height\":512,\"caption\":\"Pozirk\"},\"image\":{\"@id\":\"https:\/\/pozirk.online\/en\/#\/schema\/logo\/image\/\"},\"sameAs\":[\"https:\/\/www.facebook.com\/pozirkonline\/\",\"https:\/\/x.com\/Pozirk_online\"]}]}<\/script>\n<!-- \/ Yoast SEO plugin. -->","yoast_head_json":{"title":"Opposition politician urges Europe to open its doors to Belarusian youth | Pozirk","description":"December 11, Pozirk. Marharyta Vorychava, in charge of youth policy at the opposition transition cabinet, has urged Europe to \u201copen its doors\" for","robots":{"index":"index","follow":"follow","max-snippet":"max-snippet:-1","max-image-preview":"max-image-preview:large","max-video-preview":"max-video-preview:-1"},"canonical":"https:\/\/pozirk.online\/en\/news\/117832\/","og_locale":"en_US","og_type":"article","og_title":"Opposition politician urges Europe to open its doors to Belarusian youth | Pozirk","og_description":"December 11, Pozirk. Marharyta Vorychava, in charge of youth policy at the opposition transition cabinet, has urged Europe to \u201copen its doors\" for","og_url":"https:\/\/pozirk.online\/en\/news\/117832\/","og_site_name":"Pozirk","article_publisher":"https:\/\/www.facebook.com\/pozirkonline\/","article_modified_time":"2026-03-10T12:05:06+00:00","og_image":[{"width":1440,"height":960,"url":"https:\/\/pozirk.online\/wp-content\/uploads\/2023\/11\/pexels-dusan-cvetanovic-12541596-e1702590744749.jpg","type":"image\/jpeg"}],"twitter_card":"summary_large_image","twitter_site":"@Pozirk_online","twitter_misc":{"Est. reading time":"2 minutes"},"schema":{"@context":"https:\/\/schema.org","@graph":[{"@type":"NewsArticle","@id":"https:\/\/pozirk.online\/en\/news\/117832\/#article","isPartOf":{"@id":"https:\/\/pozirk.online\/en\/news\/117832\/"},"headline":"Opposition politician urges Europe to open its doors to Belarusian youth","datePublished":"2024-12-11T17:51:37+00:00","dateModified":"2026-03-10T12:05:06+00:00","mainEntityOfPage":{"@id":"https:\/\/pozirk.online\/en\/news\/117832\/"},"wordCount":231,"publisher":{"@id":"https:\/\/pozirk.online\/en\/#organization"},"image":{"@id":"https:\/\/pozirk.online\/en\/news\/117832\/#primaryimage"},"thumbnailUrl":"https:\/\/pozirk.online\/wp-content\/uploads\/2023\/11\/pexels-dusan-cvetanovic-12541596-e1702590744749.jpg","inLanguage":"en-US"},{"@type":"WebPage","@id":"https:\/\/pozirk.online\/en\/news\/117832\/","url":"https:\/\/pozirk.online\/en\/news\/117832\/","name":"Opposition politician urges Europe to open its doors to Belarusian youth | Pozirk","isPartOf":{"@id":"https:\/\/pozirk.online\/en\/#website"},"primaryImageOfPage":{"@id":"https:\/\/pozirk.online\/en\/news\/117832\/#primaryimage"},"image":{"@id":"https:\/\/pozirk.online\/en\/news\/117832\/#primaryimage"},"thumbnailUrl":"https:\/\/pozirk.online\/wp-content\/uploads\/2023\/11\/pexels-dusan-cvetanovic-12541596-e1702590744749.jpg","datePublished":"2024-12-11T17:51:37+00:00","dateModified":"2026-03-10T12:05:06+00:00","description":"December 11, Pozirk. Marharyta Vorychava, in charge of youth policy at the opposition transition cabinet, has urged Europe to \u201copen its doors\" for","breadcrumb":{"@id":"https:\/\/pozirk.online\/en\/news\/117832\/#breadcrumb"},"inLanguage":"en-US","potentialAction":[{"@type":"ReadAction","target":["https:\/\/pozirk.online\/en\/news\/117832\/"]}]},{"@type":"ImageObject","inLanguage":"en-US","@id":"https:\/\/pozirk.online\/en\/news\/117832\/#primaryimage","url":"https:\/\/pozirk.online\/wp-content\/uploads\/2023\/11\/pexels-dusan-cvetanovic-12541596-e1702590744749.jpg","contentUrl":"https:\/\/pozirk.online\/wp-content\/uploads\/2023\/11\/pexels-dusan-cvetanovic-12541596-e1702590744749.jpg","width":1440,"height":960},{"@type":"BreadcrumbList","@id":"https:\/\/pozirk.online\/en\/news\/117832\/#breadcrumb","itemListElement":[{"@type":"ListItem","position":1,"name":"Home","item":"https:\/\/pozirk.online\/en\/"},{"@type":"ListItem","position":2,"name":"Opposition politician urges Europe to open its doors to Belarusian youth"}]},{"@type":"WebSite","@id":"https:\/\/pozirk.online\/en\/#website","url":"https:\/\/pozirk.online\/en\/","name":"Pozirk","description":"","publisher":{"@id":"https:\/\/pozirk.online\/en\/#organization"},"potentialAction":[{"@type":"SearchAction","target":{"@type":"EntryPoint","urlTemplate":"https:\/\/pozirk.online\/en\/?s={search_term_string}"},"query-input":{"@type":"PropertyValueSpecification","valueRequired":true,"valueName":"search_term_string"}}],"inLanguage":"en-US"},{"@type":"Organization","@id":"https:\/\/pozirk.online\/en\/#organization","name":"Pozirk","url":"https:\/\/pozirk.online\/en\/","logo":{"@type":"ImageObject","inLanguage":"en-US","@id":"https:\/\/pozirk.online\/en\/#\/schema\/logo\/image\/","url":"https:\/\/pozirk.online\/wp-content\/uploads\/2023\/11\/cropped-Logo_color_512.png","contentUrl":"https:\/\/pozirk.online\/wp-content\/uploads\/2023\/11\/cropped-Logo_color_512.png","width":512,"height":512,"caption":"Pozirk"},"image":{"@id":"https:\/\/pozirk.online\/en\/#\/schema\/logo\/image\/"},"sameAs":["https:\/\/www.facebook.com\/pozirkonline\/","https:\/\/x.com\/Pozirk_online"]}]}},"_links":{"self":[{"href":"https:\/\/pozirk.online\/en\/wp-json\/wp\/v2\/articles\/117832","targetHints":{"allow":["GET"]}}],"collection":[{"href":"https:\/\/pozirk.online\/en\/wp-json\/wp\/v2\/articles"}],"about":[{"href":"https:\/\/pozirk.online\/en\/wp-json\/wp\/v2\/types\/articles"}],"author":[{"embeddable":true,"href":"https:\/\/pozirk.online\/en\/wp-json\/wp\/v2\/users\/84"}],"wp:featuredmedia":[{"embeddable":true,"href":"https:\/\/pozirk.online\/en\/wp-json\/wp\/v2\/media\/10221"}],"wp:attachment":[{"href":"https:\/\/pozirk.online\/en\/wp-json\/wp\/v2\/media?parent=117832"}],"wp:term":[{"taxonomy":"rubric","embeddable":true,"href":"https:\/\/pozirk.online\/en\/wp-json\/wp\/v2\/rubric?post=117832"}],"curies":[{"name":"wp","href":"https:\/\/api.w.org\/{rel}","templated":true}]}}