{"id":118726,"date":"2024-12-17T23:52:32","date_gmt":"2024-12-17T20:52:32","guid":{"rendered":"https:\/\/pozirk.online\/en\/news\/118726\/"},"modified":"2026-02-24T20:40:57","modified_gmt":"2026-02-24T20:40:57","slug":"polish-deputy-foreign-minister-belarusian-politician-discuss-eu-chairmanship","status":"publish","type":"articles","link":"https:\/\/pozirk.online\/en\/news\/118726\/","title":{"rendered":"Polish deputy foreign minister, Belarusian politician discuss EU chairmanship"},"content":{"rendered":"\n<p><strong>December 17, <em>Pozirk.<\/em><\/strong> Henryka Mo\u015bcicka-Dendys, the Polish undersecretary of state, has told Belarusian opposition politician Pavie\u0142 \u0141atu\u0161ka that Belarus will be a priority during the Polish chairmanship of the European Union (EU), the United Transitional Cabinet reported.<\/p>\n\n\n\n<p>The EU will support Belarusians&#8217; democratic aspirations, Mo\u015bcicka-Dendys said. Poland will host the Ko\u015bciuszko Forum to be held in February on the initiative of Polish Foreign Minister Rados\u0142aw Sikorski. The organizers will invite European foreign ministers and Belarusian pro-democracy politicians to the conference.<\/p>\n\n\n\n<p>\u0141atu\u0161ka and Mo\u015bcicka-Dendys also discussed elections and holding Alaksandar \u0141uka\u0161enka and his cronies accountable for human rights abuses and war crimes.<\/p>\n\n\n\n<p>\u0141atu\u0161ka thanked Poland for organizing the Days of Belarus in Brussels on December 9\u201313, describing them as &#8220;an important signal of support for the Belarusian democratic community.&#8221;<\/p>\n\n\n\n<p>Poland will hold the rotating chairmanship in the first half of 2025.<\/p>\n\n\n\n<div class=\"insert-block\">\n\n    <div class=\"insert-block__img\">\n        <img decoding=\"async\" width=\"354\" height=\"236\" src=\"https:\/\/pozirk.online\/wp-content\/uploads\/2024\/12\/latushko_dni_belarusi_1128x752-354x236.jpg\" class=\"attachment-medium size-medium\" alt=\"\" srcset=\"https:\/\/pozirk.online\/wp-content\/uploads\/2024\/12\/latushko_dni_belarusi_1128x752-354x236.jpg 354w, https:\/\/pozirk.online\/wp-content\/uploads\/2024\/12\/latushko_dni_belarusi_1128x752-734x490.jpg 734w, https:\/\/pozirk.online\/wp-content\/uploads\/2024\/12\/latushko_dni_belarusi_1128x752-178x118.jpg 178w, https:\/\/pozirk.online\/wp-content\/uploads\/2024\/12\/latushko_dni_belarusi_1128x752-768x512.jpg 768w, https:\/\/pozirk.online\/wp-content\/uploads\/2024\/12\/latushko_dni_belarusi_1128x752.jpg 1128w\" sizes=\"(max-width: 354px) 100vw, 354px\" \/>                        <label class=\"insert-block__tag--mobile\"> \u041f\u043e\u043b\u0438\u0442\u0438\u043a\u0430<\/label>\n\n                <\/div>\n    <div class=\"insert-block__text\">\n                    <label class=\"insert-block__tag\">\u041f\u043e\u043b\u0438\u0442\u0438\u043a\u0430<\/label>\n                <h3 class=\"insert-block__title\">West\u2019s contacts with \u0141uka\u0161enka would be betrayal \u2013 \u0141atu\u0161ka<\/h3>\n        <div class=\"insert-block__descr\">December 11, Pozirk. Alaksandar \u0141uka\u0161enka&#039;s remarks about the deployment of Russian nuclear weapons and Oreshnik missiles in Belarus are blackmail directed at the West, Pavie\u0142 \u0141atu\u0161ka, a Belarusian opposition politician, has told European ambassadors. Addressing Pa\u017esnab factory workers in the &#8230;<\/div>\n        <a class=\"insert-block__btn-block\" href=\"\/en\/news\/117731\">\n            <button class=\"btn\">\n                <div class='btn__text'>Read the article<\/div>\n            <\/button>\n        <\/a>\n    <\/div>\n<\/div>","protected":false},"excerpt":{"rendered":"<p>December 17, Pozirk. Henryka Mo\u015bcicka-Dendys, the Polish undersecretary of state, has told Belarusian opposition politician Pavie\u0142 \u0141atu\u0161ka that Belarus will be a priority during the Polish chairmanship of the European Union (EU), the United Transitional Cabinet reported. The EU will support Belarusians&#8217; democratic aspirations, Mo\u015bcicka-Dendys said. Poland will host the Ko\u015bciuszko Forum to be held [&hellip;]<\/p>\n","protected":false},"author":75,"featured_media":118719,"template":"","rubric":[16],"class_list":["post-118726","articles","type-articles","status-publish","has-post-thumbnail","hentry","rubric-politics"],"acf":[],"yoast_head":"<!-- This site is optimized with the Yoast SEO plugin v25.5 - https:\/\/yoast.com\/wordpress\/plugins\/seo\/ -->\n<title>Polish deputy foreign minister, Belarusian politician discuss EU chairmanship | Pozirk<\/title>\n<meta name=\"description\" content=\"December 17, Pozirk. Henryka Mo\u015bcicka-Dendys, the Polish undersecretary of state, has told Belarusian opposition politician Pavie\u0142 \u0141atu\u0161ka that Belarus\" \/>\n<meta name=\"robots\" content=\"index, follow, max-snippet:-1, max-image-preview:large, max-video-preview:-1\" \/>\n<link rel=\"canonical\" href=\"https:\/\/pozirk.online\/en\/news\/118726\/\" \/>\n<meta property=\"og:locale\" content=\"en_US\" \/>\n<meta property=\"og:type\" content=\"article\" \/>\n<meta property=\"og:title\" content=\"Polish deputy foreign minister, Belarusian politician discuss EU chairmanship | Pozirk\" \/>\n<meta property=\"og:description\" content=\"December 17, Pozirk. Henryka Mo\u015bcicka-Dendys, the Polish undersecretary of state, has told Belarusian opposition politician Pavie\u0142 \u0141atu\u0161ka that Belarus\" \/>\n<meta property=\"og:url\" content=\"https:\/\/pozirk.online\/en\/news\/118726\/\" \/>\n<meta property=\"og:site_name\" content=\"Pozirk\" \/>\n<meta property=\"article:publisher\" content=\"https:\/\/www.facebook.com\/pozirkonline\/\" \/>\n<meta property=\"article:modified_time\" content=\"2026-02-24T20:40:57+00:00\" \/>\n<meta property=\"og:image\" content=\"https:\/\/pozirk.online\/wp-content\/uploads\/2024\/12\/latushka_mid_polska_opk.jpg\" \/>\n\t<meta property=\"og:image:width\" content=\"1128\" \/>\n\t<meta property=\"og:image:height\" content=\"752\" \/>\n\t<meta property=\"og:image:type\" content=\"image\/jpeg\" \/>\n<meta name=\"twitter:card\" content=\"summary_large_image\" \/>\n<meta name=\"twitter:site\" content=\"@Pozirk_online\" \/>\n<meta name=\"twitter:label1\" content=\"Est. reading time\" \/>\n\t<meta name=\"twitter:data1\" content=\"1 minute\" \/>\n<script type=\"application\/ld+json\" class=\"yoast-schema-graph\">{\"@context\":\"https:\/\/schema.org\",\"@graph\":[{\"@type\":\"NewsArticle\",\"@id\":\"https:\/\/pozirk.online\/en\/news\/118726\/#article\",\"isPartOf\":{\"@id\":\"https:\/\/pozirk.online\/en\/news\/118726\/\"},\"headline\":\"Polish deputy foreign minister, Belarusian politician discuss EU chairmanship\",\"datePublished\":\"2024-12-17T20:52:32+00:00\",\"dateModified\":\"2026-02-24T20:40:57+00:00\",\"mainEntityOfPage\":{\"@id\":\"https:\/\/pozirk.online\/en\/news\/118726\/\"},\"wordCount\":155,\"publisher\":{\"@id\":\"https:\/\/pozirk.online\/en\/#organization\"},\"image\":{\"@id\":\"https:\/\/pozirk.online\/en\/news\/118726\/#primaryimage\"},\"thumbnailUrl\":\"https:\/\/pozirk.online\/wp-content\/uploads\/2024\/12\/latushka_mid_polska_opk.jpg\",\"inLanguage\":\"en-US\"},{\"@type\":\"WebPage\",\"@id\":\"https:\/\/pozirk.online\/en\/news\/118726\/\",\"url\":\"https:\/\/pozirk.online\/en\/news\/118726\/\",\"name\":\"Polish deputy foreign minister, Belarusian politician discuss EU chairmanship | Pozirk\",\"isPartOf\":{\"@id\":\"https:\/\/pozirk.online\/en\/#website\"},\"primaryImageOfPage\":{\"@id\":\"https:\/\/pozirk.online\/en\/news\/118726\/#primaryimage\"},\"image\":{\"@id\":\"https:\/\/pozirk.online\/en\/news\/118726\/#primaryimage\"},\"thumbnailUrl\":\"https:\/\/pozirk.online\/wp-content\/uploads\/2024\/12\/latushka_mid_polska_opk.jpg\",\"datePublished\":\"2024-12-17T20:52:32+00:00\",\"dateModified\":\"2026-02-24T20:40:57+00:00\",\"description\":\"December 17, Pozirk. Henryka Mo\u015bcicka-Dendys, the Polish undersecretary of state, has told Belarusian opposition politician Pavie\u0142 \u0141atu\u0161ka that Belarus\",\"breadcrumb\":{\"@id\":\"https:\/\/pozirk.online\/en\/news\/118726\/#breadcrumb\"},\"inLanguage\":\"en-US\",\"potentialAction\":[{\"@type\":\"ReadAction\",\"target\":[\"https:\/\/pozirk.online\/en\/news\/118726\/\"]}]},{\"@type\":\"ImageObject\",\"inLanguage\":\"en-US\",\"@id\":\"https:\/\/pozirk.online\/en\/news\/118726\/#primaryimage\",\"url\":\"https:\/\/pozirk.online\/wp-content\/uploads\/2024\/12\/latushka_mid_polska_opk.jpg\",\"contentUrl\":\"https:\/\/pozirk.online\/wp-content\/uploads\/2024\/12\/latushka_mid_polska_opk.jpg\",\"width\":1128,\"height\":752},{\"@type\":\"BreadcrumbList\",\"@id\":\"https:\/\/pozirk.online\/en\/news\/118726\/#breadcrumb\",\"itemListElement\":[{\"@type\":\"ListItem\",\"position\":1,\"name\":\"Home\",\"item\":\"https:\/\/pozirk.online\/en\/\"},{\"@type\":\"ListItem\",\"position\":2,\"name\":\"Polish deputy foreign minister, Belarusian politician discuss EU chairmanship\"}]},{\"@type\":\"WebSite\",\"@id\":\"https:\/\/pozirk.online\/en\/#website\",\"url\":\"https:\/\/pozirk.online\/en\/\",\"name\":\"Pozirk\",\"description\":\"\",\"publisher\":{\"@id\":\"https:\/\/pozirk.online\/en\/#organization\"},\"potentialAction\":[{\"@type\":\"SearchAction\",\"target\":{\"@type\":\"EntryPoint\",\"urlTemplate\":\"https:\/\/pozirk.online\/en\/?s={search_term_string}\"},\"query-input\":{\"@type\":\"PropertyValueSpecification\",\"valueRequired\":true,\"valueName\":\"search_term_string\"}}],\"inLanguage\":\"en-US\"},{\"@type\":\"Organization\",\"@id\":\"https:\/\/pozirk.online\/en\/#organization\",\"name\":\"Pozirk\",\"url\":\"https:\/\/pozirk.online\/en\/\",\"logo\":{\"@type\":\"ImageObject\",\"inLanguage\":\"en-US\",\"@id\":\"https:\/\/pozirk.online\/en\/#\/schema\/logo\/image\/\",\"url\":\"https:\/\/pozirk.online\/wp-content\/uploads\/2023\/11\/cropped-Logo_color_512.png\",\"contentUrl\":\"https:\/\/pozirk.online\/wp-content\/uploads\/2023\/11\/cropped-Logo_color_512.png\",\"width\":512,\"height\":512,\"caption\":\"Pozirk\"},\"image\":{\"@id\":\"https:\/\/pozirk.online\/en\/#\/schema\/logo\/image\/\"},\"sameAs\":[\"https:\/\/www.facebook.com\/pozirkonline\/\",\"https:\/\/x.com\/Pozirk_online\"]}]}<\/script>\n<!-- \/ Yoast SEO plugin. -->","yoast_head_json":{"title":"Polish deputy foreign minister, Belarusian politician discuss EU chairmanship | Pozirk","description":"December 17, Pozirk. Henryka Mo\u015bcicka-Dendys, the Polish undersecretary of state, has told Belarusian opposition politician Pavie\u0142 \u0141atu\u0161ka that Belarus","robots":{"index":"index","follow":"follow","max-snippet":"max-snippet:-1","max-image-preview":"max-image-preview:large","max-video-preview":"max-video-preview:-1"},"canonical":"https:\/\/pozirk.online\/en\/news\/118726\/","og_locale":"en_US","og_type":"article","og_title":"Polish deputy foreign minister, Belarusian politician discuss EU chairmanship | Pozirk","og_description":"December 17, Pozirk. Henryka Mo\u015bcicka-Dendys, the Polish undersecretary of state, has told Belarusian opposition politician Pavie\u0142 \u0141atu\u0161ka that Belarus","og_url":"https:\/\/pozirk.online\/en\/news\/118726\/","og_site_name":"Pozirk","article_publisher":"https:\/\/www.facebook.com\/pozirkonline\/","article_modified_time":"2026-02-24T20:40:57+00:00","og_image":[{"width":1128,"height":752,"url":"https:\/\/pozirk.online\/wp-content\/uploads\/2024\/12\/latushka_mid_polska_opk.jpg","type":"image\/jpeg"}],"twitter_card":"summary_large_image","twitter_site":"@Pozirk_online","twitter_misc":{"Est. reading time":"1 minute"},"schema":{"@context":"https:\/\/schema.org","@graph":[{"@type":"NewsArticle","@id":"https:\/\/pozirk.online\/en\/news\/118726\/#article","isPartOf":{"@id":"https:\/\/pozirk.online\/en\/news\/118726\/"},"headline":"Polish deputy foreign minister, Belarusian politician discuss EU chairmanship","datePublished":"2024-12-17T20:52:32+00:00","dateModified":"2026-02-24T20:40:57+00:00","mainEntityOfPage":{"@id":"https:\/\/pozirk.online\/en\/news\/118726\/"},"wordCount":155,"publisher":{"@id":"https:\/\/pozirk.online\/en\/#organization"},"image":{"@id":"https:\/\/pozirk.online\/en\/news\/118726\/#primaryimage"},"thumbnailUrl":"https:\/\/pozirk.online\/wp-content\/uploads\/2024\/12\/latushka_mid_polska_opk.jpg","inLanguage":"en-US"},{"@type":"WebPage","@id":"https:\/\/pozirk.online\/en\/news\/118726\/","url":"https:\/\/pozirk.online\/en\/news\/118726\/","name":"Polish deputy foreign minister, Belarusian politician discuss EU chairmanship | Pozirk","isPartOf":{"@id":"https:\/\/pozirk.online\/en\/#website"},"primaryImageOfPage":{"@id":"https:\/\/pozirk.online\/en\/news\/118726\/#primaryimage"},"image":{"@id":"https:\/\/pozirk.online\/en\/news\/118726\/#primaryimage"},"thumbnailUrl":"https:\/\/pozirk.online\/wp-content\/uploads\/2024\/12\/latushka_mid_polska_opk.jpg","datePublished":"2024-12-17T20:52:32+00:00","dateModified":"2026-02-24T20:40:57+00:00","description":"December 17, Pozirk. Henryka Mo\u015bcicka-Dendys, the Polish undersecretary of state, has told Belarusian opposition politician Pavie\u0142 \u0141atu\u0161ka that Belarus","breadcrumb":{"@id":"https:\/\/pozirk.online\/en\/news\/118726\/#breadcrumb"},"inLanguage":"en-US","potentialAction":[{"@type":"ReadAction","target":["https:\/\/pozirk.online\/en\/news\/118726\/"]}]},{"@type":"ImageObject","inLanguage":"en-US","@id":"https:\/\/pozirk.online\/en\/news\/118726\/#primaryimage","url":"https:\/\/pozirk.online\/wp-content\/uploads\/2024\/12\/latushka_mid_polska_opk.jpg","contentUrl":"https:\/\/pozirk.online\/wp-content\/uploads\/2024\/12\/latushka_mid_polska_opk.jpg","width":1128,"height":752},{"@type":"BreadcrumbList","@id":"https:\/\/pozirk.online\/en\/news\/118726\/#breadcrumb","itemListElement":[{"@type":"ListItem","position":1,"name":"Home","item":"https:\/\/pozirk.online\/en\/"},{"@type":"ListItem","position":2,"name":"Polish deputy foreign minister, Belarusian politician discuss EU chairmanship"}]},{"@type":"WebSite","@id":"https:\/\/pozirk.online\/en\/#website","url":"https:\/\/pozirk.online\/en\/","name":"Pozirk","description":"","publisher":{"@id":"https:\/\/pozirk.online\/en\/#organization"},"potentialAction":[{"@type":"SearchAction","target":{"@type":"EntryPoint","urlTemplate":"https:\/\/pozirk.online\/en\/?s={search_term_string}"},"query-input":{"@type":"PropertyValueSpecification","valueRequired":true,"valueName":"search_term_string"}}],"inLanguage":"en-US"},{"@type":"Organization","@id":"https:\/\/pozirk.online\/en\/#organization","name":"Pozirk","url":"https:\/\/pozirk.online\/en\/","logo":{"@type":"ImageObject","inLanguage":"en-US","@id":"https:\/\/pozirk.online\/en\/#\/schema\/logo\/image\/","url":"https:\/\/pozirk.online\/wp-content\/uploads\/2023\/11\/cropped-Logo_color_512.png","contentUrl":"https:\/\/pozirk.online\/wp-content\/uploads\/2023\/11\/cropped-Logo_color_512.png","width":512,"height":512,"caption":"Pozirk"},"image":{"@id":"https:\/\/pozirk.online\/en\/#\/schema\/logo\/image\/"},"sameAs":["https:\/\/www.facebook.com\/pozirkonline\/","https:\/\/x.com\/Pozirk_online"]}]}},"_links":{"self":[{"href":"https:\/\/pozirk.online\/en\/wp-json\/wp\/v2\/articles\/118726","targetHints":{"allow":["GET"]}}],"collection":[{"href":"https:\/\/pozirk.online\/en\/wp-json\/wp\/v2\/articles"}],"about":[{"href":"https:\/\/pozirk.online\/en\/wp-json\/wp\/v2\/types\/articles"}],"author":[{"embeddable":true,"href":"https:\/\/pozirk.online\/en\/wp-json\/wp\/v2\/users\/75"}],"wp:featuredmedia":[{"embeddable":true,"href":"https:\/\/pozirk.online\/en\/wp-json\/wp\/v2\/media\/118719"}],"wp:attachment":[{"href":"https:\/\/pozirk.online\/en\/wp-json\/wp\/v2\/media?parent=118726"}],"wp:term":[{"taxonomy":"rubric","embeddable":true,"href":"https:\/\/pozirk.online\/en\/wp-json\/wp\/v2\/rubric?post=118726"}],"curies":[{"name":"wp","href":"https:\/\/api.w.org\/{rel}","templated":true}]}}