{"id":119369,"date":"2024-12-23T12:07:17","date_gmt":"2024-12-23T09:07:17","guid":{"rendered":"https:\/\/pozirk.online\/en\/news\/119369\/"},"modified":"2026-03-10T12:05:06","modified_gmt":"2026-03-10T12:05:06","slug":"official-blames-eu-officials-for-suspended-air-passenger-services","status":"publish","type":"articles","link":"https:\/\/pozirk.online\/en\/news\/119369\/","title":{"rendered":"Official blames EU politicians for suspended air passenger services"},"content":{"rendered":"\n<figure class=\"block-image block-image-normal\">\n\n  <img decoding=\"async\" width=\"1128\" height=\"752\" src=\"https:\/\/pozirk.online\/wp-content\/uploads\/2024\/02\/polet_unsplash_ries_bosch_1128x752.jpg\" class=\"attachment-full size-full\" alt=\"\" srcset=\"https:\/\/pozirk.online\/wp-content\/uploads\/2024\/02\/polet_unsplash_ries_bosch_1128x752.jpg 1128w, https:\/\/pozirk.online\/wp-content\/uploads\/2024\/02\/polet_unsplash_ries_bosch_1128x752-354x236.jpg 354w, https:\/\/pozirk.online\/wp-content\/uploads\/2024\/02\/polet_unsplash_ries_bosch_1128x752-734x490.jpg 734w, https:\/\/pozirk.online\/wp-content\/uploads\/2024\/02\/polet_unsplash_ries_bosch_1128x752-178x118.jpg 178w, https:\/\/pozirk.online\/wp-content\/uploads\/2024\/02\/polet_unsplash_ries_bosch_1128x752-768x512.jpg 768w\" sizes=\"(max-width: 1128px) 100vw, 1128px\" \/>\n  <figcaption>\n  \n       <div class=\"block-image__author\">\n                <span>(unsplash.com)<\/span>\n    <\/div>\n     <\/figcaption>\n<\/figure>\n\n\n\n<p><strong>December 23, <em>Pozirk<\/em>.<\/strong> The European Union&#8217;s politicians \u201care not yet interested\u201d in resuming air passenger services with Belarus unlike the bloc\u2019s airlines and aviation authorities, Ihar Ho\u0142ub in charge of the transport ministry&#8217;s aviation department told <em>Belarus 1 <\/em>yesterday.<\/p>\n\n\n\n<p>\u201cWe hope that these hotheads will cool down a little bit and will be willing to hear out our head of state and other officials,&#8221; he said, noting that Minsk hopes to resume air traffic and expand business activities.<\/p>\n\n\n\n<p>Hit by international sanctions, the Belarusian flagship airline Bie\u0142avia operates flights to 10 countries, such as Russia, Kazakhstan, Azerbaijan, Georgia, India, Armenia, Turkey, Uzbekistan, the UAE and Turkmenistan.<\/p>\n\n\n\n<p>The EU banned it from its airports following the May 2021 Ryanair Flight 4978 forced landing. Belarusian security officers cited a false bomb threat to divert the passenger aircraft to Minsk and arrest prominent journalist Raman Pratasievi\u010d.<\/p>\n\n\n\n<p>The incident has not been properly investigated because Belarusian officials denied international experts access to key evidence and witnesses.<\/p>\n\n\n\n<p>The International Civil Aviation Organization Council determined that the bomb threat against Ryanair Flight 4978 \u201cwas deliberately false and endangered its safety, and furthermore that the threat was communicated to the flight crew upon the instructions of senior government officials of Belarus.\u201d<\/p>\n\n\n\n<p>\u201cAs neither a bomb nor evidence of its existence was found during pre-departure screening in Athens Greece and after various searches of the aircraft in Belarus and Lithuania, it is considered that the bomb threat was deliberately false. Knowingly communicating false information which endangers the safety of an aircraft in flight is an offence under Article 1 (1) (e) of the Montr\u00e9al Convention,\u201d it said.<\/p>\n\n\n\n<div class=\"insert-block\">\n\n    <div class=\"insert-block__img\">\n        <img decoding=\"async\" width=\"354\" height=\"236\" src=\"https:\/\/pozirk.online\/wp-content\/uploads\/2024\/01\/pozirk_color_blank_1128x752-354x236.jpg\" class=\"attachment-medium size-medium\" alt=\"\" srcset=\"https:\/\/pozirk.online\/wp-content\/uploads\/2024\/01\/pozirk_color_blank_1128x752-354x236.jpg 354w, https:\/\/pozirk.online\/wp-content\/uploads\/2024\/01\/pozirk_color_blank_1128x752-734x490.jpg 734w, https:\/\/pozirk.online\/wp-content\/uploads\/2024\/01\/pozirk_color_blank_1128x752-178x118.jpg 178w, https:\/\/pozirk.online\/wp-content\/uploads\/2024\/01\/pozirk_color_blank_1128x752-768x512.jpg 768w, https:\/\/pozirk.online\/wp-content\/uploads\/2024\/01\/pozirk_color_blank_1128x752.jpg 1128w\" sizes=\"(max-width: 354px) 100vw, 354px\" \/>                        <label class=\"insert-block__tag--mobile\"> \u042d\u043a\u043e\u043d\u043e\u043c\u0438\u043a\u0430<\/label>\n\n                <\/div>\n    <div class=\"insert-block__text\">\n                    <label class=\"insert-block__tag\">\u042d\u043a\u043e\u043d\u043e\u043c\u0438\u043a\u0430<\/label>\n                <h3 class=\"insert-block__title\">Bie\u0142avia reports 75-percent load factor for first \u00dcr\u00fcmqi flight<\/h3>\n        <div class=\"insert-block__descr\">December 17, Pozirk. The first passenger flight to China&#039;s \u00dcr\u00fcmqi was 75 percent full, the Belarusian carrier Bie\u0142avija has said, commenting on the flight performed yesterday. The airline noted that the plane carried more than three tons of cargo back &#8230;<\/div>\n        <a class=\"insert-block__btn-block\" href=\"\/en\/news\/118712\">\n            <button class=\"btn\">\n                <div class='btn__text'>Read the article<\/div>\n            <\/button>\n        <\/a>\n    <\/div>\n<\/div>","protected":false},"excerpt":{"rendered":"<p>December 23, Pozirk. The European Union&#8217;s politicians \u201care not yet interested\u201d in resuming air passenger services with Belarus unlike the bloc\u2019s airlines and aviation authorities, Ihar Ho\u0142ub in charge of the transport ministry&#8217;s aviation department told Belarus 1 yesterday. \u201cWe hope that these hotheads will cool down a little bit and will be willing to [&hellip;]<\/p>\n","protected":false},"author":84,"featured_media":65950,"template":"","rubric":[16,15],"class_list":["post-119369","articles","type-articles","status-publish","has-post-thumbnail","hentry","rubric-politics","rubric-society"],"acf":[],"yoast_head":"<!-- This site is optimized with the Yoast SEO plugin v25.5 - https:\/\/yoast.com\/wordpress\/plugins\/seo\/ -->\n<title>Official blames EU politicians for suspended air passenger services | Pozirk<\/title>\n<meta name=\"description\" content=\"December 23, Pozirk. The European Union&#039;s politicians \u201care not yet interested\u201d in resuming air passenger services with Belarus unlike the bloc\u2019s airlines\" \/>\n<meta name=\"robots\" content=\"index, follow, max-snippet:-1, max-image-preview:large, max-video-preview:-1\" \/>\n<link rel=\"canonical\" href=\"https:\/\/pozirk.online\/en\/news\/119369\/\" \/>\n<meta property=\"og:locale\" content=\"en_US\" \/>\n<meta property=\"og:type\" content=\"article\" \/>\n<meta property=\"og:title\" content=\"Official blames EU politicians for suspended air passenger services | Pozirk\" \/>\n<meta property=\"og:description\" content=\"December 23, Pozirk. The European Union&#039;s politicians \u201care not yet interested\u201d in resuming air passenger services with Belarus unlike the bloc\u2019s airlines\" \/>\n<meta property=\"og:url\" content=\"https:\/\/pozirk.online\/en\/news\/119369\/\" \/>\n<meta property=\"og:site_name\" content=\"Pozirk\" \/>\n<meta property=\"article:publisher\" content=\"https:\/\/www.facebook.com\/pozirkonline\/\" \/>\n<meta property=\"article:modified_time\" content=\"2026-03-10T12:05:06+00:00\" \/>\n<meta property=\"og:image\" content=\"https:\/\/pozirk.online\/wp-content\/uploads\/2024\/02\/polet_unsplash_ries_bosch_1128x752.jpg\" \/>\n\t<meta property=\"og:image:width\" content=\"1128\" \/>\n\t<meta property=\"og:image:height\" content=\"752\" \/>\n\t<meta property=\"og:image:type\" content=\"image\/jpeg\" \/>\n<meta name=\"twitter:card\" content=\"summary_large_image\" \/>\n<meta name=\"twitter:site\" content=\"@Pozirk_online\" \/>\n<meta name=\"twitter:label1\" content=\"Est. reading time\" \/>\n\t<meta name=\"twitter:data1\" content=\"2 minutes\" \/>\n<script type=\"application\/ld+json\" class=\"yoast-schema-graph\">{\"@context\":\"https:\/\/schema.org\",\"@graph\":[{\"@type\":\"NewsArticle\",\"@id\":\"https:\/\/pozirk.online\/en\/news\/119369\/#article\",\"isPartOf\":{\"@id\":\"https:\/\/pozirk.online\/en\/news\/119369\/\"},\"headline\":\"Official blames EU politicians for suspended air passenger services\",\"datePublished\":\"2024-12-23T09:07:17+00:00\",\"dateModified\":\"2026-03-10T12:05:06+00:00\",\"mainEntityOfPage\":{\"@id\":\"https:\/\/pozirk.online\/en\/news\/119369\/\"},\"wordCount\":276,\"publisher\":{\"@id\":\"https:\/\/pozirk.online\/en\/#organization\"},\"image\":{\"@id\":\"https:\/\/pozirk.online\/en\/news\/119369\/#primaryimage\"},\"thumbnailUrl\":\"https:\/\/pozirk.online\/wp-content\/uploads\/2024\/02\/polet_unsplash_ries_bosch_1128x752.jpg\",\"inLanguage\":\"en-US\"},{\"@type\":\"WebPage\",\"@id\":\"https:\/\/pozirk.online\/en\/news\/119369\/\",\"url\":\"https:\/\/pozirk.online\/en\/news\/119369\/\",\"name\":\"Official blames EU politicians for suspended air passenger services | Pozirk\",\"isPartOf\":{\"@id\":\"https:\/\/pozirk.online\/en\/#website\"},\"primaryImageOfPage\":{\"@id\":\"https:\/\/pozirk.online\/en\/news\/119369\/#primaryimage\"},\"image\":{\"@id\":\"https:\/\/pozirk.online\/en\/news\/119369\/#primaryimage\"},\"thumbnailUrl\":\"https:\/\/pozirk.online\/wp-content\/uploads\/2024\/02\/polet_unsplash_ries_bosch_1128x752.jpg\",\"datePublished\":\"2024-12-23T09:07:17+00:00\",\"dateModified\":\"2026-03-10T12:05:06+00:00\",\"description\":\"December 23, Pozirk. The European Union's politicians \u201care not yet interested\u201d in resuming air passenger services with Belarus unlike the bloc\u2019s airlines\",\"breadcrumb\":{\"@id\":\"https:\/\/pozirk.online\/en\/news\/119369\/#breadcrumb\"},\"inLanguage\":\"en-US\",\"potentialAction\":[{\"@type\":\"ReadAction\",\"target\":[\"https:\/\/pozirk.online\/en\/news\/119369\/\"]}]},{\"@type\":\"ImageObject\",\"inLanguage\":\"en-US\",\"@id\":\"https:\/\/pozirk.online\/en\/news\/119369\/#primaryimage\",\"url\":\"https:\/\/pozirk.online\/wp-content\/uploads\/2024\/02\/polet_unsplash_ries_bosch_1128x752.jpg\",\"contentUrl\":\"https:\/\/pozirk.online\/wp-content\/uploads\/2024\/02\/polet_unsplash_ries_bosch_1128x752.jpg\",\"width\":1128,\"height\":752},{\"@type\":\"BreadcrumbList\",\"@id\":\"https:\/\/pozirk.online\/en\/news\/119369\/#breadcrumb\",\"itemListElement\":[{\"@type\":\"ListItem\",\"position\":1,\"name\":\"Home\",\"item\":\"https:\/\/pozirk.online\/en\/\"},{\"@type\":\"ListItem\",\"position\":2,\"name\":\"Official blames EU politicians for suspended air passenger services\"}]},{\"@type\":\"WebSite\",\"@id\":\"https:\/\/pozirk.online\/en\/#website\",\"url\":\"https:\/\/pozirk.online\/en\/\",\"name\":\"Pozirk\",\"description\":\"\",\"publisher\":{\"@id\":\"https:\/\/pozirk.online\/en\/#organization\"},\"potentialAction\":[{\"@type\":\"SearchAction\",\"target\":{\"@type\":\"EntryPoint\",\"urlTemplate\":\"https:\/\/pozirk.online\/en\/?s={search_term_string}\"},\"query-input\":{\"@type\":\"PropertyValueSpecification\",\"valueRequired\":true,\"valueName\":\"search_term_string\"}}],\"inLanguage\":\"en-US\"},{\"@type\":\"Organization\",\"@id\":\"https:\/\/pozirk.online\/en\/#organization\",\"name\":\"Pozirk\",\"url\":\"https:\/\/pozirk.online\/en\/\",\"logo\":{\"@type\":\"ImageObject\",\"inLanguage\":\"en-US\",\"@id\":\"https:\/\/pozirk.online\/en\/#\/schema\/logo\/image\/\",\"url\":\"https:\/\/pozirk.online\/wp-content\/uploads\/2023\/11\/cropped-Logo_color_512.png\",\"contentUrl\":\"https:\/\/pozirk.online\/wp-content\/uploads\/2023\/11\/cropped-Logo_color_512.png\",\"width\":512,\"height\":512,\"caption\":\"Pozirk\"},\"image\":{\"@id\":\"https:\/\/pozirk.online\/en\/#\/schema\/logo\/image\/\"},\"sameAs\":[\"https:\/\/www.facebook.com\/pozirkonline\/\",\"https:\/\/x.com\/Pozirk_online\"]}]}<\/script>\n<!-- \/ Yoast SEO plugin. -->","yoast_head_json":{"title":"Official blames EU politicians for suspended air passenger services | Pozirk","description":"December 23, Pozirk. The European Union's politicians \u201care not yet interested\u201d in resuming air passenger services with Belarus unlike the bloc\u2019s airlines","robots":{"index":"index","follow":"follow","max-snippet":"max-snippet:-1","max-image-preview":"max-image-preview:large","max-video-preview":"max-video-preview:-1"},"canonical":"https:\/\/pozirk.online\/en\/news\/119369\/","og_locale":"en_US","og_type":"article","og_title":"Official blames EU politicians for suspended air passenger services | Pozirk","og_description":"December 23, Pozirk. The European Union's politicians \u201care not yet interested\u201d in resuming air passenger services with Belarus unlike the bloc\u2019s airlines","og_url":"https:\/\/pozirk.online\/en\/news\/119369\/","og_site_name":"Pozirk","article_publisher":"https:\/\/www.facebook.com\/pozirkonline\/","article_modified_time":"2026-03-10T12:05:06+00:00","og_image":[{"width":1128,"height":752,"url":"https:\/\/pozirk.online\/wp-content\/uploads\/2024\/02\/polet_unsplash_ries_bosch_1128x752.jpg","type":"image\/jpeg"}],"twitter_card":"summary_large_image","twitter_site":"@Pozirk_online","twitter_misc":{"Est. reading time":"2 minutes"},"schema":{"@context":"https:\/\/schema.org","@graph":[{"@type":"NewsArticle","@id":"https:\/\/pozirk.online\/en\/news\/119369\/#article","isPartOf":{"@id":"https:\/\/pozirk.online\/en\/news\/119369\/"},"headline":"Official blames EU politicians for suspended air passenger services","datePublished":"2024-12-23T09:07:17+00:00","dateModified":"2026-03-10T12:05:06+00:00","mainEntityOfPage":{"@id":"https:\/\/pozirk.online\/en\/news\/119369\/"},"wordCount":276,"publisher":{"@id":"https:\/\/pozirk.online\/en\/#organization"},"image":{"@id":"https:\/\/pozirk.online\/en\/news\/119369\/#primaryimage"},"thumbnailUrl":"https:\/\/pozirk.online\/wp-content\/uploads\/2024\/02\/polet_unsplash_ries_bosch_1128x752.jpg","inLanguage":"en-US"},{"@type":"WebPage","@id":"https:\/\/pozirk.online\/en\/news\/119369\/","url":"https:\/\/pozirk.online\/en\/news\/119369\/","name":"Official blames EU politicians for suspended air passenger services | Pozirk","isPartOf":{"@id":"https:\/\/pozirk.online\/en\/#website"},"primaryImageOfPage":{"@id":"https:\/\/pozirk.online\/en\/news\/119369\/#primaryimage"},"image":{"@id":"https:\/\/pozirk.online\/en\/news\/119369\/#primaryimage"},"thumbnailUrl":"https:\/\/pozirk.online\/wp-content\/uploads\/2024\/02\/polet_unsplash_ries_bosch_1128x752.jpg","datePublished":"2024-12-23T09:07:17+00:00","dateModified":"2026-03-10T12:05:06+00:00","description":"December 23, Pozirk. The European Union's politicians \u201care not yet interested\u201d in resuming air passenger services with Belarus unlike the bloc\u2019s airlines","breadcrumb":{"@id":"https:\/\/pozirk.online\/en\/news\/119369\/#breadcrumb"},"inLanguage":"en-US","potentialAction":[{"@type":"ReadAction","target":["https:\/\/pozirk.online\/en\/news\/119369\/"]}]},{"@type":"ImageObject","inLanguage":"en-US","@id":"https:\/\/pozirk.online\/en\/news\/119369\/#primaryimage","url":"https:\/\/pozirk.online\/wp-content\/uploads\/2024\/02\/polet_unsplash_ries_bosch_1128x752.jpg","contentUrl":"https:\/\/pozirk.online\/wp-content\/uploads\/2024\/02\/polet_unsplash_ries_bosch_1128x752.jpg","width":1128,"height":752},{"@type":"BreadcrumbList","@id":"https:\/\/pozirk.online\/en\/news\/119369\/#breadcrumb","itemListElement":[{"@type":"ListItem","position":1,"name":"Home","item":"https:\/\/pozirk.online\/en\/"},{"@type":"ListItem","position":2,"name":"Official blames EU politicians for suspended air passenger services"}]},{"@type":"WebSite","@id":"https:\/\/pozirk.online\/en\/#website","url":"https:\/\/pozirk.online\/en\/","name":"Pozirk","description":"","publisher":{"@id":"https:\/\/pozirk.online\/en\/#organization"},"potentialAction":[{"@type":"SearchAction","target":{"@type":"EntryPoint","urlTemplate":"https:\/\/pozirk.online\/en\/?s={search_term_string}"},"query-input":{"@type":"PropertyValueSpecification","valueRequired":true,"valueName":"search_term_string"}}],"inLanguage":"en-US"},{"@type":"Organization","@id":"https:\/\/pozirk.online\/en\/#organization","name":"Pozirk","url":"https:\/\/pozirk.online\/en\/","logo":{"@type":"ImageObject","inLanguage":"en-US","@id":"https:\/\/pozirk.online\/en\/#\/schema\/logo\/image\/","url":"https:\/\/pozirk.online\/wp-content\/uploads\/2023\/11\/cropped-Logo_color_512.png","contentUrl":"https:\/\/pozirk.online\/wp-content\/uploads\/2023\/11\/cropped-Logo_color_512.png","width":512,"height":512,"caption":"Pozirk"},"image":{"@id":"https:\/\/pozirk.online\/en\/#\/schema\/logo\/image\/"},"sameAs":["https:\/\/www.facebook.com\/pozirkonline\/","https:\/\/x.com\/Pozirk_online"]}]}},"_links":{"self":[{"href":"https:\/\/pozirk.online\/en\/wp-json\/wp\/v2\/articles\/119369","targetHints":{"allow":["GET"]}}],"collection":[{"href":"https:\/\/pozirk.online\/en\/wp-json\/wp\/v2\/articles"}],"about":[{"href":"https:\/\/pozirk.online\/en\/wp-json\/wp\/v2\/types\/articles"}],"author":[{"embeddable":true,"href":"https:\/\/pozirk.online\/en\/wp-json\/wp\/v2\/users\/84"}],"wp:featuredmedia":[{"embeddable":true,"href":"https:\/\/pozirk.online\/en\/wp-json\/wp\/v2\/media\/65950"}],"wp:attachment":[{"href":"https:\/\/pozirk.online\/en\/wp-json\/wp\/v2\/media?parent=119369"}],"wp:term":[{"taxonomy":"rubric","embeddable":true,"href":"https:\/\/pozirk.online\/en\/wp-json\/wp\/v2\/rubric?post=119369"}],"curies":[{"name":"wp","href":"https:\/\/api.w.org\/{rel}","templated":true}]}}