{"id":120034,"date":"2024-12-28T20:50:13","date_gmt":"2024-12-28T17:50:13","guid":{"rendered":"https:\/\/pozirk.online\/en\/news\/120034\/"},"modified":"2026-02-24T20:40:57","modified_gmt":"2026-02-24T20:40:57","slug":"dozen-new-political-prisoners-designated-total-reaches-1265","status":"publish","type":"articles","link":"https:\/\/pozirk.online\/en\/news\/120034\/","title":{"rendered":"Dozen new political prisoners designated, total reaches 1,265"},"content":{"rendered":"\n<p><strong>December 28, <em>Pozirk.<\/em><\/strong> Human rights defenders have designated 12 people targeted in extremism cases as political prisoners, bringing the total to 1,265, the Viasna Human Rights Center reported.<\/p>\n\n\n\n<p>The new political prisoners are \u010ces\u0142a\u016d Hierasimovi\u010d and U\u0142adzimir Sitkovi\u010d, sentenced to five years in prison, Artur Miemiech, sentenced to three years, and Alena Mocharava, sentenced to an unknown term, as well as Ihar Sidarovi\u010d, Alaksandar Kuksa, Alaksandar Mazur, Michai\u0142 Halinski, journalist Siarhiej \u010cabo\u0107ka, Pavie\u0142 Karaniuchin, Jana Caruk and Maryja Bataljonak awaiting trials.<\/p>\n\n\n\n<p>The activists demanded freedom for these and all other political prisoners and an end to reprisals.<\/p>\n\n\n\n<p>The statement was signed by Viasna, the Office for the Rights of Persons with Disabilities, Pravavaja Inicyjatyva, and Lawtrend.<\/p>\n\n\n\n<p>Earlier today, Alaksandar \u0141uka\u0161enka pardoned 20 of his opponents.<\/p>\n\n\n\n<p>The number of designated political prisoners is significantly lower than the total estimate of repression victims.<\/p>\n\n\n\n<p>Officials deny the existence of political prisoners in Belarus, arguing that its Criminal Code does not contain any &#8220;political&#8221; articles. At the same time, they use extremism, incitement, disorder and similar charges for reprisals.<\/p>\n\n\n\n<div class=\"insert-block\">\n\n    <div class=\"insert-block__img\">\n        <img decoding=\"async\" width=\"354\" height=\"236\" src=\"https:\/\/pozirk.online\/wp-content\/uploads\/2024\/01\/pozirk_color_blank_1128x752-354x236.jpg\" class=\"attachment-medium size-medium\" alt=\"\" srcset=\"https:\/\/pozirk.online\/wp-content\/uploads\/2024\/01\/pozirk_color_blank_1128x752-354x236.jpg 354w, https:\/\/pozirk.online\/wp-content\/uploads\/2024\/01\/pozirk_color_blank_1128x752-734x490.jpg 734w, https:\/\/pozirk.online\/wp-content\/uploads\/2024\/01\/pozirk_color_blank_1128x752-178x118.jpg 178w, https:\/\/pozirk.online\/wp-content\/uploads\/2024\/01\/pozirk_color_blank_1128x752-768x512.jpg 768w, https:\/\/pozirk.online\/wp-content\/uploads\/2024\/01\/pozirk_color_blank_1128x752.jpg 1128w\" sizes=\"(max-width: 354px) 100vw, 354px\" \/>                        <label class=\"insert-block__tag--mobile\"> Politics<\/label>\n\n                <\/div>\n    <div class=\"insert-block__text\">\n                    <label class=\"insert-block__tag\">Politics<\/label>\n                <h3 class=\"insert-block__title\">Ten more people recognized as political prisoners<\/h3>\n        <div class=\"insert-block__descr\">December 27, Pozirk. Ten more people have been recognized as political prisoners, the Viasna Human Rights Center reported. Now there are 1,254. Human rights defenders granted the status to Hanna Kmit, Andrej Sielanina\u016d and Ja\u016dhien Nika\u0142ajevi\u010d, who were charged, taken &#8230;<\/div>\n        <a class=\"insert-block__btn-block\" href=\"\/en\/news\/119963\">\n            <button class=\"btn\">\n                <div class='btn__text'>Read the article<\/div>\n            <\/button>\n        <\/a>\n    <\/div>\n<\/div>","protected":false},"excerpt":{"rendered":"<p>December 28, Pozirk. Human rights defenders have designated 12 people targeted in extremism cases as political prisoners, bringing the total to 1,265, the Viasna Human Rights Center reported. The new political prisoners are \u010ces\u0142a\u016d Hierasimovi\u010d and U\u0142adzimir Sitkovi\u010d, sentenced to five years in prison, Artur Miemiech, sentenced to three years, and Alena Mocharava, sentenced to [&hellip;]<\/p>\n","protected":false},"author":75,"featured_media":58226,"template":"","rubric":[14],"class_list":["post-120034","articles","type-articles","status-publish","has-post-thumbnail","hentry","rubric-politics"],"acf":[],"yoast_head":"<!-- This site is optimized with the Yoast SEO plugin v25.5 - https:\/\/yoast.com\/wordpress\/plugins\/seo\/ -->\n<title>Dozen new political prisoners designated, total reaches 1,265 | Pozirk<\/title>\n<meta name=\"description\" content=\"December 28, Pozirk. Human rights defenders have designated 12 people targeted in extremism cases as political prisoners, bringing the total to 1,265, the\" \/>\n<meta name=\"robots\" content=\"index, follow, max-snippet:-1, max-image-preview:large, max-video-preview:-1\" \/>\n<link rel=\"canonical\" href=\"https:\/\/pozirk.online\/en\/news\/120034\/\" \/>\n<meta property=\"og:locale\" content=\"en_US\" \/>\n<meta property=\"og:type\" content=\"article\" \/>\n<meta property=\"og:title\" content=\"Dozen new political prisoners designated, total reaches 1,265 | Pozirk\" \/>\n<meta property=\"og:description\" content=\"December 28, Pozirk. Human rights defenders have designated 12 people targeted in extremism cases as political prisoners, bringing the total to 1,265, the\" \/>\n<meta property=\"og:url\" content=\"https:\/\/pozirk.online\/en\/news\/120034\/\" \/>\n<meta property=\"og:site_name\" content=\"Pozirk\" \/>\n<meta property=\"article:publisher\" content=\"https:\/\/www.facebook.com\/pozirkonline\/\" \/>\n<meta property=\"article:modified_time\" content=\"2026-02-24T20:40:57+00:00\" \/>\n<meta property=\"og:image\" content=\"https:\/\/pozirk.online\/wp-content\/uploads\/2023\/12\/zakliuchenie_unsplash_marco_chilese_1128x752.jpg\" \/>\n\t<meta property=\"og:image:width\" content=\"1128\" \/>\n\t<meta property=\"og:image:height\" content=\"752\" \/>\n\t<meta property=\"og:image:type\" content=\"image\/jpeg\" \/>\n<meta name=\"twitter:card\" content=\"summary_large_image\" \/>\n<meta name=\"twitter:site\" content=\"@Pozirk_online\" \/>\n<meta name=\"twitter:label1\" content=\"Est. reading time\" \/>\n\t<meta name=\"twitter:data1\" content=\"2 minutes\" \/>\n<script type=\"application\/ld+json\" class=\"yoast-schema-graph\">{\"@context\":\"https:\/\/schema.org\",\"@graph\":[{\"@type\":\"NewsArticle\",\"@id\":\"https:\/\/pozirk.online\/en\/news\/120034\/#article\",\"isPartOf\":{\"@id\":\"https:\/\/pozirk.online\/en\/news\/120034\/\"},\"headline\":\"Dozen new political prisoners designated, total reaches 1,265\",\"datePublished\":\"2024-12-28T17:50:13+00:00\",\"dateModified\":\"2026-02-24T20:40:57+00:00\",\"mainEntityOfPage\":{\"@id\":\"https:\/\/pozirk.online\/en\/news\/120034\/\"},\"wordCount\":182,\"publisher\":{\"@id\":\"https:\/\/pozirk.online\/en\/#organization\"},\"image\":{\"@id\":\"https:\/\/pozirk.online\/en\/news\/120034\/#primaryimage\"},\"thumbnailUrl\":\"https:\/\/pozirk.online\/wp-content\/uploads\/2023\/12\/zakliuchenie_unsplash_marco_chilese_1128x752.jpg\",\"inLanguage\":\"en-US\"},{\"@type\":\"WebPage\",\"@id\":\"https:\/\/pozirk.online\/en\/news\/120034\/\",\"url\":\"https:\/\/pozirk.online\/en\/news\/120034\/\",\"name\":\"Dozen new political prisoners designated, total reaches 1,265 | Pozirk\",\"isPartOf\":{\"@id\":\"https:\/\/pozirk.online\/en\/#website\"},\"primaryImageOfPage\":{\"@id\":\"https:\/\/pozirk.online\/en\/news\/120034\/#primaryimage\"},\"image\":{\"@id\":\"https:\/\/pozirk.online\/en\/news\/120034\/#primaryimage\"},\"thumbnailUrl\":\"https:\/\/pozirk.online\/wp-content\/uploads\/2023\/12\/zakliuchenie_unsplash_marco_chilese_1128x752.jpg\",\"datePublished\":\"2024-12-28T17:50:13+00:00\",\"dateModified\":\"2026-02-24T20:40:57+00:00\",\"description\":\"December 28, Pozirk. Human rights defenders have designated 12 people targeted in extremism cases as political prisoners, bringing the total to 1,265, the\",\"breadcrumb\":{\"@id\":\"https:\/\/pozirk.online\/en\/news\/120034\/#breadcrumb\"},\"inLanguage\":\"en-US\",\"potentialAction\":[{\"@type\":\"ReadAction\",\"target\":[\"https:\/\/pozirk.online\/en\/news\/120034\/\"]}]},{\"@type\":\"ImageObject\",\"inLanguage\":\"en-US\",\"@id\":\"https:\/\/pozirk.online\/en\/news\/120034\/#primaryimage\",\"url\":\"https:\/\/pozirk.online\/wp-content\/uploads\/2023\/12\/zakliuchenie_unsplash_marco_chilese_1128x752.jpg\",\"contentUrl\":\"https:\/\/pozirk.online\/wp-content\/uploads\/2023\/12\/zakliuchenie_unsplash_marco_chilese_1128x752.jpg\",\"width\":1128,\"height\":752},{\"@type\":\"BreadcrumbList\",\"@id\":\"https:\/\/pozirk.online\/en\/news\/120034\/#breadcrumb\",\"itemListElement\":[{\"@type\":\"ListItem\",\"position\":1,\"name\":\"Home\",\"item\":\"https:\/\/pozirk.online\/en\/\"},{\"@type\":\"ListItem\",\"position\":2,\"name\":\"Dozen new political prisoners designated, total reaches 1,265\"}]},{\"@type\":\"WebSite\",\"@id\":\"https:\/\/pozirk.online\/en\/#website\",\"url\":\"https:\/\/pozirk.online\/en\/\",\"name\":\"Pozirk\",\"description\":\"\",\"publisher\":{\"@id\":\"https:\/\/pozirk.online\/en\/#organization\"},\"potentialAction\":[{\"@type\":\"SearchAction\",\"target\":{\"@type\":\"EntryPoint\",\"urlTemplate\":\"https:\/\/pozirk.online\/en\/?s={search_term_string}\"},\"query-input\":{\"@type\":\"PropertyValueSpecification\",\"valueRequired\":true,\"valueName\":\"search_term_string\"}}],\"inLanguage\":\"en-US\"},{\"@type\":\"Organization\",\"@id\":\"https:\/\/pozirk.online\/en\/#organization\",\"name\":\"Pozirk\",\"url\":\"https:\/\/pozirk.online\/en\/\",\"logo\":{\"@type\":\"ImageObject\",\"inLanguage\":\"en-US\",\"@id\":\"https:\/\/pozirk.online\/en\/#\/schema\/logo\/image\/\",\"url\":\"https:\/\/pozirk.online\/wp-content\/uploads\/2023\/11\/cropped-Logo_color_512.png\",\"contentUrl\":\"https:\/\/pozirk.online\/wp-content\/uploads\/2023\/11\/cropped-Logo_color_512.png\",\"width\":512,\"height\":512,\"caption\":\"Pozirk\"},\"image\":{\"@id\":\"https:\/\/pozirk.online\/en\/#\/schema\/logo\/image\/\"},\"sameAs\":[\"https:\/\/www.facebook.com\/pozirkonline\/\",\"https:\/\/x.com\/Pozirk_online\"]}]}<\/script>\n<!-- \/ Yoast SEO plugin. -->","yoast_head_json":{"title":"Dozen new political prisoners designated, total reaches 1,265 | Pozirk","description":"December 28, Pozirk. Human rights defenders have designated 12 people targeted in extremism cases as political prisoners, bringing the total to 1,265, the","robots":{"index":"index","follow":"follow","max-snippet":"max-snippet:-1","max-image-preview":"max-image-preview:large","max-video-preview":"max-video-preview:-1"},"canonical":"https:\/\/pozirk.online\/en\/news\/120034\/","og_locale":"en_US","og_type":"article","og_title":"Dozen new political prisoners designated, total reaches 1,265 | Pozirk","og_description":"December 28, Pozirk. Human rights defenders have designated 12 people targeted in extremism cases as political prisoners, bringing the total to 1,265, the","og_url":"https:\/\/pozirk.online\/en\/news\/120034\/","og_site_name":"Pozirk","article_publisher":"https:\/\/www.facebook.com\/pozirkonline\/","article_modified_time":"2026-02-24T20:40:57+00:00","og_image":[{"width":1128,"height":752,"url":"https:\/\/pozirk.online\/wp-content\/uploads\/2023\/12\/zakliuchenie_unsplash_marco_chilese_1128x752.jpg","type":"image\/jpeg"}],"twitter_card":"summary_large_image","twitter_site":"@Pozirk_online","twitter_misc":{"Est. reading time":"2 minutes"},"schema":{"@context":"https:\/\/schema.org","@graph":[{"@type":"NewsArticle","@id":"https:\/\/pozirk.online\/en\/news\/120034\/#article","isPartOf":{"@id":"https:\/\/pozirk.online\/en\/news\/120034\/"},"headline":"Dozen new political prisoners designated, total reaches 1,265","datePublished":"2024-12-28T17:50:13+00:00","dateModified":"2026-02-24T20:40:57+00:00","mainEntityOfPage":{"@id":"https:\/\/pozirk.online\/en\/news\/120034\/"},"wordCount":182,"publisher":{"@id":"https:\/\/pozirk.online\/en\/#organization"},"image":{"@id":"https:\/\/pozirk.online\/en\/news\/120034\/#primaryimage"},"thumbnailUrl":"https:\/\/pozirk.online\/wp-content\/uploads\/2023\/12\/zakliuchenie_unsplash_marco_chilese_1128x752.jpg","inLanguage":"en-US"},{"@type":"WebPage","@id":"https:\/\/pozirk.online\/en\/news\/120034\/","url":"https:\/\/pozirk.online\/en\/news\/120034\/","name":"Dozen new political prisoners designated, total reaches 1,265 | Pozirk","isPartOf":{"@id":"https:\/\/pozirk.online\/en\/#website"},"primaryImageOfPage":{"@id":"https:\/\/pozirk.online\/en\/news\/120034\/#primaryimage"},"image":{"@id":"https:\/\/pozirk.online\/en\/news\/120034\/#primaryimage"},"thumbnailUrl":"https:\/\/pozirk.online\/wp-content\/uploads\/2023\/12\/zakliuchenie_unsplash_marco_chilese_1128x752.jpg","datePublished":"2024-12-28T17:50:13+00:00","dateModified":"2026-02-24T20:40:57+00:00","description":"December 28, Pozirk. Human rights defenders have designated 12 people targeted in extremism cases as political prisoners, bringing the total to 1,265, the","breadcrumb":{"@id":"https:\/\/pozirk.online\/en\/news\/120034\/#breadcrumb"},"inLanguage":"en-US","potentialAction":[{"@type":"ReadAction","target":["https:\/\/pozirk.online\/en\/news\/120034\/"]}]},{"@type":"ImageObject","inLanguage":"en-US","@id":"https:\/\/pozirk.online\/en\/news\/120034\/#primaryimage","url":"https:\/\/pozirk.online\/wp-content\/uploads\/2023\/12\/zakliuchenie_unsplash_marco_chilese_1128x752.jpg","contentUrl":"https:\/\/pozirk.online\/wp-content\/uploads\/2023\/12\/zakliuchenie_unsplash_marco_chilese_1128x752.jpg","width":1128,"height":752},{"@type":"BreadcrumbList","@id":"https:\/\/pozirk.online\/en\/news\/120034\/#breadcrumb","itemListElement":[{"@type":"ListItem","position":1,"name":"Home","item":"https:\/\/pozirk.online\/en\/"},{"@type":"ListItem","position":2,"name":"Dozen new political prisoners designated, total reaches 1,265"}]},{"@type":"WebSite","@id":"https:\/\/pozirk.online\/en\/#website","url":"https:\/\/pozirk.online\/en\/","name":"Pozirk","description":"","publisher":{"@id":"https:\/\/pozirk.online\/en\/#organization"},"potentialAction":[{"@type":"SearchAction","target":{"@type":"EntryPoint","urlTemplate":"https:\/\/pozirk.online\/en\/?s={search_term_string}"},"query-input":{"@type":"PropertyValueSpecification","valueRequired":true,"valueName":"search_term_string"}}],"inLanguage":"en-US"},{"@type":"Organization","@id":"https:\/\/pozirk.online\/en\/#organization","name":"Pozirk","url":"https:\/\/pozirk.online\/en\/","logo":{"@type":"ImageObject","inLanguage":"en-US","@id":"https:\/\/pozirk.online\/en\/#\/schema\/logo\/image\/","url":"https:\/\/pozirk.online\/wp-content\/uploads\/2023\/11\/cropped-Logo_color_512.png","contentUrl":"https:\/\/pozirk.online\/wp-content\/uploads\/2023\/11\/cropped-Logo_color_512.png","width":512,"height":512,"caption":"Pozirk"},"image":{"@id":"https:\/\/pozirk.online\/en\/#\/schema\/logo\/image\/"},"sameAs":["https:\/\/www.facebook.com\/pozirkonline\/","https:\/\/x.com\/Pozirk_online"]}]}},"_links":{"self":[{"href":"https:\/\/pozirk.online\/en\/wp-json\/wp\/v2\/articles\/120034","targetHints":{"allow":["GET"]}}],"collection":[{"href":"https:\/\/pozirk.online\/en\/wp-json\/wp\/v2\/articles"}],"about":[{"href":"https:\/\/pozirk.online\/en\/wp-json\/wp\/v2\/types\/articles"}],"author":[{"embeddable":true,"href":"https:\/\/pozirk.online\/en\/wp-json\/wp\/v2\/users\/75"}],"wp:featuredmedia":[{"embeddable":true,"href":"https:\/\/pozirk.online\/en\/wp-json\/wp\/v2\/media\/58226"}],"wp:attachment":[{"href":"https:\/\/pozirk.online\/en\/wp-json\/wp\/v2\/media?parent=120034"}],"wp:term":[{"taxonomy":"rubric","embeddable":true,"href":"https:\/\/pozirk.online\/en\/wp-json\/wp\/v2\/rubric?post=120034"}],"curies":[{"name":"wp","href":"https:\/\/api.w.org\/{rel}","templated":true}]}}