{"id":120848,"date":"2025-01-08T11:59:13","date_gmt":"2025-01-08T08:59:13","guid":{"rendered":"https:\/\/pozirk.online\/en\/news\/120848\/"},"modified":"2026-03-10T12:05:06","modified_gmt":"2026-03-10T12:05:06","slug":"reprisals-social-services-to-monitor-regime-critics-families","status":"publish","type":"articles","link":"https:\/\/pozirk.online\/en\/news\/120848\/","title":{"rendered":"Reprisals: social services to monitor regime critics\u2019 families"},"content":{"rendered":"\n<p><strong>Briefly:<\/strong><\/p>\n\n\n\n<p><strong>Bie\u0142aru<\/strong><strong>\u015b<\/strong><strong>kalij sacking opposition supporters<\/strong><\/p>\n\n\n\n<p><strong>Two women found guilty of extremism<\/strong><\/p>\n\n\n\n<p><strong>Baranavi\u010dy man facing criminal charges for tearing down state flag &nbsp;<\/strong><\/p>\n\n\n\n<p><strong>Pop singer, 17 others branded \u201cextremists\u201d<\/strong><\/p>\n\n\n\n<p><strong>Senior goes on another trial for insulting \u0141uka\u0161enka<\/strong><\/p>\n\n\n\n<p><strong>January 8, <em>Pozirk<\/em>.<\/strong> Belarusian human rights defenders recorded 8,895 instances of arrests, interrogations and searches last year, with at least 759 reprisal incidents in December alone, the Viasna Human Rights Center said in its recent report.<\/p>\n\n\n\n<p>Politically-motivated persecution continued in Belarus in early January with reports of mass dismissals at the Belarusian potash giant Bie\u0142aru\u015bkalij. The reason may be their support of 2020 postelection protests, according to <em>zerkalo.io<\/em>.<\/p>\n\n\n\n<p>Online content<\/p>\n\n\n\n<p>In 2024, authorities passed about 2,000 sentences in connection with opposition content with 1,444 rulings blacklisting websites and social media pages, Viasna reported.<\/p>\n\n\n\n<p>Children of people convicted for sharing opposition content may be reported to social services as being in a socially dangerous situation, <em>pravo.by<\/em> said, citing the government&#8217;s directive that entered into force on January 1.<\/p>\n\n\n\n<p>\u015aviat\u0142ana \u0160a\u016dluha, Iryna Narejka and \u015aviat\u0142ana Jeramionak were tried in the Viciebsk region for sharing opposition content, the <em>Vitebsk, Ya Gulaju<\/em> Telegram channel reported. The sentences remain unknown.<\/p>\n\n\n\n<p>Andrej Karot\u010dyk-\u0141aski was given a second 15-day jail term on similar charges in Lepiel in late December, the Viciebsk branch of Viasna said.<\/p>\n\n\n\n<p>Alaksandar Vajtovi\u010d was tried five days ago in Lida, Hrodna region, for receiving foreign aid from an exiled opposition initiative, the <em>Pravo Imeyut <\/em>Telegram channel said.<\/p>\n\n\n\n<p>Criminal proceedings<\/p>\n\n\n\n<p>Authorities filed criminal charges against a man in Baranavi\u010dy, Brest region, for tearing down a state flag from a building on New Year&#8217;s Eve, Viasna reported.<\/p>\n\n\n\n<p>A judge in Brest sentenced Ta\u0107ciana Vasiljeva to two years of restricted freedom in home confinement for an interview with the Warsaw-based <em>Belsat<\/em> TV, Viasna said. Her daughter Julija \u0141aptanovi\u010d is serving a prison term in a politically-motivated case. Rights groups consider both political prisoners.<\/p>\n\n\n\n<p>Former university employee Ta\u0107ciana Mi\u0161yna was tried in Viciebsk last month on extremism-related charges, <em>Na\u0161a Niva<\/em> reported. Authorities did not disclose the verdict.<\/p>\n\n\n\n<p>The 63-year-old Hienad\u017a \u017dukiel, who had earlier served one year in prison for insulting Alaksandar \u0141uka\u0161enka, went on trial on the same charges again in early January, <em>Pravo Imeyut<\/em> said.<\/p>\n\n\n\n<p>Extremist list update<\/p>\n\n\n\n<p>The interior ministry reported 18 new additions to the list of \u201cpersons involved in extremist activities,\u201d with the total of entries at 4,826. One of them is singer Ivan Vabi\u0161\u010devi\u010d aka Dyadya Vanya, serving two and a half years of restricted freedom in home confinement for participation in a 2020 postelection protest rally.<\/p>\n\n\n\n<p>Other cases<\/p>\n\n\n\n<p>Jailed regime critic Mika\u0142aj A\u016dtuchovi\u010d, serving a 25-year prison term, is held in a punishment cell, <em>Radyjo Svaboda<\/em> reported. Earlier, the man complained about his health and said he feared for his life.<\/p>\n\n\n\n<p>Authorities released former prosecutor Ja\u016dhien Babak after he had served a four-year prison term on charges widely seen as politically motivated, according to his Instagram page.<\/p>\n\n\n\n<p>Teacher Darja Chmialnickaja was pardoned in mid-December, Belarusian PEN said. She was serving five and a half years in prison on protest-related charges.<\/p>\n\n\n\n<p>As of January 8, human rights defenders identified at least 1,258 political prisoners but the real number is considerably higher because many cases go undocumented.<\/p>\n\n\n\n<div class=\"insert-block\">\n\n    <div class=\"insert-block__img\">\n        <img decoding=\"async\" width=\"354\" height=\"236\" src=\"https:\/\/pozirk.online\/wp-content\/uploads\/2025\/01\/sudji_viasna-354x236.jpg\" class=\"attachment-medium size-medium\" alt=\"\" srcset=\"https:\/\/pozirk.online\/wp-content\/uploads\/2025\/01\/sudji_viasna-354x236.jpg 354w, https:\/\/pozirk.online\/wp-content\/uploads\/2025\/01\/sudji_viasna-734x490.jpg 734w, https:\/\/pozirk.online\/wp-content\/uploads\/2025\/01\/sudji_viasna-178x118.jpg 178w, https:\/\/pozirk.online\/wp-content\/uploads\/2025\/01\/sudji_viasna-768x512.jpg 768w, https:\/\/pozirk.online\/wp-content\/uploads\/2025\/01\/sudji_viasna-1536x1024.jpg 1536w, https:\/\/pozirk.online\/wp-content\/uploads\/2025\/01\/sudji_viasna-2048x1365.jpg 2048w\" sizes=\"(max-width: 354px) 100vw, 354px\" \/>                        <label class=\"insert-block__tag--mobile\"> Politics<\/label>\n\n                <\/div>\n    <div class=\"insert-block__text\">\n                    <label class=\"insert-block__tag\">Politics<\/label>\n                <h3 class=\"insert-block__title\">Viasna: politically-motivated minor offense convictions spiked in 2024<\/h3>\n        <div class=\"insert-block__descr\">January 5, Pozirk. Belarusian human rights defenders recorded 8,895 instances of arrests, interrogations and searches last year, making 2024 a more repressive year compared to 2023 and 2022, the Viasna Human Rights Center said in its recent report. Last year &#8230;<\/div>\n        <a class=\"insert-block__btn-block\" href=\"\/en\/news\/120704\">\n            <button class=\"btn\">\n                <div class='btn__text'>Read the article<\/div>\n            <\/button>\n        <\/a>\n    <\/div>\n<\/div>","protected":false},"excerpt":{"rendered":"<p>Briefly: Bie\u0142aru\u015bkalij sacking opposition supporters Two women found guilty of extremism Baranavi\u010dy man facing criminal charges for tearing down state flag &nbsp; Pop singer, 17 others branded \u201cextremists\u201d Senior goes on another trial for insulting \u0141uka\u0161enka January 8, Pozirk. Belarusian human rights defenders recorded 8,895 instances of arrests, interrogations and searches last year, with at [&hellip;]<\/p>\n","protected":false},"author":84,"featured_media":63993,"template":"","rubric":[14],"class_list":["post-120848","articles","type-articles","status-publish","has-post-thumbnail","hentry","rubric-politics"],"acf":[],"yoast_head":"<!-- This site is optimized with the Yoast SEO plugin v25.5 - https:\/\/yoast.com\/wordpress\/plugins\/seo\/ -->\n<title>Reprisals: social services to monitor regime critics\u2019 families | Pozirk<\/title>\n<meta name=\"description\" content=\"Briefly: Bie\u0142aru\u015bkalij sacking opposition supporters Two women found guilty of extremism Baranavi\u010dy man facing criminal charges for tearing down state\" \/>\n<meta name=\"robots\" content=\"index, follow, max-snippet:-1, max-image-preview:large, max-video-preview:-1\" \/>\n<link rel=\"canonical\" href=\"https:\/\/pozirk.online\/en\/news\/120848\/\" \/>\n<meta property=\"og:locale\" content=\"en_US\" \/>\n<meta property=\"og:type\" content=\"article\" \/>\n<meta property=\"og:title\" content=\"Reprisals: social services to monitor regime critics\u2019 families | Pozirk\" \/>\n<meta property=\"og:description\" content=\"Briefly: Bie\u0142aru\u015bkalij sacking opposition supporters Two women found guilty of extremism Baranavi\u010dy man facing criminal charges for tearing down state\" \/>\n<meta property=\"og:url\" content=\"https:\/\/pozirk.online\/en\/news\/120848\/\" \/>\n<meta property=\"og:site_name\" content=\"Pozirk\" \/>\n<meta property=\"article:publisher\" content=\"https:\/\/www.facebook.com\/pozirkonline\/\" \/>\n<meta property=\"article:modified_time\" content=\"2026-03-10T12:05:06+00:00\" \/>\n<meta property=\"og:image\" content=\"https:\/\/pozirk.online\/wp-content\/uploads\/2024\/01\/pozirk_color_blank_1128x752.jpg\" \/>\n\t<meta property=\"og:image:width\" content=\"1128\" \/>\n\t<meta property=\"og:image:height\" content=\"752\" \/>\n\t<meta property=\"og:image:type\" content=\"image\/jpeg\" \/>\n<meta name=\"twitter:card\" content=\"summary_large_image\" \/>\n<meta name=\"twitter:site\" content=\"@Pozirk_online\" \/>\n<meta name=\"twitter:label1\" content=\"Est. reading time\" \/>\n\t<meta name=\"twitter:data1\" content=\"4 minutes\" \/>\n<script type=\"application\/ld+json\" class=\"yoast-schema-graph\">{\"@context\":\"https:\/\/schema.org\",\"@graph\":[{\"@type\":\"NewsArticle\",\"@id\":\"https:\/\/pozirk.online\/en\/news\/120848\/#article\",\"isPartOf\":{\"@id\":\"https:\/\/pozirk.online\/en\/news\/120848\/\"},\"headline\":\"Reprisals: social services to monitor regime critics\u2019 families\",\"datePublished\":\"2025-01-08T08:59:13+00:00\",\"dateModified\":\"2026-03-10T12:05:06+00:00\",\"mainEntityOfPage\":{\"@id\":\"https:\/\/pozirk.online\/en\/news\/120848\/\"},\"wordCount\":550,\"publisher\":{\"@id\":\"https:\/\/pozirk.online\/en\/#organization\"},\"image\":{\"@id\":\"https:\/\/pozirk.online\/en\/news\/120848\/#primaryimage\"},\"thumbnailUrl\":\"https:\/\/pozirk.online\/wp-content\/uploads\/2024\/01\/pozirk_color_blank_1128x752.jpg\",\"inLanguage\":\"en-US\"},{\"@type\":\"WebPage\",\"@id\":\"https:\/\/pozirk.online\/en\/news\/120848\/\",\"url\":\"https:\/\/pozirk.online\/en\/news\/120848\/\",\"name\":\"Reprisals: social services to monitor regime critics\u2019 families | Pozirk\",\"isPartOf\":{\"@id\":\"https:\/\/pozirk.online\/en\/#website\"},\"primaryImageOfPage\":{\"@id\":\"https:\/\/pozirk.online\/en\/news\/120848\/#primaryimage\"},\"image\":{\"@id\":\"https:\/\/pozirk.online\/en\/news\/120848\/#primaryimage\"},\"thumbnailUrl\":\"https:\/\/pozirk.online\/wp-content\/uploads\/2024\/01\/pozirk_color_blank_1128x752.jpg\",\"datePublished\":\"2025-01-08T08:59:13+00:00\",\"dateModified\":\"2026-03-10T12:05:06+00:00\",\"description\":\"Briefly: Bie\u0142aru\u015bkalij sacking opposition supporters Two women found guilty of extremism Baranavi\u010dy man facing criminal charges for tearing down state\",\"breadcrumb\":{\"@id\":\"https:\/\/pozirk.online\/en\/news\/120848\/#breadcrumb\"},\"inLanguage\":\"en-US\",\"potentialAction\":[{\"@type\":\"ReadAction\",\"target\":[\"https:\/\/pozirk.online\/en\/news\/120848\/\"]}]},{\"@type\":\"ImageObject\",\"inLanguage\":\"en-US\",\"@id\":\"https:\/\/pozirk.online\/en\/news\/120848\/#primaryimage\",\"url\":\"https:\/\/pozirk.online\/wp-content\/uploads\/2024\/01\/pozirk_color_blank_1128x752.jpg\",\"contentUrl\":\"https:\/\/pozirk.online\/wp-content\/uploads\/2024\/01\/pozirk_color_blank_1128x752.jpg\",\"width\":1128,\"height\":752},{\"@type\":\"BreadcrumbList\",\"@id\":\"https:\/\/pozirk.online\/en\/news\/120848\/#breadcrumb\",\"itemListElement\":[{\"@type\":\"ListItem\",\"position\":1,\"name\":\"Home\",\"item\":\"https:\/\/pozirk.online\/en\/\"},{\"@type\":\"ListItem\",\"position\":2,\"name\":\"Reprisals: social services to monitor regime critics\u2019 families\"}]},{\"@type\":\"WebSite\",\"@id\":\"https:\/\/pozirk.online\/en\/#website\",\"url\":\"https:\/\/pozirk.online\/en\/\",\"name\":\"Pozirk\",\"description\":\"\",\"publisher\":{\"@id\":\"https:\/\/pozirk.online\/en\/#organization\"},\"potentialAction\":[{\"@type\":\"SearchAction\",\"target\":{\"@type\":\"EntryPoint\",\"urlTemplate\":\"https:\/\/pozirk.online\/en\/?s={search_term_string}\"},\"query-input\":{\"@type\":\"PropertyValueSpecification\",\"valueRequired\":true,\"valueName\":\"search_term_string\"}}],\"inLanguage\":\"en-US\"},{\"@type\":\"Organization\",\"@id\":\"https:\/\/pozirk.online\/en\/#organization\",\"name\":\"Pozirk\",\"url\":\"https:\/\/pozirk.online\/en\/\",\"logo\":{\"@type\":\"ImageObject\",\"inLanguage\":\"en-US\",\"@id\":\"https:\/\/pozirk.online\/en\/#\/schema\/logo\/image\/\",\"url\":\"https:\/\/pozirk.online\/wp-content\/uploads\/2023\/11\/cropped-Logo_color_512.png\",\"contentUrl\":\"https:\/\/pozirk.online\/wp-content\/uploads\/2023\/11\/cropped-Logo_color_512.png\",\"width\":512,\"height\":512,\"caption\":\"Pozirk\"},\"image\":{\"@id\":\"https:\/\/pozirk.online\/en\/#\/schema\/logo\/image\/\"},\"sameAs\":[\"https:\/\/www.facebook.com\/pozirkonline\/\",\"https:\/\/x.com\/Pozirk_online\"]}]}<\/script>\n<!-- \/ Yoast SEO plugin. -->","yoast_head_json":{"title":"Reprisals: social services to monitor regime critics\u2019 families | Pozirk","description":"Briefly: Bie\u0142aru\u015bkalij sacking opposition supporters Two women found guilty of extremism Baranavi\u010dy man facing criminal charges for tearing down state","robots":{"index":"index","follow":"follow","max-snippet":"max-snippet:-1","max-image-preview":"max-image-preview:large","max-video-preview":"max-video-preview:-1"},"canonical":"https:\/\/pozirk.online\/en\/news\/120848\/","og_locale":"en_US","og_type":"article","og_title":"Reprisals: social services to monitor regime critics\u2019 families | Pozirk","og_description":"Briefly: Bie\u0142aru\u015bkalij sacking opposition supporters Two women found guilty of extremism Baranavi\u010dy man facing criminal charges for tearing down state","og_url":"https:\/\/pozirk.online\/en\/news\/120848\/","og_site_name":"Pozirk","article_publisher":"https:\/\/www.facebook.com\/pozirkonline\/","article_modified_time":"2026-03-10T12:05:06+00:00","og_image":[{"width":1128,"height":752,"url":"https:\/\/pozirk.online\/wp-content\/uploads\/2024\/01\/pozirk_color_blank_1128x752.jpg","type":"image\/jpeg"}],"twitter_card":"summary_large_image","twitter_site":"@Pozirk_online","twitter_misc":{"Est. reading time":"4 minutes"},"schema":{"@context":"https:\/\/schema.org","@graph":[{"@type":"NewsArticle","@id":"https:\/\/pozirk.online\/en\/news\/120848\/#article","isPartOf":{"@id":"https:\/\/pozirk.online\/en\/news\/120848\/"},"headline":"Reprisals: social services to monitor regime critics\u2019 families","datePublished":"2025-01-08T08:59:13+00:00","dateModified":"2026-03-10T12:05:06+00:00","mainEntityOfPage":{"@id":"https:\/\/pozirk.online\/en\/news\/120848\/"},"wordCount":550,"publisher":{"@id":"https:\/\/pozirk.online\/en\/#organization"},"image":{"@id":"https:\/\/pozirk.online\/en\/news\/120848\/#primaryimage"},"thumbnailUrl":"https:\/\/pozirk.online\/wp-content\/uploads\/2024\/01\/pozirk_color_blank_1128x752.jpg","inLanguage":"en-US"},{"@type":"WebPage","@id":"https:\/\/pozirk.online\/en\/news\/120848\/","url":"https:\/\/pozirk.online\/en\/news\/120848\/","name":"Reprisals: social services to monitor regime critics\u2019 families | Pozirk","isPartOf":{"@id":"https:\/\/pozirk.online\/en\/#website"},"primaryImageOfPage":{"@id":"https:\/\/pozirk.online\/en\/news\/120848\/#primaryimage"},"image":{"@id":"https:\/\/pozirk.online\/en\/news\/120848\/#primaryimage"},"thumbnailUrl":"https:\/\/pozirk.online\/wp-content\/uploads\/2024\/01\/pozirk_color_blank_1128x752.jpg","datePublished":"2025-01-08T08:59:13+00:00","dateModified":"2026-03-10T12:05:06+00:00","description":"Briefly: Bie\u0142aru\u015bkalij sacking opposition supporters Two women found guilty of extremism Baranavi\u010dy man facing criminal charges for tearing down state","breadcrumb":{"@id":"https:\/\/pozirk.online\/en\/news\/120848\/#breadcrumb"},"inLanguage":"en-US","potentialAction":[{"@type":"ReadAction","target":["https:\/\/pozirk.online\/en\/news\/120848\/"]}]},{"@type":"ImageObject","inLanguage":"en-US","@id":"https:\/\/pozirk.online\/en\/news\/120848\/#primaryimage","url":"https:\/\/pozirk.online\/wp-content\/uploads\/2024\/01\/pozirk_color_blank_1128x752.jpg","contentUrl":"https:\/\/pozirk.online\/wp-content\/uploads\/2024\/01\/pozirk_color_blank_1128x752.jpg","width":1128,"height":752},{"@type":"BreadcrumbList","@id":"https:\/\/pozirk.online\/en\/news\/120848\/#breadcrumb","itemListElement":[{"@type":"ListItem","position":1,"name":"Home","item":"https:\/\/pozirk.online\/en\/"},{"@type":"ListItem","position":2,"name":"Reprisals: social services to monitor regime critics\u2019 families"}]},{"@type":"WebSite","@id":"https:\/\/pozirk.online\/en\/#website","url":"https:\/\/pozirk.online\/en\/","name":"Pozirk","description":"","publisher":{"@id":"https:\/\/pozirk.online\/en\/#organization"},"potentialAction":[{"@type":"SearchAction","target":{"@type":"EntryPoint","urlTemplate":"https:\/\/pozirk.online\/en\/?s={search_term_string}"},"query-input":{"@type":"PropertyValueSpecification","valueRequired":true,"valueName":"search_term_string"}}],"inLanguage":"en-US"},{"@type":"Organization","@id":"https:\/\/pozirk.online\/en\/#organization","name":"Pozirk","url":"https:\/\/pozirk.online\/en\/","logo":{"@type":"ImageObject","inLanguage":"en-US","@id":"https:\/\/pozirk.online\/en\/#\/schema\/logo\/image\/","url":"https:\/\/pozirk.online\/wp-content\/uploads\/2023\/11\/cropped-Logo_color_512.png","contentUrl":"https:\/\/pozirk.online\/wp-content\/uploads\/2023\/11\/cropped-Logo_color_512.png","width":512,"height":512,"caption":"Pozirk"},"image":{"@id":"https:\/\/pozirk.online\/en\/#\/schema\/logo\/image\/"},"sameAs":["https:\/\/www.facebook.com\/pozirkonline\/","https:\/\/x.com\/Pozirk_online"]}]}},"_links":{"self":[{"href":"https:\/\/pozirk.online\/en\/wp-json\/wp\/v2\/articles\/120848","targetHints":{"allow":["GET"]}}],"collection":[{"href":"https:\/\/pozirk.online\/en\/wp-json\/wp\/v2\/articles"}],"about":[{"href":"https:\/\/pozirk.online\/en\/wp-json\/wp\/v2\/types\/articles"}],"author":[{"embeddable":true,"href":"https:\/\/pozirk.online\/en\/wp-json\/wp\/v2\/users\/84"}],"wp:featuredmedia":[{"embeddable":true,"href":"https:\/\/pozirk.online\/en\/wp-json\/wp\/v2\/media\/63993"}],"wp:attachment":[{"href":"https:\/\/pozirk.online\/en\/wp-json\/wp\/v2\/media?parent=120848"}],"wp:term":[{"taxonomy":"rubric","embeddable":true,"href":"https:\/\/pozirk.online\/en\/wp-json\/wp\/v2\/rubric?post=120848"}],"curies":[{"name":"wp","href":"https:\/\/api.w.org\/{rel}","templated":true}]}}