{"id":1213,"date":"2023-08-29T11:50:00","date_gmt":"2023-08-29T08:50:00","guid":{"rendered":"https:\/\/api.pozirk.online\/?post_type=articles&#038;p=1213"},"modified":"2026-03-09T20:10:49","modified_gmt":"2026-03-09T20:10:49","slug":"cichanouskaja-osce-chairman-in-office-discuss-political-prisoners","status":"publish","type":"articles","link":"https:\/\/pozirk.online\/en\/news\/1213\/","title":{"rendered":"Cichano\u016dskaja, OSCE chairman-in-office discuss political prisoners"},"content":{"rendered":"\n<p><strong>August 29,&nbsp;<em>BPN.<\/em>&nbsp;<\/strong>\u015aviat\u0142ana Cichano\u016dskaja has asked&nbsp;Bujar Osmani, North Macedonia&#8217;s top diplomat serving as chairman-in-office of the Organization for Security and Cooperation in Europe (OSCE), for assistance in bringing Belarus back to the organization&#8217;s spotlight.<\/p>\n\n\n\n<p>The exiled Belarusian opposition leader has stressed that the OSCE plays an &#8220;extremely important role in these critical times,&#8221; her aide told&nbsp;<em>BPN<\/em>&nbsp;in a statement.<\/p>\n\n\n\n<p>She suggested that Europe&#8217;s major security organization could act on Belarusian political prisoners, who she said were held incommunicado in inhumane conditions.<\/p>\n\n\n\n<p>&#8220;All of them should be released immediately,&#8221; Cichanouskaja said.<\/p>\n\n\n\n<p>She also urged the OSCE&nbsp;to give a proper assessment to the upcoming parliamentary elections in her country, which she denounced as &#8220;a farce and imitation.&#8221;<\/p>\n","protected":false},"excerpt":{"rendered":"<p>August 29,&nbsp;BPN.&nbsp;\u015aviat\u0142ana Cichano\u016dskaja has asked&nbsp;Bujar Osmani, North Macedonia&#8217;s top diplomat serving as chairman-in-office of the Organization for Security and Cooperation in Europe (OSCE), for assistance in bringing Belarus back to the organization&#8217;s spotlight. The exiled Belarusian opposition leader has stressed that the OSCE plays an &#8220;extremely important role in these critical times,&#8221; her aide told&nbsp;BPN&nbsp;in [&hellip;]<\/p>\n","protected":false},"author":83,"featured_media":0,"template":"","rubric":[14],"class_list":["post-1213","articles","type-articles","status-publish","hentry","rubric-politics"],"acf":[],"yoast_head":"<!-- This site is optimized with the Yoast SEO plugin v25.5 - https:\/\/yoast.com\/wordpress\/plugins\/seo\/ -->\n<title>Cichano\u016dskaja, OSCE chairman-in-office discuss political prisoners | Pozirk<\/title>\n<meta name=\"description\" content=\"August 29,&nbsp;BPN.&nbsp;\u015aviat\u0142ana Cichano\u016dskaja has asked&nbsp;Bujar Osmani, North Macedonia&#039;s top diplomat serving as chairman-in-office of the\" \/>\n<meta name=\"robots\" content=\"index, follow, max-snippet:-1, max-image-preview:large, max-video-preview:-1\" \/>\n<link rel=\"canonical\" href=\"https:\/\/pozirk.online\/en\/news\/1213\/\" \/>\n<meta property=\"og:locale\" content=\"en_US\" \/>\n<meta property=\"og:type\" content=\"article\" \/>\n<meta property=\"og:title\" content=\"Cichano\u016dskaja, OSCE chairman-in-office discuss political prisoners | Pozirk\" \/>\n<meta property=\"og:description\" content=\"August 29,&nbsp;BPN.&nbsp;\u015aviat\u0142ana Cichano\u016dskaja has asked&nbsp;Bujar Osmani, North Macedonia&#039;s top diplomat serving as chairman-in-office of the\" \/>\n<meta property=\"og:url\" content=\"https:\/\/pozirk.online\/en\/news\/1213\/\" \/>\n<meta property=\"og:site_name\" content=\"Pozirk\" \/>\n<meta property=\"article:publisher\" content=\"https:\/\/www.facebook.com\/pozirkonline\/\" \/>\n<meta property=\"article:modified_time\" content=\"2026-03-09T20:10:49+00:00\" \/>\n<meta name=\"twitter:card\" content=\"summary_large_image\" \/>\n<meta name=\"twitter:site\" content=\"@Pozirk_online\" \/>\n<meta name=\"twitter:label1\" content=\"Est. reading time\" \/>\n\t<meta name=\"twitter:data1\" content=\"1 minute\" \/>\n<script type=\"application\/ld+json\" class=\"yoast-schema-graph\">{\"@context\":\"https:\/\/schema.org\",\"@graph\":[{\"@type\":\"NewsArticle\",\"@id\":\"https:\/\/pozirk.online\/en\/news\/1213\/#article\",\"isPartOf\":{\"@id\":\"https:\/\/pozirk.online\/en\/news\/1213\/\"},\"headline\":\"Cichano\u016dskaja, OSCE chairman-in-office discuss political prisoners\",\"datePublished\":\"2023-08-29T08:50:00+00:00\",\"dateModified\":\"2026-03-09T20:10:49+00:00\",\"mainEntityOfPage\":{\"@id\":\"https:\/\/pozirk.online\/en\/news\/1213\/\"},\"wordCount\":136,\"publisher\":{\"@id\":\"https:\/\/pozirk.online\/en\/#organization\"},\"inLanguage\":\"en-US\"},{\"@type\":\"WebPage\",\"@id\":\"https:\/\/pozirk.online\/en\/news\/1213\/\",\"url\":\"https:\/\/pozirk.online\/en\/news\/1213\/\",\"name\":\"Cichano\u016dskaja, OSCE chairman-in-office discuss political prisoners | Pozirk\",\"isPartOf\":{\"@id\":\"https:\/\/pozirk.online\/en\/#website\"},\"datePublished\":\"2023-08-29T08:50:00+00:00\",\"dateModified\":\"2026-03-09T20:10:49+00:00\",\"description\":\"August 29,&nbsp;BPN.&nbsp;\u015aviat\u0142ana Cichano\u016dskaja has asked&nbsp;Bujar Osmani, North Macedonia's top diplomat serving as chairman-in-office of the\",\"breadcrumb\":{\"@id\":\"https:\/\/pozirk.online\/en\/news\/1213\/#breadcrumb\"},\"inLanguage\":\"en-US\",\"potentialAction\":[{\"@type\":\"ReadAction\",\"target\":[\"https:\/\/pozirk.online\/en\/news\/1213\/\"]}]},{\"@type\":\"BreadcrumbList\",\"@id\":\"https:\/\/pozirk.online\/en\/news\/1213\/#breadcrumb\",\"itemListElement\":[{\"@type\":\"ListItem\",\"position\":1,\"name\":\"Home\",\"item\":\"https:\/\/pozirk.online\/en\/\"},{\"@type\":\"ListItem\",\"position\":2,\"name\":\"Cichano\u016dskaja, OSCE chairman-in-office discuss political prisoners\"}]},{\"@type\":\"WebSite\",\"@id\":\"https:\/\/pozirk.online\/en\/#website\",\"url\":\"https:\/\/pozirk.online\/en\/\",\"name\":\"Pozirk\",\"description\":\"\",\"publisher\":{\"@id\":\"https:\/\/pozirk.online\/en\/#organization\"},\"potentialAction\":[{\"@type\":\"SearchAction\",\"target\":{\"@type\":\"EntryPoint\",\"urlTemplate\":\"https:\/\/pozirk.online\/en\/?s={search_term_string}\"},\"query-input\":{\"@type\":\"PropertyValueSpecification\",\"valueRequired\":true,\"valueName\":\"search_term_string\"}}],\"inLanguage\":\"en-US\"},{\"@type\":\"Organization\",\"@id\":\"https:\/\/pozirk.online\/en\/#organization\",\"name\":\"Pozirk\",\"url\":\"https:\/\/pozirk.online\/en\/\",\"logo\":{\"@type\":\"ImageObject\",\"inLanguage\":\"en-US\",\"@id\":\"https:\/\/pozirk.online\/en\/#\/schema\/logo\/image\/\",\"url\":\"https:\/\/pozirk.online\/wp-content\/uploads\/2023\/11\/cropped-Logo_color_512.png\",\"contentUrl\":\"https:\/\/pozirk.online\/wp-content\/uploads\/2023\/11\/cropped-Logo_color_512.png\",\"width\":512,\"height\":512,\"caption\":\"Pozirk\"},\"image\":{\"@id\":\"https:\/\/pozirk.online\/en\/#\/schema\/logo\/image\/\"},\"sameAs\":[\"https:\/\/www.facebook.com\/pozirkonline\/\",\"https:\/\/x.com\/Pozirk_online\"]}]}<\/script>\n<!-- \/ Yoast SEO plugin. -->","yoast_head_json":{"title":"Cichano\u016dskaja, OSCE chairman-in-office discuss political prisoners | Pozirk","description":"August 29,&nbsp;BPN.&nbsp;\u015aviat\u0142ana Cichano\u016dskaja has asked&nbsp;Bujar Osmani, North Macedonia's top diplomat serving as chairman-in-office of the","robots":{"index":"index","follow":"follow","max-snippet":"max-snippet:-1","max-image-preview":"max-image-preview:large","max-video-preview":"max-video-preview:-1"},"canonical":"https:\/\/pozirk.online\/en\/news\/1213\/","og_locale":"en_US","og_type":"article","og_title":"Cichano\u016dskaja, OSCE chairman-in-office discuss political prisoners | Pozirk","og_description":"August 29,&nbsp;BPN.&nbsp;\u015aviat\u0142ana Cichano\u016dskaja has asked&nbsp;Bujar Osmani, North Macedonia's top diplomat serving as chairman-in-office of the","og_url":"https:\/\/pozirk.online\/en\/news\/1213\/","og_site_name":"Pozirk","article_publisher":"https:\/\/www.facebook.com\/pozirkonline\/","article_modified_time":"2026-03-09T20:10:49+00:00","twitter_card":"summary_large_image","twitter_site":"@Pozirk_online","twitter_misc":{"Est. reading time":"1 minute"},"schema":{"@context":"https:\/\/schema.org","@graph":[{"@type":"NewsArticle","@id":"https:\/\/pozirk.online\/en\/news\/1213\/#article","isPartOf":{"@id":"https:\/\/pozirk.online\/en\/news\/1213\/"},"headline":"Cichano\u016dskaja, OSCE chairman-in-office discuss political prisoners","datePublished":"2023-08-29T08:50:00+00:00","dateModified":"2026-03-09T20:10:49+00:00","mainEntityOfPage":{"@id":"https:\/\/pozirk.online\/en\/news\/1213\/"},"wordCount":136,"publisher":{"@id":"https:\/\/pozirk.online\/en\/#organization"},"inLanguage":"en-US"},{"@type":"WebPage","@id":"https:\/\/pozirk.online\/en\/news\/1213\/","url":"https:\/\/pozirk.online\/en\/news\/1213\/","name":"Cichano\u016dskaja, OSCE chairman-in-office discuss political prisoners | Pozirk","isPartOf":{"@id":"https:\/\/pozirk.online\/en\/#website"},"datePublished":"2023-08-29T08:50:00+00:00","dateModified":"2026-03-09T20:10:49+00:00","description":"August 29,&nbsp;BPN.&nbsp;\u015aviat\u0142ana Cichano\u016dskaja has asked&nbsp;Bujar Osmani, North Macedonia's top diplomat serving as chairman-in-office of the","breadcrumb":{"@id":"https:\/\/pozirk.online\/en\/news\/1213\/#breadcrumb"},"inLanguage":"en-US","potentialAction":[{"@type":"ReadAction","target":["https:\/\/pozirk.online\/en\/news\/1213\/"]}]},{"@type":"BreadcrumbList","@id":"https:\/\/pozirk.online\/en\/news\/1213\/#breadcrumb","itemListElement":[{"@type":"ListItem","position":1,"name":"Home","item":"https:\/\/pozirk.online\/en\/"},{"@type":"ListItem","position":2,"name":"Cichano\u016dskaja, OSCE chairman-in-office discuss political prisoners"}]},{"@type":"WebSite","@id":"https:\/\/pozirk.online\/en\/#website","url":"https:\/\/pozirk.online\/en\/","name":"Pozirk","description":"","publisher":{"@id":"https:\/\/pozirk.online\/en\/#organization"},"potentialAction":[{"@type":"SearchAction","target":{"@type":"EntryPoint","urlTemplate":"https:\/\/pozirk.online\/en\/?s={search_term_string}"},"query-input":{"@type":"PropertyValueSpecification","valueRequired":true,"valueName":"search_term_string"}}],"inLanguage":"en-US"},{"@type":"Organization","@id":"https:\/\/pozirk.online\/en\/#organization","name":"Pozirk","url":"https:\/\/pozirk.online\/en\/","logo":{"@type":"ImageObject","inLanguage":"en-US","@id":"https:\/\/pozirk.online\/en\/#\/schema\/logo\/image\/","url":"https:\/\/pozirk.online\/wp-content\/uploads\/2023\/11\/cropped-Logo_color_512.png","contentUrl":"https:\/\/pozirk.online\/wp-content\/uploads\/2023\/11\/cropped-Logo_color_512.png","width":512,"height":512,"caption":"Pozirk"},"image":{"@id":"https:\/\/pozirk.online\/en\/#\/schema\/logo\/image\/"},"sameAs":["https:\/\/www.facebook.com\/pozirkonline\/","https:\/\/x.com\/Pozirk_online"]}]}},"_links":{"self":[{"href":"https:\/\/pozirk.online\/en\/wp-json\/wp\/v2\/articles\/1213","targetHints":{"allow":["GET"]}}],"collection":[{"href":"https:\/\/pozirk.online\/en\/wp-json\/wp\/v2\/articles"}],"about":[{"href":"https:\/\/pozirk.online\/en\/wp-json\/wp\/v2\/types\/articles"}],"author":[{"embeddable":true,"href":"https:\/\/pozirk.online\/en\/wp-json\/wp\/v2\/users\/83"}],"wp:attachment":[{"href":"https:\/\/pozirk.online\/en\/wp-json\/wp\/v2\/media?parent=1213"}],"wp:term":[{"taxonomy":"rubric","embeddable":true,"href":"https:\/\/pozirk.online\/en\/wp-json\/wp\/v2\/rubric?post=1213"}],"curies":[{"name":"wp","href":"https:\/\/api.w.org\/{rel}","templated":true}]}}