{"id":1220,"date":"2023-08-29T17:37:00","date_gmt":"2023-08-29T14:37:00","guid":{"rendered":"https:\/\/api.pozirk.online\/?post_type=articles&#038;p=1220"},"modified":"2026-03-09T20:10:49","modified_gmt":"2026-03-09T20:10:49","slug":"cichanouskaja-rallies-support-from-canadian-slovenian-stateswomen","status":"publish","type":"articles","link":"https:\/\/pozirk.online\/en\/news\/1220\/","title":{"rendered":"Cichano\u016dskaja rallies support from Canadian, Slovenian stateswomen"},"content":{"rendered":"\n<p><strong>August 29,&nbsp;<em>BPN.<\/em><\/strong>&nbsp;\u015aviat\u0142ana Cichano\u016dskaja and Canadian Foreign Minister M\u00e9lanie Joly have discussed raising the Belarusian issue at the UN General Assembly and in the Group of Seven industrial nations, an aide to the Belarusian opposition politician told&nbsp;<em>BPN<\/em>&nbsp;in a statement today.<\/p>\n\n\n\n<p>The two politicians talked about holding the authoritarian government accountable through international courts for reprisals against citizens and complicity in the war against Ukraine, Franak Via\u010dorka said. Canada is willing to expand sanctions against individuals and businesses linked to the government and to freeze its assets and property, he added.<\/p>\n\n\n\n<p>Ottawa will reportedly extend programs for independent media and civil society, as well as continue &#8220;diplomatic assistance to democratic forces.&#8221; Joly also said it was ready to provide fertilizers to those countries that had depended on Belarusian supplies before the products were sanctioned, Via\u010dorka said.<\/p>\n\n\n\n<p>Cichano\u016dskaja also met today with Slovenian President Nata\u0161a Pirc Musar and urged her to support &#8220;the European course for Belarus.&#8221; She told Pirc Musar about Russian troops and mercenaries in Belarus and said the country&#8217;s independence was under threat.<\/p>\n","protected":false},"excerpt":{"rendered":"<p>August 29,&nbsp;BPN.&nbsp;\u015aviat\u0142ana Cichano\u016dskaja and Canadian Foreign Minister M\u00e9lanie Joly have discussed raising the Belarusian issue at the UN General Assembly and in the Group of Seven industrial nations, an aide to the Belarusian opposition politician told&nbsp;BPN&nbsp;in a statement today. The two politicians talked about holding the authoritarian government accountable through international courts for reprisals against [&hellip;]<\/p>\n","protected":false},"author":83,"featured_media":0,"template":"","rubric":[14],"class_list":["post-1220","articles","type-articles","status-publish","hentry","rubric-politics"],"acf":[],"yoast_head":"<!-- This site is optimized with the Yoast SEO plugin v25.5 - https:\/\/yoast.com\/wordpress\/plugins\/seo\/ -->\n<title>Cichano\u016dskaja rallies support from Canadian, Slovenian stateswomen | Pozirk<\/title>\n<meta name=\"description\" content=\"August 29,&nbsp;BPN.&nbsp;\u015aviat\u0142ana Cichano\u016dskaja and Canadian Foreign Minister M\u00e9lanie Joly have discussed raising the Belarusian issue at the UN General\" \/>\n<meta name=\"robots\" content=\"index, follow, max-snippet:-1, max-image-preview:large, max-video-preview:-1\" \/>\n<link rel=\"canonical\" href=\"https:\/\/pozirk.online\/en\/news\/1220\/\" \/>\n<meta property=\"og:locale\" content=\"en_US\" \/>\n<meta property=\"og:type\" content=\"article\" \/>\n<meta property=\"og:title\" content=\"Cichano\u016dskaja rallies support from Canadian, Slovenian stateswomen | Pozirk\" \/>\n<meta property=\"og:description\" content=\"August 29,&nbsp;BPN.&nbsp;\u015aviat\u0142ana Cichano\u016dskaja and Canadian Foreign Minister M\u00e9lanie Joly have discussed raising the Belarusian issue at the UN General\" \/>\n<meta property=\"og:url\" content=\"https:\/\/pozirk.online\/en\/news\/1220\/\" \/>\n<meta property=\"og:site_name\" content=\"Pozirk\" \/>\n<meta property=\"article:publisher\" content=\"https:\/\/www.facebook.com\/pozirkonline\/\" \/>\n<meta property=\"article:modified_time\" content=\"2026-03-09T20:10:49+00:00\" \/>\n<meta name=\"twitter:card\" content=\"summary_large_image\" \/>\n<meta name=\"twitter:site\" content=\"@Pozirk_online\" \/>\n<meta name=\"twitter:label1\" content=\"Est. reading time\" \/>\n\t<meta name=\"twitter:data1\" content=\"1 minute\" \/>\n<script type=\"application\/ld+json\" class=\"yoast-schema-graph\">{\"@context\":\"https:\/\/schema.org\",\"@graph\":[{\"@type\":\"NewsArticle\",\"@id\":\"https:\/\/pozirk.online\/en\/news\/1220\/#article\",\"isPartOf\":{\"@id\":\"https:\/\/pozirk.online\/en\/news\/1220\/\"},\"headline\":\"Cichano\u016dskaja rallies support from Canadian, Slovenian stateswomen\",\"datePublished\":\"2023-08-29T14:37:00+00:00\",\"dateModified\":\"2026-03-09T20:10:49+00:00\",\"mainEntityOfPage\":{\"@id\":\"https:\/\/pozirk.online\/en\/news\/1220\/\"},\"wordCount\":196,\"publisher\":{\"@id\":\"https:\/\/pozirk.online\/en\/#organization\"},\"inLanguage\":\"en-US\"},{\"@type\":\"WebPage\",\"@id\":\"https:\/\/pozirk.online\/en\/news\/1220\/\",\"url\":\"https:\/\/pozirk.online\/en\/news\/1220\/\",\"name\":\"Cichano\u016dskaja rallies support from Canadian, Slovenian stateswomen | Pozirk\",\"isPartOf\":{\"@id\":\"https:\/\/pozirk.online\/en\/#website\"},\"datePublished\":\"2023-08-29T14:37:00+00:00\",\"dateModified\":\"2026-03-09T20:10:49+00:00\",\"description\":\"August 29,&nbsp;BPN.&nbsp;\u015aviat\u0142ana Cichano\u016dskaja and Canadian Foreign Minister M\u00e9lanie Joly have discussed raising the Belarusian issue at the UN General\",\"breadcrumb\":{\"@id\":\"https:\/\/pozirk.online\/en\/news\/1220\/#breadcrumb\"},\"inLanguage\":\"en-US\",\"potentialAction\":[{\"@type\":\"ReadAction\",\"target\":[\"https:\/\/pozirk.online\/en\/news\/1220\/\"]}]},{\"@type\":\"BreadcrumbList\",\"@id\":\"https:\/\/pozirk.online\/en\/news\/1220\/#breadcrumb\",\"itemListElement\":[{\"@type\":\"ListItem\",\"position\":1,\"name\":\"Home\",\"item\":\"https:\/\/pozirk.online\/en\/\"},{\"@type\":\"ListItem\",\"position\":2,\"name\":\"Cichano\u016dskaja rallies support from Canadian, Slovenian stateswomen\"}]},{\"@type\":\"WebSite\",\"@id\":\"https:\/\/pozirk.online\/en\/#website\",\"url\":\"https:\/\/pozirk.online\/en\/\",\"name\":\"Pozirk\",\"description\":\"\",\"publisher\":{\"@id\":\"https:\/\/pozirk.online\/en\/#organization\"},\"potentialAction\":[{\"@type\":\"SearchAction\",\"target\":{\"@type\":\"EntryPoint\",\"urlTemplate\":\"https:\/\/pozirk.online\/en\/?s={search_term_string}\"},\"query-input\":{\"@type\":\"PropertyValueSpecification\",\"valueRequired\":true,\"valueName\":\"search_term_string\"}}],\"inLanguage\":\"en-US\"},{\"@type\":\"Organization\",\"@id\":\"https:\/\/pozirk.online\/en\/#organization\",\"name\":\"Pozirk\",\"url\":\"https:\/\/pozirk.online\/en\/\",\"logo\":{\"@type\":\"ImageObject\",\"inLanguage\":\"en-US\",\"@id\":\"https:\/\/pozirk.online\/en\/#\/schema\/logo\/image\/\",\"url\":\"https:\/\/pozirk.online\/wp-content\/uploads\/2023\/11\/cropped-Logo_color_512.png\",\"contentUrl\":\"https:\/\/pozirk.online\/wp-content\/uploads\/2023\/11\/cropped-Logo_color_512.png\",\"width\":512,\"height\":512,\"caption\":\"Pozirk\"},\"image\":{\"@id\":\"https:\/\/pozirk.online\/en\/#\/schema\/logo\/image\/\"},\"sameAs\":[\"https:\/\/www.facebook.com\/pozirkonline\/\",\"https:\/\/x.com\/Pozirk_online\"]}]}<\/script>\n<!-- \/ Yoast SEO plugin. -->","yoast_head_json":{"title":"Cichano\u016dskaja rallies support from Canadian, Slovenian stateswomen | Pozirk","description":"August 29,&nbsp;BPN.&nbsp;\u015aviat\u0142ana Cichano\u016dskaja and Canadian Foreign Minister M\u00e9lanie Joly have discussed raising the Belarusian issue at the UN General","robots":{"index":"index","follow":"follow","max-snippet":"max-snippet:-1","max-image-preview":"max-image-preview:large","max-video-preview":"max-video-preview:-1"},"canonical":"https:\/\/pozirk.online\/en\/news\/1220\/","og_locale":"en_US","og_type":"article","og_title":"Cichano\u016dskaja rallies support from Canadian, Slovenian stateswomen | Pozirk","og_description":"August 29,&nbsp;BPN.&nbsp;\u015aviat\u0142ana Cichano\u016dskaja and Canadian Foreign Minister M\u00e9lanie Joly have discussed raising the Belarusian issue at the UN General","og_url":"https:\/\/pozirk.online\/en\/news\/1220\/","og_site_name":"Pozirk","article_publisher":"https:\/\/www.facebook.com\/pozirkonline\/","article_modified_time":"2026-03-09T20:10:49+00:00","twitter_card":"summary_large_image","twitter_site":"@Pozirk_online","twitter_misc":{"Est. reading time":"1 minute"},"schema":{"@context":"https:\/\/schema.org","@graph":[{"@type":"NewsArticle","@id":"https:\/\/pozirk.online\/en\/news\/1220\/#article","isPartOf":{"@id":"https:\/\/pozirk.online\/en\/news\/1220\/"},"headline":"Cichano\u016dskaja rallies support from Canadian, Slovenian stateswomen","datePublished":"2023-08-29T14:37:00+00:00","dateModified":"2026-03-09T20:10:49+00:00","mainEntityOfPage":{"@id":"https:\/\/pozirk.online\/en\/news\/1220\/"},"wordCount":196,"publisher":{"@id":"https:\/\/pozirk.online\/en\/#organization"},"inLanguage":"en-US"},{"@type":"WebPage","@id":"https:\/\/pozirk.online\/en\/news\/1220\/","url":"https:\/\/pozirk.online\/en\/news\/1220\/","name":"Cichano\u016dskaja rallies support from Canadian, Slovenian stateswomen | Pozirk","isPartOf":{"@id":"https:\/\/pozirk.online\/en\/#website"},"datePublished":"2023-08-29T14:37:00+00:00","dateModified":"2026-03-09T20:10:49+00:00","description":"August 29,&nbsp;BPN.&nbsp;\u015aviat\u0142ana Cichano\u016dskaja and Canadian Foreign Minister M\u00e9lanie Joly have discussed raising the Belarusian issue at the UN General","breadcrumb":{"@id":"https:\/\/pozirk.online\/en\/news\/1220\/#breadcrumb"},"inLanguage":"en-US","potentialAction":[{"@type":"ReadAction","target":["https:\/\/pozirk.online\/en\/news\/1220\/"]}]},{"@type":"BreadcrumbList","@id":"https:\/\/pozirk.online\/en\/news\/1220\/#breadcrumb","itemListElement":[{"@type":"ListItem","position":1,"name":"Home","item":"https:\/\/pozirk.online\/en\/"},{"@type":"ListItem","position":2,"name":"Cichano\u016dskaja rallies support from Canadian, Slovenian stateswomen"}]},{"@type":"WebSite","@id":"https:\/\/pozirk.online\/en\/#website","url":"https:\/\/pozirk.online\/en\/","name":"Pozirk","description":"","publisher":{"@id":"https:\/\/pozirk.online\/en\/#organization"},"potentialAction":[{"@type":"SearchAction","target":{"@type":"EntryPoint","urlTemplate":"https:\/\/pozirk.online\/en\/?s={search_term_string}"},"query-input":{"@type":"PropertyValueSpecification","valueRequired":true,"valueName":"search_term_string"}}],"inLanguage":"en-US"},{"@type":"Organization","@id":"https:\/\/pozirk.online\/en\/#organization","name":"Pozirk","url":"https:\/\/pozirk.online\/en\/","logo":{"@type":"ImageObject","inLanguage":"en-US","@id":"https:\/\/pozirk.online\/en\/#\/schema\/logo\/image\/","url":"https:\/\/pozirk.online\/wp-content\/uploads\/2023\/11\/cropped-Logo_color_512.png","contentUrl":"https:\/\/pozirk.online\/wp-content\/uploads\/2023\/11\/cropped-Logo_color_512.png","width":512,"height":512,"caption":"Pozirk"},"image":{"@id":"https:\/\/pozirk.online\/en\/#\/schema\/logo\/image\/"},"sameAs":["https:\/\/www.facebook.com\/pozirkonline\/","https:\/\/x.com\/Pozirk_online"]}]}},"_links":{"self":[{"href":"https:\/\/pozirk.online\/en\/wp-json\/wp\/v2\/articles\/1220","targetHints":{"allow":["GET"]}}],"collection":[{"href":"https:\/\/pozirk.online\/en\/wp-json\/wp\/v2\/articles"}],"about":[{"href":"https:\/\/pozirk.online\/en\/wp-json\/wp\/v2\/types\/articles"}],"author":[{"embeddable":true,"href":"https:\/\/pozirk.online\/en\/wp-json\/wp\/v2\/users\/83"}],"wp:attachment":[{"href":"https:\/\/pozirk.online\/en\/wp-json\/wp\/v2\/media?parent=1220"}],"wp:term":[{"taxonomy":"rubric","embeddable":true,"href":"https:\/\/pozirk.online\/en\/wp-json\/wp\/v2\/rubric?post=1220"}],"curies":[{"name":"wp","href":"https:\/\/api.w.org\/{rel}","templated":true}]}}