{"id":1223,"date":"2023-08-29T14:26:00","date_gmt":"2023-08-29T11:26:00","guid":{"rendered":"https:\/\/api.pozirk.online\/?post_type=articles&#038;p=1223"},"modified":"2026-03-09T20:10:49","modified_gmt":"2026-03-09T20:10:49","slug":"belarus-opposition-leader-discusses-regional-security-with-slovakias-fm","status":"publish","type":"articles","link":"https:\/\/pozirk.online\/en\/news\/1223\/","title":{"rendered":"Belarus\u2019 opposition leader discusses regional security with Slovakia\u2019s FM"},"content":{"rendered":"\n<p><strong>August 29,&nbsp;<em>BPN<\/em>.<\/strong>&nbsp;Belarusian opposition leader \u015aviat\u0142ana Cichano\u016dskaja discussed security, including possible incidents involving Russia&#8217;s Wagner Group, at her meeting with Slovakia\u2019s Foreign Minister Miroslav Wlachovsk\u00fd.<\/p>\n\n\n\n<p>She also talked about assistance to Belarusian volunteers fighting Russia in Ukraine and the plight of the Belarusian political prisoners, stressing the need for an immediate intervention by international organizations, her aide Franak Via\u010dorka has told&nbsp;<em>BPN<\/em>.<\/p>\n\n\n\n<p>Cichano\u016dskaja asked Wlachovsk\u00fd to raise the issue of Belarus at the UN General Assembly and include the Belarusian opposition in the Bucharest Nine, a regional organization of nine countries on the eastern flank of NATO.<\/p>\n\n\n\n<p>The politician also inquired about a possible recognition of the New Belarus passport, an identification document designed for Belarusian emigrants.<\/p>\n\n\n\n<p>The Slovak diplomat expressed support for the Belarusian opposition and all those who continue fighting for democratic change. The opposition leader, for her turn, noted Slovakia&#8217;s consistent support of Belarusians.<\/p>\n","protected":false},"excerpt":{"rendered":"<p>August 29,&nbsp;BPN.&nbsp;Belarusian opposition leader \u015aviat\u0142ana Cichano\u016dskaja discussed security, including possible incidents involving Russia&#8217;s Wagner Group, at her meeting with Slovakia\u2019s Foreign Minister Miroslav Wlachovsk\u00fd. She also talked about assistance to Belarusian volunteers fighting Russia in Ukraine and the plight of the Belarusian political prisoners, stressing the need for an immediate intervention by international organizations, her [&hellip;]<\/p>\n","protected":false},"author":83,"featured_media":0,"template":"","rubric":[16,30],"class_list":["post-1223","articles","type-articles","status-publish","hentry","rubric-politics","rubric-security"],"acf":[],"yoast_head":"<!-- This site is optimized with the Yoast SEO plugin v25.5 - https:\/\/yoast.com\/wordpress\/plugins\/seo\/ -->\n<title>Belarus\u2019 opposition leader discusses regional security with Slovakia\u2019s FM | Pozirk<\/title>\n<meta name=\"description\" content=\"August 29,&nbsp;BPN.&nbsp;Belarusian opposition leader \u015aviat\u0142ana Cichano\u016dskaja discussed security, including possible incidents involving Russia&#039;s Wagner\" \/>\n<meta name=\"robots\" content=\"index, follow, max-snippet:-1, max-image-preview:large, max-video-preview:-1\" \/>\n<link rel=\"canonical\" href=\"https:\/\/pozirk.online\/en\/news\/1223\/\" \/>\n<meta property=\"og:locale\" content=\"en_US\" \/>\n<meta property=\"og:type\" content=\"article\" \/>\n<meta property=\"og:title\" content=\"Belarus\u2019 opposition leader discusses regional security with Slovakia\u2019s FM | Pozirk\" \/>\n<meta property=\"og:description\" content=\"August 29,&nbsp;BPN.&nbsp;Belarusian opposition leader \u015aviat\u0142ana Cichano\u016dskaja discussed security, including possible incidents involving Russia&#039;s Wagner\" \/>\n<meta property=\"og:url\" content=\"https:\/\/pozirk.online\/en\/news\/1223\/\" \/>\n<meta property=\"og:site_name\" content=\"Pozirk\" \/>\n<meta property=\"article:publisher\" content=\"https:\/\/www.facebook.com\/pozirkonline\/\" \/>\n<meta property=\"article:modified_time\" content=\"2026-03-09T20:10:49+00:00\" \/>\n<meta name=\"twitter:card\" content=\"summary_large_image\" \/>\n<meta name=\"twitter:site\" content=\"@Pozirk_online\" \/>\n<meta name=\"twitter:label1\" content=\"Est. reading time\" \/>\n\t<meta name=\"twitter:data1\" content=\"1 minute\" \/>\n<script type=\"application\/ld+json\" class=\"yoast-schema-graph\">{\"@context\":\"https:\/\/schema.org\",\"@graph\":[{\"@type\":\"NewsArticle\",\"@id\":\"https:\/\/pozirk.online\/en\/news\/1223\/#article\",\"isPartOf\":{\"@id\":\"https:\/\/pozirk.online\/en\/news\/1223\/\"},\"headline\":\"Belarus\u2019 opposition leader discusses regional security with Slovakia\u2019s FM\",\"datePublished\":\"2023-08-29T11:26:00+00:00\",\"dateModified\":\"2026-03-09T20:10:49+00:00\",\"mainEntityOfPage\":{\"@id\":\"https:\/\/pozirk.online\/en\/news\/1223\/\"},\"wordCount\":167,\"publisher\":{\"@id\":\"https:\/\/pozirk.online\/en\/#organization\"},\"inLanguage\":\"en-US\"},{\"@type\":\"WebPage\",\"@id\":\"https:\/\/pozirk.online\/en\/news\/1223\/\",\"url\":\"https:\/\/pozirk.online\/en\/news\/1223\/\",\"name\":\"Belarus\u2019 opposition leader discusses regional security with Slovakia\u2019s FM | Pozirk\",\"isPartOf\":{\"@id\":\"https:\/\/pozirk.online\/en\/#website\"},\"datePublished\":\"2023-08-29T11:26:00+00:00\",\"dateModified\":\"2026-03-09T20:10:49+00:00\",\"description\":\"August 29,&nbsp;BPN.&nbsp;Belarusian opposition leader \u015aviat\u0142ana Cichano\u016dskaja discussed security, including possible incidents involving Russia's Wagner\",\"breadcrumb\":{\"@id\":\"https:\/\/pozirk.online\/en\/news\/1223\/#breadcrumb\"},\"inLanguage\":\"en-US\",\"potentialAction\":[{\"@type\":\"ReadAction\",\"target\":[\"https:\/\/pozirk.online\/en\/news\/1223\/\"]}]},{\"@type\":\"BreadcrumbList\",\"@id\":\"https:\/\/pozirk.online\/en\/news\/1223\/#breadcrumb\",\"itemListElement\":[{\"@type\":\"ListItem\",\"position\":1,\"name\":\"Home\",\"item\":\"https:\/\/pozirk.online\/en\/\"},{\"@type\":\"ListItem\",\"position\":2,\"name\":\"Belarus\u2019 opposition leader discusses regional security with Slovakia\u2019s FM\"}]},{\"@type\":\"WebSite\",\"@id\":\"https:\/\/pozirk.online\/en\/#website\",\"url\":\"https:\/\/pozirk.online\/en\/\",\"name\":\"Pozirk\",\"description\":\"\",\"publisher\":{\"@id\":\"https:\/\/pozirk.online\/en\/#organization\"},\"potentialAction\":[{\"@type\":\"SearchAction\",\"target\":{\"@type\":\"EntryPoint\",\"urlTemplate\":\"https:\/\/pozirk.online\/en\/?s={search_term_string}\"},\"query-input\":{\"@type\":\"PropertyValueSpecification\",\"valueRequired\":true,\"valueName\":\"search_term_string\"}}],\"inLanguage\":\"en-US\"},{\"@type\":\"Organization\",\"@id\":\"https:\/\/pozirk.online\/en\/#organization\",\"name\":\"Pozirk\",\"url\":\"https:\/\/pozirk.online\/en\/\",\"logo\":{\"@type\":\"ImageObject\",\"inLanguage\":\"en-US\",\"@id\":\"https:\/\/pozirk.online\/en\/#\/schema\/logo\/image\/\",\"url\":\"https:\/\/pozirk.online\/wp-content\/uploads\/2023\/11\/cropped-Logo_color_512.png\",\"contentUrl\":\"https:\/\/pozirk.online\/wp-content\/uploads\/2023\/11\/cropped-Logo_color_512.png\",\"width\":512,\"height\":512,\"caption\":\"Pozirk\"},\"image\":{\"@id\":\"https:\/\/pozirk.online\/en\/#\/schema\/logo\/image\/\"},\"sameAs\":[\"https:\/\/www.facebook.com\/pozirkonline\/\",\"https:\/\/x.com\/Pozirk_online\"]}]}<\/script>\n<!-- \/ Yoast SEO plugin. -->","yoast_head_json":{"title":"Belarus\u2019 opposition leader discusses regional security with Slovakia\u2019s FM | Pozirk","description":"August 29,&nbsp;BPN.&nbsp;Belarusian opposition leader \u015aviat\u0142ana Cichano\u016dskaja discussed security, including possible incidents involving Russia's Wagner","robots":{"index":"index","follow":"follow","max-snippet":"max-snippet:-1","max-image-preview":"max-image-preview:large","max-video-preview":"max-video-preview:-1"},"canonical":"https:\/\/pozirk.online\/en\/news\/1223\/","og_locale":"en_US","og_type":"article","og_title":"Belarus\u2019 opposition leader discusses regional security with Slovakia\u2019s FM | Pozirk","og_description":"August 29,&nbsp;BPN.&nbsp;Belarusian opposition leader \u015aviat\u0142ana Cichano\u016dskaja discussed security, including possible incidents involving Russia's Wagner","og_url":"https:\/\/pozirk.online\/en\/news\/1223\/","og_site_name":"Pozirk","article_publisher":"https:\/\/www.facebook.com\/pozirkonline\/","article_modified_time":"2026-03-09T20:10:49+00:00","twitter_card":"summary_large_image","twitter_site":"@Pozirk_online","twitter_misc":{"Est. reading time":"1 minute"},"schema":{"@context":"https:\/\/schema.org","@graph":[{"@type":"NewsArticle","@id":"https:\/\/pozirk.online\/en\/news\/1223\/#article","isPartOf":{"@id":"https:\/\/pozirk.online\/en\/news\/1223\/"},"headline":"Belarus\u2019 opposition leader discusses regional security with Slovakia\u2019s FM","datePublished":"2023-08-29T11:26:00+00:00","dateModified":"2026-03-09T20:10:49+00:00","mainEntityOfPage":{"@id":"https:\/\/pozirk.online\/en\/news\/1223\/"},"wordCount":167,"publisher":{"@id":"https:\/\/pozirk.online\/en\/#organization"},"inLanguage":"en-US"},{"@type":"WebPage","@id":"https:\/\/pozirk.online\/en\/news\/1223\/","url":"https:\/\/pozirk.online\/en\/news\/1223\/","name":"Belarus\u2019 opposition leader discusses regional security with Slovakia\u2019s FM | Pozirk","isPartOf":{"@id":"https:\/\/pozirk.online\/en\/#website"},"datePublished":"2023-08-29T11:26:00+00:00","dateModified":"2026-03-09T20:10:49+00:00","description":"August 29,&nbsp;BPN.&nbsp;Belarusian opposition leader \u015aviat\u0142ana Cichano\u016dskaja discussed security, including possible incidents involving Russia's Wagner","breadcrumb":{"@id":"https:\/\/pozirk.online\/en\/news\/1223\/#breadcrumb"},"inLanguage":"en-US","potentialAction":[{"@type":"ReadAction","target":["https:\/\/pozirk.online\/en\/news\/1223\/"]}]},{"@type":"BreadcrumbList","@id":"https:\/\/pozirk.online\/en\/news\/1223\/#breadcrumb","itemListElement":[{"@type":"ListItem","position":1,"name":"Home","item":"https:\/\/pozirk.online\/en\/"},{"@type":"ListItem","position":2,"name":"Belarus\u2019 opposition leader discusses regional security with Slovakia\u2019s FM"}]},{"@type":"WebSite","@id":"https:\/\/pozirk.online\/en\/#website","url":"https:\/\/pozirk.online\/en\/","name":"Pozirk","description":"","publisher":{"@id":"https:\/\/pozirk.online\/en\/#organization"},"potentialAction":[{"@type":"SearchAction","target":{"@type":"EntryPoint","urlTemplate":"https:\/\/pozirk.online\/en\/?s={search_term_string}"},"query-input":{"@type":"PropertyValueSpecification","valueRequired":true,"valueName":"search_term_string"}}],"inLanguage":"en-US"},{"@type":"Organization","@id":"https:\/\/pozirk.online\/en\/#organization","name":"Pozirk","url":"https:\/\/pozirk.online\/en\/","logo":{"@type":"ImageObject","inLanguage":"en-US","@id":"https:\/\/pozirk.online\/en\/#\/schema\/logo\/image\/","url":"https:\/\/pozirk.online\/wp-content\/uploads\/2023\/11\/cropped-Logo_color_512.png","contentUrl":"https:\/\/pozirk.online\/wp-content\/uploads\/2023\/11\/cropped-Logo_color_512.png","width":512,"height":512,"caption":"Pozirk"},"image":{"@id":"https:\/\/pozirk.online\/en\/#\/schema\/logo\/image\/"},"sameAs":["https:\/\/www.facebook.com\/pozirkonline\/","https:\/\/x.com\/Pozirk_online"]}]}},"_links":{"self":[{"href":"https:\/\/pozirk.online\/en\/wp-json\/wp\/v2\/articles\/1223","targetHints":{"allow":["GET"]}}],"collection":[{"href":"https:\/\/pozirk.online\/en\/wp-json\/wp\/v2\/articles"}],"about":[{"href":"https:\/\/pozirk.online\/en\/wp-json\/wp\/v2\/types\/articles"}],"author":[{"embeddable":true,"href":"https:\/\/pozirk.online\/en\/wp-json\/wp\/v2\/users\/83"}],"wp:attachment":[{"href":"https:\/\/pozirk.online\/en\/wp-json\/wp\/v2\/media?parent=1223"}],"wp:term":[{"taxonomy":"rubric","embeddable":true,"href":"https:\/\/pozirk.online\/en\/wp-json\/wp\/v2\/rubric?post=1223"}],"curies":[{"name":"wp","href":"https:\/\/api.w.org\/{rel}","templated":true}]}}