{"id":123049,"date":"2025-01-23T20:22:06","date_gmt":"2025-01-23T17:22:06","guid":{"rendered":"https:\/\/pozirk.online\/en\/news\/123049\/"},"modified":"2026-03-09T20:10:49","modified_gmt":"2026-03-09T20:10:49","slug":"portugal-supports-fight-for-democracy-and-freedom-in-belarus-mfa","status":"publish","type":"articles","link":"https:\/\/pozirk.online\/en\/news\/123049\/","title":{"rendered":"Portugal supports fight for democracy and freedom in Belarus \u2013 MFA"},"content":{"rendered":"\n<figure class=\"block-image block-image-normal\">\n\n  <img decoding=\"async\" width=\"2000\" height=\"1333\" src=\"https:\/\/pozirk.online\/wp-content\/uploads\/2025\/01\/ST-Portugalia-ministr-MFA-Davos.jpg\" class=\"attachment-full size-full\" alt=\"\" srcset=\"https:\/\/pozirk.online\/wp-content\/uploads\/2025\/01\/ST-Portugalia-ministr-MFA-Davos.jpg 2000w, https:\/\/pozirk.online\/wp-content\/uploads\/2025\/01\/ST-Portugalia-ministr-MFA-Davos-354x236.jpg 354w, https:\/\/pozirk.online\/wp-content\/uploads\/2025\/01\/ST-Portugalia-ministr-MFA-Davos-734x490.jpg 734w, https:\/\/pozirk.online\/wp-content\/uploads\/2025\/01\/ST-Portugalia-ministr-MFA-Davos-178x118.jpg 178w, https:\/\/pozirk.online\/wp-content\/uploads\/2025\/01\/ST-Portugalia-ministr-MFA-Davos-768x512.jpg 768w, https:\/\/pozirk.online\/wp-content\/uploads\/2025\/01\/ST-Portugalia-ministr-MFA-Davos-1536x1024.jpg 1536w\" sizes=\"(max-width: 2000px) 100vw, 2000px\" \/>\n  <figcaption>\n      <div class=\"block-image__descr\">\n\n        Paulo Rangel and \u015aviat\u0142ana Cichano\u016dskaja\n    <\/div>\n  \n       <div class=\"block-image__author\">\n                <span>(The MFA of Portugal)<\/span>\n    <\/div>\n     <\/figcaption>\n<\/figure>\n\n\n\n<p><strong>January 23, <em>Pozirk<\/em>.<\/strong> Portuguese Foreign Minister Paulo Rangel has reaffirmed Portugal&#8217;s support for the fight for freedom and democracy in Belarus at a meeting with \u015aviat\u0142ana Cichano\u016dskaja on the sidelines of the World Economic Forum in Davos, the foreign office in Lisbon said.<\/p>\n\n\n\n<p>The minister pledged that Portugal will maintain a principled and consistent position on the matter, said the press office of the Belarusian opposition leader.<\/p>\n\n\n\n<p>Cichano\u016dskaja suggested that Rangel support the Organization for Security and Cooperation in Europe&#8217;s initiative to launch the Moscow Mechanism immediately after the end of the election, which the pro-democracy forces call &#8220;non-election,&#8221; and join the initiatives to bring those responsible for reprisals in Belarus to justice.<\/p>\n\n\n\n<p>The politicians agreed to organize an international conference on democratic transition, transitional justice and reconciliation.<\/p>\n\n\n\n<p>Cichano\u016dskaja noted that Portugal, with its experience of transition from Ant\u00f3nio Salazar&#8217;s dictatorship in the last century, is &#8220;an ideal place for such an event,&#8221; her press office said.<\/p>\n\n\n\n<p>The Belarusian politician also noted that Portugal has become home to hundreds of Belarusians and companies, especially in the IT sector, who have found refuge there after the tumultuous 2020 presidential election.<\/p>\n\n\n\n<p>During her visit to Portugal in May 2024, \u015aviat\u0142ana Cichano\u016dskaja discussed sanctions on the \u0141uka\u0161enka regime with Prime Minister Lu\u00eds Montenegro, emphasizing the need for cooperation while isolating the regime but not ordinary Belarusians.<\/p>\n\n\n\n<p>Earlier, in January 2024, Belarusian opposition politician Pavie\u0142 \u0141atu\u0161ka said that some EU members, including Portugal, were opposed to new sanctions against the \u0141uka\u0161enka regime because of concerns over Belarusian potash exports.<\/p>\n\n\n\n<p>Also read: <a href=\"https:\/\/pozirk.online\/en\/news\/111138\/\">Portuguese MPs vote against humanitarian visas<\/a><\/p>\n","protected":false},"excerpt":{"rendered":"<p>January 23, Pozirk. Portuguese Foreign Minister Paulo Rangel has reaffirmed Portugal&#8217;s support for the fight for freedom and democracy in Belarus at a meeting with \u015aviat\u0142ana Cichano\u016dskaja on the sidelines of the World Economic Forum in Davos, the foreign office in Lisbon said. The minister pledged that Portugal will maintain a principled and consistent position [&hellip;]<\/p>\n","protected":false},"author":83,"featured_media":123034,"template":"","rubric":[16],"class_list":["post-123049","articles","type-articles","status-publish","has-post-thumbnail","hentry","rubric-politics"],"acf":[],"yoast_head":"<!-- This site is optimized with the Yoast SEO plugin v25.5 - https:\/\/yoast.com\/wordpress\/plugins\/seo\/ -->\n<title>Portugal supports fight for democracy and freedom in Belarus \u2013 MFA | Pozirk<\/title>\n<meta name=\"description\" content=\"January 23, Pozirk. Portuguese Foreign Minister Paulo Rangel has reaffirmed Portugal&#039;s support for the fight for freedom and democracy in Belarus at a\" \/>\n<meta name=\"robots\" content=\"index, follow, max-snippet:-1, max-image-preview:large, max-video-preview:-1\" \/>\n<link rel=\"canonical\" href=\"https:\/\/pozirk.online\/en\/news\/123049\/\" \/>\n<meta property=\"og:locale\" content=\"en_US\" \/>\n<meta property=\"og:type\" content=\"article\" \/>\n<meta property=\"og:title\" content=\"Portugal supports fight for democracy and freedom in Belarus \u2013 MFA | Pozirk\" \/>\n<meta property=\"og:description\" content=\"January 23, Pozirk. Portuguese Foreign Minister Paulo Rangel has reaffirmed Portugal&#039;s support for the fight for freedom and democracy in Belarus at a\" \/>\n<meta property=\"og:url\" content=\"https:\/\/pozirk.online\/en\/news\/123049\/\" \/>\n<meta property=\"og:site_name\" content=\"Pozirk\" \/>\n<meta property=\"article:publisher\" content=\"https:\/\/www.facebook.com\/pozirkonline\/\" \/>\n<meta property=\"article:modified_time\" content=\"2026-03-09T20:10:49+00:00\" \/>\n<meta property=\"og:image\" content=\"https:\/\/pozirk.online\/wp-content\/uploads\/2025\/01\/ST-Portugalia-ministr-MFA-Davos.jpg\" \/>\n\t<meta property=\"og:image:width\" content=\"2000\" \/>\n\t<meta property=\"og:image:height\" content=\"1333\" \/>\n\t<meta property=\"og:image:type\" content=\"image\/jpeg\" \/>\n<meta name=\"twitter:card\" content=\"summary_large_image\" \/>\n<meta name=\"twitter:site\" content=\"@Pozirk_online\" \/>\n<meta name=\"twitter:label1\" content=\"Est. reading time\" \/>\n\t<meta name=\"twitter:data1\" content=\"2 minutes\" \/>\n<script type=\"application\/ld+json\" class=\"yoast-schema-graph\">{\"@context\":\"https:\/\/schema.org\",\"@graph\":[{\"@type\":\"NewsArticle\",\"@id\":\"https:\/\/pozirk.online\/en\/news\/123049\/#article\",\"isPartOf\":{\"@id\":\"https:\/\/pozirk.online\/en\/news\/123049\/\"},\"headline\":\"Portugal supports fight for democracy and freedom in Belarus \u2013 MFA\",\"datePublished\":\"2025-01-23T17:22:06+00:00\",\"dateModified\":\"2026-03-09T20:10:49+00:00\",\"mainEntityOfPage\":{\"@id\":\"https:\/\/pozirk.online\/en\/news\/123049\/\"},\"wordCount\":283,\"publisher\":{\"@id\":\"https:\/\/pozirk.online\/en\/#organization\"},\"image\":{\"@id\":\"https:\/\/pozirk.online\/en\/news\/123049\/#primaryimage\"},\"thumbnailUrl\":\"https:\/\/pozirk.online\/wp-content\/uploads\/2025\/01\/ST-Portugalia-ministr-MFA-Davos.jpg\",\"inLanguage\":\"en-US\"},{\"@type\":\"WebPage\",\"@id\":\"https:\/\/pozirk.online\/en\/news\/123049\/\",\"url\":\"https:\/\/pozirk.online\/en\/news\/123049\/\",\"name\":\"Portugal supports fight for democracy and freedom in Belarus \u2013 MFA | Pozirk\",\"isPartOf\":{\"@id\":\"https:\/\/pozirk.online\/en\/#website\"},\"primaryImageOfPage\":{\"@id\":\"https:\/\/pozirk.online\/en\/news\/123049\/#primaryimage\"},\"image\":{\"@id\":\"https:\/\/pozirk.online\/en\/news\/123049\/#primaryimage\"},\"thumbnailUrl\":\"https:\/\/pozirk.online\/wp-content\/uploads\/2025\/01\/ST-Portugalia-ministr-MFA-Davos.jpg\",\"datePublished\":\"2025-01-23T17:22:06+00:00\",\"dateModified\":\"2026-03-09T20:10:49+00:00\",\"description\":\"January 23, Pozirk. Portuguese Foreign Minister Paulo Rangel has reaffirmed Portugal's support for the fight for freedom and democracy in Belarus at a\",\"breadcrumb\":{\"@id\":\"https:\/\/pozirk.online\/en\/news\/123049\/#breadcrumb\"},\"inLanguage\":\"en-US\",\"potentialAction\":[{\"@type\":\"ReadAction\",\"target\":[\"https:\/\/pozirk.online\/en\/news\/123049\/\"]}]},{\"@type\":\"ImageObject\",\"inLanguage\":\"en-US\",\"@id\":\"https:\/\/pozirk.online\/en\/news\/123049\/#primaryimage\",\"url\":\"https:\/\/pozirk.online\/wp-content\/uploads\/2025\/01\/ST-Portugalia-ministr-MFA-Davos.jpg\",\"contentUrl\":\"https:\/\/pozirk.online\/wp-content\/uploads\/2025\/01\/ST-Portugalia-ministr-MFA-Davos.jpg\",\"width\":2000,\"height\":1333},{\"@type\":\"BreadcrumbList\",\"@id\":\"https:\/\/pozirk.online\/en\/news\/123049\/#breadcrumb\",\"itemListElement\":[{\"@type\":\"ListItem\",\"position\":1,\"name\":\"Home\",\"item\":\"https:\/\/pozirk.online\/en\/\"},{\"@type\":\"ListItem\",\"position\":2,\"name\":\"Portugal supports fight for democracy and freedom in Belarus \u2013 MFA\"}]},{\"@type\":\"WebSite\",\"@id\":\"https:\/\/pozirk.online\/en\/#website\",\"url\":\"https:\/\/pozirk.online\/en\/\",\"name\":\"Pozirk\",\"description\":\"\",\"publisher\":{\"@id\":\"https:\/\/pozirk.online\/en\/#organization\"},\"potentialAction\":[{\"@type\":\"SearchAction\",\"target\":{\"@type\":\"EntryPoint\",\"urlTemplate\":\"https:\/\/pozirk.online\/en\/?s={search_term_string}\"},\"query-input\":{\"@type\":\"PropertyValueSpecification\",\"valueRequired\":true,\"valueName\":\"search_term_string\"}}],\"inLanguage\":\"en-US\"},{\"@type\":\"Organization\",\"@id\":\"https:\/\/pozirk.online\/en\/#organization\",\"name\":\"Pozirk\",\"url\":\"https:\/\/pozirk.online\/en\/\",\"logo\":{\"@type\":\"ImageObject\",\"inLanguage\":\"en-US\",\"@id\":\"https:\/\/pozirk.online\/en\/#\/schema\/logo\/image\/\",\"url\":\"https:\/\/pozirk.online\/wp-content\/uploads\/2023\/11\/cropped-Logo_color_512.png\",\"contentUrl\":\"https:\/\/pozirk.online\/wp-content\/uploads\/2023\/11\/cropped-Logo_color_512.png\",\"width\":512,\"height\":512,\"caption\":\"Pozirk\"},\"image\":{\"@id\":\"https:\/\/pozirk.online\/en\/#\/schema\/logo\/image\/\"},\"sameAs\":[\"https:\/\/www.facebook.com\/pozirkonline\/\",\"https:\/\/x.com\/Pozirk_online\"]}]}<\/script>\n<!-- \/ Yoast SEO plugin. -->","yoast_head_json":{"title":"Portugal supports fight for democracy and freedom in Belarus \u2013 MFA | Pozirk","description":"January 23, Pozirk. Portuguese Foreign Minister Paulo Rangel has reaffirmed Portugal's support for the fight for freedom and democracy in Belarus at a","robots":{"index":"index","follow":"follow","max-snippet":"max-snippet:-1","max-image-preview":"max-image-preview:large","max-video-preview":"max-video-preview:-1"},"canonical":"https:\/\/pozirk.online\/en\/news\/123049\/","og_locale":"en_US","og_type":"article","og_title":"Portugal supports fight for democracy and freedom in Belarus \u2013 MFA | Pozirk","og_description":"January 23, Pozirk. Portuguese Foreign Minister Paulo Rangel has reaffirmed Portugal's support for the fight for freedom and democracy in Belarus at a","og_url":"https:\/\/pozirk.online\/en\/news\/123049\/","og_site_name":"Pozirk","article_publisher":"https:\/\/www.facebook.com\/pozirkonline\/","article_modified_time":"2026-03-09T20:10:49+00:00","og_image":[{"width":2000,"height":1333,"url":"https:\/\/pozirk.online\/wp-content\/uploads\/2025\/01\/ST-Portugalia-ministr-MFA-Davos.jpg","type":"image\/jpeg"}],"twitter_card":"summary_large_image","twitter_site":"@Pozirk_online","twitter_misc":{"Est. reading time":"2 minutes"},"schema":{"@context":"https:\/\/schema.org","@graph":[{"@type":"NewsArticle","@id":"https:\/\/pozirk.online\/en\/news\/123049\/#article","isPartOf":{"@id":"https:\/\/pozirk.online\/en\/news\/123049\/"},"headline":"Portugal supports fight for democracy and freedom in Belarus \u2013 MFA","datePublished":"2025-01-23T17:22:06+00:00","dateModified":"2026-03-09T20:10:49+00:00","mainEntityOfPage":{"@id":"https:\/\/pozirk.online\/en\/news\/123049\/"},"wordCount":283,"publisher":{"@id":"https:\/\/pozirk.online\/en\/#organization"},"image":{"@id":"https:\/\/pozirk.online\/en\/news\/123049\/#primaryimage"},"thumbnailUrl":"https:\/\/pozirk.online\/wp-content\/uploads\/2025\/01\/ST-Portugalia-ministr-MFA-Davos.jpg","inLanguage":"en-US"},{"@type":"WebPage","@id":"https:\/\/pozirk.online\/en\/news\/123049\/","url":"https:\/\/pozirk.online\/en\/news\/123049\/","name":"Portugal supports fight for democracy and freedom in Belarus \u2013 MFA | Pozirk","isPartOf":{"@id":"https:\/\/pozirk.online\/en\/#website"},"primaryImageOfPage":{"@id":"https:\/\/pozirk.online\/en\/news\/123049\/#primaryimage"},"image":{"@id":"https:\/\/pozirk.online\/en\/news\/123049\/#primaryimage"},"thumbnailUrl":"https:\/\/pozirk.online\/wp-content\/uploads\/2025\/01\/ST-Portugalia-ministr-MFA-Davos.jpg","datePublished":"2025-01-23T17:22:06+00:00","dateModified":"2026-03-09T20:10:49+00:00","description":"January 23, Pozirk. Portuguese Foreign Minister Paulo Rangel has reaffirmed Portugal's support for the fight for freedom and democracy in Belarus at a","breadcrumb":{"@id":"https:\/\/pozirk.online\/en\/news\/123049\/#breadcrumb"},"inLanguage":"en-US","potentialAction":[{"@type":"ReadAction","target":["https:\/\/pozirk.online\/en\/news\/123049\/"]}]},{"@type":"ImageObject","inLanguage":"en-US","@id":"https:\/\/pozirk.online\/en\/news\/123049\/#primaryimage","url":"https:\/\/pozirk.online\/wp-content\/uploads\/2025\/01\/ST-Portugalia-ministr-MFA-Davos.jpg","contentUrl":"https:\/\/pozirk.online\/wp-content\/uploads\/2025\/01\/ST-Portugalia-ministr-MFA-Davos.jpg","width":2000,"height":1333},{"@type":"BreadcrumbList","@id":"https:\/\/pozirk.online\/en\/news\/123049\/#breadcrumb","itemListElement":[{"@type":"ListItem","position":1,"name":"Home","item":"https:\/\/pozirk.online\/en\/"},{"@type":"ListItem","position":2,"name":"Portugal supports fight for democracy and freedom in Belarus \u2013 MFA"}]},{"@type":"WebSite","@id":"https:\/\/pozirk.online\/en\/#website","url":"https:\/\/pozirk.online\/en\/","name":"Pozirk","description":"","publisher":{"@id":"https:\/\/pozirk.online\/en\/#organization"},"potentialAction":[{"@type":"SearchAction","target":{"@type":"EntryPoint","urlTemplate":"https:\/\/pozirk.online\/en\/?s={search_term_string}"},"query-input":{"@type":"PropertyValueSpecification","valueRequired":true,"valueName":"search_term_string"}}],"inLanguage":"en-US"},{"@type":"Organization","@id":"https:\/\/pozirk.online\/en\/#organization","name":"Pozirk","url":"https:\/\/pozirk.online\/en\/","logo":{"@type":"ImageObject","inLanguage":"en-US","@id":"https:\/\/pozirk.online\/en\/#\/schema\/logo\/image\/","url":"https:\/\/pozirk.online\/wp-content\/uploads\/2023\/11\/cropped-Logo_color_512.png","contentUrl":"https:\/\/pozirk.online\/wp-content\/uploads\/2023\/11\/cropped-Logo_color_512.png","width":512,"height":512,"caption":"Pozirk"},"image":{"@id":"https:\/\/pozirk.online\/en\/#\/schema\/logo\/image\/"},"sameAs":["https:\/\/www.facebook.com\/pozirkonline\/","https:\/\/x.com\/Pozirk_online"]}]}},"_links":{"self":[{"href":"https:\/\/pozirk.online\/en\/wp-json\/wp\/v2\/articles\/123049","targetHints":{"allow":["GET"]}}],"collection":[{"href":"https:\/\/pozirk.online\/en\/wp-json\/wp\/v2\/articles"}],"about":[{"href":"https:\/\/pozirk.online\/en\/wp-json\/wp\/v2\/types\/articles"}],"author":[{"embeddable":true,"href":"https:\/\/pozirk.online\/en\/wp-json\/wp\/v2\/users\/83"}],"wp:featuredmedia":[{"embeddable":true,"href":"https:\/\/pozirk.online\/en\/wp-json\/wp\/v2\/media\/123034"}],"wp:attachment":[{"href":"https:\/\/pozirk.online\/en\/wp-json\/wp\/v2\/media?parent=123049"}],"wp:term":[{"taxonomy":"rubric","embeddable":true,"href":"https:\/\/pozirk.online\/en\/wp-json\/wp\/v2\/rubric?post=123049"}],"curies":[{"name":"wp","href":"https:\/\/api.w.org\/{rel}","templated":true}]}}