{"id":1232,"date":"2023-08-26T11:37:00","date_gmt":"2023-08-26T08:37:00","guid":{"rendered":"https:\/\/api.pozirk.online\/?post_type=articles&#038;p=1232"},"modified":"2026-03-09T20:10:49","modified_gmt":"2026-03-09T20:10:49","slug":"update-on-arrests-trials-politically-motivated-persecution-4","status":"publish","type":"articles","link":"https:\/\/pozirk.online\/en\/news\/1232\/","title":{"rendered":"Update on arrests, trials, politically-motivated persecution"},"content":{"rendered":"\n<p><strong>August 26,&nbsp;<em>BPN<\/em>.<\/strong>&nbsp;New cases of politically-motivated persecution were documented in Belarus on August 25 with eight more Belarusians added to&nbsp;the political prisoners&#8217; list.<\/p>\n\n\n\n<p>On August 9, police arrested and jailed Michai\u0142 \u0141apuno\u016d, the Homiel branch of the Viasna Human Rights Center reported. Human rights defenders say that he is the father of Mikita Za\u0142ataro\u016d, a legal minor arrested in 2020 and sentenced to four and a half years in prison on charges widely seen as politically motivated.<\/p>\n\n\n\n<p>D\u017amitryj Kavale\u016dski was arrested at the border upon his return from Poland,&nbsp;<em>Na\u0161<\/em><em>a Niva<\/em>&nbsp;reported. In a police video, he admitted to insulting police officers online. He may face up to 12 years in prison if convicted on charges of inciting hatred.<\/p>\n\n\n\n<p>Trials<\/p>\n\n\n\n<p>A judge in Po\u0142ack, Viciebsk region, sentenced a former head of the Irkutsk-based Belarusian Culture Society, Aleh Rudako\u016d, and his wife Volha to 30 days in jail&nbsp;over online comments,&nbsp;<em>BPN<\/em>&nbsp;reported.<\/p>\n\n\n\n<p>\u015ania\u017eana Kalin\u010danka, an employee at the Naftan oil refinery, was given 15 days in jail on August 10, the Viciebsk branch of Viasna said. Authorities accused her of following and sharing opposition content on Facebook. On the same day, a judge in Viciebsk jailed Furkat Ryzaje\u016d for 13 days and confiscated his smartphone on similar charges.<\/p>\n\n\n\n<p>Criminal proceedings<\/p>\n\n\n\n<p>Former university professor Hanna Skryhan from Mahilo\u016d&nbsp;was given two years in prison on charges of inciting hatred, MAYDAY.TEAM reported. Her trial was closed to the public.<\/p>\n\n\n\n<p>On August 24, the Mahilo\u016d Regional Court rejected&nbsp;professor Juryj Bubno\u016d&#8217;s appeal&nbsp;against a&nbsp;two-year prison sentence, MAYDAY.TEAM. He was convicted for allegedly insulting Alaksandar \u0141uka\u0161enka.<\/p>\n\n\n\n<p>Jahor \u017duka\u016d&#8217;s trial ended in Brest but authorities have&nbsp;not disclosed the sentence, the Brest branch of Viasna said. The prosecutor requested a three-month jail term for \u017duka\u016d&nbsp;who allegedly tore down the state flag from a store on July 3.<\/p>\n\n\n\n<p>Businesswoman and a mother of two Viktoryja Ha\u016drylina went on trial in Homiel, Viasna reported. Charges against her range from illegal handling of personal data to financing extremism. Human rights defenders consider her a political prisoner.<\/p>\n\n\n\n<p>Other instances of persecution<\/p>\n\n\n\n<p>Authorities transferred jailed Andrej Famin to a&nbsp;prison in Mahilo\u016d pending his appeal hearing by&nbsp;the Supreme Court in September, Viasna said. He was given seven years in&nbsp;prison for publishing the&nbsp;<em>Vestniki&nbsp;<\/em>samizdat periodical that authorities labeled extremist.<\/p>\n\n\n\n<p>New political prisoners<\/p>\n\n\n\n<p>Human rights groups added eight more Belarusians to the political prisoners&#8217; list. Authorities persecuted them on charges of inciting hatred and insulting officials.<\/p>\n\n\n\n<p>As of August 26, human rights defenders identified at least 1,489 political prisoners but the real number is considerably higher because many cases go undocumented. Opposition sources estimate the number of political prisoners at around 5,000.<\/p>\n","protected":false},"excerpt":{"rendered":"<p>August 26,&nbsp;BPN.&nbsp;New cases of politically-motivated persecution were documented in Belarus on August 25 with eight more Belarusians added to&nbsp;the political prisoners&#8217; list. On August 9, police arrested and jailed Michai\u0142 \u0141apuno\u016d, the Homiel branch of the Viasna Human Rights Center reported. Human rights defenders say that he is the father of Mikita Za\u0142ataro\u016d, a legal [&hellip;]<\/p>\n","protected":false},"author":83,"featured_media":0,"template":"","rubric":[14],"class_list":["post-1232","articles","type-articles","status-publish","hentry","rubric-politics"],"acf":[],"yoast_head":"<!-- This site is optimized with the Yoast SEO plugin v25.5 - https:\/\/yoast.com\/wordpress\/plugins\/seo\/ -->\n<title>Update on arrests, trials, politically-motivated persecution | Pozirk<\/title>\n<meta name=\"description\" content=\"August 26,&nbsp;BPN.&nbsp;New cases of politically-motivated persecution were documented in Belarus on August 25 with eight more Belarusians added\" \/>\n<meta name=\"robots\" content=\"index, follow, max-snippet:-1, max-image-preview:large, max-video-preview:-1\" \/>\n<link rel=\"canonical\" href=\"https:\/\/pozirk.online\/en\/news\/1232\/\" \/>\n<meta property=\"og:locale\" content=\"en_US\" \/>\n<meta property=\"og:type\" content=\"article\" \/>\n<meta property=\"og:title\" content=\"Update on arrests, trials, politically-motivated persecution | Pozirk\" \/>\n<meta property=\"og:description\" content=\"August 26,&nbsp;BPN.&nbsp;New cases of politically-motivated persecution were documented in Belarus on August 25 with eight more Belarusians added\" \/>\n<meta property=\"og:url\" content=\"https:\/\/pozirk.online\/en\/news\/1232\/\" \/>\n<meta property=\"og:site_name\" content=\"Pozirk\" \/>\n<meta property=\"article:publisher\" content=\"https:\/\/www.facebook.com\/pozirkonline\/\" \/>\n<meta property=\"article:modified_time\" content=\"2026-03-09T20:10:49+00:00\" \/>\n<meta name=\"twitter:card\" content=\"summary_large_image\" \/>\n<meta name=\"twitter:site\" content=\"@Pozirk_online\" \/>\n<meta name=\"twitter:label1\" content=\"Est. reading time\" \/>\n\t<meta name=\"twitter:data1\" content=\"2 minutes\" \/>\n<script type=\"application\/ld+json\" class=\"yoast-schema-graph\">{\"@context\":\"https:\/\/schema.org\",\"@graph\":[{\"@type\":\"NewsArticle\",\"@id\":\"https:\/\/pozirk.online\/en\/news\/1232\/#article\",\"isPartOf\":{\"@id\":\"https:\/\/pozirk.online\/en\/news\/1232\/\"},\"headline\":\"Update on arrests, trials, politically-motivated persecution\",\"datePublished\":\"2023-08-26T08:37:00+00:00\",\"dateModified\":\"2026-03-09T20:10:49+00:00\",\"mainEntityOfPage\":{\"@id\":\"https:\/\/pozirk.online\/en\/news\/1232\/\"},\"wordCount\":471,\"publisher\":{\"@id\":\"https:\/\/pozirk.online\/en\/#organization\"},\"inLanguage\":\"en-US\"},{\"@type\":\"WebPage\",\"@id\":\"https:\/\/pozirk.online\/en\/news\/1232\/\",\"url\":\"https:\/\/pozirk.online\/en\/news\/1232\/\",\"name\":\"Update on arrests, trials, politically-motivated persecution | Pozirk\",\"isPartOf\":{\"@id\":\"https:\/\/pozirk.online\/en\/#website\"},\"datePublished\":\"2023-08-26T08:37:00+00:00\",\"dateModified\":\"2026-03-09T20:10:49+00:00\",\"description\":\"August 26,&nbsp;BPN.&nbsp;New cases of politically-motivated persecution were documented in Belarus on August 25 with eight more Belarusians added\",\"breadcrumb\":{\"@id\":\"https:\/\/pozirk.online\/en\/news\/1232\/#breadcrumb\"},\"inLanguage\":\"en-US\",\"potentialAction\":[{\"@type\":\"ReadAction\",\"target\":[\"https:\/\/pozirk.online\/en\/news\/1232\/\"]}]},{\"@type\":\"BreadcrumbList\",\"@id\":\"https:\/\/pozirk.online\/en\/news\/1232\/#breadcrumb\",\"itemListElement\":[{\"@type\":\"ListItem\",\"position\":1,\"name\":\"Home\",\"item\":\"https:\/\/pozirk.online\/en\/\"},{\"@type\":\"ListItem\",\"position\":2,\"name\":\"Update on arrests, trials, politically-motivated persecution\"}]},{\"@type\":\"WebSite\",\"@id\":\"https:\/\/pozirk.online\/en\/#website\",\"url\":\"https:\/\/pozirk.online\/en\/\",\"name\":\"Pozirk\",\"description\":\"\",\"publisher\":{\"@id\":\"https:\/\/pozirk.online\/en\/#organization\"},\"potentialAction\":[{\"@type\":\"SearchAction\",\"target\":{\"@type\":\"EntryPoint\",\"urlTemplate\":\"https:\/\/pozirk.online\/en\/?s={search_term_string}\"},\"query-input\":{\"@type\":\"PropertyValueSpecification\",\"valueRequired\":true,\"valueName\":\"search_term_string\"}}],\"inLanguage\":\"en-US\"},{\"@type\":\"Organization\",\"@id\":\"https:\/\/pozirk.online\/en\/#organization\",\"name\":\"Pozirk\",\"url\":\"https:\/\/pozirk.online\/en\/\",\"logo\":{\"@type\":\"ImageObject\",\"inLanguage\":\"en-US\",\"@id\":\"https:\/\/pozirk.online\/en\/#\/schema\/logo\/image\/\",\"url\":\"https:\/\/pozirk.online\/wp-content\/uploads\/2023\/11\/cropped-Logo_color_512.png\",\"contentUrl\":\"https:\/\/pozirk.online\/wp-content\/uploads\/2023\/11\/cropped-Logo_color_512.png\",\"width\":512,\"height\":512,\"caption\":\"Pozirk\"},\"image\":{\"@id\":\"https:\/\/pozirk.online\/en\/#\/schema\/logo\/image\/\"},\"sameAs\":[\"https:\/\/www.facebook.com\/pozirkonline\/\",\"https:\/\/x.com\/Pozirk_online\"]}]}<\/script>\n<!-- \/ Yoast SEO plugin. -->","yoast_head_json":{"title":"Update on arrests, trials, politically-motivated persecution | Pozirk","description":"August 26,&nbsp;BPN.&nbsp;New cases of politically-motivated persecution were documented in Belarus on August 25 with eight more Belarusians added","robots":{"index":"index","follow":"follow","max-snippet":"max-snippet:-1","max-image-preview":"max-image-preview:large","max-video-preview":"max-video-preview:-1"},"canonical":"https:\/\/pozirk.online\/en\/news\/1232\/","og_locale":"en_US","og_type":"article","og_title":"Update on arrests, trials, politically-motivated persecution | Pozirk","og_description":"August 26,&nbsp;BPN.&nbsp;New cases of politically-motivated persecution were documented in Belarus on August 25 with eight more Belarusians added","og_url":"https:\/\/pozirk.online\/en\/news\/1232\/","og_site_name":"Pozirk","article_publisher":"https:\/\/www.facebook.com\/pozirkonline\/","article_modified_time":"2026-03-09T20:10:49+00:00","twitter_card":"summary_large_image","twitter_site":"@Pozirk_online","twitter_misc":{"Est. reading time":"2 minutes"},"schema":{"@context":"https:\/\/schema.org","@graph":[{"@type":"NewsArticle","@id":"https:\/\/pozirk.online\/en\/news\/1232\/#article","isPartOf":{"@id":"https:\/\/pozirk.online\/en\/news\/1232\/"},"headline":"Update on arrests, trials, politically-motivated persecution","datePublished":"2023-08-26T08:37:00+00:00","dateModified":"2026-03-09T20:10:49+00:00","mainEntityOfPage":{"@id":"https:\/\/pozirk.online\/en\/news\/1232\/"},"wordCount":471,"publisher":{"@id":"https:\/\/pozirk.online\/en\/#organization"},"inLanguage":"en-US"},{"@type":"WebPage","@id":"https:\/\/pozirk.online\/en\/news\/1232\/","url":"https:\/\/pozirk.online\/en\/news\/1232\/","name":"Update on arrests, trials, politically-motivated persecution | Pozirk","isPartOf":{"@id":"https:\/\/pozirk.online\/en\/#website"},"datePublished":"2023-08-26T08:37:00+00:00","dateModified":"2026-03-09T20:10:49+00:00","description":"August 26,&nbsp;BPN.&nbsp;New cases of politically-motivated persecution were documented in Belarus on August 25 with eight more Belarusians added","breadcrumb":{"@id":"https:\/\/pozirk.online\/en\/news\/1232\/#breadcrumb"},"inLanguage":"en-US","potentialAction":[{"@type":"ReadAction","target":["https:\/\/pozirk.online\/en\/news\/1232\/"]}]},{"@type":"BreadcrumbList","@id":"https:\/\/pozirk.online\/en\/news\/1232\/#breadcrumb","itemListElement":[{"@type":"ListItem","position":1,"name":"Home","item":"https:\/\/pozirk.online\/en\/"},{"@type":"ListItem","position":2,"name":"Update on arrests, trials, politically-motivated persecution"}]},{"@type":"WebSite","@id":"https:\/\/pozirk.online\/en\/#website","url":"https:\/\/pozirk.online\/en\/","name":"Pozirk","description":"","publisher":{"@id":"https:\/\/pozirk.online\/en\/#organization"},"potentialAction":[{"@type":"SearchAction","target":{"@type":"EntryPoint","urlTemplate":"https:\/\/pozirk.online\/en\/?s={search_term_string}"},"query-input":{"@type":"PropertyValueSpecification","valueRequired":true,"valueName":"search_term_string"}}],"inLanguage":"en-US"},{"@type":"Organization","@id":"https:\/\/pozirk.online\/en\/#organization","name":"Pozirk","url":"https:\/\/pozirk.online\/en\/","logo":{"@type":"ImageObject","inLanguage":"en-US","@id":"https:\/\/pozirk.online\/en\/#\/schema\/logo\/image\/","url":"https:\/\/pozirk.online\/wp-content\/uploads\/2023\/11\/cropped-Logo_color_512.png","contentUrl":"https:\/\/pozirk.online\/wp-content\/uploads\/2023\/11\/cropped-Logo_color_512.png","width":512,"height":512,"caption":"Pozirk"},"image":{"@id":"https:\/\/pozirk.online\/en\/#\/schema\/logo\/image\/"},"sameAs":["https:\/\/www.facebook.com\/pozirkonline\/","https:\/\/x.com\/Pozirk_online"]}]}},"_links":{"self":[{"href":"https:\/\/pozirk.online\/en\/wp-json\/wp\/v2\/articles\/1232","targetHints":{"allow":["GET"]}}],"collection":[{"href":"https:\/\/pozirk.online\/en\/wp-json\/wp\/v2\/articles"}],"about":[{"href":"https:\/\/pozirk.online\/en\/wp-json\/wp\/v2\/types\/articles"}],"author":[{"embeddable":true,"href":"https:\/\/pozirk.online\/en\/wp-json\/wp\/v2\/users\/83"}],"wp:attachment":[{"href":"https:\/\/pozirk.online\/en\/wp-json\/wp\/v2\/media?parent=1232"}],"wp:term":[{"taxonomy":"rubric","embeddable":true,"href":"https:\/\/pozirk.online\/en\/wp-json\/wp\/v2\/rubric?post=1232"}],"curies":[{"name":"wp","href":"https:\/\/api.w.org\/{rel}","templated":true}]}}