{"id":1238,"date":"2023-08-27T12:53:00","date_gmt":"2023-08-27T09:53:00","guid":{"rendered":"https:\/\/api.pozirk.online\/?post_type=articles&#038;p=1238"},"modified":"2026-03-09T20:10:49","modified_gmt":"2026-03-09T20:10:49","slug":"opposition-leader-to-address-international-forums-in-austria-slovenia","status":"publish","type":"articles","link":"https:\/\/pozirk.online\/en\/news\/1238\/","title":{"rendered":"Opposition leader to address international forums in Austria, Slovenia"},"content":{"rendered":"\n<p><strong>August 27,&nbsp;<em>BPN<\/em>.<\/strong>&nbsp;Belarusian opposition leader \u015aviat\u0142ana Cichano\u016dskaja is heading for Austria and Slovenia, her aide Franak Via\u010dorka has told&nbsp;<em>BPN<\/em>.<\/p>\n\n\n\n<p>She is expected to attend the European Forum Alpbach (EFA) along with the Austrian Foreign Minister Alexander Schallenberg, Kosovo President Vjosa Osmani-Sadriu and Ukrainian Nobel Peace Prize&nbsp;laureate Oleksandra Matviichuk, he added.<\/p>\n\n\n\n<p>On August 28, Cichano\u016dskaja will attend the EFA session on European Eastern neighborhood and regional security. Other panelists include MEP Sergey Lagodinsky from Germany, Ukrainian MP Maria Mezentseva and former Swedish Foreign Minister Carl Bildt.<\/p>\n\n\n\n<p>Cichano\u016dskaja will speak about Belarusian political prisoners and assistance to exiled Belarusians, accountability for Belarusian authorities, and the inclusion of the democratic Belarus into European&nbsp;programs, Via\u010dorka said. The EFA was founded after World War II as a platform&nbsp;to discuss ways to establish democracy and peace in Europe, he added.<\/p>\n\n\n\n<p>On August 29, the Belarusian opposition leader will participate in a discussion of EU&nbsp;Eastern Partnership at the Bled Strategic Forum in Slovenia together with panelists from Georgia, Armenia and Czechia.<\/p>\n\n\n\n<p>She will present the opposition\u2019s vision of Belarus-EU relations and the project of a New Belarus passport, an identification document designed for Belarusian emigrants, Via\u010dorka said.<\/p>\n\n\n\n<p>Cichano\u016dskaja is also expected to meet with Slovenia&#8217;s political leadership, the Bulgarian Prime Minister and the top diplomats from Canada and North Macedonia, as the latter is currently chairing the Organization for Security and Co-operation in Europe (OSCE).<\/p>\n","protected":false},"excerpt":{"rendered":"<p>August 27,&nbsp;BPN.&nbsp;Belarusian opposition leader \u015aviat\u0142ana Cichano\u016dskaja is heading for Austria and Slovenia, her aide Franak Via\u010dorka has told&nbsp;BPN. She is expected to attend the European Forum Alpbach (EFA) along with the Austrian Foreign Minister Alexander Schallenberg, Kosovo President Vjosa Osmani-Sadriu and Ukrainian Nobel Peace Prize&nbsp;laureate Oleksandra Matviichuk, he added. On August 28, Cichano\u016dskaja will attend [&hellip;]<\/p>\n","protected":false},"author":83,"featured_media":0,"template":"","rubric":[14],"class_list":["post-1238","articles","type-articles","status-publish","hentry","rubric-politics"],"acf":[],"yoast_head":"<!-- This site is optimized with the Yoast SEO plugin v25.5 - https:\/\/yoast.com\/wordpress\/plugins\/seo\/ -->\n<title>Opposition leader to address international forums in Austria, Slovenia | Pozirk<\/title>\n<meta name=\"description\" content=\"August 27,&nbsp;BPN.&nbsp;Belarusian opposition leader \u015aviat\u0142ana Cichano\u016dskaja is heading for Austria and Slovenia, her aide Franak Via\u010dorka has\" \/>\n<meta name=\"robots\" content=\"index, follow, max-snippet:-1, max-image-preview:large, max-video-preview:-1\" \/>\n<link rel=\"canonical\" href=\"https:\/\/pozirk.online\/en\/news\/1238\/\" \/>\n<meta property=\"og:locale\" content=\"en_US\" \/>\n<meta property=\"og:type\" content=\"article\" \/>\n<meta property=\"og:title\" content=\"Opposition leader to address international forums in Austria, Slovenia | Pozirk\" \/>\n<meta property=\"og:description\" content=\"August 27,&nbsp;BPN.&nbsp;Belarusian opposition leader \u015aviat\u0142ana Cichano\u016dskaja is heading for Austria and Slovenia, her aide Franak Via\u010dorka has\" \/>\n<meta property=\"og:url\" content=\"https:\/\/pozirk.online\/en\/news\/1238\/\" \/>\n<meta property=\"og:site_name\" content=\"Pozirk\" \/>\n<meta property=\"article:publisher\" content=\"https:\/\/www.facebook.com\/pozirkonline\/\" \/>\n<meta property=\"article:modified_time\" content=\"2026-03-09T20:10:49+00:00\" \/>\n<meta name=\"twitter:card\" content=\"summary_large_image\" \/>\n<meta name=\"twitter:site\" content=\"@Pozirk_online\" \/>\n<meta name=\"twitter:label1\" content=\"Est. reading time\" \/>\n\t<meta name=\"twitter:data1\" content=\"1 minute\" \/>\n<script type=\"application\/ld+json\" class=\"yoast-schema-graph\">{\"@context\":\"https:\/\/schema.org\",\"@graph\":[{\"@type\":\"NewsArticle\",\"@id\":\"https:\/\/pozirk.online\/en\/news\/1238\/#article\",\"isPartOf\":{\"@id\":\"https:\/\/pozirk.online\/en\/news\/1238\/\"},\"headline\":\"Opposition leader to address international forums in Austria, Slovenia\",\"datePublished\":\"2023-08-27T09:53:00+00:00\",\"dateModified\":\"2026-03-09T20:10:49+00:00\",\"mainEntityOfPage\":{\"@id\":\"https:\/\/pozirk.online\/en\/news\/1238\/\"},\"wordCount\":257,\"publisher\":{\"@id\":\"https:\/\/pozirk.online\/en\/#organization\"},\"inLanguage\":\"en-US\"},{\"@type\":\"WebPage\",\"@id\":\"https:\/\/pozirk.online\/en\/news\/1238\/\",\"url\":\"https:\/\/pozirk.online\/en\/news\/1238\/\",\"name\":\"Opposition leader to address international forums in Austria, Slovenia | Pozirk\",\"isPartOf\":{\"@id\":\"https:\/\/pozirk.online\/en\/#website\"},\"datePublished\":\"2023-08-27T09:53:00+00:00\",\"dateModified\":\"2026-03-09T20:10:49+00:00\",\"description\":\"August 27,&nbsp;BPN.&nbsp;Belarusian opposition leader \u015aviat\u0142ana Cichano\u016dskaja is heading for Austria and Slovenia, her aide Franak Via\u010dorka has\",\"breadcrumb\":{\"@id\":\"https:\/\/pozirk.online\/en\/news\/1238\/#breadcrumb\"},\"inLanguage\":\"en-US\",\"potentialAction\":[{\"@type\":\"ReadAction\",\"target\":[\"https:\/\/pozirk.online\/en\/news\/1238\/\"]}]},{\"@type\":\"BreadcrumbList\",\"@id\":\"https:\/\/pozirk.online\/en\/news\/1238\/#breadcrumb\",\"itemListElement\":[{\"@type\":\"ListItem\",\"position\":1,\"name\":\"Home\",\"item\":\"https:\/\/pozirk.online\/en\/\"},{\"@type\":\"ListItem\",\"position\":2,\"name\":\"Opposition leader to address international forums in Austria, Slovenia\"}]},{\"@type\":\"WebSite\",\"@id\":\"https:\/\/pozirk.online\/en\/#website\",\"url\":\"https:\/\/pozirk.online\/en\/\",\"name\":\"Pozirk\",\"description\":\"\",\"publisher\":{\"@id\":\"https:\/\/pozirk.online\/en\/#organization\"},\"potentialAction\":[{\"@type\":\"SearchAction\",\"target\":{\"@type\":\"EntryPoint\",\"urlTemplate\":\"https:\/\/pozirk.online\/en\/?s={search_term_string}\"},\"query-input\":{\"@type\":\"PropertyValueSpecification\",\"valueRequired\":true,\"valueName\":\"search_term_string\"}}],\"inLanguage\":\"en-US\"},{\"@type\":\"Organization\",\"@id\":\"https:\/\/pozirk.online\/en\/#organization\",\"name\":\"Pozirk\",\"url\":\"https:\/\/pozirk.online\/en\/\",\"logo\":{\"@type\":\"ImageObject\",\"inLanguage\":\"en-US\",\"@id\":\"https:\/\/pozirk.online\/en\/#\/schema\/logo\/image\/\",\"url\":\"https:\/\/pozirk.online\/wp-content\/uploads\/2023\/11\/cropped-Logo_color_512.png\",\"contentUrl\":\"https:\/\/pozirk.online\/wp-content\/uploads\/2023\/11\/cropped-Logo_color_512.png\",\"width\":512,\"height\":512,\"caption\":\"Pozirk\"},\"image\":{\"@id\":\"https:\/\/pozirk.online\/en\/#\/schema\/logo\/image\/\"},\"sameAs\":[\"https:\/\/www.facebook.com\/pozirkonline\/\",\"https:\/\/x.com\/Pozirk_online\"]}]}<\/script>\n<!-- \/ Yoast SEO plugin. -->","yoast_head_json":{"title":"Opposition leader to address international forums in Austria, Slovenia | Pozirk","description":"August 27,&nbsp;BPN.&nbsp;Belarusian opposition leader \u015aviat\u0142ana Cichano\u016dskaja is heading for Austria and Slovenia, her aide Franak Via\u010dorka has","robots":{"index":"index","follow":"follow","max-snippet":"max-snippet:-1","max-image-preview":"max-image-preview:large","max-video-preview":"max-video-preview:-1"},"canonical":"https:\/\/pozirk.online\/en\/news\/1238\/","og_locale":"en_US","og_type":"article","og_title":"Opposition leader to address international forums in Austria, Slovenia | Pozirk","og_description":"August 27,&nbsp;BPN.&nbsp;Belarusian opposition leader \u015aviat\u0142ana Cichano\u016dskaja is heading for Austria and Slovenia, her aide Franak Via\u010dorka has","og_url":"https:\/\/pozirk.online\/en\/news\/1238\/","og_site_name":"Pozirk","article_publisher":"https:\/\/www.facebook.com\/pozirkonline\/","article_modified_time":"2026-03-09T20:10:49+00:00","twitter_card":"summary_large_image","twitter_site":"@Pozirk_online","twitter_misc":{"Est. reading time":"1 minute"},"schema":{"@context":"https:\/\/schema.org","@graph":[{"@type":"NewsArticle","@id":"https:\/\/pozirk.online\/en\/news\/1238\/#article","isPartOf":{"@id":"https:\/\/pozirk.online\/en\/news\/1238\/"},"headline":"Opposition leader to address international forums in Austria, Slovenia","datePublished":"2023-08-27T09:53:00+00:00","dateModified":"2026-03-09T20:10:49+00:00","mainEntityOfPage":{"@id":"https:\/\/pozirk.online\/en\/news\/1238\/"},"wordCount":257,"publisher":{"@id":"https:\/\/pozirk.online\/en\/#organization"},"inLanguage":"en-US"},{"@type":"WebPage","@id":"https:\/\/pozirk.online\/en\/news\/1238\/","url":"https:\/\/pozirk.online\/en\/news\/1238\/","name":"Opposition leader to address international forums in Austria, Slovenia | Pozirk","isPartOf":{"@id":"https:\/\/pozirk.online\/en\/#website"},"datePublished":"2023-08-27T09:53:00+00:00","dateModified":"2026-03-09T20:10:49+00:00","description":"August 27,&nbsp;BPN.&nbsp;Belarusian opposition leader \u015aviat\u0142ana Cichano\u016dskaja is heading for Austria and Slovenia, her aide Franak Via\u010dorka has","breadcrumb":{"@id":"https:\/\/pozirk.online\/en\/news\/1238\/#breadcrumb"},"inLanguage":"en-US","potentialAction":[{"@type":"ReadAction","target":["https:\/\/pozirk.online\/en\/news\/1238\/"]}]},{"@type":"BreadcrumbList","@id":"https:\/\/pozirk.online\/en\/news\/1238\/#breadcrumb","itemListElement":[{"@type":"ListItem","position":1,"name":"Home","item":"https:\/\/pozirk.online\/en\/"},{"@type":"ListItem","position":2,"name":"Opposition leader to address international forums in Austria, Slovenia"}]},{"@type":"WebSite","@id":"https:\/\/pozirk.online\/en\/#website","url":"https:\/\/pozirk.online\/en\/","name":"Pozirk","description":"","publisher":{"@id":"https:\/\/pozirk.online\/en\/#organization"},"potentialAction":[{"@type":"SearchAction","target":{"@type":"EntryPoint","urlTemplate":"https:\/\/pozirk.online\/en\/?s={search_term_string}"},"query-input":{"@type":"PropertyValueSpecification","valueRequired":true,"valueName":"search_term_string"}}],"inLanguage":"en-US"},{"@type":"Organization","@id":"https:\/\/pozirk.online\/en\/#organization","name":"Pozirk","url":"https:\/\/pozirk.online\/en\/","logo":{"@type":"ImageObject","inLanguage":"en-US","@id":"https:\/\/pozirk.online\/en\/#\/schema\/logo\/image\/","url":"https:\/\/pozirk.online\/wp-content\/uploads\/2023\/11\/cropped-Logo_color_512.png","contentUrl":"https:\/\/pozirk.online\/wp-content\/uploads\/2023\/11\/cropped-Logo_color_512.png","width":512,"height":512,"caption":"Pozirk"},"image":{"@id":"https:\/\/pozirk.online\/en\/#\/schema\/logo\/image\/"},"sameAs":["https:\/\/www.facebook.com\/pozirkonline\/","https:\/\/x.com\/Pozirk_online"]}]}},"_links":{"self":[{"href":"https:\/\/pozirk.online\/en\/wp-json\/wp\/v2\/articles\/1238","targetHints":{"allow":["GET"]}}],"collection":[{"href":"https:\/\/pozirk.online\/en\/wp-json\/wp\/v2\/articles"}],"about":[{"href":"https:\/\/pozirk.online\/en\/wp-json\/wp\/v2\/types\/articles"}],"author":[{"embeddable":true,"href":"https:\/\/pozirk.online\/en\/wp-json\/wp\/v2\/users\/83"}],"wp:attachment":[{"href":"https:\/\/pozirk.online\/en\/wp-json\/wp\/v2\/media?parent=1238"}],"wp:term":[{"taxonomy":"rubric","embeddable":true,"href":"https:\/\/pozirk.online\/en\/wp-json\/wp\/v2\/rubric?post=1238"}],"curies":[{"name":"wp","href":"https:\/\/api.w.org\/{rel}","templated":true}]}}