{"id":1239,"date":"2023-08-27T13:36:00","date_gmt":"2023-08-27T10:36:00","guid":{"rendered":"https:\/\/api.pozirk.online\/?post_type=articles&#038;p=1239"},"modified":"2026-03-09T20:10:49","modified_gmt":"2026-03-09T20:10:49","slug":"opposition-focusing-on-protecting-belarusians-cichanouskajas-aide","status":"publish","type":"articles","link":"https:\/\/pozirk.online\/en\/news\/1239\/","title":{"rendered":"Opposition focusing on protecting Belarusians \u2013 Cichano\u016dskaja&#8217;s aide"},"content":{"rendered":"\n<p><strong>August 27,&nbsp;<em>BPN<\/em>.<\/strong>&nbsp;Belarusian opposition leader \u015aviat\u0142ana Cichano\u016dskaja will address a plenary session of the European Parliament on September 13, her aide Franak Via\u010dorka has told&nbsp;<em>BPN<\/em>.<\/p>\n\n\n\n<p>She will outline the policy that a democratic Belarus expects from the European Union, he added.<\/p>\n\n\n\n<p>&#8220;Our goal is to protect the interests of Belarusians and cut off air supply to&nbsp;[Alaksandar] \u0141uka\u0161enka,&#8221; Via\u010dorka stressed.<\/p>\n\n\n\n<p>&#8220;This is an opportunity to put Belarus back on the agenda,&#8221; he added, noting that the last time Cichano\u016dskaja&nbsp;addressed MEPs was two years ago.<\/p>\n\n\n\n<p>The Kastus&#8217; Kalino\u016dski Forum&nbsp;will also be held in Strasbourg with EU leaders&nbsp;participating, Via\u010dorka said. It will focus on exiled Belarusians and ways to ratchet up pressure on \u0141uka\u0161enka, his regime and accomplices, as well as efforts to collect&nbsp;evidence of their crimes, he noted.<\/p>\n\n\n\n<p>Assistance to political prisoners and their families, facilitation of foreign travel for Belarusians, support of independent media as well as underground initiatives inside Belarus would also feature among the topics, Cichano\u016dskaja\u2019s aide added.&nbsp;<\/p>\n","protected":false},"excerpt":{"rendered":"<p>August 27,&nbsp;BPN.&nbsp;Belarusian opposition leader \u015aviat\u0142ana Cichano\u016dskaja will address a plenary session of the European Parliament on September 13, her aide Franak Via\u010dorka has told&nbsp;BPN. She will outline the policy that a democratic Belarus expects from the European Union, he added. &#8220;Our goal is to protect the interests of Belarusians and cut off air supply to&nbsp;[Alaksandar] [&hellip;]<\/p>\n","protected":false},"author":83,"featured_media":0,"template":"","rubric":[14],"class_list":["post-1239","articles","type-articles","status-publish","hentry","rubric-politics"],"acf":[],"yoast_head":"<!-- This site is optimized with the Yoast SEO plugin v25.5 - https:\/\/yoast.com\/wordpress\/plugins\/seo\/ -->\n<title>Opposition focusing on protecting Belarusians \u2013 Cichano\u016dskaja&#039;s aide | Pozirk<\/title>\n<meta name=\"description\" content=\"August 27,&nbsp;BPN.&nbsp;Belarusian opposition leader \u015aviat\u0142ana Cichano\u016dskaja will address a plenary session of the European Parliament on September 13,\" \/>\n<meta name=\"robots\" content=\"index, follow, max-snippet:-1, max-image-preview:large, max-video-preview:-1\" \/>\n<link rel=\"canonical\" href=\"https:\/\/pozirk.online\/en\/news\/1239\/\" \/>\n<meta property=\"og:locale\" content=\"en_US\" \/>\n<meta property=\"og:type\" content=\"article\" \/>\n<meta property=\"og:title\" content=\"Opposition focusing on protecting Belarusians \u2013 Cichano\u016dskaja&#039;s aide | Pozirk\" \/>\n<meta property=\"og:description\" content=\"August 27,&nbsp;BPN.&nbsp;Belarusian opposition leader \u015aviat\u0142ana Cichano\u016dskaja will address a plenary session of the European Parliament on September 13,\" \/>\n<meta property=\"og:url\" content=\"https:\/\/pozirk.online\/en\/news\/1239\/\" \/>\n<meta property=\"og:site_name\" content=\"Pozirk\" \/>\n<meta property=\"article:publisher\" content=\"https:\/\/www.facebook.com\/pozirkonline\/\" \/>\n<meta property=\"article:modified_time\" content=\"2026-03-09T20:10:49+00:00\" \/>\n<meta name=\"twitter:card\" content=\"summary_large_image\" \/>\n<meta name=\"twitter:site\" content=\"@Pozirk_online\" \/>\n<meta name=\"twitter:label1\" content=\"Est. reading time\" \/>\n\t<meta name=\"twitter:data1\" content=\"1 minute\" \/>\n<script type=\"application\/ld+json\" class=\"yoast-schema-graph\">{\"@context\":\"https:\/\/schema.org\",\"@graph\":[{\"@type\":\"NewsArticle\",\"@id\":\"https:\/\/pozirk.online\/en\/news\/1239\/#article\",\"isPartOf\":{\"@id\":\"https:\/\/pozirk.online\/en\/news\/1239\/\"},\"headline\":\"Opposition focusing on protecting Belarusians \u2013 Cichano\u016dskaja&#8217;s aide\",\"datePublished\":\"2023-08-27T10:36:00+00:00\",\"dateModified\":\"2026-03-09T20:10:49+00:00\",\"mainEntityOfPage\":{\"@id\":\"https:\/\/pozirk.online\/en\/news\/1239\/\"},\"wordCount\":193,\"publisher\":{\"@id\":\"https:\/\/pozirk.online\/en\/#organization\"},\"inLanguage\":\"en-US\"},{\"@type\":\"WebPage\",\"@id\":\"https:\/\/pozirk.online\/en\/news\/1239\/\",\"url\":\"https:\/\/pozirk.online\/en\/news\/1239\/\",\"name\":\"Opposition focusing on protecting Belarusians \u2013 Cichano\u016dskaja's aide | Pozirk\",\"isPartOf\":{\"@id\":\"https:\/\/pozirk.online\/en\/#website\"},\"datePublished\":\"2023-08-27T10:36:00+00:00\",\"dateModified\":\"2026-03-09T20:10:49+00:00\",\"description\":\"August 27,&nbsp;BPN.&nbsp;Belarusian opposition leader \u015aviat\u0142ana Cichano\u016dskaja will address a plenary session of the European Parliament on September 13,\",\"breadcrumb\":{\"@id\":\"https:\/\/pozirk.online\/en\/news\/1239\/#breadcrumb\"},\"inLanguage\":\"en-US\",\"potentialAction\":[{\"@type\":\"ReadAction\",\"target\":[\"https:\/\/pozirk.online\/en\/news\/1239\/\"]}]},{\"@type\":\"BreadcrumbList\",\"@id\":\"https:\/\/pozirk.online\/en\/news\/1239\/#breadcrumb\",\"itemListElement\":[{\"@type\":\"ListItem\",\"position\":1,\"name\":\"Home\",\"item\":\"https:\/\/pozirk.online\/en\/\"},{\"@type\":\"ListItem\",\"position\":2,\"name\":\"Opposition focusing on protecting Belarusians \u2013 Cichano\u016dskaja&#8217;s aide\"}]},{\"@type\":\"WebSite\",\"@id\":\"https:\/\/pozirk.online\/en\/#website\",\"url\":\"https:\/\/pozirk.online\/en\/\",\"name\":\"Pozirk\",\"description\":\"\",\"publisher\":{\"@id\":\"https:\/\/pozirk.online\/en\/#organization\"},\"potentialAction\":[{\"@type\":\"SearchAction\",\"target\":{\"@type\":\"EntryPoint\",\"urlTemplate\":\"https:\/\/pozirk.online\/en\/?s={search_term_string}\"},\"query-input\":{\"@type\":\"PropertyValueSpecification\",\"valueRequired\":true,\"valueName\":\"search_term_string\"}}],\"inLanguage\":\"en-US\"},{\"@type\":\"Organization\",\"@id\":\"https:\/\/pozirk.online\/en\/#organization\",\"name\":\"Pozirk\",\"url\":\"https:\/\/pozirk.online\/en\/\",\"logo\":{\"@type\":\"ImageObject\",\"inLanguage\":\"en-US\",\"@id\":\"https:\/\/pozirk.online\/en\/#\/schema\/logo\/image\/\",\"url\":\"https:\/\/pozirk.online\/wp-content\/uploads\/2023\/11\/cropped-Logo_color_512.png\",\"contentUrl\":\"https:\/\/pozirk.online\/wp-content\/uploads\/2023\/11\/cropped-Logo_color_512.png\",\"width\":512,\"height\":512,\"caption\":\"Pozirk\"},\"image\":{\"@id\":\"https:\/\/pozirk.online\/en\/#\/schema\/logo\/image\/\"},\"sameAs\":[\"https:\/\/www.facebook.com\/pozirkonline\/\",\"https:\/\/x.com\/Pozirk_online\"]}]}<\/script>\n<!-- \/ Yoast SEO plugin. -->","yoast_head_json":{"title":"Opposition focusing on protecting Belarusians \u2013 Cichano\u016dskaja's aide | Pozirk","description":"August 27,&nbsp;BPN.&nbsp;Belarusian opposition leader \u015aviat\u0142ana Cichano\u016dskaja will address a plenary session of the European Parliament on September 13,","robots":{"index":"index","follow":"follow","max-snippet":"max-snippet:-1","max-image-preview":"max-image-preview:large","max-video-preview":"max-video-preview:-1"},"canonical":"https:\/\/pozirk.online\/en\/news\/1239\/","og_locale":"en_US","og_type":"article","og_title":"Opposition focusing on protecting Belarusians \u2013 Cichano\u016dskaja's aide | Pozirk","og_description":"August 27,&nbsp;BPN.&nbsp;Belarusian opposition leader \u015aviat\u0142ana Cichano\u016dskaja will address a plenary session of the European Parliament on September 13,","og_url":"https:\/\/pozirk.online\/en\/news\/1239\/","og_site_name":"Pozirk","article_publisher":"https:\/\/www.facebook.com\/pozirkonline\/","article_modified_time":"2026-03-09T20:10:49+00:00","twitter_card":"summary_large_image","twitter_site":"@Pozirk_online","twitter_misc":{"Est. reading time":"1 minute"},"schema":{"@context":"https:\/\/schema.org","@graph":[{"@type":"NewsArticle","@id":"https:\/\/pozirk.online\/en\/news\/1239\/#article","isPartOf":{"@id":"https:\/\/pozirk.online\/en\/news\/1239\/"},"headline":"Opposition focusing on protecting Belarusians \u2013 Cichano\u016dskaja&#8217;s aide","datePublished":"2023-08-27T10:36:00+00:00","dateModified":"2026-03-09T20:10:49+00:00","mainEntityOfPage":{"@id":"https:\/\/pozirk.online\/en\/news\/1239\/"},"wordCount":193,"publisher":{"@id":"https:\/\/pozirk.online\/en\/#organization"},"inLanguage":"en-US"},{"@type":"WebPage","@id":"https:\/\/pozirk.online\/en\/news\/1239\/","url":"https:\/\/pozirk.online\/en\/news\/1239\/","name":"Opposition focusing on protecting Belarusians \u2013 Cichano\u016dskaja's aide | Pozirk","isPartOf":{"@id":"https:\/\/pozirk.online\/en\/#website"},"datePublished":"2023-08-27T10:36:00+00:00","dateModified":"2026-03-09T20:10:49+00:00","description":"August 27,&nbsp;BPN.&nbsp;Belarusian opposition leader \u015aviat\u0142ana Cichano\u016dskaja will address a plenary session of the European Parliament on September 13,","breadcrumb":{"@id":"https:\/\/pozirk.online\/en\/news\/1239\/#breadcrumb"},"inLanguage":"en-US","potentialAction":[{"@type":"ReadAction","target":["https:\/\/pozirk.online\/en\/news\/1239\/"]}]},{"@type":"BreadcrumbList","@id":"https:\/\/pozirk.online\/en\/news\/1239\/#breadcrumb","itemListElement":[{"@type":"ListItem","position":1,"name":"Home","item":"https:\/\/pozirk.online\/en\/"},{"@type":"ListItem","position":2,"name":"Opposition focusing on protecting Belarusians \u2013 Cichano\u016dskaja&#8217;s aide"}]},{"@type":"WebSite","@id":"https:\/\/pozirk.online\/en\/#website","url":"https:\/\/pozirk.online\/en\/","name":"Pozirk","description":"","publisher":{"@id":"https:\/\/pozirk.online\/en\/#organization"},"potentialAction":[{"@type":"SearchAction","target":{"@type":"EntryPoint","urlTemplate":"https:\/\/pozirk.online\/en\/?s={search_term_string}"},"query-input":{"@type":"PropertyValueSpecification","valueRequired":true,"valueName":"search_term_string"}}],"inLanguage":"en-US"},{"@type":"Organization","@id":"https:\/\/pozirk.online\/en\/#organization","name":"Pozirk","url":"https:\/\/pozirk.online\/en\/","logo":{"@type":"ImageObject","inLanguage":"en-US","@id":"https:\/\/pozirk.online\/en\/#\/schema\/logo\/image\/","url":"https:\/\/pozirk.online\/wp-content\/uploads\/2023\/11\/cropped-Logo_color_512.png","contentUrl":"https:\/\/pozirk.online\/wp-content\/uploads\/2023\/11\/cropped-Logo_color_512.png","width":512,"height":512,"caption":"Pozirk"},"image":{"@id":"https:\/\/pozirk.online\/en\/#\/schema\/logo\/image\/"},"sameAs":["https:\/\/www.facebook.com\/pozirkonline\/","https:\/\/x.com\/Pozirk_online"]}]}},"_links":{"self":[{"href":"https:\/\/pozirk.online\/en\/wp-json\/wp\/v2\/articles\/1239","targetHints":{"allow":["GET"]}}],"collection":[{"href":"https:\/\/pozirk.online\/en\/wp-json\/wp\/v2\/articles"}],"about":[{"href":"https:\/\/pozirk.online\/en\/wp-json\/wp\/v2\/types\/articles"}],"author":[{"embeddable":true,"href":"https:\/\/pozirk.online\/en\/wp-json\/wp\/v2\/users\/83"}],"wp:attachment":[{"href":"https:\/\/pozirk.online\/en\/wp-json\/wp\/v2\/media?parent=1239"}],"wp:term":[{"taxonomy":"rubric","embeddable":true,"href":"https:\/\/pozirk.online\/en\/wp-json\/wp\/v2\/rubric?post=1239"}],"curies":[{"name":"wp","href":"https:\/\/api.w.org\/{rel}","templated":true}]}}