{"id":125049,"date":"2025-02-05T15:16:33","date_gmt":"2025-02-05T12:16:33","guid":{"rendered":"https:\/\/pozirk.online\/en\/news\/125049\/"},"modified":"2026-03-10T12:05:06","modified_gmt":"2026-03-10T12:05:06","slug":"opposition-politicians-discuss-accountability-for-lukasenka-with-swedens-minister","status":"publish","type":"articles","link":"https:\/\/pozirk.online\/en\/news\/125049\/","title":{"rendered":"Opposition politicians discuss accountability for \u0141uka\u0161enka with Sweden&#8217;s minister"},"content":{"rendered":"\n<figure class=\"block-image block-image-normal\">\n\n  <img decoding=\"async\" width=\"1128\" height=\"752\" src=\"https:\/\/pozirk.online\/wp-content\/uploads\/2025\/02\/tihanovskaja_latushko_rusenkranc_opk_1128x752.jpg\" class=\"attachment-full size-full\" alt=\"\" srcset=\"https:\/\/pozirk.online\/wp-content\/uploads\/2025\/02\/tihanovskaja_latushko_rusenkranc_opk_1128x752.jpg 1128w, https:\/\/pozirk.online\/wp-content\/uploads\/2025\/02\/tihanovskaja_latushko_rusenkranc_opk_1128x752-354x236.jpg 354w, https:\/\/pozirk.online\/wp-content\/uploads\/2025\/02\/tihanovskaja_latushko_rusenkranc_opk_1128x752-734x490.jpg 734w, https:\/\/pozirk.online\/wp-content\/uploads\/2025\/02\/tihanovskaja_latushko_rusenkranc_opk_1128x752-178x118.jpg 178w, https:\/\/pozirk.online\/wp-content\/uploads\/2025\/02\/tihanovskaja_latushko_rusenkranc_opk_1128x752-768x512.jpg 768w\" sizes=\"(max-width: 1128px) 100vw, 1128px\" \/>\n  <figcaption>\n  \n       <div class=\"block-image__author\">\n                <span>(Transition cabinet&#039;s press office)<\/span>\n    <\/div>\n     <\/figcaption>\n<\/figure>\n\n\n\n<p><strong>February 5, <em>Pozirk.<\/em> <\/strong>Belarusian opposition leader \u015aviat\u0142ana Cichano\u016dskaja and her associate Pavie\u0142 \u0141atu\u0161ka met with Sweden&#8217;s Minister for EU Affairs Jessica Rosencrantz on the sidelines of the Ko\u015bciuszko Forum in Gda\u0144sk yesterday to discuss efforts to bring Alaksandar \u0141uka\u0161enka to account for alleged crimes.<\/p>\n\n\n\n<p>The Belarusian ruler should be prosecuted for crimes against Belarusians, which could amount to crimes against humanity as detailed in Lithuania\u2019s referral to the International Criminal Court (ICC), \u0141atu\u0161ka said.<\/p>\n\n\n\n<p>The politician also noted the forceful displacement of Ukrainian children to Belarus and their subsequent indoctrination should be considered a war crime.<\/p>\n\n\n\n<p>The meeting participants agreed to hold legal consultations to discuss international instruments to help prosecute \u0141uka\u0161enka and his officials.<\/p>\n\n\n\n<div class=\"insert-block\">\n\n    <div class=\"insert-block__img\">\n        <img decoding=\"async\" width=\"354\" height=\"236\" src=\"https:\/\/pozirk.online\/wp-content\/uploads\/2024\/01\/pozirk_color_blank_1128x752-354x236.jpg\" class=\"attachment-medium size-medium\" alt=\"\" srcset=\"https:\/\/pozirk.online\/wp-content\/uploads\/2024\/01\/pozirk_color_blank_1128x752-354x236.jpg 354w, https:\/\/pozirk.online\/wp-content\/uploads\/2024\/01\/pozirk_color_blank_1128x752-734x490.jpg 734w, https:\/\/pozirk.online\/wp-content\/uploads\/2024\/01\/pozirk_color_blank_1128x752-178x118.jpg 178w, https:\/\/pozirk.online\/wp-content\/uploads\/2024\/01\/pozirk_color_blank_1128x752-768x512.jpg 768w, https:\/\/pozirk.online\/wp-content\/uploads\/2024\/01\/pozirk_color_blank_1128x752.jpg 1128w\" sizes=\"(max-width: 354px) 100vw, 354px\" \/>                        <label class=\"insert-block__tag--mobile\"> Politics<\/label>\n\n                <\/div>\n    <div class=\"insert-block__text\">\n                    <label class=\"insert-block__tag\">Politics<\/label>\n                <h3 class=\"insert-block__title\">Opposition leader to discuss Belarus at summit in Albania<\/h3>\n        <div class=\"insert-block__descr\">February 5, Pozirk. Belarusian opposition leader \u015aviat\u0142ana Cichano\u016dskaja has left for Albania for a two-day visit, her aide Franak Via\u010dorka has told Pozirk. The politician is expected to meet with Albania&#039;s top officials, including Prime Minister Edi Rama, Foreign Minister &#8230;<\/div>\n        <a class=\"insert-block__btn-block\" href=\"\/en\/news\/125018\">\n            <button class=\"btn\">\n                <div class='btn__text'>Read the article<\/div>\n            <\/button>\n        <\/a>\n    <\/div>\n<\/div>","protected":false},"excerpt":{"rendered":"<p>February 5, Pozirk. Belarusian opposition leader \u015aviat\u0142ana Cichano\u016dskaja and her associate Pavie\u0142 \u0141atu\u0161ka met with Sweden&#8217;s Minister for EU Affairs Jessica Rosencrantz on the sidelines of the Ko\u015bciuszko Forum in Gda\u0144sk yesterday to discuss efforts to bring Alaksandar \u0141uka\u0161enka to account for alleged crimes. The Belarusian ruler should be prosecuted for crimes against Belarusians, which [&hellip;]<\/p>\n","protected":false},"author":84,"featured_media":125034,"template":"","rubric":[14],"class_list":["post-125049","articles","type-articles","status-publish","has-post-thumbnail","hentry","rubric-politics"],"acf":[],"yoast_head":"<!-- This site is optimized with the Yoast SEO plugin v25.5 - https:\/\/yoast.com\/wordpress\/plugins\/seo\/ -->\n<title>Opposition politicians discuss accountability for \u0141uka\u0161enka with Sweden&#039;s minister | Pozirk<\/title>\n<meta name=\"description\" content=\"February 5, Pozirk. Belarusian opposition leader \u015aviat\u0142ana Cichano\u016dskaja and her associate Pavie\u0142 \u0141atu\u0161ka met with Sweden&#039;s Minister for EU Affairs\" \/>\n<meta name=\"robots\" content=\"index, follow, max-snippet:-1, max-image-preview:large, max-video-preview:-1\" \/>\n<link rel=\"canonical\" href=\"https:\/\/pozirk.online\/en\/news\/125049\/\" \/>\n<meta property=\"og:locale\" content=\"en_US\" \/>\n<meta property=\"og:type\" content=\"article\" \/>\n<meta property=\"og:title\" content=\"Opposition politicians discuss accountability for \u0141uka\u0161enka with Sweden&#039;s minister | Pozirk\" \/>\n<meta property=\"og:description\" content=\"February 5, Pozirk. Belarusian opposition leader \u015aviat\u0142ana Cichano\u016dskaja and her associate Pavie\u0142 \u0141atu\u0161ka met with Sweden&#039;s Minister for EU Affairs\" \/>\n<meta property=\"og:url\" content=\"https:\/\/pozirk.online\/en\/news\/125049\/\" \/>\n<meta property=\"og:site_name\" content=\"Pozirk\" \/>\n<meta property=\"article:publisher\" content=\"https:\/\/www.facebook.com\/pozirkonline\/\" \/>\n<meta property=\"article:modified_time\" content=\"2026-03-10T12:05:06+00:00\" \/>\n<meta property=\"og:image\" content=\"https:\/\/pozirk.online\/wp-content\/uploads\/2025\/02\/tihanovskaja_latushko_rusenkranc_opk_1128x752.jpg\" \/>\n\t<meta property=\"og:image:width\" content=\"1128\" \/>\n\t<meta property=\"og:image:height\" content=\"752\" \/>\n\t<meta property=\"og:image:type\" content=\"image\/jpeg\" \/>\n<meta name=\"twitter:card\" content=\"summary_large_image\" \/>\n<meta name=\"twitter:site\" content=\"@Pozirk_online\" \/>\n<meta name=\"twitter:label1\" content=\"Est. reading time\" \/>\n\t<meta name=\"twitter:data1\" content=\"1 minute\" \/>\n<script type=\"application\/ld+json\" class=\"yoast-schema-graph\">{\"@context\":\"https:\/\/schema.org\",\"@graph\":[{\"@type\":\"NewsArticle\",\"@id\":\"https:\/\/pozirk.online\/en\/news\/125049\/#article\",\"isPartOf\":{\"@id\":\"https:\/\/pozirk.online\/en\/news\/125049\/\"},\"headline\":\"Opposition politicians discuss accountability for \u0141uka\u0161enka with Sweden&#8217;s minister\",\"datePublished\":\"2025-02-05T12:16:33+00:00\",\"dateModified\":\"2026-03-10T12:05:06+00:00\",\"mainEntityOfPage\":{\"@id\":\"https:\/\/pozirk.online\/en\/news\/125049\/\"},\"wordCount\":135,\"publisher\":{\"@id\":\"https:\/\/pozirk.online\/en\/#organization\"},\"image\":{\"@id\":\"https:\/\/pozirk.online\/en\/news\/125049\/#primaryimage\"},\"thumbnailUrl\":\"https:\/\/pozirk.online\/wp-content\/uploads\/2025\/02\/tihanovskaja_latushko_rusenkranc_opk_1128x752.jpg\",\"inLanguage\":\"en-US\"},{\"@type\":\"WebPage\",\"@id\":\"https:\/\/pozirk.online\/en\/news\/125049\/\",\"url\":\"https:\/\/pozirk.online\/en\/news\/125049\/\",\"name\":\"Opposition politicians discuss accountability for \u0141uka\u0161enka with Sweden's minister | Pozirk\",\"isPartOf\":{\"@id\":\"https:\/\/pozirk.online\/en\/#website\"},\"primaryImageOfPage\":{\"@id\":\"https:\/\/pozirk.online\/en\/news\/125049\/#primaryimage\"},\"image\":{\"@id\":\"https:\/\/pozirk.online\/en\/news\/125049\/#primaryimage\"},\"thumbnailUrl\":\"https:\/\/pozirk.online\/wp-content\/uploads\/2025\/02\/tihanovskaja_latushko_rusenkranc_opk_1128x752.jpg\",\"datePublished\":\"2025-02-05T12:16:33+00:00\",\"dateModified\":\"2026-03-10T12:05:06+00:00\",\"description\":\"February 5, Pozirk. Belarusian opposition leader \u015aviat\u0142ana Cichano\u016dskaja and her associate Pavie\u0142 \u0141atu\u0161ka met with Sweden's Minister for EU Affairs\",\"breadcrumb\":{\"@id\":\"https:\/\/pozirk.online\/en\/news\/125049\/#breadcrumb\"},\"inLanguage\":\"en-US\",\"potentialAction\":[{\"@type\":\"ReadAction\",\"target\":[\"https:\/\/pozirk.online\/en\/news\/125049\/\"]}]},{\"@type\":\"ImageObject\",\"inLanguage\":\"en-US\",\"@id\":\"https:\/\/pozirk.online\/en\/news\/125049\/#primaryimage\",\"url\":\"https:\/\/pozirk.online\/wp-content\/uploads\/2025\/02\/tihanovskaja_latushko_rusenkranc_opk_1128x752.jpg\",\"contentUrl\":\"https:\/\/pozirk.online\/wp-content\/uploads\/2025\/02\/tihanovskaja_latushko_rusenkranc_opk_1128x752.jpg\",\"width\":1128,\"height\":752},{\"@type\":\"BreadcrumbList\",\"@id\":\"https:\/\/pozirk.online\/en\/news\/125049\/#breadcrumb\",\"itemListElement\":[{\"@type\":\"ListItem\",\"position\":1,\"name\":\"Home\",\"item\":\"https:\/\/pozirk.online\/en\/\"},{\"@type\":\"ListItem\",\"position\":2,\"name\":\"Opposition politicians discuss accountability for \u0141uka\u0161enka with Sweden&#8217;s minister\"}]},{\"@type\":\"WebSite\",\"@id\":\"https:\/\/pozirk.online\/en\/#website\",\"url\":\"https:\/\/pozirk.online\/en\/\",\"name\":\"Pozirk\",\"description\":\"\",\"publisher\":{\"@id\":\"https:\/\/pozirk.online\/en\/#organization\"},\"potentialAction\":[{\"@type\":\"SearchAction\",\"target\":{\"@type\":\"EntryPoint\",\"urlTemplate\":\"https:\/\/pozirk.online\/en\/?s={search_term_string}\"},\"query-input\":{\"@type\":\"PropertyValueSpecification\",\"valueRequired\":true,\"valueName\":\"search_term_string\"}}],\"inLanguage\":\"en-US\"},{\"@type\":\"Organization\",\"@id\":\"https:\/\/pozirk.online\/en\/#organization\",\"name\":\"Pozirk\",\"url\":\"https:\/\/pozirk.online\/en\/\",\"logo\":{\"@type\":\"ImageObject\",\"inLanguage\":\"en-US\",\"@id\":\"https:\/\/pozirk.online\/en\/#\/schema\/logo\/image\/\",\"url\":\"https:\/\/pozirk.online\/wp-content\/uploads\/2023\/11\/cropped-Logo_color_512.png\",\"contentUrl\":\"https:\/\/pozirk.online\/wp-content\/uploads\/2023\/11\/cropped-Logo_color_512.png\",\"width\":512,\"height\":512,\"caption\":\"Pozirk\"},\"image\":{\"@id\":\"https:\/\/pozirk.online\/en\/#\/schema\/logo\/image\/\"},\"sameAs\":[\"https:\/\/www.facebook.com\/pozirkonline\/\",\"https:\/\/x.com\/Pozirk_online\"]}]}<\/script>\n<!-- \/ Yoast SEO plugin. -->","yoast_head_json":{"title":"Opposition politicians discuss accountability for \u0141uka\u0161enka with Sweden's minister | Pozirk","description":"February 5, Pozirk. Belarusian opposition leader \u015aviat\u0142ana Cichano\u016dskaja and her associate Pavie\u0142 \u0141atu\u0161ka met with Sweden's Minister for EU Affairs","robots":{"index":"index","follow":"follow","max-snippet":"max-snippet:-1","max-image-preview":"max-image-preview:large","max-video-preview":"max-video-preview:-1"},"canonical":"https:\/\/pozirk.online\/en\/news\/125049\/","og_locale":"en_US","og_type":"article","og_title":"Opposition politicians discuss accountability for \u0141uka\u0161enka with Sweden's minister | Pozirk","og_description":"February 5, Pozirk. Belarusian opposition leader \u015aviat\u0142ana Cichano\u016dskaja and her associate Pavie\u0142 \u0141atu\u0161ka met with Sweden's Minister for EU Affairs","og_url":"https:\/\/pozirk.online\/en\/news\/125049\/","og_site_name":"Pozirk","article_publisher":"https:\/\/www.facebook.com\/pozirkonline\/","article_modified_time":"2026-03-10T12:05:06+00:00","og_image":[{"width":1128,"height":752,"url":"https:\/\/pozirk.online\/wp-content\/uploads\/2025\/02\/tihanovskaja_latushko_rusenkranc_opk_1128x752.jpg","type":"image\/jpeg"}],"twitter_card":"summary_large_image","twitter_site":"@Pozirk_online","twitter_misc":{"Est. reading time":"1 minute"},"schema":{"@context":"https:\/\/schema.org","@graph":[{"@type":"NewsArticle","@id":"https:\/\/pozirk.online\/en\/news\/125049\/#article","isPartOf":{"@id":"https:\/\/pozirk.online\/en\/news\/125049\/"},"headline":"Opposition politicians discuss accountability for \u0141uka\u0161enka with Sweden&#8217;s minister","datePublished":"2025-02-05T12:16:33+00:00","dateModified":"2026-03-10T12:05:06+00:00","mainEntityOfPage":{"@id":"https:\/\/pozirk.online\/en\/news\/125049\/"},"wordCount":135,"publisher":{"@id":"https:\/\/pozirk.online\/en\/#organization"},"image":{"@id":"https:\/\/pozirk.online\/en\/news\/125049\/#primaryimage"},"thumbnailUrl":"https:\/\/pozirk.online\/wp-content\/uploads\/2025\/02\/tihanovskaja_latushko_rusenkranc_opk_1128x752.jpg","inLanguage":"en-US"},{"@type":"WebPage","@id":"https:\/\/pozirk.online\/en\/news\/125049\/","url":"https:\/\/pozirk.online\/en\/news\/125049\/","name":"Opposition politicians discuss accountability for \u0141uka\u0161enka with Sweden's minister | Pozirk","isPartOf":{"@id":"https:\/\/pozirk.online\/en\/#website"},"primaryImageOfPage":{"@id":"https:\/\/pozirk.online\/en\/news\/125049\/#primaryimage"},"image":{"@id":"https:\/\/pozirk.online\/en\/news\/125049\/#primaryimage"},"thumbnailUrl":"https:\/\/pozirk.online\/wp-content\/uploads\/2025\/02\/tihanovskaja_latushko_rusenkranc_opk_1128x752.jpg","datePublished":"2025-02-05T12:16:33+00:00","dateModified":"2026-03-10T12:05:06+00:00","description":"February 5, Pozirk. Belarusian opposition leader \u015aviat\u0142ana Cichano\u016dskaja and her associate Pavie\u0142 \u0141atu\u0161ka met with Sweden's Minister for EU Affairs","breadcrumb":{"@id":"https:\/\/pozirk.online\/en\/news\/125049\/#breadcrumb"},"inLanguage":"en-US","potentialAction":[{"@type":"ReadAction","target":["https:\/\/pozirk.online\/en\/news\/125049\/"]}]},{"@type":"ImageObject","inLanguage":"en-US","@id":"https:\/\/pozirk.online\/en\/news\/125049\/#primaryimage","url":"https:\/\/pozirk.online\/wp-content\/uploads\/2025\/02\/tihanovskaja_latushko_rusenkranc_opk_1128x752.jpg","contentUrl":"https:\/\/pozirk.online\/wp-content\/uploads\/2025\/02\/tihanovskaja_latushko_rusenkranc_opk_1128x752.jpg","width":1128,"height":752},{"@type":"BreadcrumbList","@id":"https:\/\/pozirk.online\/en\/news\/125049\/#breadcrumb","itemListElement":[{"@type":"ListItem","position":1,"name":"Home","item":"https:\/\/pozirk.online\/en\/"},{"@type":"ListItem","position":2,"name":"Opposition politicians discuss accountability for \u0141uka\u0161enka with Sweden&#8217;s minister"}]},{"@type":"WebSite","@id":"https:\/\/pozirk.online\/en\/#website","url":"https:\/\/pozirk.online\/en\/","name":"Pozirk","description":"","publisher":{"@id":"https:\/\/pozirk.online\/en\/#organization"},"potentialAction":[{"@type":"SearchAction","target":{"@type":"EntryPoint","urlTemplate":"https:\/\/pozirk.online\/en\/?s={search_term_string}"},"query-input":{"@type":"PropertyValueSpecification","valueRequired":true,"valueName":"search_term_string"}}],"inLanguage":"en-US"},{"@type":"Organization","@id":"https:\/\/pozirk.online\/en\/#organization","name":"Pozirk","url":"https:\/\/pozirk.online\/en\/","logo":{"@type":"ImageObject","inLanguage":"en-US","@id":"https:\/\/pozirk.online\/en\/#\/schema\/logo\/image\/","url":"https:\/\/pozirk.online\/wp-content\/uploads\/2023\/11\/cropped-Logo_color_512.png","contentUrl":"https:\/\/pozirk.online\/wp-content\/uploads\/2023\/11\/cropped-Logo_color_512.png","width":512,"height":512,"caption":"Pozirk"},"image":{"@id":"https:\/\/pozirk.online\/en\/#\/schema\/logo\/image\/"},"sameAs":["https:\/\/www.facebook.com\/pozirkonline\/","https:\/\/x.com\/Pozirk_online"]}]}},"_links":{"self":[{"href":"https:\/\/pozirk.online\/en\/wp-json\/wp\/v2\/articles\/125049","targetHints":{"allow":["GET"]}}],"collection":[{"href":"https:\/\/pozirk.online\/en\/wp-json\/wp\/v2\/articles"}],"about":[{"href":"https:\/\/pozirk.online\/en\/wp-json\/wp\/v2\/types\/articles"}],"author":[{"embeddable":true,"href":"https:\/\/pozirk.online\/en\/wp-json\/wp\/v2\/users\/84"}],"wp:featuredmedia":[{"embeddable":true,"href":"https:\/\/pozirk.online\/en\/wp-json\/wp\/v2\/media\/125034"}],"wp:attachment":[{"href":"https:\/\/pozirk.online\/en\/wp-json\/wp\/v2\/media?parent=125049"}],"wp:term":[{"taxonomy":"rubric","embeddable":true,"href":"https:\/\/pozirk.online\/en\/wp-json\/wp\/v2\/rubric?post=125049"}],"curies":[{"name":"wp","href":"https:\/\/api.w.org\/{rel}","templated":true}]}}