{"id":126716,"date":"2025-02-17T18:54:45","date_gmt":"2025-02-17T15:54:45","guid":{"rendered":"https:\/\/pozirk.online\/en\/news\/126716\/"},"modified":"2026-03-09T20:10:49","modified_gmt":"2026-03-09T20:10:49","slug":"oppositions-security-chief-munich-conference-proved-that-belarus-remains-on-international-agenda","status":"publish","type":"articles","link":"https:\/\/pozirk.online\/en\/news\/126716\/","title":{"rendered":"Opposition\u2019s security chief: Munich conference proved that Belarus remains on international agenda"},"content":{"rendered":"\n<figure class=\"block-image block-image-normal\">\n\n  <img decoding=\"async\" width=\"1128\" height=\"752\" src=\"https:\/\/pozirk.online\/wp-content\/uploads\/2025\/02\/kabanchuk_opk.jpg\" class=\"attachment-full size-full\" alt=\"\" srcset=\"https:\/\/pozirk.online\/wp-content\/uploads\/2025\/02\/kabanchuk_opk.jpg 1128w, https:\/\/pozirk.online\/wp-content\/uploads\/2025\/02\/kabanchuk_opk-354x236.jpg 354w, https:\/\/pozirk.online\/wp-content\/uploads\/2025\/02\/kabanchuk_opk-734x490.jpg 734w, https:\/\/pozirk.online\/wp-content\/uploads\/2025\/02\/kabanchuk_opk-178x118.jpg 178w, https:\/\/pozirk.online\/wp-content\/uploads\/2025\/02\/kabanchuk_opk-768x512.jpg 768w\" sizes=\"(max-width: 1128px) 100vw, 1128px\" \/>\n  <figcaption>\n      <div class=\"block-image__descr\">\n\n        Vadzim Kaban\u010duk\n    <\/div>\n  \n       <div class=\"block-image__author\">\n                <span>(UTC)<\/span>\n    <\/div>\n     <\/figcaption>\n<\/figure>\n\n\n\n<p><strong>February 17, <em>Pozirk<\/em>.<\/strong> Belarus remains on the international agenda, said Vadzim Kaban\u010duk, the Belarusian opposition\u2019s representative for security, after the Munich Security Conference held on February 14-16.<\/p>\n\n\n\n<p>\u201cBy including the Belarusian issue in the agenda of discussion with the US president and in the European security context, Ukraine, as represented by its President [Volodymyr] Zelensky, has proved being a natural ally of Belarus\u2019 pro-democracy forces. I see this as one of the Munich Security Conference\u2019s achievements,\u201d Kaban\u010duk said, as quoted by the opposition United Transitional Cabinet.<\/p>\n\n\n\n<p>Ukraine and Belarus have one source of security problems\u2014Russia, which denies their identity and directly threatens their independence, he said.<\/p>\n\n\n\n<p>Belarus and Ukraine have a long shared border, and \u201ca potential threat from the north raises understandable concerns\u201d in Kyiv, Kaban\u010duk said. \u201cThe Belarusian pro-democracy forces understand that and are ready to sync our strategies on security and eliminating the threat to Ukraine and Belarus.\u201d<\/p>\n\n\n\n<p>Opposition leader \u015aviat\u0142ana Cichano\u016dskaja met with Keith Kellogg, US President Donald Trump\u2019s special envoy for Ukraine and Russia, on the sidelines of the conference.<\/p>\n\n\n\n<p>\u201cI explained to the general that a predictable Belarus without a Russian military presence is necessary for sustainable peace. We agreed to continue communication,\u201d Cichano\u016dskaja said after the meeting.<\/p>\n\n\n\n<p>The Belarusian politician also held talks with members of US Congress and Ben Hodges a former commanding general of US Army Europe.<\/p>\n\n\n\n<div class=\"insert-block\">\n\n    <div class=\"insert-block__img\">\n        <img decoding=\"async\" width=\"354\" height=\"236\" src=\"https:\/\/pozirk.online\/wp-content\/uploads\/2025\/02\/IMG_2557-354x236.jpeg\" class=\"attachment-medium size-medium\" alt=\"\" srcset=\"https:\/\/pozirk.online\/wp-content\/uploads\/2025\/02\/IMG_2557-354x236.jpeg 354w, https:\/\/pozirk.online\/wp-content\/uploads\/2025\/02\/IMG_2557-734x490.jpeg 734w, https:\/\/pozirk.online\/wp-content\/uploads\/2025\/02\/IMG_2557-178x118.jpeg 178w, https:\/\/pozirk.online\/wp-content\/uploads\/2025\/02\/IMG_2557-768x512.jpeg 768w, https:\/\/pozirk.online\/wp-content\/uploads\/2025\/02\/IMG_2557.jpeg 1280w\" sizes=\"(max-width: 354px) 100vw, 354px\" \/>                        <label class=\"insert-block__tag--mobile\"> Elections<\/label>\n\n                            <label class=\"insert-block__tag--mobile\"> Politics<\/label>\n\n                <\/div>\n    <div class=\"insert-block__text\">\n                    <label class=\"insert-block__tag\">Elections, Politics<\/label>\n                <h3 class=\"insert-block__title\">Cichano\u016dskaja meets with Venezuela\u2019s opposition leader to discuss pressure on regimes<\/h3>\n        <div class=\"insert-block__descr\">February 17, Pozirk. Belarusian opposition leader \u015aviat\u0142ana Cichano\u016dskaja met Edmundo Gonz\u00e1lez, Venezuela&#039;s opposition politician, on the sidelines of the Munich Security Conference on February 16 to discuss pressure on undemocratic governments in their respective counties. The politicians talked about potential &#8230;<\/div>\n        <a class=\"insert-block__btn-block\" href=\"\/en\/news\/126610\">\n            <button class=\"btn\">\n                <div class='btn__text'>Read<\/div>\n            <\/button>\n        <\/a>\n    <\/div>\n<\/div>","protected":false},"excerpt":{"rendered":"<p>February 17, Pozirk. Belarus remains on the international agenda, said Vadzim Kaban\u010duk, the Belarusian opposition\u2019s representative for security, after the Munich Security Conference held on February 14-16. \u201cBy including the Belarusian issue in the agenda of discussion with the US president and in the European security context, Ukraine, as represented by its President [Volodymyr] Zelensky, [&hellip;]<\/p>\n","protected":false},"author":83,"featured_media":126693,"template":"","rubric":[],"class_list":["post-126716","articles","type-articles","status-publish","has-post-thumbnail","hentry"],"acf":[],"yoast_head":"<!-- This site is optimized with the Yoast SEO plugin v25.5 - https:\/\/yoast.com\/wordpress\/plugins\/seo\/ -->\n<title>Opposition\u2019s security chief: Munich conference proved that Belarus remains on international agenda | Pozirk<\/title>\n<meta name=\"description\" content=\"February 17, Pozirk. Belarus remains on the international agenda, said Vadzim Kaban\u010duk, the Belarusian opposition\u2019s representative for security, after the\" \/>\n<meta name=\"robots\" content=\"index, follow, max-snippet:-1, max-image-preview:large, max-video-preview:-1\" \/>\n<link rel=\"canonical\" href=\"https:\/\/pozirk.online\/en\/news\/126716\/\" \/>\n<meta property=\"og:locale\" content=\"en_US\" \/>\n<meta property=\"og:type\" content=\"article\" \/>\n<meta property=\"og:title\" content=\"Opposition\u2019s security chief: Munich conference proved that Belarus remains on international agenda | Pozirk\" \/>\n<meta property=\"og:description\" content=\"February 17, Pozirk. Belarus remains on the international agenda, said Vadzim Kaban\u010duk, the Belarusian opposition\u2019s representative for security, after the\" \/>\n<meta property=\"og:url\" content=\"https:\/\/pozirk.online\/en\/news\/126716\/\" \/>\n<meta property=\"og:site_name\" content=\"Pozirk\" \/>\n<meta property=\"article:publisher\" content=\"https:\/\/www.facebook.com\/pozirkonline\/\" \/>\n<meta property=\"article:modified_time\" content=\"2026-03-09T20:10:49+00:00\" \/>\n<meta property=\"og:image\" content=\"https:\/\/pozirk.online\/wp-content\/uploads\/2025\/02\/kabanchuk_opk.jpg\" \/>\n\t<meta property=\"og:image:width\" content=\"1128\" \/>\n\t<meta property=\"og:image:height\" content=\"752\" \/>\n\t<meta property=\"og:image:type\" content=\"image\/jpeg\" \/>\n<meta name=\"twitter:card\" content=\"summary_large_image\" \/>\n<meta name=\"twitter:site\" content=\"@Pozirk_online\" \/>\n<meta name=\"twitter:label1\" content=\"Est. reading time\" \/>\n\t<meta name=\"twitter:data1\" content=\"2 minutes\" \/>\n<script type=\"application\/ld+json\" class=\"yoast-schema-graph\">{\"@context\":\"https:\/\/schema.org\",\"@graph\":[{\"@type\":\"NewsArticle\",\"@id\":\"https:\/\/pozirk.online\/en\/news\/126716\/#article\",\"isPartOf\":{\"@id\":\"https:\/\/pozirk.online\/en\/news\/126716\/\"},\"headline\":\"Opposition\u2019s security chief: Munich conference proved that Belarus remains on international agenda\",\"datePublished\":\"2025-02-17T15:54:45+00:00\",\"dateModified\":\"2026-03-09T20:10:49+00:00\",\"mainEntityOfPage\":{\"@id\":\"https:\/\/pozirk.online\/en\/news\/126716\/\"},\"wordCount\":248,\"publisher\":{\"@id\":\"https:\/\/pozirk.online\/en\/#organization\"},\"image\":{\"@id\":\"https:\/\/pozirk.online\/en\/news\/126716\/#primaryimage\"},\"thumbnailUrl\":\"https:\/\/pozirk.online\/wp-content\/uploads\/2025\/02\/kabanchuk_opk.jpg\",\"inLanguage\":\"en-US\"},{\"@type\":\"WebPage\",\"@id\":\"https:\/\/pozirk.online\/en\/news\/126716\/\",\"url\":\"https:\/\/pozirk.online\/en\/news\/126716\/\",\"name\":\"Opposition\u2019s security chief: Munich conference proved that Belarus remains on international agenda | Pozirk\",\"isPartOf\":{\"@id\":\"https:\/\/pozirk.online\/en\/#website\"},\"primaryImageOfPage\":{\"@id\":\"https:\/\/pozirk.online\/en\/news\/126716\/#primaryimage\"},\"image\":{\"@id\":\"https:\/\/pozirk.online\/en\/news\/126716\/#primaryimage\"},\"thumbnailUrl\":\"https:\/\/pozirk.online\/wp-content\/uploads\/2025\/02\/kabanchuk_opk.jpg\",\"datePublished\":\"2025-02-17T15:54:45+00:00\",\"dateModified\":\"2026-03-09T20:10:49+00:00\",\"description\":\"February 17, Pozirk. Belarus remains on the international agenda, said Vadzim Kaban\u010duk, the Belarusian opposition\u2019s representative for security, after the\",\"breadcrumb\":{\"@id\":\"https:\/\/pozirk.online\/en\/news\/126716\/#breadcrumb\"},\"inLanguage\":\"en-US\",\"potentialAction\":[{\"@type\":\"ReadAction\",\"target\":[\"https:\/\/pozirk.online\/en\/news\/126716\/\"]}]},{\"@type\":\"ImageObject\",\"inLanguage\":\"en-US\",\"@id\":\"https:\/\/pozirk.online\/en\/news\/126716\/#primaryimage\",\"url\":\"https:\/\/pozirk.online\/wp-content\/uploads\/2025\/02\/kabanchuk_opk.jpg\",\"contentUrl\":\"https:\/\/pozirk.online\/wp-content\/uploads\/2025\/02\/kabanchuk_opk.jpg\",\"width\":1128,\"height\":752},{\"@type\":\"BreadcrumbList\",\"@id\":\"https:\/\/pozirk.online\/en\/news\/126716\/#breadcrumb\",\"itemListElement\":[{\"@type\":\"ListItem\",\"position\":1,\"name\":\"Home\",\"item\":\"https:\/\/pozirk.online\/en\/\"},{\"@type\":\"ListItem\",\"position\":2,\"name\":\"Opposition\u2019s security chief: Munich conference proved that Belarus remains on international agenda\"}]},{\"@type\":\"WebSite\",\"@id\":\"https:\/\/pozirk.online\/en\/#website\",\"url\":\"https:\/\/pozirk.online\/en\/\",\"name\":\"Pozirk\",\"description\":\"\",\"publisher\":{\"@id\":\"https:\/\/pozirk.online\/en\/#organization\"},\"potentialAction\":[{\"@type\":\"SearchAction\",\"target\":{\"@type\":\"EntryPoint\",\"urlTemplate\":\"https:\/\/pozirk.online\/en\/?s={search_term_string}\"},\"query-input\":{\"@type\":\"PropertyValueSpecification\",\"valueRequired\":true,\"valueName\":\"search_term_string\"}}],\"inLanguage\":\"en-US\"},{\"@type\":\"Organization\",\"@id\":\"https:\/\/pozirk.online\/en\/#organization\",\"name\":\"Pozirk\",\"url\":\"https:\/\/pozirk.online\/en\/\",\"logo\":{\"@type\":\"ImageObject\",\"inLanguage\":\"en-US\",\"@id\":\"https:\/\/pozirk.online\/en\/#\/schema\/logo\/image\/\",\"url\":\"https:\/\/pozirk.online\/wp-content\/uploads\/2023\/11\/cropped-Logo_color_512.png\",\"contentUrl\":\"https:\/\/pozirk.online\/wp-content\/uploads\/2023\/11\/cropped-Logo_color_512.png\",\"width\":512,\"height\":512,\"caption\":\"Pozirk\"},\"image\":{\"@id\":\"https:\/\/pozirk.online\/en\/#\/schema\/logo\/image\/\"},\"sameAs\":[\"https:\/\/www.facebook.com\/pozirkonline\/\",\"https:\/\/x.com\/Pozirk_online\"]}]}<\/script>\n<!-- \/ Yoast SEO plugin. -->","yoast_head_json":{"title":"Opposition\u2019s security chief: Munich conference proved that Belarus remains on international agenda | Pozirk","description":"February 17, Pozirk. Belarus remains on the international agenda, said Vadzim Kaban\u010duk, the Belarusian opposition\u2019s representative for security, after the","robots":{"index":"index","follow":"follow","max-snippet":"max-snippet:-1","max-image-preview":"max-image-preview:large","max-video-preview":"max-video-preview:-1"},"canonical":"https:\/\/pozirk.online\/en\/news\/126716\/","og_locale":"en_US","og_type":"article","og_title":"Opposition\u2019s security chief: Munich conference proved that Belarus remains on international agenda | Pozirk","og_description":"February 17, Pozirk. Belarus remains on the international agenda, said Vadzim Kaban\u010duk, the Belarusian opposition\u2019s representative for security, after the","og_url":"https:\/\/pozirk.online\/en\/news\/126716\/","og_site_name":"Pozirk","article_publisher":"https:\/\/www.facebook.com\/pozirkonline\/","article_modified_time":"2026-03-09T20:10:49+00:00","og_image":[{"width":1128,"height":752,"url":"https:\/\/pozirk.online\/wp-content\/uploads\/2025\/02\/kabanchuk_opk.jpg","type":"image\/jpeg"}],"twitter_card":"summary_large_image","twitter_site":"@Pozirk_online","twitter_misc":{"Est. reading time":"2 minutes"},"schema":{"@context":"https:\/\/schema.org","@graph":[{"@type":"NewsArticle","@id":"https:\/\/pozirk.online\/en\/news\/126716\/#article","isPartOf":{"@id":"https:\/\/pozirk.online\/en\/news\/126716\/"},"headline":"Opposition\u2019s security chief: Munich conference proved that Belarus remains on international agenda","datePublished":"2025-02-17T15:54:45+00:00","dateModified":"2026-03-09T20:10:49+00:00","mainEntityOfPage":{"@id":"https:\/\/pozirk.online\/en\/news\/126716\/"},"wordCount":248,"publisher":{"@id":"https:\/\/pozirk.online\/en\/#organization"},"image":{"@id":"https:\/\/pozirk.online\/en\/news\/126716\/#primaryimage"},"thumbnailUrl":"https:\/\/pozirk.online\/wp-content\/uploads\/2025\/02\/kabanchuk_opk.jpg","inLanguage":"en-US"},{"@type":"WebPage","@id":"https:\/\/pozirk.online\/en\/news\/126716\/","url":"https:\/\/pozirk.online\/en\/news\/126716\/","name":"Opposition\u2019s security chief: Munich conference proved that Belarus remains on international agenda | Pozirk","isPartOf":{"@id":"https:\/\/pozirk.online\/en\/#website"},"primaryImageOfPage":{"@id":"https:\/\/pozirk.online\/en\/news\/126716\/#primaryimage"},"image":{"@id":"https:\/\/pozirk.online\/en\/news\/126716\/#primaryimage"},"thumbnailUrl":"https:\/\/pozirk.online\/wp-content\/uploads\/2025\/02\/kabanchuk_opk.jpg","datePublished":"2025-02-17T15:54:45+00:00","dateModified":"2026-03-09T20:10:49+00:00","description":"February 17, Pozirk. Belarus remains on the international agenda, said Vadzim Kaban\u010duk, the Belarusian opposition\u2019s representative for security, after the","breadcrumb":{"@id":"https:\/\/pozirk.online\/en\/news\/126716\/#breadcrumb"},"inLanguage":"en-US","potentialAction":[{"@type":"ReadAction","target":["https:\/\/pozirk.online\/en\/news\/126716\/"]}]},{"@type":"ImageObject","inLanguage":"en-US","@id":"https:\/\/pozirk.online\/en\/news\/126716\/#primaryimage","url":"https:\/\/pozirk.online\/wp-content\/uploads\/2025\/02\/kabanchuk_opk.jpg","contentUrl":"https:\/\/pozirk.online\/wp-content\/uploads\/2025\/02\/kabanchuk_opk.jpg","width":1128,"height":752},{"@type":"BreadcrumbList","@id":"https:\/\/pozirk.online\/en\/news\/126716\/#breadcrumb","itemListElement":[{"@type":"ListItem","position":1,"name":"Home","item":"https:\/\/pozirk.online\/en\/"},{"@type":"ListItem","position":2,"name":"Opposition\u2019s security chief: Munich conference proved that Belarus remains on international agenda"}]},{"@type":"WebSite","@id":"https:\/\/pozirk.online\/en\/#website","url":"https:\/\/pozirk.online\/en\/","name":"Pozirk","description":"","publisher":{"@id":"https:\/\/pozirk.online\/en\/#organization"},"potentialAction":[{"@type":"SearchAction","target":{"@type":"EntryPoint","urlTemplate":"https:\/\/pozirk.online\/en\/?s={search_term_string}"},"query-input":{"@type":"PropertyValueSpecification","valueRequired":true,"valueName":"search_term_string"}}],"inLanguage":"en-US"},{"@type":"Organization","@id":"https:\/\/pozirk.online\/en\/#organization","name":"Pozirk","url":"https:\/\/pozirk.online\/en\/","logo":{"@type":"ImageObject","inLanguage":"en-US","@id":"https:\/\/pozirk.online\/en\/#\/schema\/logo\/image\/","url":"https:\/\/pozirk.online\/wp-content\/uploads\/2023\/11\/cropped-Logo_color_512.png","contentUrl":"https:\/\/pozirk.online\/wp-content\/uploads\/2023\/11\/cropped-Logo_color_512.png","width":512,"height":512,"caption":"Pozirk"},"image":{"@id":"https:\/\/pozirk.online\/en\/#\/schema\/logo\/image\/"},"sameAs":["https:\/\/www.facebook.com\/pozirkonline\/","https:\/\/x.com\/Pozirk_online"]}]}},"_links":{"self":[{"href":"https:\/\/pozirk.online\/en\/wp-json\/wp\/v2\/articles\/126716","targetHints":{"allow":["GET"]}}],"collection":[{"href":"https:\/\/pozirk.online\/en\/wp-json\/wp\/v2\/articles"}],"about":[{"href":"https:\/\/pozirk.online\/en\/wp-json\/wp\/v2\/types\/articles"}],"author":[{"embeddable":true,"href":"https:\/\/pozirk.online\/en\/wp-json\/wp\/v2\/users\/83"}],"wp:featuredmedia":[{"embeddable":true,"href":"https:\/\/pozirk.online\/en\/wp-json\/wp\/v2\/media\/126693"}],"wp:attachment":[{"href":"https:\/\/pozirk.online\/en\/wp-json\/wp\/v2\/media?parent=126716"}],"wp:term":[{"taxonomy":"rubric","embeddable":true,"href":"https:\/\/pozirk.online\/en\/wp-json\/wp\/v2\/rubric?post=126716"}],"curies":[{"name":"wp","href":"https:\/\/api.w.org\/{rel}","templated":true}]}}