{"id":127249,"date":"2025-02-21T14:50:53","date_gmt":"2025-02-21T11:50:53","guid":{"rendered":"https:\/\/pozirk.online\/en\/news\/127249\/"},"modified":"2026-03-10T12:05:06","modified_gmt":"2026-03-10T12:05:06","slug":"interior-ministry-brands-zianon-pazniaks-initiative-as-extremist-group","status":"publish","type":"articles","link":"https:\/\/pozirk.online\/en\/news\/127249\/","title":{"rendered":"Interior ministry brands Zianon Pa\u017aniak&#8217;s initiative as &#8220;extremist&#8221; group"},"content":{"rendered":"\n<figure class=\"block-image block-image-normal\">\n\n  <img decoding=\"async\" width=\"1278\" height=\"680\" src=\"https:\/\/pozirk.online\/wp-content\/uploads\/2024\/01\/zenon-20240101-1-e1704181170748.jpg\" class=\"attachment-full size-full\" alt=\"\" \/>\n  <figcaption>\n      <div class=\"block-image__descr\">\n\n         Zianon Pa\u017aniak\n    <\/div>\n  \n       <div class=\"block-image__author\">\n                <span>(Screenshot by Pozirk)<\/span>\n    <\/div>\n     <\/figcaption>\n<\/figure>\n\n\n\n<p><strong>February 21, <em>Pozirk<\/em>. <\/strong>The interior ministry has announced an extremist group designation for the Volnaja Bie\u0142aru\u015b political initiative led by Zianon Pa\u017aniak, Alaksandar \u0141uka\u0161enka&#8217;s longtime rival, taking the total on the extremist group register to 262.<\/p>\n\n\n\n<p>Alena Samusieva and Viktar Karalko\u016d were identified as members along with Pa\u017aniak. Belarusian law enforcers also blacklisted their personal social media accounts, e-mail addresses and other online resources allegedly linked to the group and as well as Volnaja Bie\u0142aru\u015b&#8217; logo featuring a drawing of a protest rally with white-red-white flags.<\/p>\n\n\n\n<p>Earlier this month, Pa\u017aniak urged the Western countries to launch talks with Minsk to negotiate the release of political prisoners, whom he described as hostages.<\/p>\n\n\n\n<p>The politician suggested using the incentive of lifting some sanctions in exchange for the prisoners\u2019 release and an end to politically-motivated reprisals.\u00a0<\/p>\n\n\n\n<p>Since the 2020 political crisis, authorities in Belarus have been equating criticism, solidarity, advocacy, the free media and free expression to extremism and terrorism.\u00a0\u00a0<\/p>\n\n\n\n<div class=\"insert-block\">\n\n    <div class=\"insert-block__img\">\n        <img decoding=\"async\" width=\"354\" height=\"236\" src=\"https:\/\/pozirk.online\/wp-content\/uploads\/2024\/01\/pozirk_color_blank_1128x752-354x236.jpg\" class=\"attachment-medium size-medium\" alt=\"\" srcset=\"https:\/\/pozirk.online\/wp-content\/uploads\/2024\/01\/pozirk_color_blank_1128x752-354x236.jpg 354w, https:\/\/pozirk.online\/wp-content\/uploads\/2024\/01\/pozirk_color_blank_1128x752-734x490.jpg 734w, https:\/\/pozirk.online\/wp-content\/uploads\/2024\/01\/pozirk_color_blank_1128x752-178x118.jpg 178w, https:\/\/pozirk.online\/wp-content\/uploads\/2024\/01\/pozirk_color_blank_1128x752-768x512.jpg 768w, https:\/\/pozirk.online\/wp-content\/uploads\/2024\/01\/pozirk_color_blank_1128x752.jpg 1128w\" sizes=\"(max-width: 354px) 100vw, 354px\" \/>                        <label class=\"insert-block__tag--mobile\"> \u041f\u043e\u043b\u0438\u0442\u0438\u043a\u0430<\/label>\n\n                <\/div>\n    <div class=\"insert-block__text\">\n                    <label class=\"insert-block__tag\">\u041f\u043e\u043b\u0438\u0442\u0438\u043a\u0430<\/label>\n                <h3 class=\"insert-block__title\">Former prisoner \u0160arenda-Panasiuk opposes talks with \u0141uka\u0161enka, calls him &quot;Russian puppet&quot;<\/h3>\n        <div class=\"insert-block__descr\">February 10, Pozirk. Alaksandar \u0141uka\u0161enka is a &quot;Russian puppet&quot; and lacks the power to decide on the release of political prisoners, Palina \u0160arenda-Panasiuk, a former prisoner evacuated from Belarus upon release, has told journalists in Vilnius. The activist recalled that &#8230;<\/div>\n        <a class=\"insert-block__btn-block\" href=\"\/en\/news\/125621\">\n            <button class=\"btn\">\n                <div class='btn__text'>Read the article<\/div>\n            <\/button>\n        <\/a>\n    <\/div>\n<\/div>\n\n\n<p><br><\/p>\n","protected":false},"excerpt":{"rendered":"<p>February 21, Pozirk. The interior ministry has announced an extremist group designation for the Volnaja Bie\u0142aru\u015b political initiative led by Zianon Pa\u017aniak, Alaksandar \u0141uka\u0161enka&#8217;s longtime rival, taking the total on the extremist group register to 262. Alena Samusieva and Viktar Karalko\u016d were identified as members along with Pa\u017aniak. Belarusian law enforcers also blacklisted their personal [&hellip;]<\/p>\n","protected":false},"author":84,"featured_media":58749,"template":"","rubric":[14],"class_list":["post-127249","articles","type-articles","status-publish","has-post-thumbnail","hentry","rubric-politics"],"acf":[],"yoast_head":"<!-- This site is optimized with the Yoast SEO plugin v25.5 - https:\/\/yoast.com\/wordpress\/plugins\/seo\/ -->\n<title>Interior ministry brands Zianon Pa\u017aniak&#039;s initiative as &quot;extremist&quot; group | Pozirk<\/title>\n<meta name=\"description\" content=\"February 21, Pozirk. The interior ministry has announced an extremist group designation for the Volnaja Bie\u0142aru\u015b political initiative led by Zianon\" \/>\n<meta name=\"robots\" content=\"index, follow, max-snippet:-1, max-image-preview:large, max-video-preview:-1\" \/>\n<link rel=\"canonical\" href=\"https:\/\/pozirk.online\/en\/news\/127249\/\" \/>\n<meta property=\"og:locale\" content=\"en_US\" \/>\n<meta property=\"og:type\" content=\"article\" \/>\n<meta property=\"og:title\" content=\"Interior ministry brands Zianon Pa\u017aniak&#039;s initiative as &quot;extremist&quot; group | Pozirk\" \/>\n<meta property=\"og:description\" content=\"February 21, Pozirk. The interior ministry has announced an extremist group designation for the Volnaja Bie\u0142aru\u015b political initiative led by Zianon\" \/>\n<meta property=\"og:url\" content=\"https:\/\/pozirk.online\/en\/news\/127249\/\" \/>\n<meta property=\"og:site_name\" content=\"Pozirk\" \/>\n<meta property=\"article:publisher\" content=\"https:\/\/www.facebook.com\/pozirkonline\/\" \/>\n<meta property=\"article:modified_time\" content=\"2026-03-10T12:05:06+00:00\" \/>\n<meta property=\"og:image\" content=\"https:\/\/pozirk.online\/wp-content\/uploads\/2024\/01\/zenon-20240101-1-e1704181170748.jpg\" \/>\n\t<meta property=\"og:image:width\" content=\"1278\" \/>\n\t<meta property=\"og:image:height\" content=\"680\" \/>\n\t<meta property=\"og:image:type\" content=\"image\/jpeg\" \/>\n<meta name=\"twitter:card\" content=\"summary_large_image\" \/>\n<meta name=\"twitter:site\" content=\"@Pozirk_online\" \/>\n<meta name=\"twitter:label1\" content=\"Est. reading time\" \/>\n\t<meta name=\"twitter:data1\" content=\"1 minute\" \/>\n<script type=\"application\/ld+json\" class=\"yoast-schema-graph\">{\"@context\":\"https:\/\/schema.org\",\"@graph\":[{\"@type\":\"NewsArticle\",\"@id\":\"https:\/\/pozirk.online\/en\/news\/127249\/#article\",\"isPartOf\":{\"@id\":\"https:\/\/pozirk.online\/en\/news\/127249\/\"},\"headline\":\"Interior ministry brands Zianon Pa\u017aniak&#8217;s initiative as &#8220;extremist&#8221; group\",\"datePublished\":\"2025-02-21T11:50:53+00:00\",\"dateModified\":\"2026-03-10T12:05:06+00:00\",\"mainEntityOfPage\":{\"@id\":\"https:\/\/pozirk.online\/en\/news\/127249\/\"},\"wordCount\":172,\"publisher\":{\"@id\":\"https:\/\/pozirk.online\/en\/#organization\"},\"image\":{\"@id\":\"https:\/\/pozirk.online\/en\/news\/127249\/#primaryimage\"},\"thumbnailUrl\":\"https:\/\/pozirk.online\/wp-content\/uploads\/2024\/01\/zenon-20240101-1-e1704181170748.jpg\",\"inLanguage\":\"en-US\"},{\"@type\":\"WebPage\",\"@id\":\"https:\/\/pozirk.online\/en\/news\/127249\/\",\"url\":\"https:\/\/pozirk.online\/en\/news\/127249\/\",\"name\":\"Interior ministry brands Zianon Pa\u017aniak's initiative as \\\"extremist\\\" group | Pozirk\",\"isPartOf\":{\"@id\":\"https:\/\/pozirk.online\/en\/#website\"},\"primaryImageOfPage\":{\"@id\":\"https:\/\/pozirk.online\/en\/news\/127249\/#primaryimage\"},\"image\":{\"@id\":\"https:\/\/pozirk.online\/en\/news\/127249\/#primaryimage\"},\"thumbnailUrl\":\"https:\/\/pozirk.online\/wp-content\/uploads\/2024\/01\/zenon-20240101-1-e1704181170748.jpg\",\"datePublished\":\"2025-02-21T11:50:53+00:00\",\"dateModified\":\"2026-03-10T12:05:06+00:00\",\"description\":\"February 21, Pozirk. The interior ministry has announced an extremist group designation for the Volnaja Bie\u0142aru\u015b political initiative led by Zianon\",\"breadcrumb\":{\"@id\":\"https:\/\/pozirk.online\/en\/news\/127249\/#breadcrumb\"},\"inLanguage\":\"en-US\",\"potentialAction\":[{\"@type\":\"ReadAction\",\"target\":[\"https:\/\/pozirk.online\/en\/news\/127249\/\"]}]},{\"@type\":\"ImageObject\",\"inLanguage\":\"en-US\",\"@id\":\"https:\/\/pozirk.online\/en\/news\/127249\/#primaryimage\",\"url\":\"https:\/\/pozirk.online\/wp-content\/uploads\/2024\/01\/zenon-20240101-1-e1704181170748.jpg\",\"contentUrl\":\"https:\/\/pozirk.online\/wp-content\/uploads\/2024\/01\/zenon-20240101-1-e1704181170748.jpg\",\"width\":1278,\"height\":680},{\"@type\":\"BreadcrumbList\",\"@id\":\"https:\/\/pozirk.online\/en\/news\/127249\/#breadcrumb\",\"itemListElement\":[{\"@type\":\"ListItem\",\"position\":1,\"name\":\"Home\",\"item\":\"https:\/\/pozirk.online\/en\/\"},{\"@type\":\"ListItem\",\"position\":2,\"name\":\"Interior ministry brands Zianon Pa\u017aniak&#8217;s initiative as &#8220;extremist&#8221; group\"}]},{\"@type\":\"WebSite\",\"@id\":\"https:\/\/pozirk.online\/en\/#website\",\"url\":\"https:\/\/pozirk.online\/en\/\",\"name\":\"Pozirk\",\"description\":\"\",\"publisher\":{\"@id\":\"https:\/\/pozirk.online\/en\/#organization\"},\"potentialAction\":[{\"@type\":\"SearchAction\",\"target\":{\"@type\":\"EntryPoint\",\"urlTemplate\":\"https:\/\/pozirk.online\/en\/?s={search_term_string}\"},\"query-input\":{\"@type\":\"PropertyValueSpecification\",\"valueRequired\":true,\"valueName\":\"search_term_string\"}}],\"inLanguage\":\"en-US\"},{\"@type\":\"Organization\",\"@id\":\"https:\/\/pozirk.online\/en\/#organization\",\"name\":\"Pozirk\",\"url\":\"https:\/\/pozirk.online\/en\/\",\"logo\":{\"@type\":\"ImageObject\",\"inLanguage\":\"en-US\",\"@id\":\"https:\/\/pozirk.online\/en\/#\/schema\/logo\/image\/\",\"url\":\"https:\/\/pozirk.online\/wp-content\/uploads\/2023\/11\/cropped-Logo_color_512.png\",\"contentUrl\":\"https:\/\/pozirk.online\/wp-content\/uploads\/2023\/11\/cropped-Logo_color_512.png\",\"width\":512,\"height\":512,\"caption\":\"Pozirk\"},\"image\":{\"@id\":\"https:\/\/pozirk.online\/en\/#\/schema\/logo\/image\/\"},\"sameAs\":[\"https:\/\/www.facebook.com\/pozirkonline\/\",\"https:\/\/x.com\/Pozirk_online\"]}]}<\/script>\n<!-- \/ Yoast SEO plugin. -->","yoast_head_json":{"title":"Interior ministry brands Zianon Pa\u017aniak's initiative as \"extremist\" group | Pozirk","description":"February 21, Pozirk. The interior ministry has announced an extremist group designation for the Volnaja Bie\u0142aru\u015b political initiative led by Zianon","robots":{"index":"index","follow":"follow","max-snippet":"max-snippet:-1","max-image-preview":"max-image-preview:large","max-video-preview":"max-video-preview:-1"},"canonical":"https:\/\/pozirk.online\/en\/news\/127249\/","og_locale":"en_US","og_type":"article","og_title":"Interior ministry brands Zianon Pa\u017aniak's initiative as \"extremist\" group | Pozirk","og_description":"February 21, Pozirk. The interior ministry has announced an extremist group designation for the Volnaja Bie\u0142aru\u015b political initiative led by Zianon","og_url":"https:\/\/pozirk.online\/en\/news\/127249\/","og_site_name":"Pozirk","article_publisher":"https:\/\/www.facebook.com\/pozirkonline\/","article_modified_time":"2026-03-10T12:05:06+00:00","og_image":[{"width":1278,"height":680,"url":"https:\/\/pozirk.online\/wp-content\/uploads\/2024\/01\/zenon-20240101-1-e1704181170748.jpg","type":"image\/jpeg"}],"twitter_card":"summary_large_image","twitter_site":"@Pozirk_online","twitter_misc":{"Est. reading time":"1 minute"},"schema":{"@context":"https:\/\/schema.org","@graph":[{"@type":"NewsArticle","@id":"https:\/\/pozirk.online\/en\/news\/127249\/#article","isPartOf":{"@id":"https:\/\/pozirk.online\/en\/news\/127249\/"},"headline":"Interior ministry brands Zianon Pa\u017aniak&#8217;s initiative as &#8220;extremist&#8221; group","datePublished":"2025-02-21T11:50:53+00:00","dateModified":"2026-03-10T12:05:06+00:00","mainEntityOfPage":{"@id":"https:\/\/pozirk.online\/en\/news\/127249\/"},"wordCount":172,"publisher":{"@id":"https:\/\/pozirk.online\/en\/#organization"},"image":{"@id":"https:\/\/pozirk.online\/en\/news\/127249\/#primaryimage"},"thumbnailUrl":"https:\/\/pozirk.online\/wp-content\/uploads\/2024\/01\/zenon-20240101-1-e1704181170748.jpg","inLanguage":"en-US"},{"@type":"WebPage","@id":"https:\/\/pozirk.online\/en\/news\/127249\/","url":"https:\/\/pozirk.online\/en\/news\/127249\/","name":"Interior ministry brands Zianon Pa\u017aniak's initiative as \"extremist\" group | Pozirk","isPartOf":{"@id":"https:\/\/pozirk.online\/en\/#website"},"primaryImageOfPage":{"@id":"https:\/\/pozirk.online\/en\/news\/127249\/#primaryimage"},"image":{"@id":"https:\/\/pozirk.online\/en\/news\/127249\/#primaryimage"},"thumbnailUrl":"https:\/\/pozirk.online\/wp-content\/uploads\/2024\/01\/zenon-20240101-1-e1704181170748.jpg","datePublished":"2025-02-21T11:50:53+00:00","dateModified":"2026-03-10T12:05:06+00:00","description":"February 21, Pozirk. The interior ministry has announced an extremist group designation for the Volnaja Bie\u0142aru\u015b political initiative led by Zianon","breadcrumb":{"@id":"https:\/\/pozirk.online\/en\/news\/127249\/#breadcrumb"},"inLanguage":"en-US","potentialAction":[{"@type":"ReadAction","target":["https:\/\/pozirk.online\/en\/news\/127249\/"]}]},{"@type":"ImageObject","inLanguage":"en-US","@id":"https:\/\/pozirk.online\/en\/news\/127249\/#primaryimage","url":"https:\/\/pozirk.online\/wp-content\/uploads\/2024\/01\/zenon-20240101-1-e1704181170748.jpg","contentUrl":"https:\/\/pozirk.online\/wp-content\/uploads\/2024\/01\/zenon-20240101-1-e1704181170748.jpg","width":1278,"height":680},{"@type":"BreadcrumbList","@id":"https:\/\/pozirk.online\/en\/news\/127249\/#breadcrumb","itemListElement":[{"@type":"ListItem","position":1,"name":"Home","item":"https:\/\/pozirk.online\/en\/"},{"@type":"ListItem","position":2,"name":"Interior ministry brands Zianon Pa\u017aniak&#8217;s initiative as &#8220;extremist&#8221; group"}]},{"@type":"WebSite","@id":"https:\/\/pozirk.online\/en\/#website","url":"https:\/\/pozirk.online\/en\/","name":"Pozirk","description":"","publisher":{"@id":"https:\/\/pozirk.online\/en\/#organization"},"potentialAction":[{"@type":"SearchAction","target":{"@type":"EntryPoint","urlTemplate":"https:\/\/pozirk.online\/en\/?s={search_term_string}"},"query-input":{"@type":"PropertyValueSpecification","valueRequired":true,"valueName":"search_term_string"}}],"inLanguage":"en-US"},{"@type":"Organization","@id":"https:\/\/pozirk.online\/en\/#organization","name":"Pozirk","url":"https:\/\/pozirk.online\/en\/","logo":{"@type":"ImageObject","inLanguage":"en-US","@id":"https:\/\/pozirk.online\/en\/#\/schema\/logo\/image\/","url":"https:\/\/pozirk.online\/wp-content\/uploads\/2023\/11\/cropped-Logo_color_512.png","contentUrl":"https:\/\/pozirk.online\/wp-content\/uploads\/2023\/11\/cropped-Logo_color_512.png","width":512,"height":512,"caption":"Pozirk"},"image":{"@id":"https:\/\/pozirk.online\/en\/#\/schema\/logo\/image\/"},"sameAs":["https:\/\/www.facebook.com\/pozirkonline\/","https:\/\/x.com\/Pozirk_online"]}]}},"_links":{"self":[{"href":"https:\/\/pozirk.online\/en\/wp-json\/wp\/v2\/articles\/127249","targetHints":{"allow":["GET"]}}],"collection":[{"href":"https:\/\/pozirk.online\/en\/wp-json\/wp\/v2\/articles"}],"about":[{"href":"https:\/\/pozirk.online\/en\/wp-json\/wp\/v2\/types\/articles"}],"author":[{"embeddable":true,"href":"https:\/\/pozirk.online\/en\/wp-json\/wp\/v2\/users\/84"}],"wp:featuredmedia":[{"embeddable":true,"href":"https:\/\/pozirk.online\/en\/wp-json\/wp\/v2\/media\/58749"}],"wp:attachment":[{"href":"https:\/\/pozirk.online\/en\/wp-json\/wp\/v2\/media?parent=127249"}],"wp:term":[{"taxonomy":"rubric","embeddable":true,"href":"https:\/\/pozirk.online\/en\/wp-json\/wp\/v2\/rubric?post=127249"}],"curies":[{"name":"wp","href":"https:\/\/api.w.org\/{rel}","templated":true}]}}