{"id":127967,"date":"2025-02-27T11:56:55","date_gmt":"2025-02-27T08:56:55","guid":{"rendered":"https:\/\/pozirk.online\/en\/news\/127967\/"},"modified":"2026-03-10T12:05:06","modified_gmt":"2026-03-10T12:05:06","slug":"reprisals-exiled-blogger-faces-10-criminal-charges-in-belarus","status":"publish","type":"articles","link":"https:\/\/pozirk.online\/en\/news\/127967\/","title":{"rendered":"Reprisals: exiled blogger faces 10 criminal charges in Belarus"},"content":{"rendered":"\n<p><strong>Briefly: Media project branded extremist group<\/strong><\/p>\n\n\n\n<p><strong>Viciebsk journalist to be tried for sharing banned content<\/strong><\/p>\n\n\n\n<p><strong>Rights groups designate 19 as political prisoners<\/strong><\/p>\n\n\n\n<p><strong>February 27, <em>Pozirk.<\/em><\/strong> New cases of politically-motivated persecution were documented in Belarus on February 26, as the Minsk Regional Court opened the trial of blogger Siarhiej Biaspa\u0142a\u016d without him being present.<\/p>\n\n\n\n<p>Authorities accuse him of 10 crimes, ranging from inciting hatred and calling for sanctions to plotting to seize power and association with an extremist group, the Viasna Human Rights Center reported.<\/p>\n\n\n\n<p>Online content<\/p>\n\n\n\n<p>The interior ministry branded <em>Mediazona.Belarus<\/em> project as an extremist group yesterday.<\/p>\n\n\n\n<p>The information ministry blacklisted social media of Armenian blogger Roza Babakhanyan known as Bella. The woman has recently left for Armenia following her arrest and trial in Belarus for allegedly sharing banned content.<\/p>\n\n\n\n<p>The ministry also announced extremist content designations for six Telegram channels and chats, including online Belarusian communities in Turkey&#8217;s Antalya and Cyprus; <em>nesluchajno.by<\/em>, <em>vyboryvbelarusi2020<\/em>, r<em>usdemsociety_serbia<\/em> and <em>nexta_live_belarus <\/em>on Instagram; <em>Klim Zlobich 0.1<\/em>, <em>Lahvich <\/em>and <em>Osveta<\/em> on TikTok.<\/p>\n\n\n\n<p>Hieorhij Kar\u017eanie\u016dski, journalist and art critic from Viciebsk, will go on trial today to answer charges of sharing banned content, the <em>Vitebsk, Ya Gul<\/em>yu Telegram channel said.<\/p>\n\n\n\n<p>Criminal proceedings<\/p>\n\n\n\n<p>Ihar \u0160ukana\u016d, accused of slandering Alaksandar \u0141uka\u0161enka and violent disorder, went on trial in Mazyr, Homiel region, Viasna&#8217;s Homiel branch said. Yesterday, right groups added his name along with 18 others to their list of political prisoners.<\/p>\n\n\n\n<p>Siarhiej Pa\u016dlukievi\u010d went on trial in Minsk yesterday,<em> Na\u0161a Niva<\/em> reported. The man faces protest-related charges.<\/p>\n\n\n\n<p>As of February 27, human rights defenders identified at least 1,230 political prisoners but the real number is considerably higher because many cases go undocumented.<\/p>\n\n\n\n<div class=\"insert-block\">\n\n    <div class=\"insert-block__img\">\n        <img decoding=\"async\" width=\"300\" height=\"150\" src=\"https:\/\/pozirk.online\/wp-content\/uploads\/2023\/12\/zakliuchenie_unsplash_marco_chilese_1128x564-300x150.jpg\" class=\"attachment-medium size-medium\" alt=\"\" srcset=\"https:\/\/pozirk.online\/wp-content\/uploads\/2023\/12\/zakliuchenie_unsplash_marco_chilese_1128x564-300x150.jpg 300w, https:\/\/pozirk.online\/wp-content\/uploads\/2023\/12\/zakliuchenie_unsplash_marco_chilese_1128x564-1024x512.jpg 1024w, https:\/\/pozirk.online\/wp-content\/uploads\/2023\/12\/zakliuchenie_unsplash_marco_chilese_1128x564-768x384.jpg 768w, https:\/\/pozirk.online\/wp-content\/uploads\/2023\/12\/zakliuchenie_unsplash_marco_chilese_1128x564.jpg 1128w\" sizes=\"(max-width: 300px) 100vw, 300px\" \/>                        <label class=\"insert-block__tag--mobile\"> Politics<\/label>\n\n                            <label class=\"insert-block__tag--mobile\"> Society<\/label>\n\n                <\/div>\n    <div class=\"insert-block__text\">\n                    <label class=\"insert-block__tag\">Politics, Society<\/label>\n                <h3 class=\"insert-block__title\">Rights groups label 19 as political prisoners<\/h3>\n        <div class=\"insert-block__descr\">February 26, Pozirk. Human rights defenders have designated 19 people as political prisoners, bringing the total to 1,238, the Viasna Human Rights Center reports. New additions include Armen Arzumanian, Siarhiej \u0141atu\u0161ka, Natalla Vasilenka, Rus\u0142an Zubko\u016d, Maksim Jerma\u0142ovic, D\u017amitryj Ka\u015bciuk, Raman &#8230;<\/div>\n        <a class=\"insert-block__btn-block\" href=\"\/en\/news\/127868\">\n            <button class=\"btn\">\n                <div class='btn__text'>Read the article<\/div>\n            <\/button>\n        <\/a>\n    <\/div>\n<\/div>","protected":false},"excerpt":{"rendered":"<p>Briefly: Media project branded extremist group Viciebsk journalist to be tried for sharing banned content Rights groups designate 19 as political prisoners February 27, Pozirk. New cases of politically-motivated persecution were documented in Belarus on February 26, as the Minsk Regional Court opened the trial of blogger Siarhiej Biaspa\u0142a\u016d without him being present. Authorities accuse [&hellip;]<\/p>\n","protected":false},"author":84,"featured_media":51935,"template":"","rubric":[16],"class_list":["post-127967","articles","type-articles","status-publish","has-post-thumbnail","hentry","rubric-politics"],"acf":[],"yoast_head":"<!-- This site is optimized with the Yoast SEO plugin v25.5 - https:\/\/yoast.com\/wordpress\/plugins\/seo\/ -->\n<title>Reprisals: exiled blogger faces 10 criminal charges in Belarus | Pozirk<\/title>\n<meta name=\"description\" content=\"Briefly: Media project branded extremist group Viciebsk journalist to be tried for sharing banned content Rights groups designate 19 as political\" \/>\n<meta name=\"robots\" content=\"index, follow, max-snippet:-1, max-image-preview:large, max-video-preview:-1\" \/>\n<link rel=\"canonical\" href=\"https:\/\/pozirk.online\/en\/news\/127967\/\" \/>\n<meta property=\"og:locale\" content=\"en_US\" \/>\n<meta property=\"og:type\" content=\"article\" \/>\n<meta property=\"og:title\" content=\"Reprisals: exiled blogger faces 10 criminal charges in Belarus | Pozirk\" \/>\n<meta property=\"og:description\" content=\"Briefly: Media project branded extremist group Viciebsk journalist to be tried for sharing banned content Rights groups designate 19 as political\" \/>\n<meta property=\"og:url\" content=\"https:\/\/pozirk.online\/en\/news\/127967\/\" \/>\n<meta property=\"og:site_name\" content=\"Pozirk\" \/>\n<meta property=\"article:publisher\" content=\"https:\/\/www.facebook.com\/pozirkonline\/\" \/>\n<meta property=\"article:modified_time\" content=\"2026-03-10T12:05:06+00:00\" \/>\n<meta property=\"og:image\" content=\"https:\/\/pozirk.online\/wp-content\/uploads\/2023\/11\/cropped-Logo_color_512.png\" \/>\n\t<meta property=\"og:image:width\" content=\"512\" \/>\n\t<meta property=\"og:image:height\" content=\"512\" \/>\n\t<meta property=\"og:image:type\" content=\"image\/png\" \/>\n<meta name=\"twitter:card\" content=\"summary_large_image\" \/>\n<meta name=\"twitter:site\" content=\"@Pozirk_online\" \/>\n<meta name=\"twitter:label1\" content=\"Est. reading time\" \/>\n\t<meta name=\"twitter:data1\" content=\"2 minutes\" \/>\n<script type=\"application\/ld+json\" class=\"yoast-schema-graph\">{\"@context\":\"https:\/\/schema.org\",\"@graph\":[{\"@type\":\"NewsArticle\",\"@id\":\"https:\/\/pozirk.online\/en\/news\/127967\/#article\",\"isPartOf\":{\"@id\":\"https:\/\/pozirk.online\/en\/news\/127967\/\"},\"headline\":\"Reprisals: exiled blogger faces 10 criminal charges in Belarus\",\"datePublished\":\"2025-02-27T08:56:55+00:00\",\"dateModified\":\"2026-03-10T12:05:06+00:00\",\"mainEntityOfPage\":{\"@id\":\"https:\/\/pozirk.online\/en\/news\/127967\/\"},\"wordCount\":287,\"publisher\":{\"@id\":\"https:\/\/pozirk.online\/en\/#organization\"},\"image\":{\"@id\":\"https:\/\/pozirk.online\/en\/news\/127967\/#primaryimage\"},\"thumbnailUrl\":\"https:\/\/pozirk.online\/wp-content\/uploads\/2023\/11\/cropped-Logo_color_512.png\",\"inLanguage\":\"en-US\"},{\"@type\":\"WebPage\",\"@id\":\"https:\/\/pozirk.online\/en\/news\/127967\/\",\"url\":\"https:\/\/pozirk.online\/en\/news\/127967\/\",\"name\":\"Reprisals: exiled blogger faces 10 criminal charges in Belarus | Pozirk\",\"isPartOf\":{\"@id\":\"https:\/\/pozirk.online\/en\/#website\"},\"primaryImageOfPage\":{\"@id\":\"https:\/\/pozirk.online\/en\/news\/127967\/#primaryimage\"},\"image\":{\"@id\":\"https:\/\/pozirk.online\/en\/news\/127967\/#primaryimage\"},\"thumbnailUrl\":\"https:\/\/pozirk.online\/wp-content\/uploads\/2023\/11\/cropped-Logo_color_512.png\",\"datePublished\":\"2025-02-27T08:56:55+00:00\",\"dateModified\":\"2026-03-10T12:05:06+00:00\",\"description\":\"Briefly: Media project branded extremist group Viciebsk journalist to be tried for sharing banned content Rights groups designate 19 as political\",\"breadcrumb\":{\"@id\":\"https:\/\/pozirk.online\/en\/news\/127967\/#breadcrumb\"},\"inLanguage\":\"en-US\",\"potentialAction\":[{\"@type\":\"ReadAction\",\"target\":[\"https:\/\/pozirk.online\/en\/news\/127967\/\"]}]},{\"@type\":\"ImageObject\",\"inLanguage\":\"en-US\",\"@id\":\"https:\/\/pozirk.online\/en\/news\/127967\/#primaryimage\",\"url\":\"https:\/\/pozirk.online\/wp-content\/uploads\/2023\/11\/cropped-Logo_color_512.png\",\"contentUrl\":\"https:\/\/pozirk.online\/wp-content\/uploads\/2023\/11\/cropped-Logo_color_512.png\",\"width\":512,\"height\":512},{\"@type\":\"BreadcrumbList\",\"@id\":\"https:\/\/pozirk.online\/en\/news\/127967\/#breadcrumb\",\"itemListElement\":[{\"@type\":\"ListItem\",\"position\":1,\"name\":\"Home\",\"item\":\"https:\/\/pozirk.online\/en\/\"},{\"@type\":\"ListItem\",\"position\":2,\"name\":\"Reprisals: exiled blogger faces 10 criminal charges in Belarus\"}]},{\"@type\":\"WebSite\",\"@id\":\"https:\/\/pozirk.online\/en\/#website\",\"url\":\"https:\/\/pozirk.online\/en\/\",\"name\":\"Pozirk\",\"description\":\"\",\"publisher\":{\"@id\":\"https:\/\/pozirk.online\/en\/#organization\"},\"potentialAction\":[{\"@type\":\"SearchAction\",\"target\":{\"@type\":\"EntryPoint\",\"urlTemplate\":\"https:\/\/pozirk.online\/en\/?s={search_term_string}\"},\"query-input\":{\"@type\":\"PropertyValueSpecification\",\"valueRequired\":true,\"valueName\":\"search_term_string\"}}],\"inLanguage\":\"en-US\"},{\"@type\":\"Organization\",\"@id\":\"https:\/\/pozirk.online\/en\/#organization\",\"name\":\"Pozirk\",\"url\":\"https:\/\/pozirk.online\/en\/\",\"logo\":{\"@type\":\"ImageObject\",\"inLanguage\":\"en-US\",\"@id\":\"https:\/\/pozirk.online\/en\/#\/schema\/logo\/image\/\",\"url\":\"https:\/\/pozirk.online\/wp-content\/uploads\/2023\/11\/cropped-Logo_color_512.png\",\"contentUrl\":\"https:\/\/pozirk.online\/wp-content\/uploads\/2023\/11\/cropped-Logo_color_512.png\",\"width\":512,\"height\":512,\"caption\":\"Pozirk\"},\"image\":{\"@id\":\"https:\/\/pozirk.online\/en\/#\/schema\/logo\/image\/\"},\"sameAs\":[\"https:\/\/www.facebook.com\/pozirkonline\/\",\"https:\/\/x.com\/Pozirk_online\"]}]}<\/script>\n<!-- \/ Yoast SEO plugin. -->","yoast_head_json":{"title":"Reprisals: exiled blogger faces 10 criminal charges in Belarus | Pozirk","description":"Briefly: Media project branded extremist group Viciebsk journalist to be tried for sharing banned content Rights groups designate 19 as political","robots":{"index":"index","follow":"follow","max-snippet":"max-snippet:-1","max-image-preview":"max-image-preview:large","max-video-preview":"max-video-preview:-1"},"canonical":"https:\/\/pozirk.online\/en\/news\/127967\/","og_locale":"en_US","og_type":"article","og_title":"Reprisals: exiled blogger faces 10 criminal charges in Belarus | Pozirk","og_description":"Briefly: Media project branded extremist group Viciebsk journalist to be tried for sharing banned content Rights groups designate 19 as political","og_url":"https:\/\/pozirk.online\/en\/news\/127967\/","og_site_name":"Pozirk","article_publisher":"https:\/\/www.facebook.com\/pozirkonline\/","article_modified_time":"2026-03-10T12:05:06+00:00","og_image":[{"width":512,"height":512,"url":"https:\/\/pozirk.online\/wp-content\/uploads\/2023\/11\/cropped-Logo_color_512.png","type":"image\/png"}],"twitter_card":"summary_large_image","twitter_site":"@Pozirk_online","twitter_misc":{"Est. reading time":"2 minutes"},"schema":{"@context":"https:\/\/schema.org","@graph":[{"@type":"NewsArticle","@id":"https:\/\/pozirk.online\/en\/news\/127967\/#article","isPartOf":{"@id":"https:\/\/pozirk.online\/en\/news\/127967\/"},"headline":"Reprisals: exiled blogger faces 10 criminal charges in Belarus","datePublished":"2025-02-27T08:56:55+00:00","dateModified":"2026-03-10T12:05:06+00:00","mainEntityOfPage":{"@id":"https:\/\/pozirk.online\/en\/news\/127967\/"},"wordCount":287,"publisher":{"@id":"https:\/\/pozirk.online\/en\/#organization"},"image":{"@id":"https:\/\/pozirk.online\/en\/news\/127967\/#primaryimage"},"thumbnailUrl":"https:\/\/pozirk.online\/wp-content\/uploads\/2023\/11\/cropped-Logo_color_512.png","inLanguage":"en-US"},{"@type":"WebPage","@id":"https:\/\/pozirk.online\/en\/news\/127967\/","url":"https:\/\/pozirk.online\/en\/news\/127967\/","name":"Reprisals: exiled blogger faces 10 criminal charges in Belarus | Pozirk","isPartOf":{"@id":"https:\/\/pozirk.online\/en\/#website"},"primaryImageOfPage":{"@id":"https:\/\/pozirk.online\/en\/news\/127967\/#primaryimage"},"image":{"@id":"https:\/\/pozirk.online\/en\/news\/127967\/#primaryimage"},"thumbnailUrl":"https:\/\/pozirk.online\/wp-content\/uploads\/2023\/11\/cropped-Logo_color_512.png","datePublished":"2025-02-27T08:56:55+00:00","dateModified":"2026-03-10T12:05:06+00:00","description":"Briefly: Media project branded extremist group Viciebsk journalist to be tried for sharing banned content Rights groups designate 19 as political","breadcrumb":{"@id":"https:\/\/pozirk.online\/en\/news\/127967\/#breadcrumb"},"inLanguage":"en-US","potentialAction":[{"@type":"ReadAction","target":["https:\/\/pozirk.online\/en\/news\/127967\/"]}]},{"@type":"ImageObject","inLanguage":"en-US","@id":"https:\/\/pozirk.online\/en\/news\/127967\/#primaryimage","url":"https:\/\/pozirk.online\/wp-content\/uploads\/2023\/11\/cropped-Logo_color_512.png","contentUrl":"https:\/\/pozirk.online\/wp-content\/uploads\/2023\/11\/cropped-Logo_color_512.png","width":512,"height":512},{"@type":"BreadcrumbList","@id":"https:\/\/pozirk.online\/en\/news\/127967\/#breadcrumb","itemListElement":[{"@type":"ListItem","position":1,"name":"Home","item":"https:\/\/pozirk.online\/en\/"},{"@type":"ListItem","position":2,"name":"Reprisals: exiled blogger faces 10 criminal charges in Belarus"}]},{"@type":"WebSite","@id":"https:\/\/pozirk.online\/en\/#website","url":"https:\/\/pozirk.online\/en\/","name":"Pozirk","description":"","publisher":{"@id":"https:\/\/pozirk.online\/en\/#organization"},"potentialAction":[{"@type":"SearchAction","target":{"@type":"EntryPoint","urlTemplate":"https:\/\/pozirk.online\/en\/?s={search_term_string}"},"query-input":{"@type":"PropertyValueSpecification","valueRequired":true,"valueName":"search_term_string"}}],"inLanguage":"en-US"},{"@type":"Organization","@id":"https:\/\/pozirk.online\/en\/#organization","name":"Pozirk","url":"https:\/\/pozirk.online\/en\/","logo":{"@type":"ImageObject","inLanguage":"en-US","@id":"https:\/\/pozirk.online\/en\/#\/schema\/logo\/image\/","url":"https:\/\/pozirk.online\/wp-content\/uploads\/2023\/11\/cropped-Logo_color_512.png","contentUrl":"https:\/\/pozirk.online\/wp-content\/uploads\/2023\/11\/cropped-Logo_color_512.png","width":512,"height":512,"caption":"Pozirk"},"image":{"@id":"https:\/\/pozirk.online\/en\/#\/schema\/logo\/image\/"},"sameAs":["https:\/\/www.facebook.com\/pozirkonline\/","https:\/\/x.com\/Pozirk_online"]}]}},"_links":{"self":[{"href":"https:\/\/pozirk.online\/en\/wp-json\/wp\/v2\/articles\/127967","targetHints":{"allow":["GET"]}}],"collection":[{"href":"https:\/\/pozirk.online\/en\/wp-json\/wp\/v2\/articles"}],"about":[{"href":"https:\/\/pozirk.online\/en\/wp-json\/wp\/v2\/types\/articles"}],"author":[{"embeddable":true,"href":"https:\/\/pozirk.online\/en\/wp-json\/wp\/v2\/users\/84"}],"wp:featuredmedia":[{"embeddable":true,"href":"https:\/\/pozirk.online\/en\/wp-json\/wp\/v2\/media\/51935"}],"wp:attachment":[{"href":"https:\/\/pozirk.online\/en\/wp-json\/wp\/v2\/media?parent=127967"}],"wp:term":[{"taxonomy":"rubric","embeddable":true,"href":"https:\/\/pozirk.online\/en\/wp-json\/wp\/v2\/rubric?post=127967"}],"curies":[{"name":"wp","href":"https:\/\/api.w.org\/{rel}","templated":true}]}}