{"id":128119,"date":"2025-02-28T11:50:38","date_gmt":"2025-02-28T08:50:38","guid":{"rendered":"https:\/\/pozirk.online\/en\/news\/128119\/"},"modified":"2026-03-10T12:05:06","modified_gmt":"2026-03-10T12:05:06","slug":"reprisals-two-jailed-activists-face-new-trials","status":"publish","type":"articles","link":"https:\/\/pozirk.online\/en\/news\/128119\/","title":{"rendered":"Reprisals: two jailed activists face new trials"},"content":{"rendered":"\n<p><strong>Briefly: Military pundit given 10 years in prison <\/strong><\/p>\n\n\n\n<p><strong>Ukrainian journalist\u2019s social media blacklisted after critical comments on \u0141uka\u0161enka<\/strong><\/p>\n\n\n\n<p><strong>Exiled analyst may be evicted from his Minsk apartment<\/strong><\/p>\n\n\n\n<p><strong>KGB brands three jailed regime critics as terrorists<\/strong><\/p>\n\n\n\n<p><strong>Arrested journalist, five others declared political prisoners<\/strong><\/p>\n\n\n\n<p><strong>February 28, <em>Pozirk<\/em>. <\/strong>New cases of politically-motivated persecution documented in Belarus on February 27 included two trials of jailed activists for alleged misbehavior, a charge that officials routinely use to keep their opponents behind bars longer.<\/p>\n\n\n\n<p>Anarchist Alaksandar Franckievi\u010d, sentenced to 17 years and nine months, is on trial in Or\u0161a, Viciebsk region, on charges of disobeying prison authorities, the Viasna Human Rights Center said. Six months ago, he was given an additional year in prison on a similar charge after being held incommunicado for several months.<\/p>\n\n\n\n<p>Armenian Yarvand Martirosian from Viciebsk, serving a two-year prison term for insulting Alaksandar \u0141uka\u0161enka, faced a similar charge yesterday in Va\u016dkavysk, Hrodna region, Viasna said.<\/p>\n\n\n\n<p>In another development, the Strana Dlya Zhizni Foundation reported a 10-year prison sentence for Belarusian military analyst Andrej Parotnika\u016d handed down last year on five criminal charges, including high treason. Parotnika\u016d&#8217;s appeal hearing is scheduled for March 14. Right groups consider his persecution to be politically motivated.<\/p>\n\n\n\n<p>Online content<\/p>\n\n\n\n<p>A Minsk judge branded social media by prominent Ukrainian journalist Dmytro Gordon as extremist content shortly after he criticized Alaksandar \u0141uka\u0161enka, pro-government Telegram channels reported.<\/p>\n\n\n\n<p>Authorities also blacklisted Instagram pages by journalist Alena \u010carnia\u016dskaja and the Association of Political Prisoners of Belarus, five Odnoklassniki accounts and one Ukrainian Telegram channel, Viasna reported.<\/p>\n\n\n\n<p>Alaksandar Syravatka was tried in Hrodna yesterday for sharing banned content, the <em>Pravo Imeyut <\/em>Telegram channel said. The sentence remains unknown.<\/p>\n\n\n\n<p>Other cases<\/p>\n\n\n\n<p>The Committee for State Security (KGB) added Pavie\u0142 \u0160oracha\u016d, Alaksandar Sudnikovi\u010d and Anton Iljin to its list of \u201cpersons involved in terrorist activities.&#8221; They were reportedly found guilty of inciting hatred, a charge typical for politically-motivated persecution.&nbsp;&nbsp;<\/p>\n\n\n\n<p>Authorities filed a lawsuit to evict exiled pundit Siarhiej \u010ca\u0142y from his rented Minsk apartment, <em>Na\u0161a Niva<\/em> reported.<\/p>\n\n\n\n<p>Belarusian rights groups declared journalist Palina Pitkievi\u010d and five other people as political prisoners, Viasna said.<\/p>\n\n\n\n<p>As of February 28, human rights defenders identified at least 1,232 political prisoners but the real number is considerably higher because many cases go undocumented.<\/p>\n\n\n\n<div class=\"insert-block\">\n\n    <div class=\"insert-block__img\">\n        <img decoding=\"async\" width=\"354\" height=\"236\" src=\"https:\/\/pozirk.online\/wp-content\/uploads\/2024\/11\/naruchniki_pixabay-354x236.jpg\" class=\"attachment-medium size-medium\" alt=\"\" srcset=\"https:\/\/pozirk.online\/wp-content\/uploads\/2024\/11\/naruchniki_pixabay-354x236.jpg 354w, https:\/\/pozirk.online\/wp-content\/uploads\/2024\/11\/naruchniki_pixabay-734x490.jpg 734w, https:\/\/pozirk.online\/wp-content\/uploads\/2024\/11\/naruchniki_pixabay-178x118.jpg 178w, https:\/\/pozirk.online\/wp-content\/uploads\/2024\/11\/naruchniki_pixabay-768x512.jpg 768w, https:\/\/pozirk.online\/wp-content\/uploads\/2024\/11\/naruchniki_pixabay.jpg 1128w\" sizes=\"(max-width: 354px) 100vw, 354px\" \/>                        <label class=\"insert-block__tag--mobile\"> \u041f\u043e\u043b\u0438\u0442\u0438\u043a\u0430<\/label>\n\n                <\/div>\n    <div class=\"insert-block__text\">\n                    <label class=\"insert-block__tag\">\u041f\u043e\u043b\u0438\u0442\u0438\u043a\u0430<\/label>\n                <h3 class=\"insert-block__title\">Opposition leader sounds alarm over Minsk\u2019s crackdown on nonprofits<\/h3>\n        <div class=\"insert-block__descr\">February 27, Pozirk. Minsk&#039;s crackdown on civil society and public initiatives deprived thousands of Belarusians of crucial assistance, Belarusian opposition leader \u015aviat\u0142ana Cichano\u016dskaja has said on World NGO Day. \u201cCivil society has always been at the heart of Belarus,&quot; the &#8230;<\/div>\n        <a class=\"insert-block__btn-block\" href=\"\/en\/news\/127996\">\n            <button class=\"btn\">\n                <div class='btn__text'>Read the article<\/div>\n            <\/button>\n        <\/a>\n    <\/div>\n<\/div>","protected":false},"excerpt":{"rendered":"<p>Briefly: Military pundit given 10 years in prison Ukrainian journalist\u2019s social media blacklisted after critical comments on \u0141uka\u0161enka Exiled analyst may be evicted from his Minsk apartment KGB brands three jailed regime critics as terrorists Arrested journalist, five others declared political prisoners February 28, Pozirk. New cases of politically-motivated persecution documented in Belarus on February [&hellip;]<\/p>\n","protected":false},"author":84,"featured_media":63993,"template":"","rubric":[16,15],"class_list":["post-128119","articles","type-articles","status-publish","has-post-thumbnail","hentry","rubric-politics","rubric-society"],"acf":[],"yoast_head":"<!-- This site is optimized with the Yoast SEO plugin v25.5 - https:\/\/yoast.com\/wordpress\/plugins\/seo\/ -->\n<title>Reprisals: two jailed activists face new trials | Pozirk<\/title>\n<meta name=\"description\" content=\"Briefly: Military pundit given 10 years in prison Ukrainian journalist\u2019s social media blacklisted after critical comments on \u0141uka\u0161enka Exiled analyst may\" \/>\n<meta name=\"robots\" content=\"index, follow, max-snippet:-1, max-image-preview:large, max-video-preview:-1\" \/>\n<link rel=\"canonical\" href=\"https:\/\/pozirk.online\/en\/news\/128119\/\" \/>\n<meta property=\"og:locale\" content=\"en_US\" \/>\n<meta property=\"og:type\" content=\"article\" \/>\n<meta property=\"og:title\" content=\"Reprisals: two jailed activists face new trials | Pozirk\" \/>\n<meta property=\"og:description\" content=\"Briefly: Military pundit given 10 years in prison Ukrainian journalist\u2019s social media blacklisted after critical comments on \u0141uka\u0161enka Exiled analyst may\" \/>\n<meta property=\"og:url\" content=\"https:\/\/pozirk.online\/en\/news\/128119\/\" \/>\n<meta property=\"og:site_name\" content=\"Pozirk\" \/>\n<meta property=\"article:publisher\" content=\"https:\/\/www.facebook.com\/pozirkonline\/\" \/>\n<meta property=\"article:modified_time\" content=\"2026-03-10T12:05:06+00:00\" \/>\n<meta property=\"og:image\" content=\"https:\/\/pozirk.online\/wp-content\/uploads\/2024\/01\/pozirk_color_blank_1128x752.jpg\" \/>\n\t<meta property=\"og:image:width\" content=\"1128\" \/>\n\t<meta property=\"og:image:height\" content=\"752\" \/>\n\t<meta property=\"og:image:type\" content=\"image\/jpeg\" \/>\n<meta name=\"twitter:card\" content=\"summary_large_image\" \/>\n<meta name=\"twitter:site\" content=\"@Pozirk_online\" \/>\n<meta name=\"twitter:label1\" content=\"Est. reading time\" \/>\n\t<meta name=\"twitter:data1\" content=\"3 minutes\" \/>\n<script type=\"application\/ld+json\" class=\"yoast-schema-graph\">{\"@context\":\"https:\/\/schema.org\",\"@graph\":[{\"@type\":\"NewsArticle\",\"@id\":\"https:\/\/pozirk.online\/en\/news\/128119\/#article\",\"isPartOf\":{\"@id\":\"https:\/\/pozirk.online\/en\/news\/128119\/\"},\"headline\":\"Reprisals: two jailed activists face new trials\",\"datePublished\":\"2025-02-28T08:50:38+00:00\",\"dateModified\":\"2026-03-10T12:05:06+00:00\",\"mainEntityOfPage\":{\"@id\":\"https:\/\/pozirk.online\/en\/news\/128119\/\"},\"wordCount\":386,\"publisher\":{\"@id\":\"https:\/\/pozirk.online\/en\/#organization\"},\"image\":{\"@id\":\"https:\/\/pozirk.online\/en\/news\/128119\/#primaryimage\"},\"thumbnailUrl\":\"https:\/\/pozirk.online\/wp-content\/uploads\/2024\/01\/pozirk_color_blank_1128x752.jpg\",\"inLanguage\":\"en-US\"},{\"@type\":\"WebPage\",\"@id\":\"https:\/\/pozirk.online\/en\/news\/128119\/\",\"url\":\"https:\/\/pozirk.online\/en\/news\/128119\/\",\"name\":\"Reprisals: two jailed activists face new trials | Pozirk\",\"isPartOf\":{\"@id\":\"https:\/\/pozirk.online\/en\/#website\"},\"primaryImageOfPage\":{\"@id\":\"https:\/\/pozirk.online\/en\/news\/128119\/#primaryimage\"},\"image\":{\"@id\":\"https:\/\/pozirk.online\/en\/news\/128119\/#primaryimage\"},\"thumbnailUrl\":\"https:\/\/pozirk.online\/wp-content\/uploads\/2024\/01\/pozirk_color_blank_1128x752.jpg\",\"datePublished\":\"2025-02-28T08:50:38+00:00\",\"dateModified\":\"2026-03-10T12:05:06+00:00\",\"description\":\"Briefly: Military pundit given 10 years in prison Ukrainian journalist\u2019s social media blacklisted after critical comments on \u0141uka\u0161enka Exiled analyst may\",\"breadcrumb\":{\"@id\":\"https:\/\/pozirk.online\/en\/news\/128119\/#breadcrumb\"},\"inLanguage\":\"en-US\",\"potentialAction\":[{\"@type\":\"ReadAction\",\"target\":[\"https:\/\/pozirk.online\/en\/news\/128119\/\"]}]},{\"@type\":\"ImageObject\",\"inLanguage\":\"en-US\",\"@id\":\"https:\/\/pozirk.online\/en\/news\/128119\/#primaryimage\",\"url\":\"https:\/\/pozirk.online\/wp-content\/uploads\/2024\/01\/pozirk_color_blank_1128x752.jpg\",\"contentUrl\":\"https:\/\/pozirk.online\/wp-content\/uploads\/2024\/01\/pozirk_color_blank_1128x752.jpg\",\"width\":1128,\"height\":752},{\"@type\":\"BreadcrumbList\",\"@id\":\"https:\/\/pozirk.online\/en\/news\/128119\/#breadcrumb\",\"itemListElement\":[{\"@type\":\"ListItem\",\"position\":1,\"name\":\"Home\",\"item\":\"https:\/\/pozirk.online\/en\/\"},{\"@type\":\"ListItem\",\"position\":2,\"name\":\"Reprisals: two jailed activists face new trials\"}]},{\"@type\":\"WebSite\",\"@id\":\"https:\/\/pozirk.online\/en\/#website\",\"url\":\"https:\/\/pozirk.online\/en\/\",\"name\":\"Pozirk\",\"description\":\"\",\"publisher\":{\"@id\":\"https:\/\/pozirk.online\/en\/#organization\"},\"potentialAction\":[{\"@type\":\"SearchAction\",\"target\":{\"@type\":\"EntryPoint\",\"urlTemplate\":\"https:\/\/pozirk.online\/en\/?s={search_term_string}\"},\"query-input\":{\"@type\":\"PropertyValueSpecification\",\"valueRequired\":true,\"valueName\":\"search_term_string\"}}],\"inLanguage\":\"en-US\"},{\"@type\":\"Organization\",\"@id\":\"https:\/\/pozirk.online\/en\/#organization\",\"name\":\"Pozirk\",\"url\":\"https:\/\/pozirk.online\/en\/\",\"logo\":{\"@type\":\"ImageObject\",\"inLanguage\":\"en-US\",\"@id\":\"https:\/\/pozirk.online\/en\/#\/schema\/logo\/image\/\",\"url\":\"https:\/\/pozirk.online\/wp-content\/uploads\/2023\/11\/cropped-Logo_color_512.png\",\"contentUrl\":\"https:\/\/pozirk.online\/wp-content\/uploads\/2023\/11\/cropped-Logo_color_512.png\",\"width\":512,\"height\":512,\"caption\":\"Pozirk\"},\"image\":{\"@id\":\"https:\/\/pozirk.online\/en\/#\/schema\/logo\/image\/\"},\"sameAs\":[\"https:\/\/www.facebook.com\/pozirkonline\/\",\"https:\/\/x.com\/Pozirk_online\"]}]}<\/script>\n<!-- \/ Yoast SEO plugin. -->","yoast_head_json":{"title":"Reprisals: two jailed activists face new trials | Pozirk","description":"Briefly: Military pundit given 10 years in prison Ukrainian journalist\u2019s social media blacklisted after critical comments on \u0141uka\u0161enka Exiled analyst may","robots":{"index":"index","follow":"follow","max-snippet":"max-snippet:-1","max-image-preview":"max-image-preview:large","max-video-preview":"max-video-preview:-1"},"canonical":"https:\/\/pozirk.online\/en\/news\/128119\/","og_locale":"en_US","og_type":"article","og_title":"Reprisals: two jailed activists face new trials | Pozirk","og_description":"Briefly: Military pundit given 10 years in prison Ukrainian journalist\u2019s social media blacklisted after critical comments on \u0141uka\u0161enka Exiled analyst may","og_url":"https:\/\/pozirk.online\/en\/news\/128119\/","og_site_name":"Pozirk","article_publisher":"https:\/\/www.facebook.com\/pozirkonline\/","article_modified_time":"2026-03-10T12:05:06+00:00","og_image":[{"width":1128,"height":752,"url":"https:\/\/pozirk.online\/wp-content\/uploads\/2024\/01\/pozirk_color_blank_1128x752.jpg","type":"image\/jpeg"}],"twitter_card":"summary_large_image","twitter_site":"@Pozirk_online","twitter_misc":{"Est. reading time":"3 minutes"},"schema":{"@context":"https:\/\/schema.org","@graph":[{"@type":"NewsArticle","@id":"https:\/\/pozirk.online\/en\/news\/128119\/#article","isPartOf":{"@id":"https:\/\/pozirk.online\/en\/news\/128119\/"},"headline":"Reprisals: two jailed activists face new trials","datePublished":"2025-02-28T08:50:38+00:00","dateModified":"2026-03-10T12:05:06+00:00","mainEntityOfPage":{"@id":"https:\/\/pozirk.online\/en\/news\/128119\/"},"wordCount":386,"publisher":{"@id":"https:\/\/pozirk.online\/en\/#organization"},"image":{"@id":"https:\/\/pozirk.online\/en\/news\/128119\/#primaryimage"},"thumbnailUrl":"https:\/\/pozirk.online\/wp-content\/uploads\/2024\/01\/pozirk_color_blank_1128x752.jpg","inLanguage":"en-US"},{"@type":"WebPage","@id":"https:\/\/pozirk.online\/en\/news\/128119\/","url":"https:\/\/pozirk.online\/en\/news\/128119\/","name":"Reprisals: two jailed activists face new trials | Pozirk","isPartOf":{"@id":"https:\/\/pozirk.online\/en\/#website"},"primaryImageOfPage":{"@id":"https:\/\/pozirk.online\/en\/news\/128119\/#primaryimage"},"image":{"@id":"https:\/\/pozirk.online\/en\/news\/128119\/#primaryimage"},"thumbnailUrl":"https:\/\/pozirk.online\/wp-content\/uploads\/2024\/01\/pozirk_color_blank_1128x752.jpg","datePublished":"2025-02-28T08:50:38+00:00","dateModified":"2026-03-10T12:05:06+00:00","description":"Briefly: Military pundit given 10 years in prison Ukrainian journalist\u2019s social media blacklisted after critical comments on \u0141uka\u0161enka Exiled analyst may","breadcrumb":{"@id":"https:\/\/pozirk.online\/en\/news\/128119\/#breadcrumb"},"inLanguage":"en-US","potentialAction":[{"@type":"ReadAction","target":["https:\/\/pozirk.online\/en\/news\/128119\/"]}]},{"@type":"ImageObject","inLanguage":"en-US","@id":"https:\/\/pozirk.online\/en\/news\/128119\/#primaryimage","url":"https:\/\/pozirk.online\/wp-content\/uploads\/2024\/01\/pozirk_color_blank_1128x752.jpg","contentUrl":"https:\/\/pozirk.online\/wp-content\/uploads\/2024\/01\/pozirk_color_blank_1128x752.jpg","width":1128,"height":752},{"@type":"BreadcrumbList","@id":"https:\/\/pozirk.online\/en\/news\/128119\/#breadcrumb","itemListElement":[{"@type":"ListItem","position":1,"name":"Home","item":"https:\/\/pozirk.online\/en\/"},{"@type":"ListItem","position":2,"name":"Reprisals: two jailed activists face new trials"}]},{"@type":"WebSite","@id":"https:\/\/pozirk.online\/en\/#website","url":"https:\/\/pozirk.online\/en\/","name":"Pozirk","description":"","publisher":{"@id":"https:\/\/pozirk.online\/en\/#organization"},"potentialAction":[{"@type":"SearchAction","target":{"@type":"EntryPoint","urlTemplate":"https:\/\/pozirk.online\/en\/?s={search_term_string}"},"query-input":{"@type":"PropertyValueSpecification","valueRequired":true,"valueName":"search_term_string"}}],"inLanguage":"en-US"},{"@type":"Organization","@id":"https:\/\/pozirk.online\/en\/#organization","name":"Pozirk","url":"https:\/\/pozirk.online\/en\/","logo":{"@type":"ImageObject","inLanguage":"en-US","@id":"https:\/\/pozirk.online\/en\/#\/schema\/logo\/image\/","url":"https:\/\/pozirk.online\/wp-content\/uploads\/2023\/11\/cropped-Logo_color_512.png","contentUrl":"https:\/\/pozirk.online\/wp-content\/uploads\/2023\/11\/cropped-Logo_color_512.png","width":512,"height":512,"caption":"Pozirk"},"image":{"@id":"https:\/\/pozirk.online\/en\/#\/schema\/logo\/image\/"},"sameAs":["https:\/\/www.facebook.com\/pozirkonline\/","https:\/\/x.com\/Pozirk_online"]}]}},"_links":{"self":[{"href":"https:\/\/pozirk.online\/en\/wp-json\/wp\/v2\/articles\/128119","targetHints":{"allow":["GET"]}}],"collection":[{"href":"https:\/\/pozirk.online\/en\/wp-json\/wp\/v2\/articles"}],"about":[{"href":"https:\/\/pozirk.online\/en\/wp-json\/wp\/v2\/types\/articles"}],"author":[{"embeddable":true,"href":"https:\/\/pozirk.online\/en\/wp-json\/wp\/v2\/users\/84"}],"wp:featuredmedia":[{"embeddable":true,"href":"https:\/\/pozirk.online\/en\/wp-json\/wp\/v2\/media\/63993"}],"wp:attachment":[{"href":"https:\/\/pozirk.online\/en\/wp-json\/wp\/v2\/media?parent=128119"}],"wp:term":[{"taxonomy":"rubric","embeddable":true,"href":"https:\/\/pozirk.online\/en\/wp-json\/wp\/v2\/rubric?post=128119"}],"curies":[{"name":"wp","href":"https:\/\/api.w.org\/{rel}","templated":true}]}}