{"id":128138,"date":"2025-02-28T14:05:09","date_gmt":"2025-02-28T11:05:09","guid":{"rendered":"https:\/\/pozirk.online\/en\/news\/128138\/"},"modified":"2026-03-10T12:05:06","modified_gmt":"2026-03-10T12:05:06","slug":"interior-ministry-brands-21-people-as-extremists-2","status":"publish","type":"articles","link":"https:\/\/pozirk.online\/en\/news\/128138\/","title":{"rendered":"Interior ministry brands 21 people as extremists"},"content":{"rendered":"\n<figure class=\"block-image block-image-normal\">\n\n  <img decoding=\"async\" width=\"775\" height=\"550\" src=\"https:\/\/pozirk.online\/wp-content\/uploads\/2024\/05\/repressii_pixabay.jpg\" class=\"attachment-full size-full\" alt=\"\" srcset=\"https:\/\/pozirk.online\/wp-content\/uploads\/2024\/05\/repressii_pixabay.jpg 775w, https:\/\/pozirk.online\/wp-content\/uploads\/2024\/05\/repressii_pixabay-333x236.jpg 333w, https:\/\/pozirk.online\/wp-content\/uploads\/2024\/05\/repressii_pixabay-690x490.jpg 690w, https:\/\/pozirk.online\/wp-content\/uploads\/2024\/05\/repressii_pixabay-768x545.jpg 768w\" sizes=\"(max-width: 775px) 100vw, 775px\" \/>\n  <figcaption>\n  \n       <div class=\"block-image__author\">\n                <span>(pixabay.com)<\/span>\n    <\/div>\n     <\/figcaption>\n<\/figure>\n\n\n\n<p><strong>February 28, <em>Pozirk<\/em>.<\/strong> The interior ministry has added 21 new names to the list of \u201cpersons involved in extremist activities,\u201d taking the total of entries to 4,990, its website says.<\/p>\n\n\n\n<p>All blacklisted persons were convicted on charges that authorities use to persecute political opponents. Rights groups added Anatol Krupin, Iosif Duleba, Juryj Piskunovi\u010d and Ihar Kuza\u016dka to their list of political prisoners.<\/p>\n\n\n\n<p>Additions also feature U\u0142adzis\u0142a\u016d Zinkievi\u010d, Ja\u016dhien Bacianko\u016dski, Siarhiej Sandaluk, An\u017eela Sandaluk, Viktar Lemia\u0161e\u016dski and Anton Nievar, convicted of violent disorder in connection with peaceful protests that followed the 2020 presidential election. Piotr Filipovi\u010d is serving a prison term for inciting hatred and insulting Alaksandar \u0141uka\u0161enka.<\/p>\n\n\n\n<p>Criminal records of Iryna Ksenafontava, Aleh Sudnikovi\u010d, Dzianis Ko\u016d\u0161yk, Ra\u015bcis\u0142a\u016d Jakovi\u010d, Ivan Ply\u0161e\u016dski, Ta\u0107ciana Pilak, Viera Dzianisava, Juryj Vajni\u0142a, Andrej Prychod\u017aka and Ta\u0107ciana Vasiljeva have not been expunged, which may mean they are serving non-custodial sentences.<\/p>\n\n\n\n<p>People placed on the list of individuals involved in extremist activities are banned from any education- and publishing-related activity, as well as from holding state positions and from doing military service, for five years after completing their sentences or after the related conviction is deleted from the criminal record.<\/p>\n\n\n\n<p>Their financial transactions are subject to close monitoring.<\/p>\n\n\n\n<div class=\"insert-block\">\n\n    <div class=\"insert-block__img\">\n        <img decoding=\"async\" width=\"354\" height=\"236\" src=\"https:\/\/pozirk.online\/wp-content\/uploads\/2024\/01\/pozirk_color_blank_1128x752-354x236.jpg\" class=\"attachment-medium size-medium\" alt=\"\" srcset=\"https:\/\/pozirk.online\/wp-content\/uploads\/2024\/01\/pozirk_color_blank_1128x752-354x236.jpg 354w, https:\/\/pozirk.online\/wp-content\/uploads\/2024\/01\/pozirk_color_blank_1128x752-734x490.jpg 734w, https:\/\/pozirk.online\/wp-content\/uploads\/2024\/01\/pozirk_color_blank_1128x752-178x118.jpg 178w, https:\/\/pozirk.online\/wp-content\/uploads\/2024\/01\/pozirk_color_blank_1128x752-768x512.jpg 768w, https:\/\/pozirk.online\/wp-content\/uploads\/2024\/01\/pozirk_color_blank_1128x752.jpg 1128w\" sizes=\"(max-width: 354px) 100vw, 354px\" \/>                        <label class=\"insert-block__tag--mobile\"> \u041f\u043e\u043b\u0438\u0442\u0438\u043a\u0430<\/label>\n\n                <\/div>\n    <div class=\"insert-block__text\">\n                    <label class=\"insert-block__tag\">\u041f\u043e\u043b\u0438\u0442\u0438\u043a\u0430<\/label>\n                <h3 class=\"insert-block__title\">KGB adds three prisoners to terrorist list<\/h3>\n        <div class=\"insert-block__descr\">February 27, Pozirk. Belarus\u2019 Committee for State Security (KGB) has included three people in the list of \u201cpersons involved in terrorist activities,\u201d according to the agency\u2019s Telegram channel. It names them as Pavie\u0142 \u0160oracha\u016d, Alaksandar Sudnikovi\u010d and Anton Ilin. Belarusian &#8230;<\/div>\n        <a class=\"insert-block__btn-block\" href=\"\/en\/news\/128040\">\n            <button class=\"btn\">\n                <div class='btn__text'>Read the article<\/div>\n            <\/button>\n        <\/a>\n    <\/div>\n<\/div>","protected":false},"excerpt":{"rendered":"<p>February 28, Pozirk. The interior ministry has added 21 new names to the list of \u201cpersons involved in extremist activities,\u201d taking the total of entries to 4,990, its website says. All blacklisted persons were convicted on charges that authorities use to persecute political opponents. Rights groups added Anatol Krupin, Iosif Duleba, Juryj Piskunovi\u010d and Ihar [&hellip;]<\/p>\n","protected":false},"author":84,"featured_media":87832,"template":"","rubric":[14],"class_list":["post-128138","articles","type-articles","status-publish","has-post-thumbnail","hentry","rubric-politics"],"acf":[],"yoast_head":"<!-- This site is optimized with the Yoast SEO plugin v25.5 - https:\/\/yoast.com\/wordpress\/plugins\/seo\/ -->\n<title>Interior ministry brands 21 people as extremists | Pozirk<\/title>\n<meta name=\"description\" content=\"February 28, Pozirk. The interior ministry has added 21 new names to the list of \u201cpersons involved in extremist activities,\u201d taking the total of entries\" \/>\n<meta name=\"robots\" content=\"index, follow, max-snippet:-1, max-image-preview:large, max-video-preview:-1\" \/>\n<link rel=\"canonical\" href=\"https:\/\/pozirk.online\/en\/news\/128138\/\" \/>\n<meta property=\"og:locale\" content=\"en_US\" \/>\n<meta property=\"og:type\" content=\"article\" \/>\n<meta property=\"og:title\" content=\"Interior ministry brands 21 people as extremists | Pozirk\" \/>\n<meta property=\"og:description\" content=\"February 28, Pozirk. The interior ministry has added 21 new names to the list of \u201cpersons involved in extremist activities,\u201d taking the total of entries\" \/>\n<meta property=\"og:url\" content=\"https:\/\/pozirk.online\/en\/news\/128138\/\" \/>\n<meta property=\"og:site_name\" content=\"Pozirk\" \/>\n<meta property=\"article:publisher\" content=\"https:\/\/www.facebook.com\/pozirkonline\/\" \/>\n<meta property=\"article:modified_time\" content=\"2026-03-10T12:05:06+00:00\" \/>\n<meta property=\"og:image\" content=\"https:\/\/pozirk.online\/wp-content\/uploads\/2024\/05\/repressii_pixabay.jpg\" \/>\n\t<meta property=\"og:image:width\" content=\"775\" \/>\n\t<meta property=\"og:image:height\" content=\"550\" \/>\n\t<meta property=\"og:image:type\" content=\"image\/jpeg\" \/>\n<meta name=\"twitter:card\" content=\"summary_large_image\" \/>\n<meta name=\"twitter:site\" content=\"@Pozirk_online\" \/>\n<meta name=\"twitter:label1\" content=\"Est. reading time\" \/>\n\t<meta name=\"twitter:data1\" content=\"2 minutes\" \/>\n<script type=\"application\/ld+json\" class=\"yoast-schema-graph\">{\"@context\":\"https:\/\/schema.org\",\"@graph\":[{\"@type\":\"NewsArticle\",\"@id\":\"https:\/\/pozirk.online\/en\/news\/128138\/#article\",\"isPartOf\":{\"@id\":\"https:\/\/pozirk.online\/en\/news\/128138\/\"},\"headline\":\"Interior ministry brands 21 people as extremists\",\"datePublished\":\"2025-02-28T11:05:09+00:00\",\"dateModified\":\"2026-03-10T12:05:06+00:00\",\"mainEntityOfPage\":{\"@id\":\"https:\/\/pozirk.online\/en\/news\/128138\/\"},\"wordCount\":220,\"publisher\":{\"@id\":\"https:\/\/pozirk.online\/en\/#organization\"},\"image\":{\"@id\":\"https:\/\/pozirk.online\/en\/news\/128138\/#primaryimage\"},\"thumbnailUrl\":\"https:\/\/pozirk.online\/wp-content\/uploads\/2024\/05\/repressii_pixabay.jpg\",\"inLanguage\":\"en-US\"},{\"@type\":\"WebPage\",\"@id\":\"https:\/\/pozirk.online\/en\/news\/128138\/\",\"url\":\"https:\/\/pozirk.online\/en\/news\/128138\/\",\"name\":\"Interior ministry brands 21 people as extremists | Pozirk\",\"isPartOf\":{\"@id\":\"https:\/\/pozirk.online\/en\/#website\"},\"primaryImageOfPage\":{\"@id\":\"https:\/\/pozirk.online\/en\/news\/128138\/#primaryimage\"},\"image\":{\"@id\":\"https:\/\/pozirk.online\/en\/news\/128138\/#primaryimage\"},\"thumbnailUrl\":\"https:\/\/pozirk.online\/wp-content\/uploads\/2024\/05\/repressii_pixabay.jpg\",\"datePublished\":\"2025-02-28T11:05:09+00:00\",\"dateModified\":\"2026-03-10T12:05:06+00:00\",\"description\":\"February 28, Pozirk. The interior ministry has added 21 new names to the list of \u201cpersons involved in extremist activities,\u201d taking the total of entries\",\"breadcrumb\":{\"@id\":\"https:\/\/pozirk.online\/en\/news\/128138\/#breadcrumb\"},\"inLanguage\":\"en-US\",\"potentialAction\":[{\"@type\":\"ReadAction\",\"target\":[\"https:\/\/pozirk.online\/en\/news\/128138\/\"]}]},{\"@type\":\"ImageObject\",\"inLanguage\":\"en-US\",\"@id\":\"https:\/\/pozirk.online\/en\/news\/128138\/#primaryimage\",\"url\":\"https:\/\/pozirk.online\/wp-content\/uploads\/2024\/05\/repressii_pixabay.jpg\",\"contentUrl\":\"https:\/\/pozirk.online\/wp-content\/uploads\/2024\/05\/repressii_pixabay.jpg\",\"width\":775,\"height\":550},{\"@type\":\"BreadcrumbList\",\"@id\":\"https:\/\/pozirk.online\/en\/news\/128138\/#breadcrumb\",\"itemListElement\":[{\"@type\":\"ListItem\",\"position\":1,\"name\":\"Home\",\"item\":\"https:\/\/pozirk.online\/en\/\"},{\"@type\":\"ListItem\",\"position\":2,\"name\":\"Interior ministry brands 21 people as extremists\"}]},{\"@type\":\"WebSite\",\"@id\":\"https:\/\/pozirk.online\/en\/#website\",\"url\":\"https:\/\/pozirk.online\/en\/\",\"name\":\"Pozirk\",\"description\":\"\",\"publisher\":{\"@id\":\"https:\/\/pozirk.online\/en\/#organization\"},\"potentialAction\":[{\"@type\":\"SearchAction\",\"target\":{\"@type\":\"EntryPoint\",\"urlTemplate\":\"https:\/\/pozirk.online\/en\/?s={search_term_string}\"},\"query-input\":{\"@type\":\"PropertyValueSpecification\",\"valueRequired\":true,\"valueName\":\"search_term_string\"}}],\"inLanguage\":\"en-US\"},{\"@type\":\"Organization\",\"@id\":\"https:\/\/pozirk.online\/en\/#organization\",\"name\":\"Pozirk\",\"url\":\"https:\/\/pozirk.online\/en\/\",\"logo\":{\"@type\":\"ImageObject\",\"inLanguage\":\"en-US\",\"@id\":\"https:\/\/pozirk.online\/en\/#\/schema\/logo\/image\/\",\"url\":\"https:\/\/pozirk.online\/wp-content\/uploads\/2023\/11\/cropped-Logo_color_512.png\",\"contentUrl\":\"https:\/\/pozirk.online\/wp-content\/uploads\/2023\/11\/cropped-Logo_color_512.png\",\"width\":512,\"height\":512,\"caption\":\"Pozirk\"},\"image\":{\"@id\":\"https:\/\/pozirk.online\/en\/#\/schema\/logo\/image\/\"},\"sameAs\":[\"https:\/\/www.facebook.com\/pozirkonline\/\",\"https:\/\/x.com\/Pozirk_online\"]}]}<\/script>\n<!-- \/ Yoast SEO plugin. -->","yoast_head_json":{"title":"Interior ministry brands 21 people as extremists | Pozirk","description":"February 28, Pozirk. The interior ministry has added 21 new names to the list of \u201cpersons involved in extremist activities,\u201d taking the total of entries","robots":{"index":"index","follow":"follow","max-snippet":"max-snippet:-1","max-image-preview":"max-image-preview:large","max-video-preview":"max-video-preview:-1"},"canonical":"https:\/\/pozirk.online\/en\/news\/128138\/","og_locale":"en_US","og_type":"article","og_title":"Interior ministry brands 21 people as extremists | Pozirk","og_description":"February 28, Pozirk. The interior ministry has added 21 new names to the list of \u201cpersons involved in extremist activities,\u201d taking the total of entries","og_url":"https:\/\/pozirk.online\/en\/news\/128138\/","og_site_name":"Pozirk","article_publisher":"https:\/\/www.facebook.com\/pozirkonline\/","article_modified_time":"2026-03-10T12:05:06+00:00","og_image":[{"width":775,"height":550,"url":"https:\/\/pozirk.online\/wp-content\/uploads\/2024\/05\/repressii_pixabay.jpg","type":"image\/jpeg"}],"twitter_card":"summary_large_image","twitter_site":"@Pozirk_online","twitter_misc":{"Est. reading time":"2 minutes"},"schema":{"@context":"https:\/\/schema.org","@graph":[{"@type":"NewsArticle","@id":"https:\/\/pozirk.online\/en\/news\/128138\/#article","isPartOf":{"@id":"https:\/\/pozirk.online\/en\/news\/128138\/"},"headline":"Interior ministry brands 21 people as extremists","datePublished":"2025-02-28T11:05:09+00:00","dateModified":"2026-03-10T12:05:06+00:00","mainEntityOfPage":{"@id":"https:\/\/pozirk.online\/en\/news\/128138\/"},"wordCount":220,"publisher":{"@id":"https:\/\/pozirk.online\/en\/#organization"},"image":{"@id":"https:\/\/pozirk.online\/en\/news\/128138\/#primaryimage"},"thumbnailUrl":"https:\/\/pozirk.online\/wp-content\/uploads\/2024\/05\/repressii_pixabay.jpg","inLanguage":"en-US"},{"@type":"WebPage","@id":"https:\/\/pozirk.online\/en\/news\/128138\/","url":"https:\/\/pozirk.online\/en\/news\/128138\/","name":"Interior ministry brands 21 people as extremists | Pozirk","isPartOf":{"@id":"https:\/\/pozirk.online\/en\/#website"},"primaryImageOfPage":{"@id":"https:\/\/pozirk.online\/en\/news\/128138\/#primaryimage"},"image":{"@id":"https:\/\/pozirk.online\/en\/news\/128138\/#primaryimage"},"thumbnailUrl":"https:\/\/pozirk.online\/wp-content\/uploads\/2024\/05\/repressii_pixabay.jpg","datePublished":"2025-02-28T11:05:09+00:00","dateModified":"2026-03-10T12:05:06+00:00","description":"February 28, Pozirk. The interior ministry has added 21 new names to the list of \u201cpersons involved in extremist activities,\u201d taking the total of entries","breadcrumb":{"@id":"https:\/\/pozirk.online\/en\/news\/128138\/#breadcrumb"},"inLanguage":"en-US","potentialAction":[{"@type":"ReadAction","target":["https:\/\/pozirk.online\/en\/news\/128138\/"]}]},{"@type":"ImageObject","inLanguage":"en-US","@id":"https:\/\/pozirk.online\/en\/news\/128138\/#primaryimage","url":"https:\/\/pozirk.online\/wp-content\/uploads\/2024\/05\/repressii_pixabay.jpg","contentUrl":"https:\/\/pozirk.online\/wp-content\/uploads\/2024\/05\/repressii_pixabay.jpg","width":775,"height":550},{"@type":"BreadcrumbList","@id":"https:\/\/pozirk.online\/en\/news\/128138\/#breadcrumb","itemListElement":[{"@type":"ListItem","position":1,"name":"Home","item":"https:\/\/pozirk.online\/en\/"},{"@type":"ListItem","position":2,"name":"Interior ministry brands 21 people as extremists"}]},{"@type":"WebSite","@id":"https:\/\/pozirk.online\/en\/#website","url":"https:\/\/pozirk.online\/en\/","name":"Pozirk","description":"","publisher":{"@id":"https:\/\/pozirk.online\/en\/#organization"},"potentialAction":[{"@type":"SearchAction","target":{"@type":"EntryPoint","urlTemplate":"https:\/\/pozirk.online\/en\/?s={search_term_string}"},"query-input":{"@type":"PropertyValueSpecification","valueRequired":true,"valueName":"search_term_string"}}],"inLanguage":"en-US"},{"@type":"Organization","@id":"https:\/\/pozirk.online\/en\/#organization","name":"Pozirk","url":"https:\/\/pozirk.online\/en\/","logo":{"@type":"ImageObject","inLanguage":"en-US","@id":"https:\/\/pozirk.online\/en\/#\/schema\/logo\/image\/","url":"https:\/\/pozirk.online\/wp-content\/uploads\/2023\/11\/cropped-Logo_color_512.png","contentUrl":"https:\/\/pozirk.online\/wp-content\/uploads\/2023\/11\/cropped-Logo_color_512.png","width":512,"height":512,"caption":"Pozirk"},"image":{"@id":"https:\/\/pozirk.online\/en\/#\/schema\/logo\/image\/"},"sameAs":["https:\/\/www.facebook.com\/pozirkonline\/","https:\/\/x.com\/Pozirk_online"]}]}},"_links":{"self":[{"href":"https:\/\/pozirk.online\/en\/wp-json\/wp\/v2\/articles\/128138","targetHints":{"allow":["GET"]}}],"collection":[{"href":"https:\/\/pozirk.online\/en\/wp-json\/wp\/v2\/articles"}],"about":[{"href":"https:\/\/pozirk.online\/en\/wp-json\/wp\/v2\/types\/articles"}],"author":[{"embeddable":true,"href":"https:\/\/pozirk.online\/en\/wp-json\/wp\/v2\/users\/84"}],"wp:featuredmedia":[{"embeddable":true,"href":"https:\/\/pozirk.online\/en\/wp-json\/wp\/v2\/media\/87832"}],"wp:attachment":[{"href":"https:\/\/pozirk.online\/en\/wp-json\/wp\/v2\/media?parent=128138"}],"wp:term":[{"taxonomy":"rubric","embeddable":true,"href":"https:\/\/pozirk.online\/en\/wp-json\/wp\/v2\/rubric?post=128138"}],"curies":[{"name":"wp","href":"https:\/\/api.w.org\/{rel}","templated":true}]}}