{"id":128565,"date":"2025-03-04T15:02:21","date_gmt":"2025-03-04T12:02:21","guid":{"rendered":"https:\/\/pozirk.online\/en\/news\/128565\/"},"modified":"2026-03-10T12:05:06","modified_gmt":"2026-03-10T12:05:06","slug":"opposition-leader-calls-for-support-to-exiled-belarusians-in-florence","status":"publish","type":"articles","link":"https:\/\/pozirk.online\/en\/news\/128565\/","title":{"rendered":"Opposition leader calls for support to exiled Belarusians in Italy"},"content":{"rendered":"\n<p><strong>March 4, <em>Pozirk<\/em>. <\/strong>Belarusian opposition leader \u015aviat\u0142ana Cichano\u016dskaja who arrived in Italy yesterday has met Sara Funaro, the mayor of Florence, to discuss support to exiled Belarusians, her aide Franak Via\u010dorka told <em>Pozirk<\/em>.<\/p>\n\n\n\n<p>The politician suggested opening a shelter in Florence for Belarusians who fled their country fearing politically-motivated reprisals. &#8220;The first weeks and months abroad are the hardest, I know this from my own experience as a single mother of two children in exile. I hope that this project will become reality soon,&#8221; she said.<\/p>\n\n\n\n<p>Cichano\u016dskaja also lobbied for funding opportunities for Belarusian artists and students who face persecution in Belarus for participating in 2020 postelection protests and opposing Russia\u2019s war on Ukraine.<\/p>\n\n\n\n<p>Funaro awarded Cichano\u016dskaja Florence&#8217;s Seal of Peace for promoting peace and freedom.<\/p>\n\n\n\n<p>The Belarusian politician&#8217;s visit to Italy will feature an address to the second meeting of parliamentary groups from 20 countries that support democracy in Belarus on March 6 in Rome. Their first meeting took place in 2023 in Germany.<\/p>\n\n\n\n<div class=\"insert-block\">\n\n    <div class=\"insert-block__img\">\n        <img decoding=\"async\" width=\"354\" height=\"236\" src=\"https:\/\/pozirk.online\/wp-content\/uploads\/2024\/08\/italia-flag-pixabay-354x236.jpg\" class=\"attachment-medium size-medium\" alt=\"\" srcset=\"https:\/\/pozirk.online\/wp-content\/uploads\/2024\/08\/italia-flag-pixabay-354x236.jpg 354w, https:\/\/pozirk.online\/wp-content\/uploads\/2024\/08\/italia-flag-pixabay-734x488.jpg 734w, https:\/\/pozirk.online\/wp-content\/uploads\/2024\/08\/italia-flag-pixabay-178x118.jpg 178w, https:\/\/pozirk.online\/wp-content\/uploads\/2024\/08\/italia-flag-pixabay-768x511.jpg 768w, https:\/\/pozirk.online\/wp-content\/uploads\/2024\/08\/italia-flag-pixabay.jpg 1128w\" sizes=\"(max-width: 354px) 100vw, 354px\" \/>                        <label class=\"insert-block__tag--mobile\"> \u042d\u043a\u043e\u043d\u043e\u043c\u0438\u043a\u0430<\/label>\n\n                <\/div>\n    <div class=\"insert-block__text\">\n                    <label class=\"insert-block__tag\">\u042d\u043a\u043e\u043d\u043e\u043c\u0438\u043a\u0430<\/label>\n                <h3 class=\"insert-block__title\">BelPol concerned about Belarusian business executives\u2019 planned visit to Italy<\/h3>\n        <div class=\"insert-block__descr\">February 11, Pozirk. The BelPol association of former security officers has expressed indignation at the planned visit by Belarusian business executives to Italy. \u201cEuropean investments should not help criminal regimes that oppress the Belarusians and kill the Ukrainian people,\u201d it &#8230;<\/div>\n        <a class=\"insert-block__btn-block\" href=\"\/en\/news\/125900\">\n            <button class=\"btn\">\n                <div class='btn__text'>Read the article<\/div>\n            <\/button>\n        <\/a>\n    <\/div>\n<\/div>","protected":false},"excerpt":{"rendered":"<p>March 4, Pozirk. Belarusian opposition leader \u015aviat\u0142ana Cichano\u016dskaja who arrived in Italy yesterday has met Sara Funaro, the mayor of Florence, to discuss support to exiled Belarusians, her aide Franak Via\u010dorka told Pozirk. The politician suggested opening a shelter in Florence for Belarusians who fled their country fearing politically-motivated reprisals. &#8220;The first weeks and months [&hellip;]<\/p>\n","protected":false},"author":84,"featured_media":63993,"template":"","rubric":[16],"class_list":["post-128565","articles","type-articles","status-publish","has-post-thumbnail","hentry","rubric-politics"],"acf":[],"yoast_head":"<!-- This site is optimized with the Yoast SEO plugin v25.5 - https:\/\/yoast.com\/wordpress\/plugins\/seo\/ -->\n<title>Opposition leader calls for support to exiled Belarusians in Italy | Pozirk<\/title>\n<meta name=\"description\" content=\"March 4, Pozirk. Belarusian opposition leader \u015aviat\u0142ana Cichano\u016dskaja who arrived in Italy yesterday has met Sara Funaro, the mayor of Florence, to\" \/>\n<meta name=\"robots\" content=\"index, follow, max-snippet:-1, max-image-preview:large, max-video-preview:-1\" \/>\n<link rel=\"canonical\" href=\"https:\/\/pozirk.online\/en\/news\/128565\/\" \/>\n<meta property=\"og:locale\" content=\"en_US\" \/>\n<meta property=\"og:type\" content=\"article\" \/>\n<meta property=\"og:title\" content=\"Opposition leader calls for support to exiled Belarusians in Italy | Pozirk\" \/>\n<meta property=\"og:description\" content=\"March 4, Pozirk. Belarusian opposition leader \u015aviat\u0142ana Cichano\u016dskaja who arrived in Italy yesterday has met Sara Funaro, the mayor of Florence, to\" \/>\n<meta property=\"og:url\" content=\"https:\/\/pozirk.online\/en\/news\/128565\/\" \/>\n<meta property=\"og:site_name\" content=\"Pozirk\" \/>\n<meta property=\"article:publisher\" content=\"https:\/\/www.facebook.com\/pozirkonline\/\" \/>\n<meta property=\"article:modified_time\" content=\"2026-03-10T12:05:06+00:00\" \/>\n<meta property=\"og:image\" content=\"https:\/\/pozirk.online\/wp-content\/uploads\/2024\/01\/pozirk_color_blank_1128x752.jpg\" \/>\n\t<meta property=\"og:image:width\" content=\"1128\" \/>\n\t<meta property=\"og:image:height\" content=\"752\" \/>\n\t<meta property=\"og:image:type\" content=\"image\/jpeg\" \/>\n<meta name=\"twitter:card\" content=\"summary_large_image\" \/>\n<meta name=\"twitter:site\" content=\"@Pozirk_online\" \/>\n<meta name=\"twitter:label1\" content=\"Est. reading time\" \/>\n\t<meta name=\"twitter:data1\" content=\"1 minute\" \/>\n<script type=\"application\/ld+json\" class=\"yoast-schema-graph\">{\"@context\":\"https:\/\/schema.org\",\"@graph\":[{\"@type\":\"NewsArticle\",\"@id\":\"https:\/\/pozirk.online\/en\/news\/128565\/#article\",\"isPartOf\":{\"@id\":\"https:\/\/pozirk.online\/en\/news\/128565\/\"},\"headline\":\"Opposition leader calls for support to exiled Belarusians in Italy\",\"datePublished\":\"2025-03-04T12:02:21+00:00\",\"dateModified\":\"2026-03-10T12:05:06+00:00\",\"mainEntityOfPage\":{\"@id\":\"https:\/\/pozirk.online\/en\/news\/128565\/\"},\"wordCount\":178,\"publisher\":{\"@id\":\"https:\/\/pozirk.online\/en\/#organization\"},\"image\":{\"@id\":\"https:\/\/pozirk.online\/en\/news\/128565\/#primaryimage\"},\"thumbnailUrl\":\"https:\/\/pozirk.online\/wp-content\/uploads\/2024\/01\/pozirk_color_blank_1128x752.jpg\",\"inLanguage\":\"en-US\"},{\"@type\":\"WebPage\",\"@id\":\"https:\/\/pozirk.online\/en\/news\/128565\/\",\"url\":\"https:\/\/pozirk.online\/en\/news\/128565\/\",\"name\":\"Opposition leader calls for support to exiled Belarusians in Italy | Pozirk\",\"isPartOf\":{\"@id\":\"https:\/\/pozirk.online\/en\/#website\"},\"primaryImageOfPage\":{\"@id\":\"https:\/\/pozirk.online\/en\/news\/128565\/#primaryimage\"},\"image\":{\"@id\":\"https:\/\/pozirk.online\/en\/news\/128565\/#primaryimage\"},\"thumbnailUrl\":\"https:\/\/pozirk.online\/wp-content\/uploads\/2024\/01\/pozirk_color_blank_1128x752.jpg\",\"datePublished\":\"2025-03-04T12:02:21+00:00\",\"dateModified\":\"2026-03-10T12:05:06+00:00\",\"description\":\"March 4, Pozirk. Belarusian opposition leader \u015aviat\u0142ana Cichano\u016dskaja who arrived in Italy yesterday has met Sara Funaro, the mayor of Florence, to\",\"breadcrumb\":{\"@id\":\"https:\/\/pozirk.online\/en\/news\/128565\/#breadcrumb\"},\"inLanguage\":\"en-US\",\"potentialAction\":[{\"@type\":\"ReadAction\",\"target\":[\"https:\/\/pozirk.online\/en\/news\/128565\/\"]}]},{\"@type\":\"ImageObject\",\"inLanguage\":\"en-US\",\"@id\":\"https:\/\/pozirk.online\/en\/news\/128565\/#primaryimage\",\"url\":\"https:\/\/pozirk.online\/wp-content\/uploads\/2024\/01\/pozirk_color_blank_1128x752.jpg\",\"contentUrl\":\"https:\/\/pozirk.online\/wp-content\/uploads\/2024\/01\/pozirk_color_blank_1128x752.jpg\",\"width\":1128,\"height\":752},{\"@type\":\"BreadcrumbList\",\"@id\":\"https:\/\/pozirk.online\/en\/news\/128565\/#breadcrumb\",\"itemListElement\":[{\"@type\":\"ListItem\",\"position\":1,\"name\":\"Home\",\"item\":\"https:\/\/pozirk.online\/en\/\"},{\"@type\":\"ListItem\",\"position\":2,\"name\":\"Opposition leader calls for support to exiled Belarusians in Italy\"}]},{\"@type\":\"WebSite\",\"@id\":\"https:\/\/pozirk.online\/en\/#website\",\"url\":\"https:\/\/pozirk.online\/en\/\",\"name\":\"Pozirk\",\"description\":\"\",\"publisher\":{\"@id\":\"https:\/\/pozirk.online\/en\/#organization\"},\"potentialAction\":[{\"@type\":\"SearchAction\",\"target\":{\"@type\":\"EntryPoint\",\"urlTemplate\":\"https:\/\/pozirk.online\/en\/?s={search_term_string}\"},\"query-input\":{\"@type\":\"PropertyValueSpecification\",\"valueRequired\":true,\"valueName\":\"search_term_string\"}}],\"inLanguage\":\"en-US\"},{\"@type\":\"Organization\",\"@id\":\"https:\/\/pozirk.online\/en\/#organization\",\"name\":\"Pozirk\",\"url\":\"https:\/\/pozirk.online\/en\/\",\"logo\":{\"@type\":\"ImageObject\",\"inLanguage\":\"en-US\",\"@id\":\"https:\/\/pozirk.online\/en\/#\/schema\/logo\/image\/\",\"url\":\"https:\/\/pozirk.online\/wp-content\/uploads\/2023\/11\/cropped-Logo_color_512.png\",\"contentUrl\":\"https:\/\/pozirk.online\/wp-content\/uploads\/2023\/11\/cropped-Logo_color_512.png\",\"width\":512,\"height\":512,\"caption\":\"Pozirk\"},\"image\":{\"@id\":\"https:\/\/pozirk.online\/en\/#\/schema\/logo\/image\/\"},\"sameAs\":[\"https:\/\/www.facebook.com\/pozirkonline\/\",\"https:\/\/x.com\/Pozirk_online\"]}]}<\/script>\n<!-- \/ Yoast SEO plugin. -->","yoast_head_json":{"title":"Opposition leader calls for support to exiled Belarusians in Italy | Pozirk","description":"March 4, Pozirk. Belarusian opposition leader \u015aviat\u0142ana Cichano\u016dskaja who arrived in Italy yesterday has met Sara Funaro, the mayor of Florence, to","robots":{"index":"index","follow":"follow","max-snippet":"max-snippet:-1","max-image-preview":"max-image-preview:large","max-video-preview":"max-video-preview:-1"},"canonical":"https:\/\/pozirk.online\/en\/news\/128565\/","og_locale":"en_US","og_type":"article","og_title":"Opposition leader calls for support to exiled Belarusians in Italy | Pozirk","og_description":"March 4, Pozirk. Belarusian opposition leader \u015aviat\u0142ana Cichano\u016dskaja who arrived in Italy yesterday has met Sara Funaro, the mayor of Florence, to","og_url":"https:\/\/pozirk.online\/en\/news\/128565\/","og_site_name":"Pozirk","article_publisher":"https:\/\/www.facebook.com\/pozirkonline\/","article_modified_time":"2026-03-10T12:05:06+00:00","og_image":[{"width":1128,"height":752,"url":"https:\/\/pozirk.online\/wp-content\/uploads\/2024\/01\/pozirk_color_blank_1128x752.jpg","type":"image\/jpeg"}],"twitter_card":"summary_large_image","twitter_site":"@Pozirk_online","twitter_misc":{"Est. reading time":"1 minute"},"schema":{"@context":"https:\/\/schema.org","@graph":[{"@type":"NewsArticle","@id":"https:\/\/pozirk.online\/en\/news\/128565\/#article","isPartOf":{"@id":"https:\/\/pozirk.online\/en\/news\/128565\/"},"headline":"Opposition leader calls for support to exiled Belarusians in Italy","datePublished":"2025-03-04T12:02:21+00:00","dateModified":"2026-03-10T12:05:06+00:00","mainEntityOfPage":{"@id":"https:\/\/pozirk.online\/en\/news\/128565\/"},"wordCount":178,"publisher":{"@id":"https:\/\/pozirk.online\/en\/#organization"},"image":{"@id":"https:\/\/pozirk.online\/en\/news\/128565\/#primaryimage"},"thumbnailUrl":"https:\/\/pozirk.online\/wp-content\/uploads\/2024\/01\/pozirk_color_blank_1128x752.jpg","inLanguage":"en-US"},{"@type":"WebPage","@id":"https:\/\/pozirk.online\/en\/news\/128565\/","url":"https:\/\/pozirk.online\/en\/news\/128565\/","name":"Opposition leader calls for support to exiled Belarusians in Italy | Pozirk","isPartOf":{"@id":"https:\/\/pozirk.online\/en\/#website"},"primaryImageOfPage":{"@id":"https:\/\/pozirk.online\/en\/news\/128565\/#primaryimage"},"image":{"@id":"https:\/\/pozirk.online\/en\/news\/128565\/#primaryimage"},"thumbnailUrl":"https:\/\/pozirk.online\/wp-content\/uploads\/2024\/01\/pozirk_color_blank_1128x752.jpg","datePublished":"2025-03-04T12:02:21+00:00","dateModified":"2026-03-10T12:05:06+00:00","description":"March 4, Pozirk. Belarusian opposition leader \u015aviat\u0142ana Cichano\u016dskaja who arrived in Italy yesterday has met Sara Funaro, the mayor of Florence, to","breadcrumb":{"@id":"https:\/\/pozirk.online\/en\/news\/128565\/#breadcrumb"},"inLanguage":"en-US","potentialAction":[{"@type":"ReadAction","target":["https:\/\/pozirk.online\/en\/news\/128565\/"]}]},{"@type":"ImageObject","inLanguage":"en-US","@id":"https:\/\/pozirk.online\/en\/news\/128565\/#primaryimage","url":"https:\/\/pozirk.online\/wp-content\/uploads\/2024\/01\/pozirk_color_blank_1128x752.jpg","contentUrl":"https:\/\/pozirk.online\/wp-content\/uploads\/2024\/01\/pozirk_color_blank_1128x752.jpg","width":1128,"height":752},{"@type":"BreadcrumbList","@id":"https:\/\/pozirk.online\/en\/news\/128565\/#breadcrumb","itemListElement":[{"@type":"ListItem","position":1,"name":"Home","item":"https:\/\/pozirk.online\/en\/"},{"@type":"ListItem","position":2,"name":"Opposition leader calls for support to exiled Belarusians in Italy"}]},{"@type":"WebSite","@id":"https:\/\/pozirk.online\/en\/#website","url":"https:\/\/pozirk.online\/en\/","name":"Pozirk","description":"","publisher":{"@id":"https:\/\/pozirk.online\/en\/#organization"},"potentialAction":[{"@type":"SearchAction","target":{"@type":"EntryPoint","urlTemplate":"https:\/\/pozirk.online\/en\/?s={search_term_string}"},"query-input":{"@type":"PropertyValueSpecification","valueRequired":true,"valueName":"search_term_string"}}],"inLanguage":"en-US"},{"@type":"Organization","@id":"https:\/\/pozirk.online\/en\/#organization","name":"Pozirk","url":"https:\/\/pozirk.online\/en\/","logo":{"@type":"ImageObject","inLanguage":"en-US","@id":"https:\/\/pozirk.online\/en\/#\/schema\/logo\/image\/","url":"https:\/\/pozirk.online\/wp-content\/uploads\/2023\/11\/cropped-Logo_color_512.png","contentUrl":"https:\/\/pozirk.online\/wp-content\/uploads\/2023\/11\/cropped-Logo_color_512.png","width":512,"height":512,"caption":"Pozirk"},"image":{"@id":"https:\/\/pozirk.online\/en\/#\/schema\/logo\/image\/"},"sameAs":["https:\/\/www.facebook.com\/pozirkonline\/","https:\/\/x.com\/Pozirk_online"]}]}},"_links":{"self":[{"href":"https:\/\/pozirk.online\/en\/wp-json\/wp\/v2\/articles\/128565","targetHints":{"allow":["GET"]}}],"collection":[{"href":"https:\/\/pozirk.online\/en\/wp-json\/wp\/v2\/articles"}],"about":[{"href":"https:\/\/pozirk.online\/en\/wp-json\/wp\/v2\/types\/articles"}],"author":[{"embeddable":true,"href":"https:\/\/pozirk.online\/en\/wp-json\/wp\/v2\/users\/84"}],"wp:featuredmedia":[{"embeddable":true,"href":"https:\/\/pozirk.online\/en\/wp-json\/wp\/v2\/media\/63993"}],"wp:attachment":[{"href":"https:\/\/pozirk.online\/en\/wp-json\/wp\/v2\/media?parent=128565"}],"wp:term":[{"taxonomy":"rubric","embeddable":true,"href":"https:\/\/pozirk.online\/en\/wp-json\/wp\/v2\/rubric?post=128565"}],"curies":[{"name":"wp","href":"https:\/\/api.w.org\/{rel}","templated":true}]}}