{"id":133490,"date":"2025-04-08T22:01:18","date_gmt":"2025-04-08T19:01:18","guid":{"rendered":"https:\/\/pozirk.online\/en\/news\/133490\/"},"modified":"2026-03-10T12:05:06","modified_gmt":"2026-03-10T12:05:06","slug":"opposition-politician-calls-for-holding-lukasenka-accountable-in-tribunal","status":"publish","type":"articles","link":"https:\/\/pozirk.online\/en\/news\/133490\/","title":{"rendered":"Opposition politician calls for holding \u0141uka\u0161enka accountable in tribunal"},"content":{"rendered":"\n<p><strong>April 8, <em>Pozirk<\/em>. <\/strong>Belarusian pro-democracy forces will seek to ensure that the Council of Europe&#8217;s Special Tribunal for the crime of aggression against Ukraine includes Alaksandar \u0141uka\u0161enka and his officials, opposition politician Pavie\u0142 \u0141atu\u0161ka has said.<\/p>\n\n\n\n<p>The establishment of the tribunal may be announced as early as this May, he noted after attending the meeting by the Parliamentary Assembly of the Council of Europe\u2019s (PACE) Committee on Legal Affairs and Human Rights in Strasbourg.<\/p>\n\n\n\n<p>\u0141uka\u0161enka provided the territory of Belarus for at least 28,000 Russian troops that invaded Ukraine in 2022 and allowed Moscow to fire 721 missiles that led to human casualties, \u0141atu\u0161ka stressed. Minsk&#8217;s crimes also include setting up camps for forcefully displaced people, he added.<\/p>\n\n\n\n<p>In February 2022, Russia started a full-scale war against Ukraine, in which the Belarusian authorities supported the Kremlin, allowing Russian troops to attack Ukraine from Belarus on multiple occasions and supplying arms to Moscow.<\/p>\n\n\n\n<div class=\"insert-block\">\n\n    <div class=\"insert-block__img\">\n        <img decoding=\"async\" width=\"300\" height=\"200\" src=\"https:\/\/pozirk.online\/wp-content\/uploads\/2023\/12\/zakliuchenie_unsplash_marco_chilese_1128x752-300x200.jpg\" class=\"attachment-medium size-medium\" alt=\"\" srcset=\"https:\/\/pozirk.online\/wp-content\/uploads\/2023\/12\/zakliuchenie_unsplash_marco_chilese_1128x752-300x200.jpg 300w, https:\/\/pozirk.online\/wp-content\/uploads\/2023\/12\/zakliuchenie_unsplash_marco_chilese_1128x752-1024x683.jpg 1024w, https:\/\/pozirk.online\/wp-content\/uploads\/2023\/12\/zakliuchenie_unsplash_marco_chilese_1128x752-768x512.jpg 768w, https:\/\/pozirk.online\/wp-content\/uploads\/2023\/12\/zakliuchenie_unsplash_marco_chilese_1128x752.jpg 1128w\" sizes=\"(max-width: 300px) 100vw, 300px\" \/>                        <label class=\"insert-block__tag--mobile\"> Politics<\/label>\n\n                <\/div>\n    <div class=\"insert-block__text\">\n                    <label class=\"insert-block__tag\">Politics<\/label>\n                <h3 class=\"insert-block__title\">PACE rapporteur points to alarming situation of Belarus&#039; prisoners<\/h3>\n        <div class=\"insert-block__descr\">April 8, Pozirk. The situation of political prisoners in Belarus and Russia remains extremely alarming, said Azadeh Rojhan, general rapporteur of the Parliamentary Assembly of the Council of Europe (PACE). In an information note for the PACE&#039;s spring session (April &#8230;<\/div>\n        <a class=\"insert-block__btn-block\" href=\"\/en\/news\/133408\">\n            <button class=\"btn\">\n                <div class='btn__text'>Read the article<\/div>\n            <\/button>\n        <\/a>\n    <\/div>\n<\/div>","protected":false},"excerpt":{"rendered":"<p>April 8, Pozirk. Belarusian pro-democracy forces will seek to ensure that the Council of Europe&#8217;s Special Tribunal for the crime of aggression against Ukraine includes Alaksandar \u0141uka\u0161enka and his officials, opposition politician Pavie\u0142 \u0141atu\u0161ka has said. The establishment of the tribunal may be announced as early as this May, he noted after attending the meeting [&hellip;]<\/p>\n","protected":false},"author":84,"featured_media":63993,"template":"","rubric":[14],"class_list":["post-133490","articles","type-articles","status-publish","has-post-thumbnail","hentry","rubric-politics"],"acf":[],"yoast_head":"<!-- This site is optimized with the Yoast SEO plugin v25.5 - https:\/\/yoast.com\/wordpress\/plugins\/seo\/ -->\n<title>Opposition politician calls for holding \u0141uka\u0161enka accountable in tribunal | Pozirk<\/title>\n<meta name=\"description\" content=\"April 8, Pozirk. Belarusian pro-democracy forces will seek to ensure that the Council of Europe&#039;s Special Tribunal for the crime of aggression against\" \/>\n<meta name=\"robots\" content=\"index, follow, max-snippet:-1, max-image-preview:large, max-video-preview:-1\" \/>\n<link rel=\"canonical\" href=\"https:\/\/pozirk.online\/en\/news\/133490\/\" \/>\n<meta property=\"og:locale\" content=\"en_US\" \/>\n<meta property=\"og:type\" content=\"article\" \/>\n<meta property=\"og:title\" content=\"Opposition politician calls for holding \u0141uka\u0161enka accountable in tribunal | Pozirk\" \/>\n<meta property=\"og:description\" content=\"April 8, Pozirk. Belarusian pro-democracy forces will seek to ensure that the Council of Europe&#039;s Special Tribunal for the crime of aggression against\" \/>\n<meta property=\"og:url\" content=\"https:\/\/pozirk.online\/en\/news\/133490\/\" \/>\n<meta property=\"og:site_name\" content=\"Pozirk\" \/>\n<meta property=\"article:publisher\" content=\"https:\/\/www.facebook.com\/pozirkonline\/\" \/>\n<meta property=\"article:modified_time\" content=\"2026-03-10T12:05:06+00:00\" \/>\n<meta property=\"og:image\" content=\"https:\/\/pozirk.online\/wp-content\/uploads\/2024\/01\/pozirk_color_blank_1128x752.jpg\" \/>\n\t<meta property=\"og:image:width\" content=\"1128\" \/>\n\t<meta property=\"og:image:height\" content=\"752\" \/>\n\t<meta property=\"og:image:type\" content=\"image\/jpeg\" \/>\n<meta name=\"twitter:card\" content=\"summary_large_image\" \/>\n<meta name=\"twitter:site\" content=\"@Pozirk_online\" \/>\n<meta name=\"twitter:label1\" content=\"Est. reading time\" \/>\n\t<meta name=\"twitter:data1\" content=\"1 minute\" \/>\n<script type=\"application\/ld+json\" class=\"yoast-schema-graph\">{\"@context\":\"https:\/\/schema.org\",\"@graph\":[{\"@type\":\"NewsArticle\",\"@id\":\"https:\/\/pozirk.online\/en\/news\/133490\/#article\",\"isPartOf\":{\"@id\":\"https:\/\/pozirk.online\/en\/news\/133490\/\"},\"headline\":\"Opposition politician calls for holding \u0141uka\u0161enka accountable in tribunal\",\"datePublished\":\"2025-04-08T19:01:18+00:00\",\"dateModified\":\"2026-03-10T12:05:06+00:00\",\"mainEntityOfPage\":{\"@id\":\"https:\/\/pozirk.online\/en\/news\/133490\/\"},\"wordCount\":164,\"publisher\":{\"@id\":\"https:\/\/pozirk.online\/en\/#organization\"},\"image\":{\"@id\":\"https:\/\/pozirk.online\/en\/news\/133490\/#primaryimage\"},\"thumbnailUrl\":\"https:\/\/pozirk.online\/wp-content\/uploads\/2024\/01\/pozirk_color_blank_1128x752.jpg\",\"inLanguage\":\"en-US\"},{\"@type\":\"WebPage\",\"@id\":\"https:\/\/pozirk.online\/en\/news\/133490\/\",\"url\":\"https:\/\/pozirk.online\/en\/news\/133490\/\",\"name\":\"Opposition politician calls for holding \u0141uka\u0161enka accountable in tribunal | Pozirk\",\"isPartOf\":{\"@id\":\"https:\/\/pozirk.online\/en\/#website\"},\"primaryImageOfPage\":{\"@id\":\"https:\/\/pozirk.online\/en\/news\/133490\/#primaryimage\"},\"image\":{\"@id\":\"https:\/\/pozirk.online\/en\/news\/133490\/#primaryimage\"},\"thumbnailUrl\":\"https:\/\/pozirk.online\/wp-content\/uploads\/2024\/01\/pozirk_color_blank_1128x752.jpg\",\"datePublished\":\"2025-04-08T19:01:18+00:00\",\"dateModified\":\"2026-03-10T12:05:06+00:00\",\"description\":\"April 8, Pozirk. Belarusian pro-democracy forces will seek to ensure that the Council of Europe's Special Tribunal for the crime of aggression against\",\"breadcrumb\":{\"@id\":\"https:\/\/pozirk.online\/en\/news\/133490\/#breadcrumb\"},\"inLanguage\":\"en-US\",\"potentialAction\":[{\"@type\":\"ReadAction\",\"target\":[\"https:\/\/pozirk.online\/en\/news\/133490\/\"]}]},{\"@type\":\"ImageObject\",\"inLanguage\":\"en-US\",\"@id\":\"https:\/\/pozirk.online\/en\/news\/133490\/#primaryimage\",\"url\":\"https:\/\/pozirk.online\/wp-content\/uploads\/2024\/01\/pozirk_color_blank_1128x752.jpg\",\"contentUrl\":\"https:\/\/pozirk.online\/wp-content\/uploads\/2024\/01\/pozirk_color_blank_1128x752.jpg\",\"width\":1128,\"height\":752},{\"@type\":\"BreadcrumbList\",\"@id\":\"https:\/\/pozirk.online\/en\/news\/133490\/#breadcrumb\",\"itemListElement\":[{\"@type\":\"ListItem\",\"position\":1,\"name\":\"Home\",\"item\":\"https:\/\/pozirk.online\/en\/\"},{\"@type\":\"ListItem\",\"position\":2,\"name\":\"Opposition politician calls for holding \u0141uka\u0161enka accountable in tribunal\"}]},{\"@type\":\"WebSite\",\"@id\":\"https:\/\/pozirk.online\/en\/#website\",\"url\":\"https:\/\/pozirk.online\/en\/\",\"name\":\"Pozirk\",\"description\":\"\",\"publisher\":{\"@id\":\"https:\/\/pozirk.online\/en\/#organization\"},\"potentialAction\":[{\"@type\":\"SearchAction\",\"target\":{\"@type\":\"EntryPoint\",\"urlTemplate\":\"https:\/\/pozirk.online\/en\/?s={search_term_string}\"},\"query-input\":{\"@type\":\"PropertyValueSpecification\",\"valueRequired\":true,\"valueName\":\"search_term_string\"}}],\"inLanguage\":\"en-US\"},{\"@type\":\"Organization\",\"@id\":\"https:\/\/pozirk.online\/en\/#organization\",\"name\":\"Pozirk\",\"url\":\"https:\/\/pozirk.online\/en\/\",\"logo\":{\"@type\":\"ImageObject\",\"inLanguage\":\"en-US\",\"@id\":\"https:\/\/pozirk.online\/en\/#\/schema\/logo\/image\/\",\"url\":\"https:\/\/pozirk.online\/wp-content\/uploads\/2023\/11\/cropped-Logo_color_512.png\",\"contentUrl\":\"https:\/\/pozirk.online\/wp-content\/uploads\/2023\/11\/cropped-Logo_color_512.png\",\"width\":512,\"height\":512,\"caption\":\"Pozirk\"},\"image\":{\"@id\":\"https:\/\/pozirk.online\/en\/#\/schema\/logo\/image\/\"},\"sameAs\":[\"https:\/\/www.facebook.com\/pozirkonline\/\",\"https:\/\/x.com\/Pozirk_online\"]}]}<\/script>\n<!-- \/ Yoast SEO plugin. -->","yoast_head_json":{"title":"Opposition politician calls for holding \u0141uka\u0161enka accountable in tribunal | Pozirk","description":"April 8, Pozirk. Belarusian pro-democracy forces will seek to ensure that the Council of Europe's Special Tribunal for the crime of aggression against","robots":{"index":"index","follow":"follow","max-snippet":"max-snippet:-1","max-image-preview":"max-image-preview:large","max-video-preview":"max-video-preview:-1"},"canonical":"https:\/\/pozirk.online\/en\/news\/133490\/","og_locale":"en_US","og_type":"article","og_title":"Opposition politician calls for holding \u0141uka\u0161enka accountable in tribunal | Pozirk","og_description":"April 8, Pozirk. Belarusian pro-democracy forces will seek to ensure that the Council of Europe's Special Tribunal for the crime of aggression against","og_url":"https:\/\/pozirk.online\/en\/news\/133490\/","og_site_name":"Pozirk","article_publisher":"https:\/\/www.facebook.com\/pozirkonline\/","article_modified_time":"2026-03-10T12:05:06+00:00","og_image":[{"width":1128,"height":752,"url":"https:\/\/pozirk.online\/wp-content\/uploads\/2024\/01\/pozirk_color_blank_1128x752.jpg","type":"image\/jpeg"}],"twitter_card":"summary_large_image","twitter_site":"@Pozirk_online","twitter_misc":{"Est. reading time":"1 minute"},"schema":{"@context":"https:\/\/schema.org","@graph":[{"@type":"NewsArticle","@id":"https:\/\/pozirk.online\/en\/news\/133490\/#article","isPartOf":{"@id":"https:\/\/pozirk.online\/en\/news\/133490\/"},"headline":"Opposition politician calls for holding \u0141uka\u0161enka accountable in tribunal","datePublished":"2025-04-08T19:01:18+00:00","dateModified":"2026-03-10T12:05:06+00:00","mainEntityOfPage":{"@id":"https:\/\/pozirk.online\/en\/news\/133490\/"},"wordCount":164,"publisher":{"@id":"https:\/\/pozirk.online\/en\/#organization"},"image":{"@id":"https:\/\/pozirk.online\/en\/news\/133490\/#primaryimage"},"thumbnailUrl":"https:\/\/pozirk.online\/wp-content\/uploads\/2024\/01\/pozirk_color_blank_1128x752.jpg","inLanguage":"en-US"},{"@type":"WebPage","@id":"https:\/\/pozirk.online\/en\/news\/133490\/","url":"https:\/\/pozirk.online\/en\/news\/133490\/","name":"Opposition politician calls for holding \u0141uka\u0161enka accountable in tribunal | Pozirk","isPartOf":{"@id":"https:\/\/pozirk.online\/en\/#website"},"primaryImageOfPage":{"@id":"https:\/\/pozirk.online\/en\/news\/133490\/#primaryimage"},"image":{"@id":"https:\/\/pozirk.online\/en\/news\/133490\/#primaryimage"},"thumbnailUrl":"https:\/\/pozirk.online\/wp-content\/uploads\/2024\/01\/pozirk_color_blank_1128x752.jpg","datePublished":"2025-04-08T19:01:18+00:00","dateModified":"2026-03-10T12:05:06+00:00","description":"April 8, Pozirk. Belarusian pro-democracy forces will seek to ensure that the Council of Europe's Special Tribunal for the crime of aggression against","breadcrumb":{"@id":"https:\/\/pozirk.online\/en\/news\/133490\/#breadcrumb"},"inLanguage":"en-US","potentialAction":[{"@type":"ReadAction","target":["https:\/\/pozirk.online\/en\/news\/133490\/"]}]},{"@type":"ImageObject","inLanguage":"en-US","@id":"https:\/\/pozirk.online\/en\/news\/133490\/#primaryimage","url":"https:\/\/pozirk.online\/wp-content\/uploads\/2024\/01\/pozirk_color_blank_1128x752.jpg","contentUrl":"https:\/\/pozirk.online\/wp-content\/uploads\/2024\/01\/pozirk_color_blank_1128x752.jpg","width":1128,"height":752},{"@type":"BreadcrumbList","@id":"https:\/\/pozirk.online\/en\/news\/133490\/#breadcrumb","itemListElement":[{"@type":"ListItem","position":1,"name":"Home","item":"https:\/\/pozirk.online\/en\/"},{"@type":"ListItem","position":2,"name":"Opposition politician calls for holding \u0141uka\u0161enka accountable in tribunal"}]},{"@type":"WebSite","@id":"https:\/\/pozirk.online\/en\/#website","url":"https:\/\/pozirk.online\/en\/","name":"Pozirk","description":"","publisher":{"@id":"https:\/\/pozirk.online\/en\/#organization"},"potentialAction":[{"@type":"SearchAction","target":{"@type":"EntryPoint","urlTemplate":"https:\/\/pozirk.online\/en\/?s={search_term_string}"},"query-input":{"@type":"PropertyValueSpecification","valueRequired":true,"valueName":"search_term_string"}}],"inLanguage":"en-US"},{"@type":"Organization","@id":"https:\/\/pozirk.online\/en\/#organization","name":"Pozirk","url":"https:\/\/pozirk.online\/en\/","logo":{"@type":"ImageObject","inLanguage":"en-US","@id":"https:\/\/pozirk.online\/en\/#\/schema\/logo\/image\/","url":"https:\/\/pozirk.online\/wp-content\/uploads\/2023\/11\/cropped-Logo_color_512.png","contentUrl":"https:\/\/pozirk.online\/wp-content\/uploads\/2023\/11\/cropped-Logo_color_512.png","width":512,"height":512,"caption":"Pozirk"},"image":{"@id":"https:\/\/pozirk.online\/en\/#\/schema\/logo\/image\/"},"sameAs":["https:\/\/www.facebook.com\/pozirkonline\/","https:\/\/x.com\/Pozirk_online"]}]}},"_links":{"self":[{"href":"https:\/\/pozirk.online\/en\/wp-json\/wp\/v2\/articles\/133490","targetHints":{"allow":["GET"]}}],"collection":[{"href":"https:\/\/pozirk.online\/en\/wp-json\/wp\/v2\/articles"}],"about":[{"href":"https:\/\/pozirk.online\/en\/wp-json\/wp\/v2\/types\/articles"}],"author":[{"embeddable":true,"href":"https:\/\/pozirk.online\/en\/wp-json\/wp\/v2\/users\/84"}],"wp:featuredmedia":[{"embeddable":true,"href":"https:\/\/pozirk.online\/en\/wp-json\/wp\/v2\/media\/63993"}],"wp:attachment":[{"href":"https:\/\/pozirk.online\/en\/wp-json\/wp\/v2\/media?parent=133490"}],"wp:term":[{"taxonomy":"rubric","embeddable":true,"href":"https:\/\/pozirk.online\/en\/wp-json\/wp\/v2\/rubric?post=133490"}],"curies":[{"name":"wp","href":"https:\/\/api.w.org\/{rel}","templated":true}]}}