{"id":134457,"date":"2025-04-16T12:00:02","date_gmt":"2025-04-16T09:00:02","guid":{"rendered":"https:\/\/pozirk.online\/en\/news\/134457\/"},"modified":"2026-03-10T12:05:06","modified_gmt":"2026-03-10T12:05:06","slug":"reprisals-new-wave-of-crackdown-targets-exiled-journalists","status":"publish","type":"articles","link":"https:\/\/pozirk.online\/en\/news\/134457\/","title":{"rendered":"Reprisals: new wave of crackdown targets exiled journalists"},"content":{"rendered":"\n<p><strong>Briefly: Pole deported from Belarus after serving prison term for insulting \u0141uka\u0161enka<\/strong><\/p>\n\n\n\n<p><strong>Interior ministry brands 27 people as \u201cextremists\u201d<\/strong><\/p>\n\n\n\n<p><strong>Several Belarusian expats\u2019 online communities blacklisted<\/strong><\/p>\n\n\n\n<p><strong>Two regime critics face more criminal charges<\/strong><\/p>\n\n\n\n<p><strong>April 16, <em>Pozirk.<\/em><\/strong> Journalists and their Belarus-based family members face a new wave of reprisals, the Belarusian Association of Journalists warned. In most incidents, the law enforcers visit exiled journalists&#8217; homes in Belarus, making it clear that some were charged in criminal cases.<\/p>\n\n\n\n<p>Other instances of politically-motivated persecution documented in Belarus from April 11 to 15 include potential new criminal charges against Julija Ka\u015bciu\u010denka, who had earlier served a prison term for allegedly insulting Alaksandar \u0141uka\u0161enka, the Homiel branch of the Viasna Human Rights Center said.<\/p>\n\n\n\n<p>Jailed activist Alaksandra Kasko was transferred to a pre-trial detention center in the Brest region&#8217;s Baranavi\u010dy, pending a new trial, MAYDAY.TEAM said. Authorities did not disclose any further details. Earlier, the woman had been given a lengthy prison term on defamation and extremism-related charges upon her return to Belarus. Rights groups consider her persecution to be politically motivated.<\/p>\n\n\n\n<p>Alaksiej \u0160pako\u016dski was convicted of rioting in November, <em>Na\u0161a Niva<\/em> reported, noting that the man was also branded a terrorist. \u00a0<\/p>\n\n\n\n<p>\u201cExtremist\u201d registers update<\/p>\n\n\n\n<p>The interior ministry added 27 more people to the list of \u201cpersons involved in extremist activities\u201d five days ago, taking the total of entries to 5,142.<\/p>\n\n\n\n<p>The information ministry announced extremist content designations for several exiled Belarusians\u2019 communities, including <em>Supo\u0142ka bie\u0142arusa\u016d Narvehii<\/em>, <em>belarusy_sacramento<\/em>, B<em>ie\u0142arusy Hruzii \/By in Georgia (by_in_georgia) <\/em>and <em>Mission of Democratic Belarus in Brussels (freebelaruseu)<\/em> on Instagram and <em>Supo\u0142ka Bie\u0142arusa\u016d u Italii\/Associazione Bielorussi in Italia<\/em> on Facebook as well as several other social media accounts with links to the Belarusian opposition.<\/p>\n\n\n\n<p>Other cases<\/p>\n\n\n\n<p>Alesia Parfiankova, sister of Vasil Parfianko\u016d, Belarusian volunteer killed in 2022 defending Ukraine, died aged 44 from cancer, <em>Pozirk <\/em>reported. She refused to leave Belarus, despite pressure from law enforcers.<\/p>\n\n\n\n<p>Polish national Robert Tampala, sentenced to prison in Belarus over social media comments that allegedly insulted \u0141uka\u0161enka and officials, was deported after his release and banned from entering Belarus for eight years, dissidentby reported.<\/p>\n\n\n\n<p>Rights groups added Hienad\u017a Ivan\u010dyka\u016d, Alaksiej Siemianiuk, Ihar Draby\u0161e\u016dski, Natalla Bie\u0142akurskaja, Mika\u0142aj Snytko, Alaksandar Horbiel and Dzianis Bie\u0142ahalo\u016d to their list of poplitical prisoners, Viasna said.<\/p>\n\n\n\n<p>As of April 16, human rights defenders identified at least 1,192 political prisoners but the real number is considerably higher because many cases go undocumented.<\/p>\n\n\n\n<div class=\"insert-block\">\n\n    <div class=\"insert-block__img\">\n        <img decoding=\"async\" width=\"300\" height=\"200\" src=\"https:\/\/pozirk.online\/wp-content\/uploads\/2023\/12\/spisok_unsplash_ron_dyar_1128x752-300x200.jpg\" class=\"attachment-medium size-medium\" alt=\"\" srcset=\"https:\/\/pozirk.online\/wp-content\/uploads\/2023\/12\/spisok_unsplash_ron_dyar_1128x752-300x200.jpg 300w, https:\/\/pozirk.online\/wp-content\/uploads\/2023\/12\/spisok_unsplash_ron_dyar_1128x752-1024x683.jpg 1024w, https:\/\/pozirk.online\/wp-content\/uploads\/2023\/12\/spisok_unsplash_ron_dyar_1128x752-768x512.jpg 768w, https:\/\/pozirk.online\/wp-content\/uploads\/2023\/12\/spisok_unsplash_ron_dyar_1128x752.jpg 1128w\" sizes=\"(max-width: 300px) 100vw, 300px\" \/>                        <label class=\"insert-block__tag--mobile\"> \u041f\u043e\u043b\u0438\u0442\u0438\u043a\u0430<\/label>\n\n                <\/div>\n    <div class=\"insert-block__text\">\n                    <label class=\"insert-block__tag\">\u041f\u043e\u043b\u0438\u0442\u0438\u043a\u0430<\/label>\n                <h3 class=\"insert-block__title\">Twenty-seven added to list of &quot;extremists&quot;<\/h3>\n        <div class=\"insert-block__descr\">April 11, Pozirk. Twenty-seven people whose charges ranged from insulting a judge and inciting hatred to calling for sanctions and high treason have been added to the list of &quot;persons involved in extremist activity,&quot; the Belarusian interior ministry reported. One &#8230;<\/div>\n        <a class=\"insert-block__btn-block\" href=\"\/en\/news\/133876\">\n            <button class=\"btn\">\n                <div class='btn__text'>Read the article<\/div>\n            <\/button>\n        <\/a>\n    <\/div>\n<\/div>","protected":false},"excerpt":{"rendered":"<p>Briefly: Pole deported from Belarus after serving prison term for insulting \u0141uka\u0161enka Interior ministry brands 27 people as \u201cextremists\u201d Several Belarusian expats\u2019 online communities blacklisted Two regime critics face more criminal charges April 16, Pozirk. Journalists and their Belarus-based family members face a new wave of reprisals, the Belarusian Association of Journalists warned. In most [&hellip;]<\/p>\n","protected":false},"author":84,"featured_media":63993,"template":"","rubric":[14,13],"class_list":["post-134457","articles","type-articles","status-publish","has-post-thumbnail","hentry","rubric-politics","rubric-society"],"acf":[],"yoast_head":"<!-- This site is optimized with the Yoast SEO plugin v25.5 - https:\/\/yoast.com\/wordpress\/plugins\/seo\/ -->\n<title>Reprisals: new wave of crackdown targets exiled journalists | Pozirk<\/title>\n<meta name=\"description\" content=\"Briefly: Pole deported from Belarus after serving prison term for insulting \u0141uka\u0161enka Interior ministry brands 27 people as \u201cextremists\u201d Several\" \/>\n<meta name=\"robots\" content=\"index, follow, max-snippet:-1, max-image-preview:large, max-video-preview:-1\" \/>\n<link rel=\"canonical\" href=\"https:\/\/pozirk.online\/en\/news\/134457\/\" \/>\n<meta property=\"og:locale\" content=\"en_US\" \/>\n<meta property=\"og:type\" content=\"article\" \/>\n<meta property=\"og:title\" content=\"Reprisals: new wave of crackdown targets exiled journalists | Pozirk\" \/>\n<meta property=\"og:description\" content=\"Briefly: Pole deported from Belarus after serving prison term for insulting \u0141uka\u0161enka Interior ministry brands 27 people as \u201cextremists\u201d Several\" \/>\n<meta property=\"og:url\" content=\"https:\/\/pozirk.online\/en\/news\/134457\/\" \/>\n<meta property=\"og:site_name\" content=\"Pozirk\" \/>\n<meta property=\"article:publisher\" content=\"https:\/\/www.facebook.com\/pozirkonline\/\" \/>\n<meta property=\"article:modified_time\" content=\"2026-03-10T12:05:06+00:00\" \/>\n<meta property=\"og:image\" content=\"https:\/\/pozirk.online\/wp-content\/uploads\/2024\/01\/pozirk_color_blank_1128x752.jpg\" \/>\n\t<meta property=\"og:image:width\" content=\"1128\" \/>\n\t<meta property=\"og:image:height\" content=\"752\" \/>\n\t<meta property=\"og:image:type\" content=\"image\/jpeg\" \/>\n<meta name=\"twitter:card\" content=\"summary_large_image\" \/>\n<meta name=\"twitter:site\" content=\"@Pozirk_online\" \/>\n<meta name=\"twitter:label1\" content=\"Est. reading time\" \/>\n\t<meta name=\"twitter:data1\" content=\"3 minutes\" \/>\n<script type=\"application\/ld+json\" class=\"yoast-schema-graph\">{\"@context\":\"https:\/\/schema.org\",\"@graph\":[{\"@type\":\"NewsArticle\",\"@id\":\"https:\/\/pozirk.online\/en\/news\/134457\/#article\",\"isPartOf\":{\"@id\":\"https:\/\/pozirk.online\/en\/news\/134457\/\"},\"headline\":\"Reprisals: new wave of crackdown targets exiled journalists\",\"datePublished\":\"2025-04-16T09:00:02+00:00\",\"dateModified\":\"2026-03-10T12:05:06+00:00\",\"mainEntityOfPage\":{\"@id\":\"https:\/\/pozirk.online\/en\/news\/134457\/\"},\"wordCount\":422,\"publisher\":{\"@id\":\"https:\/\/pozirk.online\/en\/#organization\"},\"image\":{\"@id\":\"https:\/\/pozirk.online\/en\/news\/134457\/#primaryimage\"},\"thumbnailUrl\":\"https:\/\/pozirk.online\/wp-content\/uploads\/2024\/01\/pozirk_color_blank_1128x752.jpg\",\"inLanguage\":\"en-US\"},{\"@type\":\"WebPage\",\"@id\":\"https:\/\/pozirk.online\/en\/news\/134457\/\",\"url\":\"https:\/\/pozirk.online\/en\/news\/134457\/\",\"name\":\"Reprisals: new wave of crackdown targets exiled journalists | Pozirk\",\"isPartOf\":{\"@id\":\"https:\/\/pozirk.online\/en\/#website\"},\"primaryImageOfPage\":{\"@id\":\"https:\/\/pozirk.online\/en\/news\/134457\/#primaryimage\"},\"image\":{\"@id\":\"https:\/\/pozirk.online\/en\/news\/134457\/#primaryimage\"},\"thumbnailUrl\":\"https:\/\/pozirk.online\/wp-content\/uploads\/2024\/01\/pozirk_color_blank_1128x752.jpg\",\"datePublished\":\"2025-04-16T09:00:02+00:00\",\"dateModified\":\"2026-03-10T12:05:06+00:00\",\"description\":\"Briefly: Pole deported from Belarus after serving prison term for insulting \u0141uka\u0161enka Interior ministry brands 27 people as \u201cextremists\u201d Several\",\"breadcrumb\":{\"@id\":\"https:\/\/pozirk.online\/en\/news\/134457\/#breadcrumb\"},\"inLanguage\":\"en-US\",\"potentialAction\":[{\"@type\":\"ReadAction\",\"target\":[\"https:\/\/pozirk.online\/en\/news\/134457\/\"]}]},{\"@type\":\"ImageObject\",\"inLanguage\":\"en-US\",\"@id\":\"https:\/\/pozirk.online\/en\/news\/134457\/#primaryimage\",\"url\":\"https:\/\/pozirk.online\/wp-content\/uploads\/2024\/01\/pozirk_color_blank_1128x752.jpg\",\"contentUrl\":\"https:\/\/pozirk.online\/wp-content\/uploads\/2024\/01\/pozirk_color_blank_1128x752.jpg\",\"width\":1128,\"height\":752},{\"@type\":\"BreadcrumbList\",\"@id\":\"https:\/\/pozirk.online\/en\/news\/134457\/#breadcrumb\",\"itemListElement\":[{\"@type\":\"ListItem\",\"position\":1,\"name\":\"Home\",\"item\":\"https:\/\/pozirk.online\/en\/\"},{\"@type\":\"ListItem\",\"position\":2,\"name\":\"Reprisals: new wave of crackdown targets exiled journalists\"}]},{\"@type\":\"WebSite\",\"@id\":\"https:\/\/pozirk.online\/en\/#website\",\"url\":\"https:\/\/pozirk.online\/en\/\",\"name\":\"Pozirk\",\"description\":\"\",\"publisher\":{\"@id\":\"https:\/\/pozirk.online\/en\/#organization\"},\"potentialAction\":[{\"@type\":\"SearchAction\",\"target\":{\"@type\":\"EntryPoint\",\"urlTemplate\":\"https:\/\/pozirk.online\/en\/?s={search_term_string}\"},\"query-input\":{\"@type\":\"PropertyValueSpecification\",\"valueRequired\":true,\"valueName\":\"search_term_string\"}}],\"inLanguage\":\"en-US\"},{\"@type\":\"Organization\",\"@id\":\"https:\/\/pozirk.online\/en\/#organization\",\"name\":\"Pozirk\",\"url\":\"https:\/\/pozirk.online\/en\/\",\"logo\":{\"@type\":\"ImageObject\",\"inLanguage\":\"en-US\",\"@id\":\"https:\/\/pozirk.online\/en\/#\/schema\/logo\/image\/\",\"url\":\"https:\/\/pozirk.online\/wp-content\/uploads\/2023\/11\/cropped-Logo_color_512.png\",\"contentUrl\":\"https:\/\/pozirk.online\/wp-content\/uploads\/2023\/11\/cropped-Logo_color_512.png\",\"width\":512,\"height\":512,\"caption\":\"Pozirk\"},\"image\":{\"@id\":\"https:\/\/pozirk.online\/en\/#\/schema\/logo\/image\/\"},\"sameAs\":[\"https:\/\/www.facebook.com\/pozirkonline\/\",\"https:\/\/x.com\/Pozirk_online\"]}]}<\/script>\n<!-- \/ Yoast SEO plugin. -->","yoast_head_json":{"title":"Reprisals: new wave of crackdown targets exiled journalists | Pozirk","description":"Briefly: Pole deported from Belarus after serving prison term for insulting \u0141uka\u0161enka Interior ministry brands 27 people as \u201cextremists\u201d Several","robots":{"index":"index","follow":"follow","max-snippet":"max-snippet:-1","max-image-preview":"max-image-preview:large","max-video-preview":"max-video-preview:-1"},"canonical":"https:\/\/pozirk.online\/en\/news\/134457\/","og_locale":"en_US","og_type":"article","og_title":"Reprisals: new wave of crackdown targets exiled journalists | Pozirk","og_description":"Briefly: Pole deported from Belarus after serving prison term for insulting \u0141uka\u0161enka Interior ministry brands 27 people as \u201cextremists\u201d Several","og_url":"https:\/\/pozirk.online\/en\/news\/134457\/","og_site_name":"Pozirk","article_publisher":"https:\/\/www.facebook.com\/pozirkonline\/","article_modified_time":"2026-03-10T12:05:06+00:00","og_image":[{"width":1128,"height":752,"url":"https:\/\/pozirk.online\/wp-content\/uploads\/2024\/01\/pozirk_color_blank_1128x752.jpg","type":"image\/jpeg"}],"twitter_card":"summary_large_image","twitter_site":"@Pozirk_online","twitter_misc":{"Est. reading time":"3 minutes"},"schema":{"@context":"https:\/\/schema.org","@graph":[{"@type":"NewsArticle","@id":"https:\/\/pozirk.online\/en\/news\/134457\/#article","isPartOf":{"@id":"https:\/\/pozirk.online\/en\/news\/134457\/"},"headline":"Reprisals: new wave of crackdown targets exiled journalists","datePublished":"2025-04-16T09:00:02+00:00","dateModified":"2026-03-10T12:05:06+00:00","mainEntityOfPage":{"@id":"https:\/\/pozirk.online\/en\/news\/134457\/"},"wordCount":422,"publisher":{"@id":"https:\/\/pozirk.online\/en\/#organization"},"image":{"@id":"https:\/\/pozirk.online\/en\/news\/134457\/#primaryimage"},"thumbnailUrl":"https:\/\/pozirk.online\/wp-content\/uploads\/2024\/01\/pozirk_color_blank_1128x752.jpg","inLanguage":"en-US"},{"@type":"WebPage","@id":"https:\/\/pozirk.online\/en\/news\/134457\/","url":"https:\/\/pozirk.online\/en\/news\/134457\/","name":"Reprisals: new wave of crackdown targets exiled journalists | Pozirk","isPartOf":{"@id":"https:\/\/pozirk.online\/en\/#website"},"primaryImageOfPage":{"@id":"https:\/\/pozirk.online\/en\/news\/134457\/#primaryimage"},"image":{"@id":"https:\/\/pozirk.online\/en\/news\/134457\/#primaryimage"},"thumbnailUrl":"https:\/\/pozirk.online\/wp-content\/uploads\/2024\/01\/pozirk_color_blank_1128x752.jpg","datePublished":"2025-04-16T09:00:02+00:00","dateModified":"2026-03-10T12:05:06+00:00","description":"Briefly: Pole deported from Belarus after serving prison term for insulting \u0141uka\u0161enka Interior ministry brands 27 people as \u201cextremists\u201d Several","breadcrumb":{"@id":"https:\/\/pozirk.online\/en\/news\/134457\/#breadcrumb"},"inLanguage":"en-US","potentialAction":[{"@type":"ReadAction","target":["https:\/\/pozirk.online\/en\/news\/134457\/"]}]},{"@type":"ImageObject","inLanguage":"en-US","@id":"https:\/\/pozirk.online\/en\/news\/134457\/#primaryimage","url":"https:\/\/pozirk.online\/wp-content\/uploads\/2024\/01\/pozirk_color_blank_1128x752.jpg","contentUrl":"https:\/\/pozirk.online\/wp-content\/uploads\/2024\/01\/pozirk_color_blank_1128x752.jpg","width":1128,"height":752},{"@type":"BreadcrumbList","@id":"https:\/\/pozirk.online\/en\/news\/134457\/#breadcrumb","itemListElement":[{"@type":"ListItem","position":1,"name":"Home","item":"https:\/\/pozirk.online\/en\/"},{"@type":"ListItem","position":2,"name":"Reprisals: new wave of crackdown targets exiled journalists"}]},{"@type":"WebSite","@id":"https:\/\/pozirk.online\/en\/#website","url":"https:\/\/pozirk.online\/en\/","name":"Pozirk","description":"","publisher":{"@id":"https:\/\/pozirk.online\/en\/#organization"},"potentialAction":[{"@type":"SearchAction","target":{"@type":"EntryPoint","urlTemplate":"https:\/\/pozirk.online\/en\/?s={search_term_string}"},"query-input":{"@type":"PropertyValueSpecification","valueRequired":true,"valueName":"search_term_string"}}],"inLanguage":"en-US"},{"@type":"Organization","@id":"https:\/\/pozirk.online\/en\/#organization","name":"Pozirk","url":"https:\/\/pozirk.online\/en\/","logo":{"@type":"ImageObject","inLanguage":"en-US","@id":"https:\/\/pozirk.online\/en\/#\/schema\/logo\/image\/","url":"https:\/\/pozirk.online\/wp-content\/uploads\/2023\/11\/cropped-Logo_color_512.png","contentUrl":"https:\/\/pozirk.online\/wp-content\/uploads\/2023\/11\/cropped-Logo_color_512.png","width":512,"height":512,"caption":"Pozirk"},"image":{"@id":"https:\/\/pozirk.online\/en\/#\/schema\/logo\/image\/"},"sameAs":["https:\/\/www.facebook.com\/pozirkonline\/","https:\/\/x.com\/Pozirk_online"]}]}},"_links":{"self":[{"href":"https:\/\/pozirk.online\/en\/wp-json\/wp\/v2\/articles\/134457","targetHints":{"allow":["GET"]}}],"collection":[{"href":"https:\/\/pozirk.online\/en\/wp-json\/wp\/v2\/articles"}],"about":[{"href":"https:\/\/pozirk.online\/en\/wp-json\/wp\/v2\/types\/articles"}],"author":[{"embeddable":true,"href":"https:\/\/pozirk.online\/en\/wp-json\/wp\/v2\/users\/84"}],"wp:featuredmedia":[{"embeddable":true,"href":"https:\/\/pozirk.online\/en\/wp-json\/wp\/v2\/media\/63993"}],"wp:attachment":[{"href":"https:\/\/pozirk.online\/en\/wp-json\/wp\/v2\/media?parent=134457"}],"wp:term":[{"taxonomy":"rubric","embeddable":true,"href":"https:\/\/pozirk.online\/en\/wp-json\/wp\/v2\/rubric?post=134457"}],"curies":[{"name":"wp","href":"https:\/\/api.w.org\/{rel}","templated":true}]}}