{"id":134704,"date":"2025-04-17T19:33:05","date_gmt":"2025-04-17T16:33:05","guid":{"rendered":"https:\/\/pozirk.online\/en\/news\/134704\/"},"modified":"2026-03-10T12:05:06","modified_gmt":"2026-03-10T12:05:06","slug":"lukasenka-appoints-his-aide-for-hrodna-region-five-deputy-ministers","status":"publish","type":"articles","link":"https:\/\/pozirk.online\/en\/news\/134704\/","title":{"rendered":"\u0141uka\u0161enka appoints his aide for Hrodna region, five deputy ministers"},"content":{"rendered":"\n<figure class=\"block-image block-image-normal\">\n\n  <img decoding=\"async\" width=\"1128\" height=\"752\" src=\"https:\/\/pozirk.online\/wp-content\/uploads\/2025\/01\/grodno-pixabay.jpg\" class=\"attachment-full size-full\" alt=\"\" srcset=\"https:\/\/pozirk.online\/wp-content\/uploads\/2025\/01\/grodno-pixabay.jpg 1128w, https:\/\/pozirk.online\/wp-content\/uploads\/2025\/01\/grodno-pixabay-354x236.jpg 354w, https:\/\/pozirk.online\/wp-content\/uploads\/2025\/01\/grodno-pixabay-734x490.jpg 734w, https:\/\/pozirk.online\/wp-content\/uploads\/2025\/01\/grodno-pixabay-178x118.jpg 178w, https:\/\/pozirk.online\/wp-content\/uploads\/2025\/01\/grodno-pixabay-768x512.jpg 768w\" sizes=\"(max-width: 1128px) 100vw, 1128px\" \/>\n  <figcaption>\n      <div class=\"block-image__descr\">\n\n        Hrodna\n    <\/div>\n  \n       <div class=\"block-image__author\">\n                <span>pixabay.com<\/span>\n    <\/div>\n     <\/figcaption>\n<\/figure>\n\n\n\n<p><strong>April 17, <em>Pozirk.<\/em><\/strong> Alaksandar \u0141uka\u0161enka has appointed Kanstancin Burak, chief of staff at the Council of Ministers since March 3, as his aide for the Hrodna region, the Belarusian ruler&#8217;s press office reports.<\/p>\n\n\n\n<p>Vital Niaviera was promoted to head of the State Property Committee after serving as deputy chairman of Hrodna Regional Executive Committee.<\/p>\n\n\n\n<p>\u0141uka\u0161enka also approved the appointments of district executive committee heads in the Brest region: Siarhiej Pa\u010dko in Drahi\u010dyn, Alaksandar Majsiajuk in Kobryn and Alaksandar Pa\u010dko in Stolin. Alaksandar \u0160\u010dakovi\u010d will serve as head of the Saviecki district&#8217;s administration in Minsk.\u00a0<\/p>\n\n\n\n<p>Rus\u0142an Strachar, former deputy chairman of the Mahilo\u016d Regional Executive Committee, is the new CEO of the Mahilo\u016dliftma\u0161 lift manufacturer.<\/p>\n\n\n\n<p>Other appointments included new deputy ministers: Andrej Kani\u0161ka at the industry ministry, Alena Pie\u010da\u0144 at the finance ministry, Natalla \u0160a\u016dcova at the agriculture ministry, Julija Bierdnikava at the labor ministry and Kiry\u0142 Ma\u0161arski at the economy ministry.<\/p>\n\n\n\n<p>Kanastancin Ha\u0142a\u016dko and Piotr Jakima\u016d were approved as consuls general in China&#8217;s Guangzhou and Shanghai, respectively.<\/p>\n\n\n\n<div class=\"insert-block\">\n\n    <div class=\"insert-block__img\">\n        <img decoding=\"async\" width=\"354\" height=\"236\" src=\"https:\/\/pozirk.online\/wp-content\/uploads\/2024\/01\/pozirk_color_blank_1128x752-354x236.jpg\" class=\"attachment-medium size-medium\" alt=\"\" srcset=\"https:\/\/pozirk.online\/wp-content\/uploads\/2024\/01\/pozirk_color_blank_1128x752-354x236.jpg 354w, https:\/\/pozirk.online\/wp-content\/uploads\/2024\/01\/pozirk_color_blank_1128x752-734x490.jpg 734w, https:\/\/pozirk.online\/wp-content\/uploads\/2024\/01\/pozirk_color_blank_1128x752-178x118.jpg 178w, https:\/\/pozirk.online\/wp-content\/uploads\/2024\/01\/pozirk_color_blank_1128x752-768x512.jpg 768w, https:\/\/pozirk.online\/wp-content\/uploads\/2024\/01\/pozirk_color_blank_1128x752.jpg 1128w\" sizes=\"(max-width: 354px) 100vw, 354px\" \/>                        <label class=\"insert-block__tag--mobile\"> Politics<\/label>\n\n                            <label class=\"insert-block__tag--mobile\"> Security<\/label>\n\n                <\/div>\n    <div class=\"insert-block__text\">\n                    <label class=\"insert-block__tag\">Politics, Security<\/label>\n                <h3 class=\"insert-block__title\">Hrodna region officials learning territorial defense basics<\/h3>\n        <div class=\"insert-block__descr\">April 17, Pozirk. The top officials of district and city executive committees in Hrodna are holding a training session to learn the basics of commanding territorial troops and methods of operating and countering drones, the Ministry of Defense reported. The &#8230;<\/div>\n        <a class=\"insert-block__btn-block\" href=\"\/en\/news\/134675\">\n            <button class=\"btn\">\n                <div class='btn__text'>Read the article<\/div>\n            <\/button>\n        <\/a>\n    <\/div>\n<\/div>","protected":false},"excerpt":{"rendered":"<p>April 17, Pozirk. Alaksandar \u0141uka\u0161enka has appointed Kanstancin Burak, chief of staff at the Council of Ministers since March 3, as his aide for the Hrodna region, the Belarusian ruler&#8217;s press office reports. Vital Niaviera was promoted to head of the State Property Committee after serving as deputy chairman of Hrodna Regional Executive Committee. \u0141uka\u0161enka [&hellip;]<\/p>\n","protected":false},"author":84,"featured_media":122069,"template":"","rubric":[14],"class_list":["post-134704","articles","type-articles","status-publish","has-post-thumbnail","hentry","rubric-politics"],"acf":[],"yoast_head":"<!-- This site is optimized with the Yoast SEO plugin v25.5 - https:\/\/yoast.com\/wordpress\/plugins\/seo\/ -->\n<title>\u0141uka\u0161enka appoints his aide for Hrodna region, five deputy ministers | Pozirk<\/title>\n<meta name=\"description\" content=\"April 17, Pozirk. Alaksandar \u0141uka\u0161enka has appointed Kanstancin Burak, chief of staff at the Council of Ministers since March 3, as his aide for the\" \/>\n<meta name=\"robots\" content=\"index, follow, max-snippet:-1, max-image-preview:large, max-video-preview:-1\" \/>\n<link rel=\"canonical\" href=\"https:\/\/pozirk.online\/en\/news\/134704\/\" \/>\n<meta property=\"og:locale\" content=\"en_US\" \/>\n<meta property=\"og:type\" content=\"article\" \/>\n<meta property=\"og:title\" content=\"\u0141uka\u0161enka appoints his aide for Hrodna region, five deputy ministers | Pozirk\" \/>\n<meta property=\"og:description\" content=\"April 17, Pozirk. Alaksandar \u0141uka\u0161enka has appointed Kanstancin Burak, chief of staff at the Council of Ministers since March 3, as his aide for the\" \/>\n<meta property=\"og:url\" content=\"https:\/\/pozirk.online\/en\/news\/134704\/\" \/>\n<meta property=\"og:site_name\" content=\"Pozirk\" \/>\n<meta property=\"article:publisher\" content=\"https:\/\/www.facebook.com\/pozirkonline\/\" \/>\n<meta property=\"article:modified_time\" content=\"2026-03-10T12:05:06+00:00\" \/>\n<meta property=\"og:image\" content=\"https:\/\/pozirk.online\/wp-content\/uploads\/2025\/01\/grodno-pixabay.jpg\" \/>\n\t<meta property=\"og:image:width\" content=\"1128\" \/>\n\t<meta property=\"og:image:height\" content=\"752\" \/>\n\t<meta property=\"og:image:type\" content=\"image\/jpeg\" \/>\n<meta name=\"twitter:card\" content=\"summary_large_image\" \/>\n<meta name=\"twitter:site\" content=\"@Pozirk_online\" \/>\n<meta name=\"twitter:label1\" content=\"Est. reading time\" \/>\n\t<meta name=\"twitter:data1\" content=\"2 minutes\" \/>\n<script type=\"application\/ld+json\" class=\"yoast-schema-graph\">{\"@context\":\"https:\/\/schema.org\",\"@graph\":[{\"@type\":\"NewsArticle\",\"@id\":\"https:\/\/pozirk.online\/en\/news\/134704\/#article\",\"isPartOf\":{\"@id\":\"https:\/\/pozirk.online\/en\/news\/134704\/\"},\"headline\":\"\u0141uka\u0161enka appoints his aide for Hrodna region, five deputy ministers\",\"datePublished\":\"2025-04-17T16:33:05+00:00\",\"dateModified\":\"2026-03-10T12:05:06+00:00\",\"mainEntityOfPage\":{\"@id\":\"https:\/\/pozirk.online\/en\/news\/134704\/\"},\"wordCount\":192,\"publisher\":{\"@id\":\"https:\/\/pozirk.online\/en\/#organization\"},\"image\":{\"@id\":\"https:\/\/pozirk.online\/en\/news\/134704\/#primaryimage\"},\"thumbnailUrl\":\"https:\/\/pozirk.online\/wp-content\/uploads\/2025\/01\/grodno-pixabay.jpg\",\"inLanguage\":\"en-US\"},{\"@type\":\"WebPage\",\"@id\":\"https:\/\/pozirk.online\/en\/news\/134704\/\",\"url\":\"https:\/\/pozirk.online\/en\/news\/134704\/\",\"name\":\"\u0141uka\u0161enka appoints his aide for Hrodna region, five deputy ministers | Pozirk\",\"isPartOf\":{\"@id\":\"https:\/\/pozirk.online\/en\/#website\"},\"primaryImageOfPage\":{\"@id\":\"https:\/\/pozirk.online\/en\/news\/134704\/#primaryimage\"},\"image\":{\"@id\":\"https:\/\/pozirk.online\/en\/news\/134704\/#primaryimage\"},\"thumbnailUrl\":\"https:\/\/pozirk.online\/wp-content\/uploads\/2025\/01\/grodno-pixabay.jpg\",\"datePublished\":\"2025-04-17T16:33:05+00:00\",\"dateModified\":\"2026-03-10T12:05:06+00:00\",\"description\":\"April 17, Pozirk. Alaksandar \u0141uka\u0161enka has appointed Kanstancin Burak, chief of staff at the Council of Ministers since March 3, as his aide for the\",\"breadcrumb\":{\"@id\":\"https:\/\/pozirk.online\/en\/news\/134704\/#breadcrumb\"},\"inLanguage\":\"en-US\",\"potentialAction\":[{\"@type\":\"ReadAction\",\"target\":[\"https:\/\/pozirk.online\/en\/news\/134704\/\"]}]},{\"@type\":\"ImageObject\",\"inLanguage\":\"en-US\",\"@id\":\"https:\/\/pozirk.online\/en\/news\/134704\/#primaryimage\",\"url\":\"https:\/\/pozirk.online\/wp-content\/uploads\/2025\/01\/grodno-pixabay.jpg\",\"contentUrl\":\"https:\/\/pozirk.online\/wp-content\/uploads\/2025\/01\/grodno-pixabay.jpg\",\"width\":1128,\"height\":752},{\"@type\":\"BreadcrumbList\",\"@id\":\"https:\/\/pozirk.online\/en\/news\/134704\/#breadcrumb\",\"itemListElement\":[{\"@type\":\"ListItem\",\"position\":1,\"name\":\"Home\",\"item\":\"https:\/\/pozirk.online\/en\/\"},{\"@type\":\"ListItem\",\"position\":2,\"name\":\"\u0141uka\u0161enka appoints his aide for Hrodna region, five deputy ministers\"}]},{\"@type\":\"WebSite\",\"@id\":\"https:\/\/pozirk.online\/en\/#website\",\"url\":\"https:\/\/pozirk.online\/en\/\",\"name\":\"Pozirk\",\"description\":\"\",\"publisher\":{\"@id\":\"https:\/\/pozirk.online\/en\/#organization\"},\"potentialAction\":[{\"@type\":\"SearchAction\",\"target\":{\"@type\":\"EntryPoint\",\"urlTemplate\":\"https:\/\/pozirk.online\/en\/?s={search_term_string}\"},\"query-input\":{\"@type\":\"PropertyValueSpecification\",\"valueRequired\":true,\"valueName\":\"search_term_string\"}}],\"inLanguage\":\"en-US\"},{\"@type\":\"Organization\",\"@id\":\"https:\/\/pozirk.online\/en\/#organization\",\"name\":\"Pozirk\",\"url\":\"https:\/\/pozirk.online\/en\/\",\"logo\":{\"@type\":\"ImageObject\",\"inLanguage\":\"en-US\",\"@id\":\"https:\/\/pozirk.online\/en\/#\/schema\/logo\/image\/\",\"url\":\"https:\/\/pozirk.online\/wp-content\/uploads\/2023\/11\/cropped-Logo_color_512.png\",\"contentUrl\":\"https:\/\/pozirk.online\/wp-content\/uploads\/2023\/11\/cropped-Logo_color_512.png\",\"width\":512,\"height\":512,\"caption\":\"Pozirk\"},\"image\":{\"@id\":\"https:\/\/pozirk.online\/en\/#\/schema\/logo\/image\/\"},\"sameAs\":[\"https:\/\/www.facebook.com\/pozirkonline\/\",\"https:\/\/x.com\/Pozirk_online\"]}]}<\/script>\n<!-- \/ Yoast SEO plugin. -->","yoast_head_json":{"title":"\u0141uka\u0161enka appoints his aide for Hrodna region, five deputy ministers | Pozirk","description":"April 17, Pozirk. Alaksandar \u0141uka\u0161enka has appointed Kanstancin Burak, chief of staff at the Council of Ministers since March 3, as his aide for the","robots":{"index":"index","follow":"follow","max-snippet":"max-snippet:-1","max-image-preview":"max-image-preview:large","max-video-preview":"max-video-preview:-1"},"canonical":"https:\/\/pozirk.online\/en\/news\/134704\/","og_locale":"en_US","og_type":"article","og_title":"\u0141uka\u0161enka appoints his aide for Hrodna region, five deputy ministers | Pozirk","og_description":"April 17, Pozirk. Alaksandar \u0141uka\u0161enka has appointed Kanstancin Burak, chief of staff at the Council of Ministers since March 3, as his aide for the","og_url":"https:\/\/pozirk.online\/en\/news\/134704\/","og_site_name":"Pozirk","article_publisher":"https:\/\/www.facebook.com\/pozirkonline\/","article_modified_time":"2026-03-10T12:05:06+00:00","og_image":[{"width":1128,"height":752,"url":"https:\/\/pozirk.online\/wp-content\/uploads\/2025\/01\/grodno-pixabay.jpg","type":"image\/jpeg"}],"twitter_card":"summary_large_image","twitter_site":"@Pozirk_online","twitter_misc":{"Est. reading time":"2 minutes"},"schema":{"@context":"https:\/\/schema.org","@graph":[{"@type":"NewsArticle","@id":"https:\/\/pozirk.online\/en\/news\/134704\/#article","isPartOf":{"@id":"https:\/\/pozirk.online\/en\/news\/134704\/"},"headline":"\u0141uka\u0161enka appoints his aide for Hrodna region, five deputy ministers","datePublished":"2025-04-17T16:33:05+00:00","dateModified":"2026-03-10T12:05:06+00:00","mainEntityOfPage":{"@id":"https:\/\/pozirk.online\/en\/news\/134704\/"},"wordCount":192,"publisher":{"@id":"https:\/\/pozirk.online\/en\/#organization"},"image":{"@id":"https:\/\/pozirk.online\/en\/news\/134704\/#primaryimage"},"thumbnailUrl":"https:\/\/pozirk.online\/wp-content\/uploads\/2025\/01\/grodno-pixabay.jpg","inLanguage":"en-US"},{"@type":"WebPage","@id":"https:\/\/pozirk.online\/en\/news\/134704\/","url":"https:\/\/pozirk.online\/en\/news\/134704\/","name":"\u0141uka\u0161enka appoints his aide for Hrodna region, five deputy ministers | Pozirk","isPartOf":{"@id":"https:\/\/pozirk.online\/en\/#website"},"primaryImageOfPage":{"@id":"https:\/\/pozirk.online\/en\/news\/134704\/#primaryimage"},"image":{"@id":"https:\/\/pozirk.online\/en\/news\/134704\/#primaryimage"},"thumbnailUrl":"https:\/\/pozirk.online\/wp-content\/uploads\/2025\/01\/grodno-pixabay.jpg","datePublished":"2025-04-17T16:33:05+00:00","dateModified":"2026-03-10T12:05:06+00:00","description":"April 17, Pozirk. Alaksandar \u0141uka\u0161enka has appointed Kanstancin Burak, chief of staff at the Council of Ministers since March 3, as his aide for the","breadcrumb":{"@id":"https:\/\/pozirk.online\/en\/news\/134704\/#breadcrumb"},"inLanguage":"en-US","potentialAction":[{"@type":"ReadAction","target":["https:\/\/pozirk.online\/en\/news\/134704\/"]}]},{"@type":"ImageObject","inLanguage":"en-US","@id":"https:\/\/pozirk.online\/en\/news\/134704\/#primaryimage","url":"https:\/\/pozirk.online\/wp-content\/uploads\/2025\/01\/grodno-pixabay.jpg","contentUrl":"https:\/\/pozirk.online\/wp-content\/uploads\/2025\/01\/grodno-pixabay.jpg","width":1128,"height":752},{"@type":"BreadcrumbList","@id":"https:\/\/pozirk.online\/en\/news\/134704\/#breadcrumb","itemListElement":[{"@type":"ListItem","position":1,"name":"Home","item":"https:\/\/pozirk.online\/en\/"},{"@type":"ListItem","position":2,"name":"\u0141uka\u0161enka appoints his aide for Hrodna region, five deputy ministers"}]},{"@type":"WebSite","@id":"https:\/\/pozirk.online\/en\/#website","url":"https:\/\/pozirk.online\/en\/","name":"Pozirk","description":"","publisher":{"@id":"https:\/\/pozirk.online\/en\/#organization"},"potentialAction":[{"@type":"SearchAction","target":{"@type":"EntryPoint","urlTemplate":"https:\/\/pozirk.online\/en\/?s={search_term_string}"},"query-input":{"@type":"PropertyValueSpecification","valueRequired":true,"valueName":"search_term_string"}}],"inLanguage":"en-US"},{"@type":"Organization","@id":"https:\/\/pozirk.online\/en\/#organization","name":"Pozirk","url":"https:\/\/pozirk.online\/en\/","logo":{"@type":"ImageObject","inLanguage":"en-US","@id":"https:\/\/pozirk.online\/en\/#\/schema\/logo\/image\/","url":"https:\/\/pozirk.online\/wp-content\/uploads\/2023\/11\/cropped-Logo_color_512.png","contentUrl":"https:\/\/pozirk.online\/wp-content\/uploads\/2023\/11\/cropped-Logo_color_512.png","width":512,"height":512,"caption":"Pozirk"},"image":{"@id":"https:\/\/pozirk.online\/en\/#\/schema\/logo\/image\/"},"sameAs":["https:\/\/www.facebook.com\/pozirkonline\/","https:\/\/x.com\/Pozirk_online"]}]}},"_links":{"self":[{"href":"https:\/\/pozirk.online\/en\/wp-json\/wp\/v2\/articles\/134704","targetHints":{"allow":["GET"]}}],"collection":[{"href":"https:\/\/pozirk.online\/en\/wp-json\/wp\/v2\/articles"}],"about":[{"href":"https:\/\/pozirk.online\/en\/wp-json\/wp\/v2\/types\/articles"}],"author":[{"embeddable":true,"href":"https:\/\/pozirk.online\/en\/wp-json\/wp\/v2\/users\/84"}],"wp:featuredmedia":[{"embeddable":true,"href":"https:\/\/pozirk.online\/en\/wp-json\/wp\/v2\/media\/122069"}],"wp:attachment":[{"href":"https:\/\/pozirk.online\/en\/wp-json\/wp\/v2\/media?parent=134704"}],"wp:term":[{"taxonomy":"rubric","embeddable":true,"href":"https:\/\/pozirk.online\/en\/wp-json\/wp\/v2\/rubric?post=134704"}],"curies":[{"name":"wp","href":"https:\/\/api.w.org\/{rel}","templated":true}]}}