{"id":136723,"date":"2025-05-05T12:50:57","date_gmt":"2025-05-05T09:50:57","guid":{"rendered":"https:\/\/pozirk.online\/en\/news\/136723\/"},"modified":"2026-03-09T20:10:49","modified_gmt":"2026-03-09T20:10:49","slug":"opposition-leaders-appeal-for-donations-for-people-with-disabilities","status":"publish","type":"articles","link":"https:\/\/pozirk.online\/en\/news\/136723\/","title":{"rendered":"Opposition leaders appeal for donations for people with disabilities"},"content":{"rendered":"\n<figure class=\"block-image block-image-normal\">\n\n  <img decoding=\"async\" width=\"1128\" height=\"752\" src=\"https:\/\/pozirk.online\/wp-content\/uploads\/2024\/06\/invalidnaja_koliaska_freepik_1128x752.jpg\" class=\"attachment-full size-full\" alt=\"\" srcset=\"https:\/\/pozirk.online\/wp-content\/uploads\/2024\/06\/invalidnaja_koliaska_freepik_1128x752.jpg 1128w, https:\/\/pozirk.online\/wp-content\/uploads\/2024\/06\/invalidnaja_koliaska_freepik_1128x752-354x236.jpg 354w, https:\/\/pozirk.online\/wp-content\/uploads\/2024\/06\/invalidnaja_koliaska_freepik_1128x752-734x490.jpg 734w, https:\/\/pozirk.online\/wp-content\/uploads\/2024\/06\/invalidnaja_koliaska_freepik_1128x752-178x118.jpg 178w, https:\/\/pozirk.online\/wp-content\/uploads\/2024\/06\/invalidnaja_koliaska_freepik_1128x752-768x512.jpg 768w\" sizes=\"(max-width: 1128px) 100vw, 1128px\" \/>\n  <figcaption>\n  \n       <div class=\"block-image__author\">\n                <span>(jcomp \/ freepik.com)<\/span>\n    <\/div>\n     <\/figcaption>\n<\/figure>\n\n\n\n<p><strong>May 5, <em>Pozirk<\/em>.<\/strong> Belarus\u2019 opposition leaders have appealed for <a href=\"https:\/\/www.stranafund.org\/ru\/kampanii\/international-day-of-dersons-with-disabilities\" target=\"_blank\" rel=\"nofollow\">donations<\/a> on International Day of Protection of Rights of Persons with Disabilities.<\/p>\n\n\n\n<p>Belarusian officials do not perceive people with disabilities as equal citizens, opposition leader \u015aviat\u0142ana Cichano\u016dskaja has said.<\/p>\n\n\n\n<p>Her associate Volha Zazulinskaja called on Belarusians to support a charity fundraiser for people with disabilities, administered by the Strana Dlya Zhizni Foundation.<\/p>\n\n\n\n<p>\u201cWe are building Belarus together, in which no one will be forgotten. . .&nbsp; because the true value of the country is in its people, in all people without exception,\u201d Cichano\u016dskaja stressed.<\/p>\n\n\n\n<p>More than 560,000 people in Belarus, including 30,000 children, have various forms of disability.<\/p>\n","protected":false},"excerpt":{"rendered":"<p>May 5, Pozirk. Belarus\u2019 opposition leaders have appealed for donations on International Day of Protection of Rights of Persons with Disabilities. Belarusian officials do not perceive people with disabilities as equal citizens, opposition leader \u015aviat\u0142ana Cichano\u016dskaja has said. Her associate Volha Zazulinskaja called on Belarusians to support a charity fundraiser for people with disabilities, administered [&hellip;]<\/p>\n","protected":false},"author":83,"featured_media":92428,"template":"","rubric":[15],"class_list":["post-136723","articles","type-articles","status-publish","has-post-thumbnail","hentry","rubric-society"],"acf":[],"yoast_head":"<!-- This site is optimized with the Yoast SEO plugin v25.5 - https:\/\/yoast.com\/wordpress\/plugins\/seo\/ -->\n<title>Opposition leaders appeal for donations for people with disabilities | Pozirk<\/title>\n<meta name=\"description\" content=\"May 5, Pozirk. Belarus\u2019 opposition leaders have appealed for donations on International Day of Protection of Rights of Persons with Disabilities.\" \/>\n<meta name=\"robots\" content=\"index, follow, max-snippet:-1, max-image-preview:large, max-video-preview:-1\" \/>\n<link rel=\"canonical\" href=\"https:\/\/pozirk.online\/en\/news\/136723\/\" \/>\n<meta property=\"og:locale\" content=\"en_US\" \/>\n<meta property=\"og:type\" content=\"article\" \/>\n<meta property=\"og:title\" content=\"Opposition leaders appeal for donations for people with disabilities | Pozirk\" \/>\n<meta property=\"og:description\" content=\"May 5, Pozirk. Belarus\u2019 opposition leaders have appealed for donations on International Day of Protection of Rights of Persons with Disabilities.\" \/>\n<meta property=\"og:url\" content=\"https:\/\/pozirk.online\/en\/news\/136723\/\" \/>\n<meta property=\"og:site_name\" content=\"Pozirk\" \/>\n<meta property=\"article:publisher\" content=\"https:\/\/www.facebook.com\/pozirkonline\/\" \/>\n<meta property=\"article:modified_time\" content=\"2026-03-09T20:10:49+00:00\" \/>\n<meta property=\"og:image\" content=\"https:\/\/pozirk.online\/wp-content\/uploads\/2024\/06\/invalidnaja_koliaska_freepik_1128x752.jpg\" \/>\n\t<meta property=\"og:image:width\" content=\"1128\" \/>\n\t<meta property=\"og:image:height\" content=\"752\" \/>\n\t<meta property=\"og:image:type\" content=\"image\/jpeg\" \/>\n<meta name=\"twitter:card\" content=\"summary_large_image\" \/>\n<meta name=\"twitter:site\" content=\"@Pozirk_online\" \/>\n<meta name=\"twitter:label1\" content=\"Est. reading time\" \/>\n\t<meta name=\"twitter:data1\" content=\"1 minute\" \/>\n<script type=\"application\/ld+json\" class=\"yoast-schema-graph\">{\"@context\":\"https:\/\/schema.org\",\"@graph\":[{\"@type\":\"NewsArticle\",\"@id\":\"https:\/\/pozirk.online\/en\/news\/136723\/#article\",\"isPartOf\":{\"@id\":\"https:\/\/pozirk.online\/en\/news\/136723\/\"},\"headline\":\"Opposition leaders appeal for donations for people with disabilities\",\"datePublished\":\"2025-05-05T09:50:57+00:00\",\"dateModified\":\"2026-03-09T20:10:49+00:00\",\"mainEntityOfPage\":{\"@id\":\"https:\/\/pozirk.online\/en\/news\/136723\/\"},\"wordCount\":115,\"publisher\":{\"@id\":\"https:\/\/pozirk.online\/en\/#organization\"},\"image\":{\"@id\":\"https:\/\/pozirk.online\/en\/news\/136723\/#primaryimage\"},\"thumbnailUrl\":\"https:\/\/pozirk.online\/wp-content\/uploads\/2024\/06\/invalidnaja_koliaska_freepik_1128x752.jpg\",\"inLanguage\":\"en-US\"},{\"@type\":\"WebPage\",\"@id\":\"https:\/\/pozirk.online\/en\/news\/136723\/\",\"url\":\"https:\/\/pozirk.online\/en\/news\/136723\/\",\"name\":\"Opposition leaders appeal for donations for people with disabilities | Pozirk\",\"isPartOf\":{\"@id\":\"https:\/\/pozirk.online\/en\/#website\"},\"primaryImageOfPage\":{\"@id\":\"https:\/\/pozirk.online\/en\/news\/136723\/#primaryimage\"},\"image\":{\"@id\":\"https:\/\/pozirk.online\/en\/news\/136723\/#primaryimage\"},\"thumbnailUrl\":\"https:\/\/pozirk.online\/wp-content\/uploads\/2024\/06\/invalidnaja_koliaska_freepik_1128x752.jpg\",\"datePublished\":\"2025-05-05T09:50:57+00:00\",\"dateModified\":\"2026-03-09T20:10:49+00:00\",\"description\":\"May 5, Pozirk. Belarus\u2019 opposition leaders have appealed for donations on International Day of Protection of Rights of Persons with Disabilities.\",\"breadcrumb\":{\"@id\":\"https:\/\/pozirk.online\/en\/news\/136723\/#breadcrumb\"},\"inLanguage\":\"en-US\",\"potentialAction\":[{\"@type\":\"ReadAction\",\"target\":[\"https:\/\/pozirk.online\/en\/news\/136723\/\"]}]},{\"@type\":\"ImageObject\",\"inLanguage\":\"en-US\",\"@id\":\"https:\/\/pozirk.online\/en\/news\/136723\/#primaryimage\",\"url\":\"https:\/\/pozirk.online\/wp-content\/uploads\/2024\/06\/invalidnaja_koliaska_freepik_1128x752.jpg\",\"contentUrl\":\"https:\/\/pozirk.online\/wp-content\/uploads\/2024\/06\/invalidnaja_koliaska_freepik_1128x752.jpg\",\"width\":1128,\"height\":752},{\"@type\":\"BreadcrumbList\",\"@id\":\"https:\/\/pozirk.online\/en\/news\/136723\/#breadcrumb\",\"itemListElement\":[{\"@type\":\"ListItem\",\"position\":1,\"name\":\"Home\",\"item\":\"https:\/\/pozirk.online\/en\/\"},{\"@type\":\"ListItem\",\"position\":2,\"name\":\"Opposition leaders appeal for donations for people with disabilities\"}]},{\"@type\":\"WebSite\",\"@id\":\"https:\/\/pozirk.online\/en\/#website\",\"url\":\"https:\/\/pozirk.online\/en\/\",\"name\":\"Pozirk\",\"description\":\"\",\"publisher\":{\"@id\":\"https:\/\/pozirk.online\/en\/#organization\"},\"potentialAction\":[{\"@type\":\"SearchAction\",\"target\":{\"@type\":\"EntryPoint\",\"urlTemplate\":\"https:\/\/pozirk.online\/en\/?s={search_term_string}\"},\"query-input\":{\"@type\":\"PropertyValueSpecification\",\"valueRequired\":true,\"valueName\":\"search_term_string\"}}],\"inLanguage\":\"en-US\"},{\"@type\":\"Organization\",\"@id\":\"https:\/\/pozirk.online\/en\/#organization\",\"name\":\"Pozirk\",\"url\":\"https:\/\/pozirk.online\/en\/\",\"logo\":{\"@type\":\"ImageObject\",\"inLanguage\":\"en-US\",\"@id\":\"https:\/\/pozirk.online\/en\/#\/schema\/logo\/image\/\",\"url\":\"https:\/\/pozirk.online\/wp-content\/uploads\/2023\/11\/cropped-Logo_color_512.png\",\"contentUrl\":\"https:\/\/pozirk.online\/wp-content\/uploads\/2023\/11\/cropped-Logo_color_512.png\",\"width\":512,\"height\":512,\"caption\":\"Pozirk\"},\"image\":{\"@id\":\"https:\/\/pozirk.online\/en\/#\/schema\/logo\/image\/\"},\"sameAs\":[\"https:\/\/www.facebook.com\/pozirkonline\/\",\"https:\/\/x.com\/Pozirk_online\"]}]}<\/script>\n<!-- \/ Yoast SEO plugin. -->","yoast_head_json":{"title":"Opposition leaders appeal for donations for people with disabilities | Pozirk","description":"May 5, Pozirk. Belarus\u2019 opposition leaders have appealed for donations on International Day of Protection of Rights of Persons with Disabilities.","robots":{"index":"index","follow":"follow","max-snippet":"max-snippet:-1","max-image-preview":"max-image-preview:large","max-video-preview":"max-video-preview:-1"},"canonical":"https:\/\/pozirk.online\/en\/news\/136723\/","og_locale":"en_US","og_type":"article","og_title":"Opposition leaders appeal for donations for people with disabilities | Pozirk","og_description":"May 5, Pozirk. Belarus\u2019 opposition leaders have appealed for donations on International Day of Protection of Rights of Persons with Disabilities.","og_url":"https:\/\/pozirk.online\/en\/news\/136723\/","og_site_name":"Pozirk","article_publisher":"https:\/\/www.facebook.com\/pozirkonline\/","article_modified_time":"2026-03-09T20:10:49+00:00","og_image":[{"width":1128,"height":752,"url":"https:\/\/pozirk.online\/wp-content\/uploads\/2024\/06\/invalidnaja_koliaska_freepik_1128x752.jpg","type":"image\/jpeg"}],"twitter_card":"summary_large_image","twitter_site":"@Pozirk_online","twitter_misc":{"Est. reading time":"1 minute"},"schema":{"@context":"https:\/\/schema.org","@graph":[{"@type":"NewsArticle","@id":"https:\/\/pozirk.online\/en\/news\/136723\/#article","isPartOf":{"@id":"https:\/\/pozirk.online\/en\/news\/136723\/"},"headline":"Opposition leaders appeal for donations for people with disabilities","datePublished":"2025-05-05T09:50:57+00:00","dateModified":"2026-03-09T20:10:49+00:00","mainEntityOfPage":{"@id":"https:\/\/pozirk.online\/en\/news\/136723\/"},"wordCount":115,"publisher":{"@id":"https:\/\/pozirk.online\/en\/#organization"},"image":{"@id":"https:\/\/pozirk.online\/en\/news\/136723\/#primaryimage"},"thumbnailUrl":"https:\/\/pozirk.online\/wp-content\/uploads\/2024\/06\/invalidnaja_koliaska_freepik_1128x752.jpg","inLanguage":"en-US"},{"@type":"WebPage","@id":"https:\/\/pozirk.online\/en\/news\/136723\/","url":"https:\/\/pozirk.online\/en\/news\/136723\/","name":"Opposition leaders appeal for donations for people with disabilities | Pozirk","isPartOf":{"@id":"https:\/\/pozirk.online\/en\/#website"},"primaryImageOfPage":{"@id":"https:\/\/pozirk.online\/en\/news\/136723\/#primaryimage"},"image":{"@id":"https:\/\/pozirk.online\/en\/news\/136723\/#primaryimage"},"thumbnailUrl":"https:\/\/pozirk.online\/wp-content\/uploads\/2024\/06\/invalidnaja_koliaska_freepik_1128x752.jpg","datePublished":"2025-05-05T09:50:57+00:00","dateModified":"2026-03-09T20:10:49+00:00","description":"May 5, Pozirk. Belarus\u2019 opposition leaders have appealed for donations on International Day of Protection of Rights of Persons with Disabilities.","breadcrumb":{"@id":"https:\/\/pozirk.online\/en\/news\/136723\/#breadcrumb"},"inLanguage":"en-US","potentialAction":[{"@type":"ReadAction","target":["https:\/\/pozirk.online\/en\/news\/136723\/"]}]},{"@type":"ImageObject","inLanguage":"en-US","@id":"https:\/\/pozirk.online\/en\/news\/136723\/#primaryimage","url":"https:\/\/pozirk.online\/wp-content\/uploads\/2024\/06\/invalidnaja_koliaska_freepik_1128x752.jpg","contentUrl":"https:\/\/pozirk.online\/wp-content\/uploads\/2024\/06\/invalidnaja_koliaska_freepik_1128x752.jpg","width":1128,"height":752},{"@type":"BreadcrumbList","@id":"https:\/\/pozirk.online\/en\/news\/136723\/#breadcrumb","itemListElement":[{"@type":"ListItem","position":1,"name":"Home","item":"https:\/\/pozirk.online\/en\/"},{"@type":"ListItem","position":2,"name":"Opposition leaders appeal for donations for people with disabilities"}]},{"@type":"WebSite","@id":"https:\/\/pozirk.online\/en\/#website","url":"https:\/\/pozirk.online\/en\/","name":"Pozirk","description":"","publisher":{"@id":"https:\/\/pozirk.online\/en\/#organization"},"potentialAction":[{"@type":"SearchAction","target":{"@type":"EntryPoint","urlTemplate":"https:\/\/pozirk.online\/en\/?s={search_term_string}"},"query-input":{"@type":"PropertyValueSpecification","valueRequired":true,"valueName":"search_term_string"}}],"inLanguage":"en-US"},{"@type":"Organization","@id":"https:\/\/pozirk.online\/en\/#organization","name":"Pozirk","url":"https:\/\/pozirk.online\/en\/","logo":{"@type":"ImageObject","inLanguage":"en-US","@id":"https:\/\/pozirk.online\/en\/#\/schema\/logo\/image\/","url":"https:\/\/pozirk.online\/wp-content\/uploads\/2023\/11\/cropped-Logo_color_512.png","contentUrl":"https:\/\/pozirk.online\/wp-content\/uploads\/2023\/11\/cropped-Logo_color_512.png","width":512,"height":512,"caption":"Pozirk"},"image":{"@id":"https:\/\/pozirk.online\/en\/#\/schema\/logo\/image\/"},"sameAs":["https:\/\/www.facebook.com\/pozirkonline\/","https:\/\/x.com\/Pozirk_online"]}]}},"_links":{"self":[{"href":"https:\/\/pozirk.online\/en\/wp-json\/wp\/v2\/articles\/136723","targetHints":{"allow":["GET"]}}],"collection":[{"href":"https:\/\/pozirk.online\/en\/wp-json\/wp\/v2\/articles"}],"about":[{"href":"https:\/\/pozirk.online\/en\/wp-json\/wp\/v2\/types\/articles"}],"author":[{"embeddable":true,"href":"https:\/\/pozirk.online\/en\/wp-json\/wp\/v2\/users\/83"}],"wp:featuredmedia":[{"embeddable":true,"href":"https:\/\/pozirk.online\/en\/wp-json\/wp\/v2\/media\/92428"}],"wp:attachment":[{"href":"https:\/\/pozirk.online\/en\/wp-json\/wp\/v2\/media?parent=136723"}],"wp:term":[{"taxonomy":"rubric","embeddable":true,"href":"https:\/\/pozirk.online\/en\/wp-json\/wp\/v2\/rubric?post=136723"}],"curies":[{"name":"wp","href":"https:\/\/api.w.org\/{rel}","templated":true}]}}