{"id":137911,"date":"2025-05-13T17:26:57","date_gmt":"2025-05-13T14:26:57","guid":{"rendered":"https:\/\/pozirk.online\/en\/news\/137911\/"},"modified":"2026-03-09T20:10:49","modified_gmt":"2026-03-09T20:10:49","slug":"interior-minister-meets-with-interpol-president-during-police-summit-in-dubai","status":"publish","type":"articles","link":"https:\/\/pozirk.online\/en\/news\/137911\/","title":{"rendered":"Interior minister meets with Interpol president during police summit in Dubai"},"content":{"rendered":"\n<figure class=\"block-image block-image-normal\">\n\n  <img decoding=\"async\" width=\"1126\" height=\"752\" src=\"https:\/\/pozirk.online\/wp-content\/uploads\/2025\/05\/mvd-kubrakov-interpol-13-05.jpg\" class=\"attachment-full size-full\" alt=\"\" srcset=\"https:\/\/pozirk.online\/wp-content\/uploads\/2025\/05\/mvd-kubrakov-interpol-13-05.jpg 1126w, https:\/\/pozirk.online\/wp-content\/uploads\/2025\/05\/mvd-kubrakov-interpol-13-05-354x236.jpg 354w, https:\/\/pozirk.online\/wp-content\/uploads\/2025\/05\/mvd-kubrakov-interpol-13-05-734x490.jpg 734w, https:\/\/pozirk.online\/wp-content\/uploads\/2025\/05\/mvd-kubrakov-interpol-13-05-178x118.jpg 178w, https:\/\/pozirk.online\/wp-content\/uploads\/2025\/05\/mvd-kubrakov-interpol-13-05-768x513.jpg 768w\" sizes=\"(max-width: 1126px) 100vw, 1126px\" \/>\n  <figcaption>\n  \n       <div class=\"block-image__author\">\n                <span>(Ministry of Internal Affairs)<\/span>\n    <\/div>\n     <\/figcaption>\n<\/figure>\n\n\n\n<p><strong>May 13,&nbsp;<\/strong><strong><em>Pozirk<\/em>.<\/strong>&nbsp;Belarus\u2019 Interior Minister Ivan Kubrako\u016d, at the World Police Summit in Dubai, has met with Interpol President Ahmed Naser Al-Raisi to stress the importance of his country\u2019s cooperation with the international criminal police agency.<\/p>\n\n\n\n<p>The interior ministry says that Al-Raisi said he appreciated that Belarusian law enforcement officers continue cooperation \u201ceven despite certain political aspects.\u201d<\/p>\n\n\n\n<p>The Belarusian government attempted to use the international police agency to arrest opposition leader \u015aviat\u0142ana Cichano\u016dskaja, but Interpol rejected its request.<\/p>\n\n\n\n<p>Minsk has appealed to Interpol for help with the arrest and extradition of several other prominent political figures.<\/p>\n\n\n\n<p>Also read: <a href=\"https:\/\/pozirk.online\/ru\/news\/123974\/\">Interpol issues red notice for suspects in 2021 Ryanair forced landing in Minsk<\/a><\/p>\n","protected":false},"excerpt":{"rendered":"<p>May 13,&nbsp;Pozirk.&nbsp;Belarus\u2019 Interior Minister Ivan Kubrako\u016d, at the World Police Summit in Dubai, has met with Interpol President Ahmed Naser Al-Raisi to stress the importance of his country\u2019s cooperation with the international criminal police agency. The interior ministry says that Al-Raisi said he appreciated that Belarusian law enforcement officers continue cooperation \u201ceven despite certain political [&hellip;]<\/p>\n","protected":false},"author":83,"featured_media":137905,"template":"","rubric":[14,30],"class_list":["post-137911","articles","type-articles","status-publish","has-post-thumbnail","hentry","rubric-politics","rubric-security"],"acf":[],"yoast_head":"<!-- This site is optimized with the Yoast SEO plugin v25.5 - https:\/\/yoast.com\/wordpress\/plugins\/seo\/ -->\n<title>Interior minister meets with Interpol president during police summit in Dubai | Pozirk<\/title>\n<meta name=\"description\" content=\"May 13,&nbsp;Pozirk.&nbsp;Belarus\u2019 Interior Minister Ivan Kubrako\u016d, at the World Police Summit in Dubai, has met with Interpol President Ahmed Naser\" \/>\n<meta name=\"robots\" content=\"index, follow, max-snippet:-1, max-image-preview:large, max-video-preview:-1\" \/>\n<link rel=\"canonical\" href=\"https:\/\/pozirk.online\/en\/news\/137911\/\" \/>\n<meta property=\"og:locale\" content=\"en_US\" \/>\n<meta property=\"og:type\" content=\"article\" \/>\n<meta property=\"og:title\" content=\"Interior minister meets with Interpol president during police summit in Dubai | Pozirk\" \/>\n<meta property=\"og:description\" content=\"May 13,&nbsp;Pozirk.&nbsp;Belarus\u2019 Interior Minister Ivan Kubrako\u016d, at the World Police Summit in Dubai, has met with Interpol President Ahmed Naser\" \/>\n<meta property=\"og:url\" content=\"https:\/\/pozirk.online\/en\/news\/137911\/\" \/>\n<meta property=\"og:site_name\" content=\"Pozirk\" \/>\n<meta property=\"article:publisher\" content=\"https:\/\/www.facebook.com\/pozirkonline\/\" \/>\n<meta property=\"article:modified_time\" content=\"2026-03-09T20:10:49+00:00\" \/>\n<meta property=\"og:image\" content=\"https:\/\/pozirk.online\/wp-content\/uploads\/2025\/05\/mvd-kubrakov-interpol-13-05.jpg\" \/>\n\t<meta property=\"og:image:width\" content=\"1126\" \/>\n\t<meta property=\"og:image:height\" content=\"752\" \/>\n\t<meta property=\"og:image:type\" content=\"image\/jpeg\" \/>\n<meta name=\"twitter:card\" content=\"summary_large_image\" \/>\n<meta name=\"twitter:site\" content=\"@Pozirk_online\" \/>\n<meta name=\"twitter:label1\" content=\"Est. reading time\" \/>\n\t<meta name=\"twitter:data1\" content=\"1 minute\" \/>\n<script type=\"application\/ld+json\" class=\"yoast-schema-graph\">{\"@context\":\"https:\/\/schema.org\",\"@graph\":[{\"@type\":\"NewsArticle\",\"@id\":\"https:\/\/pozirk.online\/en\/news\/137911\/#article\",\"isPartOf\":{\"@id\":\"https:\/\/pozirk.online\/en\/news\/137911\/\"},\"headline\":\"Interior minister meets with Interpol president during police summit in Dubai\",\"datePublished\":\"2025-05-13T14:26:57+00:00\",\"dateModified\":\"2026-03-09T20:10:49+00:00\",\"mainEntityOfPage\":{\"@id\":\"https:\/\/pozirk.online\/en\/news\/137911\/\"},\"wordCount\":126,\"publisher\":{\"@id\":\"https:\/\/pozirk.online\/en\/#organization\"},\"image\":{\"@id\":\"https:\/\/pozirk.online\/en\/news\/137911\/#primaryimage\"},\"thumbnailUrl\":\"https:\/\/pozirk.online\/wp-content\/uploads\/2025\/05\/mvd-kubrakov-interpol-13-05.jpg\",\"inLanguage\":\"en-US\"},{\"@type\":\"WebPage\",\"@id\":\"https:\/\/pozirk.online\/en\/news\/137911\/\",\"url\":\"https:\/\/pozirk.online\/en\/news\/137911\/\",\"name\":\"Interior minister meets with Interpol president during police summit in Dubai | Pozirk\",\"isPartOf\":{\"@id\":\"https:\/\/pozirk.online\/en\/#website\"},\"primaryImageOfPage\":{\"@id\":\"https:\/\/pozirk.online\/en\/news\/137911\/#primaryimage\"},\"image\":{\"@id\":\"https:\/\/pozirk.online\/en\/news\/137911\/#primaryimage\"},\"thumbnailUrl\":\"https:\/\/pozirk.online\/wp-content\/uploads\/2025\/05\/mvd-kubrakov-interpol-13-05.jpg\",\"datePublished\":\"2025-05-13T14:26:57+00:00\",\"dateModified\":\"2026-03-09T20:10:49+00:00\",\"description\":\"May 13,&nbsp;Pozirk.&nbsp;Belarus\u2019 Interior Minister Ivan Kubrako\u016d, at the World Police Summit in Dubai, has met with Interpol President Ahmed Naser\",\"breadcrumb\":{\"@id\":\"https:\/\/pozirk.online\/en\/news\/137911\/#breadcrumb\"},\"inLanguage\":\"en-US\",\"potentialAction\":[{\"@type\":\"ReadAction\",\"target\":[\"https:\/\/pozirk.online\/en\/news\/137911\/\"]}]},{\"@type\":\"ImageObject\",\"inLanguage\":\"en-US\",\"@id\":\"https:\/\/pozirk.online\/en\/news\/137911\/#primaryimage\",\"url\":\"https:\/\/pozirk.online\/wp-content\/uploads\/2025\/05\/mvd-kubrakov-interpol-13-05.jpg\",\"contentUrl\":\"https:\/\/pozirk.online\/wp-content\/uploads\/2025\/05\/mvd-kubrakov-interpol-13-05.jpg\",\"width\":1126,\"height\":752},{\"@type\":\"BreadcrumbList\",\"@id\":\"https:\/\/pozirk.online\/en\/news\/137911\/#breadcrumb\",\"itemListElement\":[{\"@type\":\"ListItem\",\"position\":1,\"name\":\"Home\",\"item\":\"https:\/\/pozirk.online\/en\/\"},{\"@type\":\"ListItem\",\"position\":2,\"name\":\"Interior minister meets with Interpol president during police summit in Dubai\"}]},{\"@type\":\"WebSite\",\"@id\":\"https:\/\/pozirk.online\/en\/#website\",\"url\":\"https:\/\/pozirk.online\/en\/\",\"name\":\"Pozirk\",\"description\":\"\",\"publisher\":{\"@id\":\"https:\/\/pozirk.online\/en\/#organization\"},\"potentialAction\":[{\"@type\":\"SearchAction\",\"target\":{\"@type\":\"EntryPoint\",\"urlTemplate\":\"https:\/\/pozirk.online\/en\/?s={search_term_string}\"},\"query-input\":{\"@type\":\"PropertyValueSpecification\",\"valueRequired\":true,\"valueName\":\"search_term_string\"}}],\"inLanguage\":\"en-US\"},{\"@type\":\"Organization\",\"@id\":\"https:\/\/pozirk.online\/en\/#organization\",\"name\":\"Pozirk\",\"url\":\"https:\/\/pozirk.online\/en\/\",\"logo\":{\"@type\":\"ImageObject\",\"inLanguage\":\"en-US\",\"@id\":\"https:\/\/pozirk.online\/en\/#\/schema\/logo\/image\/\",\"url\":\"https:\/\/pozirk.online\/wp-content\/uploads\/2023\/11\/cropped-Logo_color_512.png\",\"contentUrl\":\"https:\/\/pozirk.online\/wp-content\/uploads\/2023\/11\/cropped-Logo_color_512.png\",\"width\":512,\"height\":512,\"caption\":\"Pozirk\"},\"image\":{\"@id\":\"https:\/\/pozirk.online\/en\/#\/schema\/logo\/image\/\"},\"sameAs\":[\"https:\/\/www.facebook.com\/pozirkonline\/\",\"https:\/\/x.com\/Pozirk_online\"]}]}<\/script>\n<!-- \/ Yoast SEO plugin. -->","yoast_head_json":{"title":"Interior minister meets with Interpol president during police summit in Dubai | Pozirk","description":"May 13,&nbsp;Pozirk.&nbsp;Belarus\u2019 Interior Minister Ivan Kubrako\u016d, at the World Police Summit in Dubai, has met with Interpol President Ahmed Naser","robots":{"index":"index","follow":"follow","max-snippet":"max-snippet:-1","max-image-preview":"max-image-preview:large","max-video-preview":"max-video-preview:-1"},"canonical":"https:\/\/pozirk.online\/en\/news\/137911\/","og_locale":"en_US","og_type":"article","og_title":"Interior minister meets with Interpol president during police summit in Dubai | Pozirk","og_description":"May 13,&nbsp;Pozirk.&nbsp;Belarus\u2019 Interior Minister Ivan Kubrako\u016d, at the World Police Summit in Dubai, has met with Interpol President Ahmed Naser","og_url":"https:\/\/pozirk.online\/en\/news\/137911\/","og_site_name":"Pozirk","article_publisher":"https:\/\/www.facebook.com\/pozirkonline\/","article_modified_time":"2026-03-09T20:10:49+00:00","og_image":[{"width":1126,"height":752,"url":"https:\/\/pozirk.online\/wp-content\/uploads\/2025\/05\/mvd-kubrakov-interpol-13-05.jpg","type":"image\/jpeg"}],"twitter_card":"summary_large_image","twitter_site":"@Pozirk_online","twitter_misc":{"Est. reading time":"1 minute"},"schema":{"@context":"https:\/\/schema.org","@graph":[{"@type":"NewsArticle","@id":"https:\/\/pozirk.online\/en\/news\/137911\/#article","isPartOf":{"@id":"https:\/\/pozirk.online\/en\/news\/137911\/"},"headline":"Interior minister meets with Interpol president during police summit in Dubai","datePublished":"2025-05-13T14:26:57+00:00","dateModified":"2026-03-09T20:10:49+00:00","mainEntityOfPage":{"@id":"https:\/\/pozirk.online\/en\/news\/137911\/"},"wordCount":126,"publisher":{"@id":"https:\/\/pozirk.online\/en\/#organization"},"image":{"@id":"https:\/\/pozirk.online\/en\/news\/137911\/#primaryimage"},"thumbnailUrl":"https:\/\/pozirk.online\/wp-content\/uploads\/2025\/05\/mvd-kubrakov-interpol-13-05.jpg","inLanguage":"en-US"},{"@type":"WebPage","@id":"https:\/\/pozirk.online\/en\/news\/137911\/","url":"https:\/\/pozirk.online\/en\/news\/137911\/","name":"Interior minister meets with Interpol president during police summit in Dubai | Pozirk","isPartOf":{"@id":"https:\/\/pozirk.online\/en\/#website"},"primaryImageOfPage":{"@id":"https:\/\/pozirk.online\/en\/news\/137911\/#primaryimage"},"image":{"@id":"https:\/\/pozirk.online\/en\/news\/137911\/#primaryimage"},"thumbnailUrl":"https:\/\/pozirk.online\/wp-content\/uploads\/2025\/05\/mvd-kubrakov-interpol-13-05.jpg","datePublished":"2025-05-13T14:26:57+00:00","dateModified":"2026-03-09T20:10:49+00:00","description":"May 13,&nbsp;Pozirk.&nbsp;Belarus\u2019 Interior Minister Ivan Kubrako\u016d, at the World Police Summit in Dubai, has met with Interpol President Ahmed Naser","breadcrumb":{"@id":"https:\/\/pozirk.online\/en\/news\/137911\/#breadcrumb"},"inLanguage":"en-US","potentialAction":[{"@type":"ReadAction","target":["https:\/\/pozirk.online\/en\/news\/137911\/"]}]},{"@type":"ImageObject","inLanguage":"en-US","@id":"https:\/\/pozirk.online\/en\/news\/137911\/#primaryimage","url":"https:\/\/pozirk.online\/wp-content\/uploads\/2025\/05\/mvd-kubrakov-interpol-13-05.jpg","contentUrl":"https:\/\/pozirk.online\/wp-content\/uploads\/2025\/05\/mvd-kubrakov-interpol-13-05.jpg","width":1126,"height":752},{"@type":"BreadcrumbList","@id":"https:\/\/pozirk.online\/en\/news\/137911\/#breadcrumb","itemListElement":[{"@type":"ListItem","position":1,"name":"Home","item":"https:\/\/pozirk.online\/en\/"},{"@type":"ListItem","position":2,"name":"Interior minister meets with Interpol president during police summit in Dubai"}]},{"@type":"WebSite","@id":"https:\/\/pozirk.online\/en\/#website","url":"https:\/\/pozirk.online\/en\/","name":"Pozirk","description":"","publisher":{"@id":"https:\/\/pozirk.online\/en\/#organization"},"potentialAction":[{"@type":"SearchAction","target":{"@type":"EntryPoint","urlTemplate":"https:\/\/pozirk.online\/en\/?s={search_term_string}"},"query-input":{"@type":"PropertyValueSpecification","valueRequired":true,"valueName":"search_term_string"}}],"inLanguage":"en-US"},{"@type":"Organization","@id":"https:\/\/pozirk.online\/en\/#organization","name":"Pozirk","url":"https:\/\/pozirk.online\/en\/","logo":{"@type":"ImageObject","inLanguage":"en-US","@id":"https:\/\/pozirk.online\/en\/#\/schema\/logo\/image\/","url":"https:\/\/pozirk.online\/wp-content\/uploads\/2023\/11\/cropped-Logo_color_512.png","contentUrl":"https:\/\/pozirk.online\/wp-content\/uploads\/2023\/11\/cropped-Logo_color_512.png","width":512,"height":512,"caption":"Pozirk"},"image":{"@id":"https:\/\/pozirk.online\/en\/#\/schema\/logo\/image\/"},"sameAs":["https:\/\/www.facebook.com\/pozirkonline\/","https:\/\/x.com\/Pozirk_online"]}]}},"_links":{"self":[{"href":"https:\/\/pozirk.online\/en\/wp-json\/wp\/v2\/articles\/137911","targetHints":{"allow":["GET"]}}],"collection":[{"href":"https:\/\/pozirk.online\/en\/wp-json\/wp\/v2\/articles"}],"about":[{"href":"https:\/\/pozirk.online\/en\/wp-json\/wp\/v2\/types\/articles"}],"author":[{"embeddable":true,"href":"https:\/\/pozirk.online\/en\/wp-json\/wp\/v2\/users\/83"}],"wp:featuredmedia":[{"embeddable":true,"href":"https:\/\/pozirk.online\/en\/wp-json\/wp\/v2\/media\/137905"}],"wp:attachment":[{"href":"https:\/\/pozirk.online\/en\/wp-json\/wp\/v2\/media?parent=137911"}],"wp:term":[{"taxonomy":"rubric","embeddable":true,"href":"https:\/\/pozirk.online\/en\/wp-json\/wp\/v2\/rubric?post=137911"}],"curies":[{"name":"wp","href":"https:\/\/api.w.org\/{rel}","templated":true}]}}