{"id":142130,"date":"2025-06-10T17:44:12","date_gmt":"2025-06-10T14:44:12","guid":{"rendered":"https:\/\/pozirk.online\/en\/news\/142130\/"},"modified":"2026-03-09T20:10:49","modified_gmt":"2026-03-09T20:10:49","slug":"opposition-leaders-preparing-for-brussels-consultative-group-talks","status":"publish","type":"articles","link":"https:\/\/pozirk.online\/en\/news\/142130\/","title":{"rendered":"Opposition leaders preparing for Brussels consultative group talks"},"content":{"rendered":"\n<p><strong>June 10, <em>Pozirk<\/em>.<\/strong> Value-based partnerships can have a real impact on the international agenda, United Transitional Cabinet (UTC) foreign affairs chief U\u0142adzimir Astapienka said in a statement ahead of the next Belarus-EU Consultative Group meeting tomorrow.<\/p>\n\n\n\n<p>The Belarusian delegation includes opposition leader \u015aviat\u0142ana Cichano\u016dskaja, her deputy Pavie\u0142 \u0141atu\u0161ka, social security chief Volha Zazulinskaja, Coordination Council Chairman Arciom Bruchan and Alaksandra Mamajeva, head of the council\u2019s international committee. It also includes human rights activists and delegates from NGOs, trade unions and the media.<\/p>\n\n\n\n<p>On May 24, delegation members met in Warsaw to discuss a common position for the session. The delegation plans to discuss support for political prisoners, Belarusian volunteer fighters in Ukraine and the independent media, mobility and visas for ordinary Belarusians and regional security.<\/p>\n\n\n\n<div class=\"insert-block\">\n\n    <div class=\"insert-block__img\">\n        <img decoding=\"async\" width=\"354\" height=\"236\" src=\"https:\/\/pozirk.online\/wp-content\/uploads\/2024\/01\/pozirk_color_blank_1128x752-354x236.jpg\" class=\"attachment-medium size-medium\" alt=\"\" srcset=\"https:\/\/pozirk.online\/wp-content\/uploads\/2024\/01\/pozirk_color_blank_1128x752-354x236.jpg 354w, https:\/\/pozirk.online\/wp-content\/uploads\/2024\/01\/pozirk_color_blank_1128x752-734x490.jpg 734w, https:\/\/pozirk.online\/wp-content\/uploads\/2024\/01\/pozirk_color_blank_1128x752-178x118.jpg 178w, https:\/\/pozirk.online\/wp-content\/uploads\/2024\/01\/pozirk_color_blank_1128x752-768x512.jpg 768w, https:\/\/pozirk.online\/wp-content\/uploads\/2024\/01\/pozirk_color_blank_1128x752.jpg 1128w\" sizes=\"(max-width: 354px) 100vw, 354px\" \/>                        <label class=\"insert-block__tag--mobile\"> Politics<\/label>\n\n                <\/div>\n    <div class=\"insert-block__text\">\n                    <label class=\"insert-block__tag\">Politics<\/label>\n                <h3 class=\"insert-block__title\">Opposition politicians meet diplomats from Australia, Belgium<\/h3>\n        <div class=\"insert-block__descr\">June 7, Pozirk. Opposition politician Pavie\u0142 \u0141atu\u0161ka met with Belgium&#039;s Ambassador to Poland Rik van Droogenbroeck and his deputy Elisa Castaldo to discuss accountability for Alaksandar \u0141uka\u0161enka and his officials, the transition cabinet&#039;s press office reported. \u0141atu\u0161ka\u2019s associate Arciom Bruchan &#8230;<\/div>\n        <a class=\"insert-block__btn-block\" href=\"\/en\/news\/141748\">\n            <button class=\"btn\">\n                <div class='btn__text'>Read<\/div>\n            <\/button>\n        <\/a>\n    <\/div>\n<\/div>","protected":false},"excerpt":{"rendered":"<p>June 10, Pozirk. Value-based partnerships can have a real impact on the international agenda, United Transitional Cabinet (UTC) foreign affairs chief U\u0142adzimir Astapienka said in a statement ahead of the next Belarus-EU Consultative Group meeting tomorrow. The Belarusian delegation includes opposition leader \u015aviat\u0142ana Cichano\u016dskaja, her deputy Pavie\u0142 \u0141atu\u0161ka, social security chief Volha Zazulinskaja, Coordination Council [&hellip;]<\/p>\n","protected":false},"author":83,"featured_media":111928,"template":"","rubric":[16],"class_list":["post-142130","articles","type-articles","status-publish","has-post-thumbnail","hentry","rubric-politics"],"acf":[],"yoast_head":"<!-- This site is optimized with the Yoast SEO plugin v25.5 - https:\/\/yoast.com\/wordpress\/plugins\/seo\/ -->\n<title>Opposition leaders preparing for Brussels consultative group talks | Pozirk<\/title>\n<meta name=\"description\" content=\"June 10, Pozirk. Value-based partnerships can have a real impact on the international agenda, United Transitional Cabinet (UTC) foreign affairs chief\" \/>\n<meta name=\"robots\" content=\"index, follow, max-snippet:-1, max-image-preview:large, max-video-preview:-1\" \/>\n<link rel=\"canonical\" href=\"https:\/\/pozirk.online\/en\/news\/142130\/\" \/>\n<meta property=\"og:locale\" content=\"en_US\" \/>\n<meta property=\"og:type\" content=\"article\" \/>\n<meta property=\"og:title\" content=\"Opposition leaders preparing for Brussels consultative group talks | Pozirk\" \/>\n<meta property=\"og:description\" content=\"June 10, Pozirk. Value-based partnerships can have a real impact on the international agenda, United Transitional Cabinet (UTC) foreign affairs chief\" \/>\n<meta property=\"og:url\" content=\"https:\/\/pozirk.online\/en\/news\/142130\/\" \/>\n<meta property=\"og:site_name\" content=\"Pozirk\" \/>\n<meta property=\"article:publisher\" content=\"https:\/\/www.facebook.com\/pozirkonline\/\" \/>\n<meta property=\"article:modified_time\" content=\"2026-03-09T20:10:49+00:00\" \/>\n<meta property=\"og:image\" content=\"https:\/\/pozirk.online\/wp-content\/uploads\/2024\/10\/astapenko_opk.jpg\" \/>\n\t<meta property=\"og:image:width\" content=\"1200\" \/>\n\t<meta property=\"og:image:height\" content=\"800\" \/>\n\t<meta property=\"og:image:type\" content=\"image\/jpeg\" \/>\n<meta name=\"twitter:card\" content=\"summary_large_image\" \/>\n<meta name=\"twitter:site\" content=\"@Pozirk_online\" \/>\n<meta name=\"twitter:label1\" content=\"Est. reading time\" \/>\n\t<meta name=\"twitter:data1\" content=\"1 minute\" \/>\n<script type=\"application\/ld+json\" class=\"yoast-schema-graph\">{\"@context\":\"https:\/\/schema.org\",\"@graph\":[{\"@type\":\"NewsArticle\",\"@id\":\"https:\/\/pozirk.online\/en\/news\/142130\/#article\",\"isPartOf\":{\"@id\":\"https:\/\/pozirk.online\/en\/news\/142130\/\"},\"headline\":\"Opposition leaders preparing for Brussels consultative group talks\",\"datePublished\":\"2025-06-10T14:44:12+00:00\",\"dateModified\":\"2026-03-09T20:10:49+00:00\",\"mainEntityOfPage\":{\"@id\":\"https:\/\/pozirk.online\/en\/news\/142130\/\"},\"wordCount\":136,\"publisher\":{\"@id\":\"https:\/\/pozirk.online\/en\/#organization\"},\"image\":{\"@id\":\"https:\/\/pozirk.online\/en\/news\/142130\/#primaryimage\"},\"thumbnailUrl\":\"https:\/\/pozirk.online\/wp-content\/uploads\/2024\/10\/astapenko_opk.jpg\",\"inLanguage\":\"en-US\"},{\"@type\":\"WebPage\",\"@id\":\"https:\/\/pozirk.online\/en\/news\/142130\/\",\"url\":\"https:\/\/pozirk.online\/en\/news\/142130\/\",\"name\":\"Opposition leaders preparing for Brussels consultative group talks | Pozirk\",\"isPartOf\":{\"@id\":\"https:\/\/pozirk.online\/en\/#website\"},\"primaryImageOfPage\":{\"@id\":\"https:\/\/pozirk.online\/en\/news\/142130\/#primaryimage\"},\"image\":{\"@id\":\"https:\/\/pozirk.online\/en\/news\/142130\/#primaryimage\"},\"thumbnailUrl\":\"https:\/\/pozirk.online\/wp-content\/uploads\/2024\/10\/astapenko_opk.jpg\",\"datePublished\":\"2025-06-10T14:44:12+00:00\",\"dateModified\":\"2026-03-09T20:10:49+00:00\",\"description\":\"June 10, Pozirk. Value-based partnerships can have a real impact on the international agenda, United Transitional Cabinet (UTC) foreign affairs chief\",\"breadcrumb\":{\"@id\":\"https:\/\/pozirk.online\/en\/news\/142130\/#breadcrumb\"},\"inLanguage\":\"en-US\",\"potentialAction\":[{\"@type\":\"ReadAction\",\"target\":[\"https:\/\/pozirk.online\/en\/news\/142130\/\"]}]},{\"@type\":\"ImageObject\",\"inLanguage\":\"en-US\",\"@id\":\"https:\/\/pozirk.online\/en\/news\/142130\/#primaryimage\",\"url\":\"https:\/\/pozirk.online\/wp-content\/uploads\/2024\/10\/astapenko_opk.jpg\",\"contentUrl\":\"https:\/\/pozirk.online\/wp-content\/uploads\/2024\/10\/astapenko_opk.jpg\",\"width\":1200,\"height\":800},{\"@type\":\"BreadcrumbList\",\"@id\":\"https:\/\/pozirk.online\/en\/news\/142130\/#breadcrumb\",\"itemListElement\":[{\"@type\":\"ListItem\",\"position\":1,\"name\":\"Home\",\"item\":\"https:\/\/pozirk.online\/en\/\"},{\"@type\":\"ListItem\",\"position\":2,\"name\":\"Opposition leaders preparing for Brussels consultative group talks\"}]},{\"@type\":\"WebSite\",\"@id\":\"https:\/\/pozirk.online\/en\/#website\",\"url\":\"https:\/\/pozirk.online\/en\/\",\"name\":\"Pozirk\",\"description\":\"\",\"publisher\":{\"@id\":\"https:\/\/pozirk.online\/en\/#organization\"},\"potentialAction\":[{\"@type\":\"SearchAction\",\"target\":{\"@type\":\"EntryPoint\",\"urlTemplate\":\"https:\/\/pozirk.online\/en\/?s={search_term_string}\"},\"query-input\":{\"@type\":\"PropertyValueSpecification\",\"valueRequired\":true,\"valueName\":\"search_term_string\"}}],\"inLanguage\":\"en-US\"},{\"@type\":\"Organization\",\"@id\":\"https:\/\/pozirk.online\/en\/#organization\",\"name\":\"Pozirk\",\"url\":\"https:\/\/pozirk.online\/en\/\",\"logo\":{\"@type\":\"ImageObject\",\"inLanguage\":\"en-US\",\"@id\":\"https:\/\/pozirk.online\/en\/#\/schema\/logo\/image\/\",\"url\":\"https:\/\/pozirk.online\/wp-content\/uploads\/2023\/11\/cropped-Logo_color_512.png\",\"contentUrl\":\"https:\/\/pozirk.online\/wp-content\/uploads\/2023\/11\/cropped-Logo_color_512.png\",\"width\":512,\"height\":512,\"caption\":\"Pozirk\"},\"image\":{\"@id\":\"https:\/\/pozirk.online\/en\/#\/schema\/logo\/image\/\"},\"sameAs\":[\"https:\/\/www.facebook.com\/pozirkonline\/\",\"https:\/\/x.com\/Pozirk_online\"]}]}<\/script>\n<!-- \/ Yoast SEO plugin. -->","yoast_head_json":{"title":"Opposition leaders preparing for Brussels consultative group talks | Pozirk","description":"June 10, Pozirk. Value-based partnerships can have a real impact on the international agenda, United Transitional Cabinet (UTC) foreign affairs chief","robots":{"index":"index","follow":"follow","max-snippet":"max-snippet:-1","max-image-preview":"max-image-preview:large","max-video-preview":"max-video-preview:-1"},"canonical":"https:\/\/pozirk.online\/en\/news\/142130\/","og_locale":"en_US","og_type":"article","og_title":"Opposition leaders preparing for Brussels consultative group talks | Pozirk","og_description":"June 10, Pozirk. Value-based partnerships can have a real impact on the international agenda, United Transitional Cabinet (UTC) foreign affairs chief","og_url":"https:\/\/pozirk.online\/en\/news\/142130\/","og_site_name":"Pozirk","article_publisher":"https:\/\/www.facebook.com\/pozirkonline\/","article_modified_time":"2026-03-09T20:10:49+00:00","og_image":[{"width":1200,"height":800,"url":"https:\/\/pozirk.online\/wp-content\/uploads\/2024\/10\/astapenko_opk.jpg","type":"image\/jpeg"}],"twitter_card":"summary_large_image","twitter_site":"@Pozirk_online","twitter_misc":{"Est. reading time":"1 minute"},"schema":{"@context":"https:\/\/schema.org","@graph":[{"@type":"NewsArticle","@id":"https:\/\/pozirk.online\/en\/news\/142130\/#article","isPartOf":{"@id":"https:\/\/pozirk.online\/en\/news\/142130\/"},"headline":"Opposition leaders preparing for Brussels consultative group talks","datePublished":"2025-06-10T14:44:12+00:00","dateModified":"2026-03-09T20:10:49+00:00","mainEntityOfPage":{"@id":"https:\/\/pozirk.online\/en\/news\/142130\/"},"wordCount":136,"publisher":{"@id":"https:\/\/pozirk.online\/en\/#organization"},"image":{"@id":"https:\/\/pozirk.online\/en\/news\/142130\/#primaryimage"},"thumbnailUrl":"https:\/\/pozirk.online\/wp-content\/uploads\/2024\/10\/astapenko_opk.jpg","inLanguage":"en-US"},{"@type":"WebPage","@id":"https:\/\/pozirk.online\/en\/news\/142130\/","url":"https:\/\/pozirk.online\/en\/news\/142130\/","name":"Opposition leaders preparing for Brussels consultative group talks | Pozirk","isPartOf":{"@id":"https:\/\/pozirk.online\/en\/#website"},"primaryImageOfPage":{"@id":"https:\/\/pozirk.online\/en\/news\/142130\/#primaryimage"},"image":{"@id":"https:\/\/pozirk.online\/en\/news\/142130\/#primaryimage"},"thumbnailUrl":"https:\/\/pozirk.online\/wp-content\/uploads\/2024\/10\/astapenko_opk.jpg","datePublished":"2025-06-10T14:44:12+00:00","dateModified":"2026-03-09T20:10:49+00:00","description":"June 10, Pozirk. Value-based partnerships can have a real impact on the international agenda, United Transitional Cabinet (UTC) foreign affairs chief","breadcrumb":{"@id":"https:\/\/pozirk.online\/en\/news\/142130\/#breadcrumb"},"inLanguage":"en-US","potentialAction":[{"@type":"ReadAction","target":["https:\/\/pozirk.online\/en\/news\/142130\/"]}]},{"@type":"ImageObject","inLanguage":"en-US","@id":"https:\/\/pozirk.online\/en\/news\/142130\/#primaryimage","url":"https:\/\/pozirk.online\/wp-content\/uploads\/2024\/10\/astapenko_opk.jpg","contentUrl":"https:\/\/pozirk.online\/wp-content\/uploads\/2024\/10\/astapenko_opk.jpg","width":1200,"height":800},{"@type":"BreadcrumbList","@id":"https:\/\/pozirk.online\/en\/news\/142130\/#breadcrumb","itemListElement":[{"@type":"ListItem","position":1,"name":"Home","item":"https:\/\/pozirk.online\/en\/"},{"@type":"ListItem","position":2,"name":"Opposition leaders preparing for Brussels consultative group talks"}]},{"@type":"WebSite","@id":"https:\/\/pozirk.online\/en\/#website","url":"https:\/\/pozirk.online\/en\/","name":"Pozirk","description":"","publisher":{"@id":"https:\/\/pozirk.online\/en\/#organization"},"potentialAction":[{"@type":"SearchAction","target":{"@type":"EntryPoint","urlTemplate":"https:\/\/pozirk.online\/en\/?s={search_term_string}"},"query-input":{"@type":"PropertyValueSpecification","valueRequired":true,"valueName":"search_term_string"}}],"inLanguage":"en-US"},{"@type":"Organization","@id":"https:\/\/pozirk.online\/en\/#organization","name":"Pozirk","url":"https:\/\/pozirk.online\/en\/","logo":{"@type":"ImageObject","inLanguage":"en-US","@id":"https:\/\/pozirk.online\/en\/#\/schema\/logo\/image\/","url":"https:\/\/pozirk.online\/wp-content\/uploads\/2023\/11\/cropped-Logo_color_512.png","contentUrl":"https:\/\/pozirk.online\/wp-content\/uploads\/2023\/11\/cropped-Logo_color_512.png","width":512,"height":512,"caption":"Pozirk"},"image":{"@id":"https:\/\/pozirk.online\/en\/#\/schema\/logo\/image\/"},"sameAs":["https:\/\/www.facebook.com\/pozirkonline\/","https:\/\/x.com\/Pozirk_online"]}]}},"_links":{"self":[{"href":"https:\/\/pozirk.online\/en\/wp-json\/wp\/v2\/articles\/142130","targetHints":{"allow":["GET"]}}],"collection":[{"href":"https:\/\/pozirk.online\/en\/wp-json\/wp\/v2\/articles"}],"about":[{"href":"https:\/\/pozirk.online\/en\/wp-json\/wp\/v2\/types\/articles"}],"author":[{"embeddable":true,"href":"https:\/\/pozirk.online\/en\/wp-json\/wp\/v2\/users\/83"}],"wp:featuredmedia":[{"embeddable":true,"href":"https:\/\/pozirk.online\/en\/wp-json\/wp\/v2\/media\/111928"}],"wp:attachment":[{"href":"https:\/\/pozirk.online\/en\/wp-json\/wp\/v2\/media?parent=142130"}],"wp:term":[{"taxonomy":"rubric","embeddable":true,"href":"https:\/\/pozirk.online\/en\/wp-json\/wp\/v2\/rubric?post=142130"}],"curies":[{"name":"wp","href":"https:\/\/api.w.org\/{rel}","templated":true}]}}