{"id":146428,"date":"2025-07-11T21:23:39","date_gmt":"2025-07-11T18:23:39","guid":{"rendered":"https:\/\/pozirk.online\/en\/news\/146428\/"},"modified":"2026-03-09T20:10:49","modified_gmt":"2026-03-09T20:10:49","slug":"belarus-trade-minister-holding-business-talks-in-belgrade","status":"publish","type":"articles","link":"https:\/\/pozirk.online\/en\/news\/146428\/","title":{"rendered":"Belarus\u2019 trade minister holding business talks in Belgrade"},"content":{"rendered":"\n<figure class=\"block-image block-image-normal\">\n\n  <img decoding=\"async\" width=\"1128\" height=\"752\" src=\"https:\/\/pozirk.online\/wp-content\/uploads\/2025\/07\/mart-serbia-11-07.jpg\" class=\"attachment-full size-full\" alt=\"\" srcset=\"https:\/\/pozirk.online\/wp-content\/uploads\/2025\/07\/mart-serbia-11-07.jpg 1128w, https:\/\/pozirk.online\/wp-content\/uploads\/2025\/07\/mart-serbia-11-07-354x236.jpg 354w, https:\/\/pozirk.online\/wp-content\/uploads\/2025\/07\/mart-serbia-11-07-734x490.jpg 734w, https:\/\/pozirk.online\/wp-content\/uploads\/2025\/07\/mart-serbia-11-07-178x118.jpg 178w, https:\/\/pozirk.online\/wp-content\/uploads\/2025\/07\/mart-serbia-11-07-768x512.jpg 768w\" sizes=\"(max-width: 1128px) 100vw, 1128px\" \/>\n  <figcaption>\n  \n       <div class=\"block-image__author\">\n                <span>(Trade ministry&#039;s press office)<\/span>\n    <\/div>\n     <\/figcaption>\n<\/figure>\n\n\n\n<p><strong>July 11, <em>Pozirk<\/em>. <\/strong>Belarus\u2019 trade minister, Artur Karpovi\u010d, currently in Belgrade, has met with Serbian President Aleksandar Vu\u010di\u0107, the ministry\u2019s press office reported.<\/p>\n\n\n\n<p>The Belarusian official thanked the Serbian leader for political and economic support.<\/p>\n\n\n\n<p>The Belarusian delegation is visiting in \u201cdifficult days for Belgrade\u201d facing \u201cfires due to high temperatures, protests, ultimatums,\u201d the press release says.<\/p>\n\n\n\n<p>Karpovi\u010d co-chaired a meeting of the intergovernmental economic commission and signed a protocol and roadmap to take bilateral relations \u201cto a new level.\u201d<\/p>\n\n\n\n<p>The delegation also met with Prime Minister \u0110uro Macut and Serbian business executives.<\/p>\n\n\n\n<p>Mass protests continue in Serbia for eight months following the death of 16 people after the collapse of a concrete canopy on the renovated central station in Novi Sad in November 2024.<\/p>\n\n\n\n<p>Serbia is a candidate for membership of the European Union. In 2021, Belgrade joined EU sanctions against Minsk; after the Russian invasion of Ukraine, it supported the next packages of restrictions. At the end of January 2022, the Belarusian government extended its retaliatory food embargo to Serbia.<\/p>\n\n\n\n<p>In October 2019, Serbia signed a free trade zone deal with the Eurasian Economic Union, which includes Belarus. The document came into force on July 10, 2021.<\/p>\n\n\n\n<p>Vu\u010di\u0107 was the first European head of state to congratulate \u0141uka\u0161enka on his \u201cvictory\u201d in January\u2019s elections.<\/p>\n\n\n\n<p>Vu\u010di\u0107 and \u0141uka\u0161enka visited each other\u2019s countries in 2019. Their final meeting took place in November last year in Baku, Azerbaijan, on the sidelines of the World Climate Summit.<\/p>\n\n\n\n<p>In 2017, the current Serbian president visited Belarus as his country\u2019s prime minister.<\/p>\n\n\n\n<p>Also read: <a href=\"https:\/\/pozirk.online\/ru\/news\/134211\/\">\u0141uka\u0161enka frustrated with Kari\u0107 brothers\u2019 Dana Astra<\/a><\/p>\n","protected":false},"excerpt":{"rendered":"<p>July 11, Pozirk. Belarus\u2019 trade minister, Artur Karpovi\u010d, currently in Belgrade, has met with Serbian President Aleksandar Vu\u010di\u0107, the ministry\u2019s press office reported. The Belarusian official thanked the Serbian leader for political and economic support. The Belarusian delegation is visiting in \u201cdifficult days for Belgrade\u201d facing \u201cfires due to high temperatures, protests, ultimatums,\u201d the press [&hellip;]<\/p>\n","protected":false},"author":83,"featured_media":146413,"template":"","rubric":[21],"class_list":["post-146428","articles","type-articles","status-publish","has-post-thumbnail","hentry","rubric-economy"],"acf":[],"yoast_head":"<!-- This site is optimized with the Yoast SEO plugin v25.5 - https:\/\/yoast.com\/wordpress\/plugins\/seo\/ -->\n<title>Belarus\u2019 trade minister holding business talks in Belgrade | Pozirk<\/title>\n<meta name=\"description\" content=\"July 11, Pozirk. Belarus\u2019 trade minister, Artur Karpovi\u010d, currently in Belgrade, has met with Serbian President Aleksandar Vu\u010di\u0107, the ministry\u2019s press\" \/>\n<meta name=\"robots\" content=\"index, follow, max-snippet:-1, max-image-preview:large, max-video-preview:-1\" \/>\n<link rel=\"canonical\" href=\"https:\/\/pozirk.online\/en\/news\/146428\/\" \/>\n<meta property=\"og:locale\" content=\"en_US\" \/>\n<meta property=\"og:type\" content=\"article\" \/>\n<meta property=\"og:title\" content=\"Belarus\u2019 trade minister holding business talks in Belgrade | Pozirk\" \/>\n<meta property=\"og:description\" content=\"July 11, Pozirk. Belarus\u2019 trade minister, Artur Karpovi\u010d, currently in Belgrade, has met with Serbian President Aleksandar Vu\u010di\u0107, the ministry\u2019s press\" \/>\n<meta property=\"og:url\" content=\"https:\/\/pozirk.online\/en\/news\/146428\/\" \/>\n<meta property=\"og:site_name\" content=\"Pozirk\" \/>\n<meta property=\"article:publisher\" content=\"https:\/\/www.facebook.com\/pozirkonline\/\" \/>\n<meta property=\"article:modified_time\" content=\"2026-03-09T20:10:49+00:00\" \/>\n<meta property=\"og:image\" content=\"https:\/\/pozirk.online\/wp-content\/uploads\/2025\/07\/mart-serbia-11-07.jpg\" \/>\n\t<meta property=\"og:image:width\" content=\"1128\" \/>\n\t<meta property=\"og:image:height\" content=\"752\" \/>\n\t<meta property=\"og:image:type\" content=\"image\/jpeg\" \/>\n<meta name=\"twitter:card\" content=\"summary_large_image\" \/>\n<meta name=\"twitter:site\" content=\"@Pozirk_online\" \/>\n<meta name=\"twitter:label1\" content=\"Est. reading time\" \/>\n\t<meta name=\"twitter:data1\" content=\"2 minutes\" \/>\n<script type=\"application\/ld+json\" class=\"yoast-schema-graph\">{\"@context\":\"https:\/\/schema.org\",\"@graph\":[{\"@type\":\"NewsArticle\",\"@id\":\"https:\/\/pozirk.online\/en\/news\/146428\/#article\",\"isPartOf\":{\"@id\":\"https:\/\/pozirk.online\/en\/news\/146428\/\"},\"headline\":\"Belarus\u2019 trade minister holding business talks in Belgrade\",\"datePublished\":\"2025-07-11T18:23:39+00:00\",\"dateModified\":\"2026-03-09T20:10:49+00:00\",\"mainEntityOfPage\":{\"@id\":\"https:\/\/pozirk.online\/en\/news\/146428\/\"},\"wordCount\":275,\"publisher\":{\"@id\":\"https:\/\/pozirk.online\/en\/#organization\"},\"image\":{\"@id\":\"https:\/\/pozirk.online\/en\/news\/146428\/#primaryimage\"},\"thumbnailUrl\":\"https:\/\/pozirk.online\/wp-content\/uploads\/2025\/07\/mart-serbia-11-07.jpg\",\"inLanguage\":\"en-US\"},{\"@type\":\"WebPage\",\"@id\":\"https:\/\/pozirk.online\/en\/news\/146428\/\",\"url\":\"https:\/\/pozirk.online\/en\/news\/146428\/\",\"name\":\"Belarus\u2019 trade minister holding business talks in Belgrade | Pozirk\",\"isPartOf\":{\"@id\":\"https:\/\/pozirk.online\/en\/#website\"},\"primaryImageOfPage\":{\"@id\":\"https:\/\/pozirk.online\/en\/news\/146428\/#primaryimage\"},\"image\":{\"@id\":\"https:\/\/pozirk.online\/en\/news\/146428\/#primaryimage\"},\"thumbnailUrl\":\"https:\/\/pozirk.online\/wp-content\/uploads\/2025\/07\/mart-serbia-11-07.jpg\",\"datePublished\":\"2025-07-11T18:23:39+00:00\",\"dateModified\":\"2026-03-09T20:10:49+00:00\",\"description\":\"July 11, Pozirk. Belarus\u2019 trade minister, Artur Karpovi\u010d, currently in Belgrade, has met with Serbian President Aleksandar Vu\u010di\u0107, the ministry\u2019s press\",\"breadcrumb\":{\"@id\":\"https:\/\/pozirk.online\/en\/news\/146428\/#breadcrumb\"},\"inLanguage\":\"en-US\",\"potentialAction\":[{\"@type\":\"ReadAction\",\"target\":[\"https:\/\/pozirk.online\/en\/news\/146428\/\"]}]},{\"@type\":\"ImageObject\",\"inLanguage\":\"en-US\",\"@id\":\"https:\/\/pozirk.online\/en\/news\/146428\/#primaryimage\",\"url\":\"https:\/\/pozirk.online\/wp-content\/uploads\/2025\/07\/mart-serbia-11-07.jpg\",\"contentUrl\":\"https:\/\/pozirk.online\/wp-content\/uploads\/2025\/07\/mart-serbia-11-07.jpg\",\"width\":1128,\"height\":752},{\"@type\":\"BreadcrumbList\",\"@id\":\"https:\/\/pozirk.online\/en\/news\/146428\/#breadcrumb\",\"itemListElement\":[{\"@type\":\"ListItem\",\"position\":1,\"name\":\"Home\",\"item\":\"https:\/\/pozirk.online\/en\/\"},{\"@type\":\"ListItem\",\"position\":2,\"name\":\"Belarus\u2019 trade minister holding business talks in Belgrade\"}]},{\"@type\":\"WebSite\",\"@id\":\"https:\/\/pozirk.online\/en\/#website\",\"url\":\"https:\/\/pozirk.online\/en\/\",\"name\":\"Pozirk\",\"description\":\"\",\"publisher\":{\"@id\":\"https:\/\/pozirk.online\/en\/#organization\"},\"potentialAction\":[{\"@type\":\"SearchAction\",\"target\":{\"@type\":\"EntryPoint\",\"urlTemplate\":\"https:\/\/pozirk.online\/en\/?s={search_term_string}\"},\"query-input\":{\"@type\":\"PropertyValueSpecification\",\"valueRequired\":true,\"valueName\":\"search_term_string\"}}],\"inLanguage\":\"en-US\"},{\"@type\":\"Organization\",\"@id\":\"https:\/\/pozirk.online\/en\/#organization\",\"name\":\"Pozirk\",\"url\":\"https:\/\/pozirk.online\/en\/\",\"logo\":{\"@type\":\"ImageObject\",\"inLanguage\":\"en-US\",\"@id\":\"https:\/\/pozirk.online\/en\/#\/schema\/logo\/image\/\",\"url\":\"https:\/\/pozirk.online\/wp-content\/uploads\/2023\/11\/cropped-Logo_color_512.png\",\"contentUrl\":\"https:\/\/pozirk.online\/wp-content\/uploads\/2023\/11\/cropped-Logo_color_512.png\",\"width\":512,\"height\":512,\"caption\":\"Pozirk\"},\"image\":{\"@id\":\"https:\/\/pozirk.online\/en\/#\/schema\/logo\/image\/\"},\"sameAs\":[\"https:\/\/www.facebook.com\/pozirkonline\/\",\"https:\/\/x.com\/Pozirk_online\"]}]}<\/script>\n<!-- \/ Yoast SEO plugin. -->","yoast_head_json":{"title":"Belarus\u2019 trade minister holding business talks in Belgrade | Pozirk","description":"July 11, Pozirk. Belarus\u2019 trade minister, Artur Karpovi\u010d, currently in Belgrade, has met with Serbian President Aleksandar Vu\u010di\u0107, the ministry\u2019s press","robots":{"index":"index","follow":"follow","max-snippet":"max-snippet:-1","max-image-preview":"max-image-preview:large","max-video-preview":"max-video-preview:-1"},"canonical":"https:\/\/pozirk.online\/en\/news\/146428\/","og_locale":"en_US","og_type":"article","og_title":"Belarus\u2019 trade minister holding business talks in Belgrade | Pozirk","og_description":"July 11, Pozirk. Belarus\u2019 trade minister, Artur Karpovi\u010d, currently in Belgrade, has met with Serbian President Aleksandar Vu\u010di\u0107, the ministry\u2019s press","og_url":"https:\/\/pozirk.online\/en\/news\/146428\/","og_site_name":"Pozirk","article_publisher":"https:\/\/www.facebook.com\/pozirkonline\/","article_modified_time":"2026-03-09T20:10:49+00:00","og_image":[{"width":1128,"height":752,"url":"https:\/\/pozirk.online\/wp-content\/uploads\/2025\/07\/mart-serbia-11-07.jpg","type":"image\/jpeg"}],"twitter_card":"summary_large_image","twitter_site":"@Pozirk_online","twitter_misc":{"Est. reading time":"2 minutes"},"schema":{"@context":"https:\/\/schema.org","@graph":[{"@type":"NewsArticle","@id":"https:\/\/pozirk.online\/en\/news\/146428\/#article","isPartOf":{"@id":"https:\/\/pozirk.online\/en\/news\/146428\/"},"headline":"Belarus\u2019 trade minister holding business talks in Belgrade","datePublished":"2025-07-11T18:23:39+00:00","dateModified":"2026-03-09T20:10:49+00:00","mainEntityOfPage":{"@id":"https:\/\/pozirk.online\/en\/news\/146428\/"},"wordCount":275,"publisher":{"@id":"https:\/\/pozirk.online\/en\/#organization"},"image":{"@id":"https:\/\/pozirk.online\/en\/news\/146428\/#primaryimage"},"thumbnailUrl":"https:\/\/pozirk.online\/wp-content\/uploads\/2025\/07\/mart-serbia-11-07.jpg","inLanguage":"en-US"},{"@type":"WebPage","@id":"https:\/\/pozirk.online\/en\/news\/146428\/","url":"https:\/\/pozirk.online\/en\/news\/146428\/","name":"Belarus\u2019 trade minister holding business talks in Belgrade | Pozirk","isPartOf":{"@id":"https:\/\/pozirk.online\/en\/#website"},"primaryImageOfPage":{"@id":"https:\/\/pozirk.online\/en\/news\/146428\/#primaryimage"},"image":{"@id":"https:\/\/pozirk.online\/en\/news\/146428\/#primaryimage"},"thumbnailUrl":"https:\/\/pozirk.online\/wp-content\/uploads\/2025\/07\/mart-serbia-11-07.jpg","datePublished":"2025-07-11T18:23:39+00:00","dateModified":"2026-03-09T20:10:49+00:00","description":"July 11, Pozirk. Belarus\u2019 trade minister, Artur Karpovi\u010d, currently in Belgrade, has met with Serbian President Aleksandar Vu\u010di\u0107, the ministry\u2019s press","breadcrumb":{"@id":"https:\/\/pozirk.online\/en\/news\/146428\/#breadcrumb"},"inLanguage":"en-US","potentialAction":[{"@type":"ReadAction","target":["https:\/\/pozirk.online\/en\/news\/146428\/"]}]},{"@type":"ImageObject","inLanguage":"en-US","@id":"https:\/\/pozirk.online\/en\/news\/146428\/#primaryimage","url":"https:\/\/pozirk.online\/wp-content\/uploads\/2025\/07\/mart-serbia-11-07.jpg","contentUrl":"https:\/\/pozirk.online\/wp-content\/uploads\/2025\/07\/mart-serbia-11-07.jpg","width":1128,"height":752},{"@type":"BreadcrumbList","@id":"https:\/\/pozirk.online\/en\/news\/146428\/#breadcrumb","itemListElement":[{"@type":"ListItem","position":1,"name":"Home","item":"https:\/\/pozirk.online\/en\/"},{"@type":"ListItem","position":2,"name":"Belarus\u2019 trade minister holding business talks in Belgrade"}]},{"@type":"WebSite","@id":"https:\/\/pozirk.online\/en\/#website","url":"https:\/\/pozirk.online\/en\/","name":"Pozirk","description":"","publisher":{"@id":"https:\/\/pozirk.online\/en\/#organization"},"potentialAction":[{"@type":"SearchAction","target":{"@type":"EntryPoint","urlTemplate":"https:\/\/pozirk.online\/en\/?s={search_term_string}"},"query-input":{"@type":"PropertyValueSpecification","valueRequired":true,"valueName":"search_term_string"}}],"inLanguage":"en-US"},{"@type":"Organization","@id":"https:\/\/pozirk.online\/en\/#organization","name":"Pozirk","url":"https:\/\/pozirk.online\/en\/","logo":{"@type":"ImageObject","inLanguage":"en-US","@id":"https:\/\/pozirk.online\/en\/#\/schema\/logo\/image\/","url":"https:\/\/pozirk.online\/wp-content\/uploads\/2023\/11\/cropped-Logo_color_512.png","contentUrl":"https:\/\/pozirk.online\/wp-content\/uploads\/2023\/11\/cropped-Logo_color_512.png","width":512,"height":512,"caption":"Pozirk"},"image":{"@id":"https:\/\/pozirk.online\/en\/#\/schema\/logo\/image\/"},"sameAs":["https:\/\/www.facebook.com\/pozirkonline\/","https:\/\/x.com\/Pozirk_online"]}]}},"_links":{"self":[{"href":"https:\/\/pozirk.online\/en\/wp-json\/wp\/v2\/articles\/146428","targetHints":{"allow":["GET"]}}],"collection":[{"href":"https:\/\/pozirk.online\/en\/wp-json\/wp\/v2\/articles"}],"about":[{"href":"https:\/\/pozirk.online\/en\/wp-json\/wp\/v2\/types\/articles"}],"author":[{"embeddable":true,"href":"https:\/\/pozirk.online\/en\/wp-json\/wp\/v2\/users\/83"}],"wp:featuredmedia":[{"embeddable":true,"href":"https:\/\/pozirk.online\/en\/wp-json\/wp\/v2\/media\/146413"}],"wp:attachment":[{"href":"https:\/\/pozirk.online\/en\/wp-json\/wp\/v2\/media?parent=146428"}],"wp:term":[{"taxonomy":"rubric","embeddable":true,"href":"https:\/\/pozirk.online\/en\/wp-json\/wp\/v2\/rubric?post=146428"}],"curies":[{"name":"wp","href":"https:\/\/api.w.org\/{rel}","templated":true}]}}