{"id":1487,"date":"2023-08-16T20:31:00","date_gmt":"2023-08-16T17:31:00","guid":{"rendered":"https:\/\/api.pozirk.online\/?post_type=articles&#038;p=1487"},"modified":"2026-03-10T12:05:06","modified_gmt":"2026-03-10T12:05:06","slug":"rights-activists-label-12-as-political-prisoners","status":"publish","type":"articles","link":"https:\/\/pozirk.online\/en\/news\/1487\/","title":{"rendered":"Rights activists label 12 as political prisoners"},"content":{"rendered":"\n<p><strong>August 16,&nbsp;<em>BPN.<\/em><\/strong>&nbsp;Belarusian human rights groups have declared 12 more people political prisoners, bringing the total to 1,492, the Viasna Human Rights Center reports.<\/p>\n\n\n\n<p>They have been detained or even convicted under anti-extremism\/anti-terrorism articles of the Criminal Code.<\/p>\n\n\n\n<p>The human rights defenders accused authorities of using such laws to suppress the rights to association and freedom of expression.<\/p>\n\n\n\n<p>They demanded that the authorities immediately release all political prisoners and stop reprisals.<\/p>\n\n\n\n<p>Besides Viasna, the declaration has been&nbsp;signed by Belarusian PEN, Pravavaja Inicyjatyva, Lawtrend, and the Office for the Rights of Persons with Disabilities.<\/p>\n\n\n\n<p>The new designations:<\/p>\n\n\n\n<ol class=\"wp-block-list\">\n<li>D\u017amitryj Praziecki<\/li>\n\n\n\n<li>Ta\u0107ciana Biziuk<\/li>\n\n\n\n<li>Vadzim Chra\u015bko<\/li>\n\n\n\n<li>Anastasija Pakata\u0161kina<\/li>\n\n\n\n<li>Natalla \u017d\u0142oba<\/li>\n\n\n\n<li>Iryna Skrob<\/li>\n\n\n\n<li>U\u0142adzimir Jakimiec<\/li>\n\n\n\n<li>Alaksandar Ihnaciuk<\/li>\n\n\n\n<li>Aleh Dabrydnie\u016d<\/li>\n\n\n\n<li>Kiry\u0142 Ba\u0142achona\u016d<\/li>\n\n\n\n<li>Alaksandar Rukoj\u0107<\/li>\n\n\n\n<li>U\u0142adzis\u0142a\u016d Jefimovi\u010d<\/li>\n<\/ol>\n","protected":false},"excerpt":{"rendered":"<p>August 16,&nbsp;BPN.&nbsp;Belarusian human rights groups have declared 12 more people political prisoners, bringing the total to 1,492, the Viasna Human Rights Center reports. They have been detained or even convicted under anti-extremism\/anti-terrorism articles of the Criminal Code. The human rights defenders accused authorities of using such laws to suppress the rights to association and freedom [&hellip;]<\/p>\n","protected":false},"author":84,"featured_media":0,"template":"","rubric":[14],"class_list":["post-1487","articles","type-articles","status-publish","hentry","rubric-politics"],"acf":[],"yoast_head":"<!-- This site is optimized with the Yoast SEO plugin v25.5 - https:\/\/yoast.com\/wordpress\/plugins\/seo\/ -->\n<title>Rights activists label 12 as political prisoners | Pozirk<\/title>\n<meta name=\"description\" content=\"August 16,&nbsp;BPN.&nbsp;Belarusian human rights groups have declared 12 more people political prisoners, bringing the total to 1,492, the Viasna Human\" \/>\n<meta name=\"robots\" content=\"index, follow, max-snippet:-1, max-image-preview:large, max-video-preview:-1\" \/>\n<link rel=\"canonical\" href=\"https:\/\/pozirk.online\/en\/news\/1487\/\" \/>\n<meta property=\"og:locale\" content=\"en_US\" \/>\n<meta property=\"og:type\" content=\"article\" \/>\n<meta property=\"og:title\" content=\"Rights activists label 12 as political prisoners | Pozirk\" \/>\n<meta property=\"og:description\" content=\"August 16,&nbsp;BPN.&nbsp;Belarusian human rights groups have declared 12 more people political prisoners, bringing the total to 1,492, the Viasna Human\" \/>\n<meta property=\"og:url\" content=\"https:\/\/pozirk.online\/en\/news\/1487\/\" \/>\n<meta property=\"og:site_name\" content=\"Pozirk\" \/>\n<meta property=\"article:publisher\" content=\"https:\/\/www.facebook.com\/pozirkonline\/\" \/>\n<meta property=\"article:modified_time\" content=\"2026-03-10T12:05:06+00:00\" \/>\n<meta name=\"twitter:card\" content=\"summary_large_image\" \/>\n<meta name=\"twitter:site\" content=\"@Pozirk_online\" \/>\n<meta name=\"twitter:label1\" content=\"Est. reading time\" \/>\n\t<meta name=\"twitter:data1\" content=\"1 minute\" \/>\n<script type=\"application\/ld+json\" class=\"yoast-schema-graph\">{\"@context\":\"https:\/\/schema.org\",\"@graph\":[{\"@type\":\"NewsArticle\",\"@id\":\"https:\/\/pozirk.online\/en\/news\/1487\/#article\",\"isPartOf\":{\"@id\":\"https:\/\/pozirk.online\/en\/news\/1487\/\"},\"headline\":\"Rights activists label 12 as political prisoners\",\"datePublished\":\"2023-08-16T17:31:00+00:00\",\"dateModified\":\"2026-03-10T12:05:06+00:00\",\"mainEntityOfPage\":{\"@id\":\"https:\/\/pozirk.online\/en\/news\/1487\/\"},\"wordCount\":137,\"publisher\":{\"@id\":\"https:\/\/pozirk.online\/en\/#organization\"},\"inLanguage\":\"en-US\"},{\"@type\":\"WebPage\",\"@id\":\"https:\/\/pozirk.online\/en\/news\/1487\/\",\"url\":\"https:\/\/pozirk.online\/en\/news\/1487\/\",\"name\":\"Rights activists label 12 as political prisoners | Pozirk\",\"isPartOf\":{\"@id\":\"https:\/\/pozirk.online\/en\/#website\"},\"datePublished\":\"2023-08-16T17:31:00+00:00\",\"dateModified\":\"2026-03-10T12:05:06+00:00\",\"description\":\"August 16,&nbsp;BPN.&nbsp;Belarusian human rights groups have declared 12 more people political prisoners, bringing the total to 1,492, the Viasna Human\",\"breadcrumb\":{\"@id\":\"https:\/\/pozirk.online\/en\/news\/1487\/#breadcrumb\"},\"inLanguage\":\"en-US\",\"potentialAction\":[{\"@type\":\"ReadAction\",\"target\":[\"https:\/\/pozirk.online\/en\/news\/1487\/\"]}]},{\"@type\":\"BreadcrumbList\",\"@id\":\"https:\/\/pozirk.online\/en\/news\/1487\/#breadcrumb\",\"itemListElement\":[{\"@type\":\"ListItem\",\"position\":1,\"name\":\"Home\",\"item\":\"https:\/\/pozirk.online\/en\/\"},{\"@type\":\"ListItem\",\"position\":2,\"name\":\"Rights activists label 12 as political prisoners\"}]},{\"@type\":\"WebSite\",\"@id\":\"https:\/\/pozirk.online\/en\/#website\",\"url\":\"https:\/\/pozirk.online\/en\/\",\"name\":\"Pozirk\",\"description\":\"\",\"publisher\":{\"@id\":\"https:\/\/pozirk.online\/en\/#organization\"},\"potentialAction\":[{\"@type\":\"SearchAction\",\"target\":{\"@type\":\"EntryPoint\",\"urlTemplate\":\"https:\/\/pozirk.online\/en\/?s={search_term_string}\"},\"query-input\":{\"@type\":\"PropertyValueSpecification\",\"valueRequired\":true,\"valueName\":\"search_term_string\"}}],\"inLanguage\":\"en-US\"},{\"@type\":\"Organization\",\"@id\":\"https:\/\/pozirk.online\/en\/#organization\",\"name\":\"Pozirk\",\"url\":\"https:\/\/pozirk.online\/en\/\",\"logo\":{\"@type\":\"ImageObject\",\"inLanguage\":\"en-US\",\"@id\":\"https:\/\/pozirk.online\/en\/#\/schema\/logo\/image\/\",\"url\":\"https:\/\/pozirk.online\/wp-content\/uploads\/2023\/11\/cropped-Logo_color_512.png\",\"contentUrl\":\"https:\/\/pozirk.online\/wp-content\/uploads\/2023\/11\/cropped-Logo_color_512.png\",\"width\":512,\"height\":512,\"caption\":\"Pozirk\"},\"image\":{\"@id\":\"https:\/\/pozirk.online\/en\/#\/schema\/logo\/image\/\"},\"sameAs\":[\"https:\/\/www.facebook.com\/pozirkonline\/\",\"https:\/\/x.com\/Pozirk_online\"]}]}<\/script>\n<!-- \/ Yoast SEO plugin. -->","yoast_head_json":{"title":"Rights activists label 12 as political prisoners | Pozirk","description":"August 16,&nbsp;BPN.&nbsp;Belarusian human rights groups have declared 12 more people political prisoners, bringing the total to 1,492, the Viasna Human","robots":{"index":"index","follow":"follow","max-snippet":"max-snippet:-1","max-image-preview":"max-image-preview:large","max-video-preview":"max-video-preview:-1"},"canonical":"https:\/\/pozirk.online\/en\/news\/1487\/","og_locale":"en_US","og_type":"article","og_title":"Rights activists label 12 as political prisoners | Pozirk","og_description":"August 16,&nbsp;BPN.&nbsp;Belarusian human rights groups have declared 12 more people political prisoners, bringing the total to 1,492, the Viasna Human","og_url":"https:\/\/pozirk.online\/en\/news\/1487\/","og_site_name":"Pozirk","article_publisher":"https:\/\/www.facebook.com\/pozirkonline\/","article_modified_time":"2026-03-10T12:05:06+00:00","twitter_card":"summary_large_image","twitter_site":"@Pozirk_online","twitter_misc":{"Est. reading time":"1 minute"},"schema":{"@context":"https:\/\/schema.org","@graph":[{"@type":"NewsArticle","@id":"https:\/\/pozirk.online\/en\/news\/1487\/#article","isPartOf":{"@id":"https:\/\/pozirk.online\/en\/news\/1487\/"},"headline":"Rights activists label 12 as political prisoners","datePublished":"2023-08-16T17:31:00+00:00","dateModified":"2026-03-10T12:05:06+00:00","mainEntityOfPage":{"@id":"https:\/\/pozirk.online\/en\/news\/1487\/"},"wordCount":137,"publisher":{"@id":"https:\/\/pozirk.online\/en\/#organization"},"inLanguage":"en-US"},{"@type":"WebPage","@id":"https:\/\/pozirk.online\/en\/news\/1487\/","url":"https:\/\/pozirk.online\/en\/news\/1487\/","name":"Rights activists label 12 as political prisoners | Pozirk","isPartOf":{"@id":"https:\/\/pozirk.online\/en\/#website"},"datePublished":"2023-08-16T17:31:00+00:00","dateModified":"2026-03-10T12:05:06+00:00","description":"August 16,&nbsp;BPN.&nbsp;Belarusian human rights groups have declared 12 more people political prisoners, bringing the total to 1,492, the Viasna Human","breadcrumb":{"@id":"https:\/\/pozirk.online\/en\/news\/1487\/#breadcrumb"},"inLanguage":"en-US","potentialAction":[{"@type":"ReadAction","target":["https:\/\/pozirk.online\/en\/news\/1487\/"]}]},{"@type":"BreadcrumbList","@id":"https:\/\/pozirk.online\/en\/news\/1487\/#breadcrumb","itemListElement":[{"@type":"ListItem","position":1,"name":"Home","item":"https:\/\/pozirk.online\/en\/"},{"@type":"ListItem","position":2,"name":"Rights activists label 12 as political prisoners"}]},{"@type":"WebSite","@id":"https:\/\/pozirk.online\/en\/#website","url":"https:\/\/pozirk.online\/en\/","name":"Pozirk","description":"","publisher":{"@id":"https:\/\/pozirk.online\/en\/#organization"},"potentialAction":[{"@type":"SearchAction","target":{"@type":"EntryPoint","urlTemplate":"https:\/\/pozirk.online\/en\/?s={search_term_string}"},"query-input":{"@type":"PropertyValueSpecification","valueRequired":true,"valueName":"search_term_string"}}],"inLanguage":"en-US"},{"@type":"Organization","@id":"https:\/\/pozirk.online\/en\/#organization","name":"Pozirk","url":"https:\/\/pozirk.online\/en\/","logo":{"@type":"ImageObject","inLanguage":"en-US","@id":"https:\/\/pozirk.online\/en\/#\/schema\/logo\/image\/","url":"https:\/\/pozirk.online\/wp-content\/uploads\/2023\/11\/cropped-Logo_color_512.png","contentUrl":"https:\/\/pozirk.online\/wp-content\/uploads\/2023\/11\/cropped-Logo_color_512.png","width":512,"height":512,"caption":"Pozirk"},"image":{"@id":"https:\/\/pozirk.online\/en\/#\/schema\/logo\/image\/"},"sameAs":["https:\/\/www.facebook.com\/pozirkonline\/","https:\/\/x.com\/Pozirk_online"]}]}},"_links":{"self":[{"href":"https:\/\/pozirk.online\/en\/wp-json\/wp\/v2\/articles\/1487","targetHints":{"allow":["GET"]}}],"collection":[{"href":"https:\/\/pozirk.online\/en\/wp-json\/wp\/v2\/articles"}],"about":[{"href":"https:\/\/pozirk.online\/en\/wp-json\/wp\/v2\/types\/articles"}],"author":[{"embeddable":true,"href":"https:\/\/pozirk.online\/en\/wp-json\/wp\/v2\/users\/84"}],"wp:attachment":[{"href":"https:\/\/pozirk.online\/en\/wp-json\/wp\/v2\/media?parent=1487"}],"wp:term":[{"taxonomy":"rubric","embeddable":true,"href":"https:\/\/pozirk.online\/en\/wp-json\/wp\/v2\/rubric?post=1487"}],"curies":[{"name":"wp","href":"https:\/\/api.w.org\/{rel}","templated":true}]}}