{"id":153879,"date":"2025-09-04T22:36:48","date_gmt":"2025-09-04T19:36:48","guid":{"rendered":"https:\/\/pozirk.online\/en\/news\/153879\/"},"modified":"2026-03-09T20:10:49","modified_gmt":"2026-03-09T20:10:49","slug":"cichanouskaja-meets-with-mps-activists-and-minister-in-austria","status":"publish","type":"articles","link":"https:\/\/pozirk.online\/en\/news\/153879\/","title":{"rendered":"Cichano\u016dskaja meets with MPs, activists and minister in Austria"},"content":{"rendered":"\n<figure class=\"block-image block-image-normal\">\n\n  <img decoding=\"async\" width=\"1638\" height=\"1091\" src=\"https:\/\/pozirk.online\/wp-content\/uploads\/2025\/09\/plakolm-tikhanovskaya-20250904-x-plakolm.jpg\" class=\"attachment-full size-full\" alt=\"\" srcset=\"https:\/\/pozirk.online\/wp-content\/uploads\/2025\/09\/plakolm-tikhanovskaya-20250904-x-plakolm.jpg 1638w, https:\/\/pozirk.online\/wp-content\/uploads\/2025\/09\/plakolm-tikhanovskaya-20250904-x-plakolm-354x236.jpg 354w, https:\/\/pozirk.online\/wp-content\/uploads\/2025\/09\/plakolm-tikhanovskaya-20250904-x-plakolm-734x490.jpg 734w, https:\/\/pozirk.online\/wp-content\/uploads\/2025\/09\/plakolm-tikhanovskaya-20250904-x-plakolm-178x118.jpg 178w, https:\/\/pozirk.online\/wp-content\/uploads\/2025\/09\/plakolm-tikhanovskaya-20250904-x-plakolm-768x512.jpg 768w, https:\/\/pozirk.online\/wp-content\/uploads\/2025\/09\/plakolm-tikhanovskaya-20250904-x-plakolm-1536x1023.jpg 1536w\" sizes=\"(max-width: 1638px) 100vw, 1638px\" \/>\n  <figcaption>\n      <div class=\"block-image__descr\">\n\n        Cichanouskaja (left) and Plakolm\n    <\/div>\n  \n       <div class=\"block-image__author\">\n                <span>(Plakolm&#039;s post on X)<\/span>\n    <\/div>\n     <\/figcaption>\n<\/figure>\n\n\n\n<p><strong>September 4,&nbsp;<\/strong><strong><em>Pozirk<\/em>. <\/strong>Belarus\u2019 opposition leader \u015aviat\u0142ana Cichanouskaja today met with MPs from four of five factions in the Austrian National Council in Vienna today.<\/p>\n\n\n\n<p>The MPs\u2014Petra Bayr of the Social Democratic Party of Austria, Andreas Minnich of the Austrian People\u2019s Party, Veit Dengler of the New Austria and Liberal Forum and Meri Disoski of the Greens\u2014signed an appeal for the release of opposition politician Maryja Kale\u015bnikava timed to coincide with the fifth anniversary of her arrest, opposition politician Franak Via\u010dorka told <em>Pozirk<\/em>.<\/p>\n\n\n\n<p>Cichano\u016dskaja also took part in a discussion of Belarus\u2019 role in European security hosted by the nonprofit Dialogb\u00fcro Vienna and met with Claudia Plakolm, the federal minister for Europe.<\/p>\n\n\n\n<div class=\"insert-block\">\n\n    <div class=\"insert-block__img\">\n        <img decoding=\"async\" width=\"354\" height=\"236\" src=\"https:\/\/pozirk.online\/wp-content\/uploads\/2025\/01\/tikhanouskaia_press-354x236.jpg\" class=\"attachment-medium size-medium\" alt=\"\" srcset=\"https:\/\/pozirk.online\/wp-content\/uploads\/2025\/01\/tikhanouskaia_press-354x236.jpg 354w, https:\/\/pozirk.online\/wp-content\/uploads\/2025\/01\/tikhanouskaia_press-734x490.jpg 734w, https:\/\/pozirk.online\/wp-content\/uploads\/2025\/01\/tikhanouskaia_press-178x118.jpg 178w, https:\/\/pozirk.online\/wp-content\/uploads\/2025\/01\/tikhanouskaia_press-768x512.jpg 768w, https:\/\/pozirk.online\/wp-content\/uploads\/2025\/01\/tikhanouskaia_press.jpg 1128w\" sizes=\"(max-width: 354px) 100vw, 354px\" \/>                        <label class=\"insert-block__tag--mobile\"> Politics<\/label>\n\n                <\/div>\n    <div class=\"insert-block__text\">\n                    <label class=\"insert-block__tag\">Politics<\/label>\n                <h3 class=\"insert-block__title\">Cichano\u016dskaja visiting Austria<\/h3>\n        <div class=\"insert-block__descr\">September 4, Pozirk. Belarusian opposition leader \u015aviat\u0142ana Cichano\u016dskaja has announced the start of her visit to Austria at the invitation of the Austrian foreign ministry in a post on X. The politician is expected to meet with Austrian Foreign Minister &#8230;<\/div>\n        <a class=\"insert-block__btn-block\" href=\"\/en\/news\/153753\">\n            <button class=\"btn\">\n                <div class='btn__text'>Read<\/div>\n            <\/button>\n        <\/a>\n    <\/div>\n<\/div>","protected":false},"excerpt":{"rendered":"<p>September 4,&nbsp;Pozirk. Belarus\u2019 opposition leader \u015aviat\u0142ana Cichanouskaja today met with MPs from four of five factions in the Austrian National Council in Vienna today. The MPs\u2014Petra Bayr of the Social Democratic Party of Austria, Andreas Minnich of the Austrian People\u2019s Party, Veit Dengler of the New Austria and Liberal Forum and Meri Disoski of the [&hellip;]<\/p>\n","protected":false},"author":83,"featured_media":153872,"template":"","rubric":[14],"class_list":["post-153879","articles","type-articles","status-publish","has-post-thumbnail","hentry","rubric-politics"],"acf":[],"yoast_head":"<!-- This site is optimized with the Yoast SEO plugin v25.5 - https:\/\/yoast.com\/wordpress\/plugins\/seo\/ -->\n<title>Cichano\u016dskaja meets with MPs, activists and minister in Austria | Pozirk<\/title>\n<meta name=\"description\" content=\"September 4,&nbsp;Pozirk. Belarus\u2019 opposition leader \u015aviat\u0142ana Cichanouskaja today met with MPs from four of five factions in the Austrian National\" \/>\n<meta name=\"robots\" content=\"index, follow, max-snippet:-1, max-image-preview:large, max-video-preview:-1\" \/>\n<link rel=\"canonical\" href=\"https:\/\/pozirk.online\/en\/news\/153879\/\" \/>\n<meta property=\"og:locale\" content=\"en_US\" \/>\n<meta property=\"og:type\" content=\"article\" \/>\n<meta property=\"og:title\" content=\"Cichano\u016dskaja meets with MPs, activists and minister in Austria | Pozirk\" \/>\n<meta property=\"og:description\" content=\"September 4,&nbsp;Pozirk. Belarus\u2019 opposition leader \u015aviat\u0142ana Cichanouskaja today met with MPs from four of five factions in the Austrian National\" \/>\n<meta property=\"og:url\" content=\"https:\/\/pozirk.online\/en\/news\/153879\/\" \/>\n<meta property=\"og:site_name\" content=\"Pozirk\" \/>\n<meta property=\"article:publisher\" content=\"https:\/\/www.facebook.com\/pozirkonline\/\" \/>\n<meta property=\"article:modified_time\" content=\"2026-03-09T20:10:49+00:00\" \/>\n<meta name=\"twitter:card\" content=\"summary_large_image\" \/>\n<meta name=\"twitter:site\" content=\"@Pozirk_online\" \/>\n<meta name=\"twitter:label1\" content=\"Est. reading time\" \/>\n\t<meta name=\"twitter:data1\" content=\"1 minute\" \/>\n<script type=\"application\/ld+json\" class=\"yoast-schema-graph\">{\"@context\":\"https:\/\/schema.org\",\"@graph\":[{\"@type\":\"NewsArticle\",\"@id\":\"https:\/\/pozirk.online\/en\/news\/153879\/#article\",\"isPartOf\":{\"@id\":\"https:\/\/pozirk.online\/en\/news\/153879\/\"},\"headline\":\"Cichano\u016dskaja meets with MPs, activists and minister in Austria\",\"datePublished\":\"2025-09-04T19:36:48+00:00\",\"dateModified\":\"2026-03-09T20:10:49+00:00\",\"mainEntityOfPage\":{\"@id\":\"https:\/\/pozirk.online\/en\/news\/153879\/\"},\"wordCount\":130,\"publisher\":{\"@id\":\"https:\/\/pozirk.online\/en\/#organization\"},\"image\":{\"@id\":\"https:\/\/pozirk.online\/en\/news\/153879\/#primaryimage\"},\"thumbnailUrl\":\"https:\/\/pozirk.online\/wp-content\/uploads\/2025\/09\/plakolm-tikhanovskaya-20250904-x-plakolm.jpg\",\"inLanguage\":\"en-US\"},{\"@type\":\"WebPage\",\"@id\":\"https:\/\/pozirk.online\/en\/news\/153879\/\",\"url\":\"https:\/\/pozirk.online\/en\/news\/153879\/\",\"name\":\"Cichano\u016dskaja meets with MPs, activists and minister in Austria | Pozirk\",\"isPartOf\":{\"@id\":\"https:\/\/pozirk.online\/en\/#website\"},\"primaryImageOfPage\":{\"@id\":\"https:\/\/pozirk.online\/en\/news\/153879\/#primaryimage\"},\"image\":{\"@id\":\"https:\/\/pozirk.online\/en\/news\/153879\/#primaryimage\"},\"thumbnailUrl\":\"https:\/\/pozirk.online\/wp-content\/uploads\/2025\/09\/plakolm-tikhanovskaya-20250904-x-plakolm.jpg\",\"datePublished\":\"2025-09-04T19:36:48+00:00\",\"dateModified\":\"2026-03-09T20:10:49+00:00\",\"description\":\"September 4,&nbsp;Pozirk. Belarus\u2019 opposition leader \u015aviat\u0142ana Cichanouskaja today met with MPs from four of five factions in the Austrian National\",\"breadcrumb\":{\"@id\":\"https:\/\/pozirk.online\/en\/news\/153879\/#breadcrumb\"},\"inLanguage\":\"en-US\",\"potentialAction\":[{\"@type\":\"ReadAction\",\"target\":[\"https:\/\/pozirk.online\/en\/news\/153879\/\"]}]},{\"@type\":\"ImageObject\",\"inLanguage\":\"en-US\",\"@id\":\"https:\/\/pozirk.online\/en\/news\/153879\/#primaryimage\",\"url\":\"https:\/\/pozirk.online\/wp-content\/uploads\/2025\/09\/plakolm-tikhanovskaya-20250904-x-plakolm.jpg\",\"contentUrl\":\"https:\/\/pozirk.online\/wp-content\/uploads\/2025\/09\/plakolm-tikhanovskaya-20250904-x-plakolm.jpg\",\"width\":1638,\"height\":1091},{\"@type\":\"BreadcrumbList\",\"@id\":\"https:\/\/pozirk.online\/en\/news\/153879\/#breadcrumb\",\"itemListElement\":[{\"@type\":\"ListItem\",\"position\":1,\"name\":\"Home\",\"item\":\"https:\/\/pozirk.online\/en\/\"},{\"@type\":\"ListItem\",\"position\":2,\"name\":\"Cichano\u016dskaja meets with MPs, activists and minister in Austria\"}]},{\"@type\":\"WebSite\",\"@id\":\"https:\/\/pozirk.online\/en\/#website\",\"url\":\"https:\/\/pozirk.online\/en\/\",\"name\":\"Pozirk\",\"description\":\"\",\"publisher\":{\"@id\":\"https:\/\/pozirk.online\/en\/#organization\"},\"potentialAction\":[{\"@type\":\"SearchAction\",\"target\":{\"@type\":\"EntryPoint\",\"urlTemplate\":\"https:\/\/pozirk.online\/en\/?s={search_term_string}\"},\"query-input\":{\"@type\":\"PropertyValueSpecification\",\"valueRequired\":true,\"valueName\":\"search_term_string\"}}],\"inLanguage\":\"en-US\"},{\"@type\":\"Organization\",\"@id\":\"https:\/\/pozirk.online\/en\/#organization\",\"name\":\"Pozirk\",\"url\":\"https:\/\/pozirk.online\/en\/\",\"logo\":{\"@type\":\"ImageObject\",\"inLanguage\":\"en-US\",\"@id\":\"https:\/\/pozirk.online\/en\/#\/schema\/logo\/image\/\",\"url\":\"https:\/\/pozirk.online\/wp-content\/uploads\/2023\/11\/cropped-Logo_color_512.png\",\"contentUrl\":\"https:\/\/pozirk.online\/wp-content\/uploads\/2023\/11\/cropped-Logo_color_512.png\",\"width\":512,\"height\":512,\"caption\":\"Pozirk\"},\"image\":{\"@id\":\"https:\/\/pozirk.online\/en\/#\/schema\/logo\/image\/\"},\"sameAs\":[\"https:\/\/www.facebook.com\/pozirkonline\/\",\"https:\/\/x.com\/Pozirk_online\"]}]}<\/script>\n<!-- \/ Yoast SEO plugin. -->","yoast_head_json":{"title":"Cichano\u016dskaja meets with MPs, activists and minister in Austria | Pozirk","description":"September 4,&nbsp;Pozirk. Belarus\u2019 opposition leader \u015aviat\u0142ana Cichanouskaja today met with MPs from four of five factions in the Austrian National","robots":{"index":"index","follow":"follow","max-snippet":"max-snippet:-1","max-image-preview":"max-image-preview:large","max-video-preview":"max-video-preview:-1"},"canonical":"https:\/\/pozirk.online\/en\/news\/153879\/","og_locale":"en_US","og_type":"article","og_title":"Cichano\u016dskaja meets with MPs, activists and minister in Austria | Pozirk","og_description":"September 4,&nbsp;Pozirk. Belarus\u2019 opposition leader \u015aviat\u0142ana Cichanouskaja today met with MPs from four of five factions in the Austrian National","og_url":"https:\/\/pozirk.online\/en\/news\/153879\/","og_site_name":"Pozirk","article_publisher":"https:\/\/www.facebook.com\/pozirkonline\/","article_modified_time":"2026-03-09T20:10:49+00:00","twitter_card":"summary_large_image","twitter_site":"@Pozirk_online","twitter_misc":{"Est. reading time":"1 minute"},"schema":{"@context":"https:\/\/schema.org","@graph":[{"@type":"NewsArticle","@id":"https:\/\/pozirk.online\/en\/news\/153879\/#article","isPartOf":{"@id":"https:\/\/pozirk.online\/en\/news\/153879\/"},"headline":"Cichano\u016dskaja meets with MPs, activists and minister in Austria","datePublished":"2025-09-04T19:36:48+00:00","dateModified":"2026-03-09T20:10:49+00:00","mainEntityOfPage":{"@id":"https:\/\/pozirk.online\/en\/news\/153879\/"},"wordCount":130,"publisher":{"@id":"https:\/\/pozirk.online\/en\/#organization"},"image":{"@id":"https:\/\/pozirk.online\/en\/news\/153879\/#primaryimage"},"thumbnailUrl":"https:\/\/pozirk.online\/wp-content\/uploads\/2025\/09\/plakolm-tikhanovskaya-20250904-x-plakolm.jpg","inLanguage":"en-US"},{"@type":"WebPage","@id":"https:\/\/pozirk.online\/en\/news\/153879\/","url":"https:\/\/pozirk.online\/en\/news\/153879\/","name":"Cichano\u016dskaja meets with MPs, activists and minister in Austria | Pozirk","isPartOf":{"@id":"https:\/\/pozirk.online\/en\/#website"},"primaryImageOfPage":{"@id":"https:\/\/pozirk.online\/en\/news\/153879\/#primaryimage"},"image":{"@id":"https:\/\/pozirk.online\/en\/news\/153879\/#primaryimage"},"thumbnailUrl":"https:\/\/pozirk.online\/wp-content\/uploads\/2025\/09\/plakolm-tikhanovskaya-20250904-x-plakolm.jpg","datePublished":"2025-09-04T19:36:48+00:00","dateModified":"2026-03-09T20:10:49+00:00","description":"September 4,&nbsp;Pozirk. Belarus\u2019 opposition leader \u015aviat\u0142ana Cichanouskaja today met with MPs from four of five factions in the Austrian National","breadcrumb":{"@id":"https:\/\/pozirk.online\/en\/news\/153879\/#breadcrumb"},"inLanguage":"en-US","potentialAction":[{"@type":"ReadAction","target":["https:\/\/pozirk.online\/en\/news\/153879\/"]}]},{"@type":"ImageObject","inLanguage":"en-US","@id":"https:\/\/pozirk.online\/en\/news\/153879\/#primaryimage","url":"https:\/\/pozirk.online\/wp-content\/uploads\/2025\/09\/plakolm-tikhanovskaya-20250904-x-plakolm.jpg","contentUrl":"https:\/\/pozirk.online\/wp-content\/uploads\/2025\/09\/plakolm-tikhanovskaya-20250904-x-plakolm.jpg","width":1638,"height":1091},{"@type":"BreadcrumbList","@id":"https:\/\/pozirk.online\/en\/news\/153879\/#breadcrumb","itemListElement":[{"@type":"ListItem","position":1,"name":"Home","item":"https:\/\/pozirk.online\/en\/"},{"@type":"ListItem","position":2,"name":"Cichano\u016dskaja meets with MPs, activists and minister in Austria"}]},{"@type":"WebSite","@id":"https:\/\/pozirk.online\/en\/#website","url":"https:\/\/pozirk.online\/en\/","name":"Pozirk","description":"","publisher":{"@id":"https:\/\/pozirk.online\/en\/#organization"},"potentialAction":[{"@type":"SearchAction","target":{"@type":"EntryPoint","urlTemplate":"https:\/\/pozirk.online\/en\/?s={search_term_string}"},"query-input":{"@type":"PropertyValueSpecification","valueRequired":true,"valueName":"search_term_string"}}],"inLanguage":"en-US"},{"@type":"Organization","@id":"https:\/\/pozirk.online\/en\/#organization","name":"Pozirk","url":"https:\/\/pozirk.online\/en\/","logo":{"@type":"ImageObject","inLanguage":"en-US","@id":"https:\/\/pozirk.online\/en\/#\/schema\/logo\/image\/","url":"https:\/\/pozirk.online\/wp-content\/uploads\/2023\/11\/cropped-Logo_color_512.png","contentUrl":"https:\/\/pozirk.online\/wp-content\/uploads\/2023\/11\/cropped-Logo_color_512.png","width":512,"height":512,"caption":"Pozirk"},"image":{"@id":"https:\/\/pozirk.online\/en\/#\/schema\/logo\/image\/"},"sameAs":["https:\/\/www.facebook.com\/pozirkonline\/","https:\/\/x.com\/Pozirk_online"]}]}},"_links":{"self":[{"href":"https:\/\/pozirk.online\/en\/wp-json\/wp\/v2\/articles\/153879","targetHints":{"allow":["GET"]}}],"collection":[{"href":"https:\/\/pozirk.online\/en\/wp-json\/wp\/v2\/articles"}],"about":[{"href":"https:\/\/pozirk.online\/en\/wp-json\/wp\/v2\/types\/articles"}],"author":[{"embeddable":true,"href":"https:\/\/pozirk.online\/en\/wp-json\/wp\/v2\/users\/83"}],"wp:featuredmedia":[{"embeddable":true,"href":"https:\/\/pozirk.online\/en\/wp-json\/wp\/v2\/media\/153872"}],"wp:attachment":[{"href":"https:\/\/pozirk.online\/en\/wp-json\/wp\/v2\/media?parent=153879"}],"wp:term":[{"taxonomy":"rubric","embeddable":true,"href":"https:\/\/pozirk.online\/en\/wp-json\/wp\/v2\/rubric?post=153879"}],"curies":[{"name":"wp","href":"https:\/\/api.w.org\/{rel}","templated":true}]}}