{"id":153959,"date":"2025-09-05T12:50:24","date_gmt":"2025-09-05T09:50:24","guid":{"rendered":"https:\/\/pozirk.online\/en\/news\/153959\/"},"modified":"2026-03-10T12:05:06","modified_gmt":"2026-03-10T12:05:06","slug":"cichanouskaja-seeks-to-expand-pro-democracy-forces-links-to-austria","status":"publish","type":"articles","link":"https:\/\/pozirk.online\/en\/news\/153959\/","title":{"rendered":"Cichano\u016dskaja seeks to expand pro-democracy forces\u2019 links to Austria"},"content":{"rendered":"\n<figure class=\"block-image block-image-normal\">\n\n  <img decoding=\"async\" width=\"2560\" height=\"1707\" src=\"https:\/\/pozirk.online\/wp-content\/uploads\/2025\/09\/meinl-reisinger-tikhanovskaya-20250904-Oesterr-scaled.jpg\" class=\"attachment-full size-full\" alt=\"\" srcset=\"https:\/\/pozirk.online\/wp-content\/uploads\/2025\/09\/meinl-reisinger-tikhanovskaya-20250904-Oesterr-scaled.jpg 2560w, https:\/\/pozirk.online\/wp-content\/uploads\/2025\/09\/meinl-reisinger-tikhanovskaya-20250904-Oesterr-354x236.jpg 354w, https:\/\/pozirk.online\/wp-content\/uploads\/2025\/09\/meinl-reisinger-tikhanovskaya-20250904-Oesterr-734x490.jpg 734w, https:\/\/pozirk.online\/wp-content\/uploads\/2025\/09\/meinl-reisinger-tikhanovskaya-20250904-Oesterr-178x118.jpg 178w, https:\/\/pozirk.online\/wp-content\/uploads\/2025\/09\/meinl-reisinger-tikhanovskaya-20250904-Oesterr-768x512.jpg 768w, https:\/\/pozirk.online\/wp-content\/uploads\/2025\/09\/meinl-reisinger-tikhanovskaya-20250904-Oesterr-1536x1024.jpg 1536w, https:\/\/pozirk.online\/wp-content\/uploads\/2025\/09\/meinl-reisinger-tikhanovskaya-20250904-Oesterr-2048x1365.jpg 2048w\" sizes=\"(max-width: 2560px) 100vw, 2560px\" \/>\n  <figcaption>\n      <div class=\"block-image__descr\">\n\n         \u015aviat\u0142ana Cichano\u016dskaja (left), Beate Meinl-Reisinger \n    <\/div>\n  \n       <div class=\"block-image__author\">\n                <span>(Meinl-Reisinger&#039;s X page)<\/span>\n    <\/div>\n     <\/figcaption>\n<\/figure>\n\n\n\n<p><strong>September 5, <em>Pozirk.<\/em><\/strong> Belarusian opposition leader \u015aviat\u0142ana Cichano\u016dskaja discussed regional security and support for Belarusian civil society with Austrian Foreign Minister Beate Meinl-Reisinger yesterday in Vienna, her aide Franak Via\u010dorka told <em>Pozirk<\/em>.<\/p>\n\n\n\n<p>Cichano\u016dskaja called on Austria to support the International Humanitarian Fund for Belarusian reprisal victims and suggested setting up a Belarusian pro-democracy forces&#8217; office in Vienna to deepen ties and enhance international coordination.<\/p>\n\n\n\n<p>Such offices are already operating in Prague, Tallinn and Brussels, she noted. The politician also lobbied for the appointment of a special envoy for Belarus and cooperation within the Organization for Security and Cooperation in Europe (OSCE) and the Council of Europe.<\/p>\n\n\n\n<p>Austria continues to strongly advocate for the release of all jailed Belarusian regime critics, Meinl-Reisinger said on X following the meeting.<\/p>\n\n\n\n<div class=\"insert-block\">\n\n    <div class=\"insert-block__img\">\n        <img decoding=\"async\" width=\"354\" height=\"236\" src=\"https:\/\/pozirk.online\/wp-content\/uploads\/2025\/09\/plakolm-tikhanovskaya-20250904-x-plakolm-354x236.jpg\" class=\"attachment-medium size-medium\" alt=\"\" srcset=\"https:\/\/pozirk.online\/wp-content\/uploads\/2025\/09\/plakolm-tikhanovskaya-20250904-x-plakolm-354x236.jpg 354w, https:\/\/pozirk.online\/wp-content\/uploads\/2025\/09\/plakolm-tikhanovskaya-20250904-x-plakolm-734x490.jpg 734w, https:\/\/pozirk.online\/wp-content\/uploads\/2025\/09\/plakolm-tikhanovskaya-20250904-x-plakolm-178x118.jpg 178w, https:\/\/pozirk.online\/wp-content\/uploads\/2025\/09\/plakolm-tikhanovskaya-20250904-x-plakolm-768x512.jpg 768w, https:\/\/pozirk.online\/wp-content\/uploads\/2025\/09\/plakolm-tikhanovskaya-20250904-x-plakolm-1536x1023.jpg 1536w, https:\/\/pozirk.online\/wp-content\/uploads\/2025\/09\/plakolm-tikhanovskaya-20250904-x-plakolm.jpg 1638w\" sizes=\"(max-width: 354px) 100vw, 354px\" \/>                        <label class=\"insert-block__tag--mobile\"> Politics<\/label>\n\n                <\/div>\n    <div class=\"insert-block__text\">\n                    <label class=\"insert-block__tag\">Politics<\/label>\n                <h3 class=\"insert-block__title\">Cichano\u016dskaja meets with MPs, activists and minister in Austria<\/h3>\n        <div class=\"insert-block__descr\">September 4,&nbsp;Pozirk. Belarus\u2019 opposition leader \u015aviat\u0142ana Cichanouskaja today met with MPs from four of five factions in the Austrian National Council in Vienna today. The MPs\u2014Petra Bayr of the Social Democratic Party of Austria, Andreas Minnich of the Austrian People\u2019s &#8230;<\/div>\n        <a class=\"insert-block__btn-block\" href=\"\/en\/news\/153879\">\n            <button class=\"btn\">\n                <div class='btn__text'>Read the article<\/div>\n            <\/button>\n        <\/a>\n    <\/div>\n<\/div>","protected":false},"excerpt":{"rendered":"<p>September 5, Pozirk. Belarusian opposition leader \u015aviat\u0142ana Cichano\u016dskaja discussed regional security and support for Belarusian civil society with Austrian Foreign Minister Beate Meinl-Reisinger yesterday in Vienna, her aide Franak Via\u010dorka told Pozirk. Cichano\u016dskaja called on Austria to support the International Humanitarian Fund for Belarusian reprisal victims and suggested setting up a Belarusian pro-democracy forces&#8217; office [&hellip;]<\/p>\n","protected":false},"author":84,"featured_media":153902,"template":"","rubric":[16],"class_list":["post-153959","articles","type-articles","status-publish","has-post-thumbnail","hentry","rubric-politics"],"acf":[],"yoast_head":"<!-- This site is optimized with the Yoast SEO plugin v25.5 - https:\/\/yoast.com\/wordpress\/plugins\/seo\/ -->\n<title>Cichano\u016dskaja seeks to expand pro-democracy forces\u2019 links to Austria | Pozirk<\/title>\n<meta name=\"description\" content=\"September 5, Pozirk. Belarusian opposition leader \u015aviat\u0142ana Cichano\u016dskaja discussed regional security and support for Belarusian civil society with\" \/>\n<meta name=\"robots\" content=\"index, follow, max-snippet:-1, max-image-preview:large, max-video-preview:-1\" \/>\n<link rel=\"canonical\" href=\"https:\/\/pozirk.online\/en\/news\/153959\/\" \/>\n<meta property=\"og:locale\" content=\"en_US\" \/>\n<meta property=\"og:type\" content=\"article\" \/>\n<meta property=\"og:title\" content=\"Cichano\u016dskaja seeks to expand pro-democracy forces\u2019 links to Austria | Pozirk\" \/>\n<meta property=\"og:description\" content=\"September 5, Pozirk. Belarusian opposition leader \u015aviat\u0142ana Cichano\u016dskaja discussed regional security and support for Belarusian civil society with\" \/>\n<meta property=\"og:url\" content=\"https:\/\/pozirk.online\/en\/news\/153959\/\" \/>\n<meta property=\"og:site_name\" content=\"Pozirk\" \/>\n<meta property=\"article:publisher\" content=\"https:\/\/www.facebook.com\/pozirkonline\/\" \/>\n<meta property=\"article:modified_time\" content=\"2026-03-10T12:05:06+00:00\" \/>\n<meta property=\"og:image\" content=\"https:\/\/pozirk.online\/wp-content\/uploads\/2025\/09\/meinl-reisinger-tikhanovskaya-20250904-Oesterr-scaled.jpg\" \/>\n\t<meta property=\"og:image:width\" content=\"2560\" \/>\n\t<meta property=\"og:image:height\" content=\"1707\" \/>\n\t<meta property=\"og:image:type\" content=\"image\/jpeg\" \/>\n<meta name=\"twitter:card\" content=\"summary_large_image\" \/>\n<meta name=\"twitter:site\" content=\"@Pozirk_online\" \/>\n<meta name=\"twitter:label1\" content=\"Est. reading time\" \/>\n\t<meta name=\"twitter:data1\" content=\"1 minute\" \/>\n<script type=\"application\/ld+json\" class=\"yoast-schema-graph\">{\"@context\":\"https:\/\/schema.org\",\"@graph\":[{\"@type\":\"NewsArticle\",\"@id\":\"https:\/\/pozirk.online\/en\/news\/153959\/#article\",\"isPartOf\":{\"@id\":\"https:\/\/pozirk.online\/en\/news\/153959\/\"},\"headline\":\"Cichano\u016dskaja seeks to expand pro-democracy forces\u2019 links to Austria\",\"datePublished\":\"2025-09-05T09:50:24+00:00\",\"dateModified\":\"2026-03-10T12:05:06+00:00\",\"mainEntityOfPage\":{\"@id\":\"https:\/\/pozirk.online\/en\/news\/153959\/\"},\"wordCount\":140,\"publisher\":{\"@id\":\"https:\/\/pozirk.online\/en\/#organization\"},\"image\":{\"@id\":\"https:\/\/pozirk.online\/en\/news\/153959\/#primaryimage\"},\"thumbnailUrl\":\"https:\/\/pozirk.online\/wp-content\/uploads\/2025\/09\/meinl-reisinger-tikhanovskaya-20250904-Oesterr-scaled.jpg\",\"inLanguage\":\"en-US\"},{\"@type\":\"WebPage\",\"@id\":\"https:\/\/pozirk.online\/en\/news\/153959\/\",\"url\":\"https:\/\/pozirk.online\/en\/news\/153959\/\",\"name\":\"Cichano\u016dskaja seeks to expand pro-democracy forces\u2019 links to Austria | Pozirk\",\"isPartOf\":{\"@id\":\"https:\/\/pozirk.online\/en\/#website\"},\"primaryImageOfPage\":{\"@id\":\"https:\/\/pozirk.online\/en\/news\/153959\/#primaryimage\"},\"image\":{\"@id\":\"https:\/\/pozirk.online\/en\/news\/153959\/#primaryimage\"},\"thumbnailUrl\":\"https:\/\/pozirk.online\/wp-content\/uploads\/2025\/09\/meinl-reisinger-tikhanovskaya-20250904-Oesterr-scaled.jpg\",\"datePublished\":\"2025-09-05T09:50:24+00:00\",\"dateModified\":\"2026-03-10T12:05:06+00:00\",\"description\":\"September 5, Pozirk. Belarusian opposition leader \u015aviat\u0142ana Cichano\u016dskaja discussed regional security and support for Belarusian civil society with\",\"breadcrumb\":{\"@id\":\"https:\/\/pozirk.online\/en\/news\/153959\/#breadcrumb\"},\"inLanguage\":\"en-US\",\"potentialAction\":[{\"@type\":\"ReadAction\",\"target\":[\"https:\/\/pozirk.online\/en\/news\/153959\/\"]}]},{\"@type\":\"ImageObject\",\"inLanguage\":\"en-US\",\"@id\":\"https:\/\/pozirk.online\/en\/news\/153959\/#primaryimage\",\"url\":\"https:\/\/pozirk.online\/wp-content\/uploads\/2025\/09\/meinl-reisinger-tikhanovskaya-20250904-Oesterr-scaled.jpg\",\"contentUrl\":\"https:\/\/pozirk.online\/wp-content\/uploads\/2025\/09\/meinl-reisinger-tikhanovskaya-20250904-Oesterr-scaled.jpg\",\"width\":2560,\"height\":1707},{\"@type\":\"BreadcrumbList\",\"@id\":\"https:\/\/pozirk.online\/en\/news\/153959\/#breadcrumb\",\"itemListElement\":[{\"@type\":\"ListItem\",\"position\":1,\"name\":\"Home\",\"item\":\"https:\/\/pozirk.online\/en\/\"},{\"@type\":\"ListItem\",\"position\":2,\"name\":\"Cichano\u016dskaja seeks to expand pro-democracy forces\u2019 links to Austria\"}]},{\"@type\":\"WebSite\",\"@id\":\"https:\/\/pozirk.online\/en\/#website\",\"url\":\"https:\/\/pozirk.online\/en\/\",\"name\":\"Pozirk\",\"description\":\"\",\"publisher\":{\"@id\":\"https:\/\/pozirk.online\/en\/#organization\"},\"potentialAction\":[{\"@type\":\"SearchAction\",\"target\":{\"@type\":\"EntryPoint\",\"urlTemplate\":\"https:\/\/pozirk.online\/en\/?s={search_term_string}\"},\"query-input\":{\"@type\":\"PropertyValueSpecification\",\"valueRequired\":true,\"valueName\":\"search_term_string\"}}],\"inLanguage\":\"en-US\"},{\"@type\":\"Organization\",\"@id\":\"https:\/\/pozirk.online\/en\/#organization\",\"name\":\"Pozirk\",\"url\":\"https:\/\/pozirk.online\/en\/\",\"logo\":{\"@type\":\"ImageObject\",\"inLanguage\":\"en-US\",\"@id\":\"https:\/\/pozirk.online\/en\/#\/schema\/logo\/image\/\",\"url\":\"https:\/\/pozirk.online\/wp-content\/uploads\/2023\/11\/cropped-Logo_color_512.png\",\"contentUrl\":\"https:\/\/pozirk.online\/wp-content\/uploads\/2023\/11\/cropped-Logo_color_512.png\",\"width\":512,\"height\":512,\"caption\":\"Pozirk\"},\"image\":{\"@id\":\"https:\/\/pozirk.online\/en\/#\/schema\/logo\/image\/\"},\"sameAs\":[\"https:\/\/www.facebook.com\/pozirkonline\/\",\"https:\/\/x.com\/Pozirk_online\"]}]}<\/script>\n<!-- \/ Yoast SEO plugin. -->","yoast_head_json":{"title":"Cichano\u016dskaja seeks to expand pro-democracy forces\u2019 links to Austria | Pozirk","description":"September 5, Pozirk. Belarusian opposition leader \u015aviat\u0142ana Cichano\u016dskaja discussed regional security and support for Belarusian civil society with","robots":{"index":"index","follow":"follow","max-snippet":"max-snippet:-1","max-image-preview":"max-image-preview:large","max-video-preview":"max-video-preview:-1"},"canonical":"https:\/\/pozirk.online\/en\/news\/153959\/","og_locale":"en_US","og_type":"article","og_title":"Cichano\u016dskaja seeks to expand pro-democracy forces\u2019 links to Austria | Pozirk","og_description":"September 5, Pozirk. Belarusian opposition leader \u015aviat\u0142ana Cichano\u016dskaja discussed regional security and support for Belarusian civil society with","og_url":"https:\/\/pozirk.online\/en\/news\/153959\/","og_site_name":"Pozirk","article_publisher":"https:\/\/www.facebook.com\/pozirkonline\/","article_modified_time":"2026-03-10T12:05:06+00:00","og_image":[{"width":2560,"height":1707,"url":"https:\/\/pozirk.online\/wp-content\/uploads\/2025\/09\/meinl-reisinger-tikhanovskaya-20250904-Oesterr-scaled.jpg","type":"image\/jpeg"}],"twitter_card":"summary_large_image","twitter_site":"@Pozirk_online","twitter_misc":{"Est. reading time":"1 minute"},"schema":{"@context":"https:\/\/schema.org","@graph":[{"@type":"NewsArticle","@id":"https:\/\/pozirk.online\/en\/news\/153959\/#article","isPartOf":{"@id":"https:\/\/pozirk.online\/en\/news\/153959\/"},"headline":"Cichano\u016dskaja seeks to expand pro-democracy forces\u2019 links to Austria","datePublished":"2025-09-05T09:50:24+00:00","dateModified":"2026-03-10T12:05:06+00:00","mainEntityOfPage":{"@id":"https:\/\/pozirk.online\/en\/news\/153959\/"},"wordCount":140,"publisher":{"@id":"https:\/\/pozirk.online\/en\/#organization"},"image":{"@id":"https:\/\/pozirk.online\/en\/news\/153959\/#primaryimage"},"thumbnailUrl":"https:\/\/pozirk.online\/wp-content\/uploads\/2025\/09\/meinl-reisinger-tikhanovskaya-20250904-Oesterr-scaled.jpg","inLanguage":"en-US"},{"@type":"WebPage","@id":"https:\/\/pozirk.online\/en\/news\/153959\/","url":"https:\/\/pozirk.online\/en\/news\/153959\/","name":"Cichano\u016dskaja seeks to expand pro-democracy forces\u2019 links to Austria | Pozirk","isPartOf":{"@id":"https:\/\/pozirk.online\/en\/#website"},"primaryImageOfPage":{"@id":"https:\/\/pozirk.online\/en\/news\/153959\/#primaryimage"},"image":{"@id":"https:\/\/pozirk.online\/en\/news\/153959\/#primaryimage"},"thumbnailUrl":"https:\/\/pozirk.online\/wp-content\/uploads\/2025\/09\/meinl-reisinger-tikhanovskaya-20250904-Oesterr-scaled.jpg","datePublished":"2025-09-05T09:50:24+00:00","dateModified":"2026-03-10T12:05:06+00:00","description":"September 5, Pozirk. Belarusian opposition leader \u015aviat\u0142ana Cichano\u016dskaja discussed regional security and support for Belarusian civil society with","breadcrumb":{"@id":"https:\/\/pozirk.online\/en\/news\/153959\/#breadcrumb"},"inLanguage":"en-US","potentialAction":[{"@type":"ReadAction","target":["https:\/\/pozirk.online\/en\/news\/153959\/"]}]},{"@type":"ImageObject","inLanguage":"en-US","@id":"https:\/\/pozirk.online\/en\/news\/153959\/#primaryimage","url":"https:\/\/pozirk.online\/wp-content\/uploads\/2025\/09\/meinl-reisinger-tikhanovskaya-20250904-Oesterr-scaled.jpg","contentUrl":"https:\/\/pozirk.online\/wp-content\/uploads\/2025\/09\/meinl-reisinger-tikhanovskaya-20250904-Oesterr-scaled.jpg","width":2560,"height":1707},{"@type":"BreadcrumbList","@id":"https:\/\/pozirk.online\/en\/news\/153959\/#breadcrumb","itemListElement":[{"@type":"ListItem","position":1,"name":"Home","item":"https:\/\/pozirk.online\/en\/"},{"@type":"ListItem","position":2,"name":"Cichano\u016dskaja seeks to expand pro-democracy forces\u2019 links to Austria"}]},{"@type":"WebSite","@id":"https:\/\/pozirk.online\/en\/#website","url":"https:\/\/pozirk.online\/en\/","name":"Pozirk","description":"","publisher":{"@id":"https:\/\/pozirk.online\/en\/#organization"},"potentialAction":[{"@type":"SearchAction","target":{"@type":"EntryPoint","urlTemplate":"https:\/\/pozirk.online\/en\/?s={search_term_string}"},"query-input":{"@type":"PropertyValueSpecification","valueRequired":true,"valueName":"search_term_string"}}],"inLanguage":"en-US"},{"@type":"Organization","@id":"https:\/\/pozirk.online\/en\/#organization","name":"Pozirk","url":"https:\/\/pozirk.online\/en\/","logo":{"@type":"ImageObject","inLanguage":"en-US","@id":"https:\/\/pozirk.online\/en\/#\/schema\/logo\/image\/","url":"https:\/\/pozirk.online\/wp-content\/uploads\/2023\/11\/cropped-Logo_color_512.png","contentUrl":"https:\/\/pozirk.online\/wp-content\/uploads\/2023\/11\/cropped-Logo_color_512.png","width":512,"height":512,"caption":"Pozirk"},"image":{"@id":"https:\/\/pozirk.online\/en\/#\/schema\/logo\/image\/"},"sameAs":["https:\/\/www.facebook.com\/pozirkonline\/","https:\/\/x.com\/Pozirk_online"]}]}},"_links":{"self":[{"href":"https:\/\/pozirk.online\/en\/wp-json\/wp\/v2\/articles\/153959","targetHints":{"allow":["GET"]}}],"collection":[{"href":"https:\/\/pozirk.online\/en\/wp-json\/wp\/v2\/articles"}],"about":[{"href":"https:\/\/pozirk.online\/en\/wp-json\/wp\/v2\/types\/articles"}],"author":[{"embeddable":true,"href":"https:\/\/pozirk.online\/en\/wp-json\/wp\/v2\/users\/84"}],"wp:featuredmedia":[{"embeddable":true,"href":"https:\/\/pozirk.online\/en\/wp-json\/wp\/v2\/media\/153902"}],"wp:attachment":[{"href":"https:\/\/pozirk.online\/en\/wp-json\/wp\/v2\/media?parent=153959"}],"wp:term":[{"taxonomy":"rubric","embeddable":true,"href":"https:\/\/pozirk.online\/en\/wp-json\/wp\/v2\/rubric?post=153959"}],"curies":[{"name":"wp","href":"https:\/\/api.w.org\/{rel}","templated":true}]}}