{"id":154692,"date":"2025-09-10T15:44:50","date_gmt":"2025-09-10T12:44:50","guid":{"rendered":"https:\/\/pozirk.online\/en\/news\/154692\/"},"modified":"2026-03-10T12:05:06","modified_gmt":"2026-03-10T12:05:06","slug":"rights-activists-urge-inquiry-into-jailed-dissidents-death","status":"publish","type":"articles","link":"https:\/\/pozirk.online\/en\/news\/154692\/","title":{"rendered":"Rights activists urge inquiry into jailed dissident&#8217;s death"},"content":{"rendered":"\n<figure class=\"block-image block-image-normal\">\n\n  <img decoding=\"async\" width=\"1128\" height=\"752\" src=\"https:\/\/pozirk.online\/wp-content\/uploads\/2025\/09\/padniabenny_vesna_1128x752.jpg\" class=\"attachment-full size-full\" alt=\"\" srcset=\"https:\/\/pozirk.online\/wp-content\/uploads\/2025\/09\/padniabenny_vesna_1128x752.jpg 1128w, https:\/\/pozirk.online\/wp-content\/uploads\/2025\/09\/padniabenny_vesna_1128x752-354x236.jpg 354w, https:\/\/pozirk.online\/wp-content\/uploads\/2025\/09\/padniabenny_vesna_1128x752-734x490.jpg 734w, https:\/\/pozirk.online\/wp-content\/uploads\/2025\/09\/padniabenny_vesna_1128x752-178x118.jpg 178w, https:\/\/pozirk.online\/wp-content\/uploads\/2025\/09\/padniabenny_vesna_1128x752-768x512.jpg 768w\" sizes=\"(max-width: 1128px) 100vw, 1128px\" \/>\n  <figcaption>\n  \n       <div class=\"block-image__author\">\n                <span>(viasna96.org)<\/span>\n    <\/div>\n     <\/figcaption>\n<\/figure>\n\n\n\n<p><strong>September 10, <em>Pozirk<\/em>.<\/strong> Every death of a jailed dissident is a consequence of a systematic mistreatment of people on politically-motivated grounds, says a joint statement by Belarusian human rights defenders issued in connection with the recent death of Andrei Podnebenny.<\/p>\n\n\n\n<p>\u201cArbitrary imprisonment and persecution for expressing political beliefs run counter to the basic principles of democracy and the legal order,\u201d stressed the document published by the Viasna Human Rights Center.<\/p>\n\n\n\n<p>Insufficient attention to these problems and inaction only deepen the human rights crisis in Belarus, affecting its reputation, rights defenders said, urging the international community to maximize diplomatic efforts aimed at freeing people imprisoned in Belarus for political reasons.<\/p>\n\n\n\n<p>The statement also called on the Belarusian prosecutor general and the Investigative Committee to investigate the death, establish the causes and inform the public about results.<\/p>\n\n\n\n<p>Podnebenny was found hanged on September 3 in a solitary confinement cell, his mother said on social media.<\/p>\n\n\n\n<p>Four years ago, Judge Anatol Sotnika\u016d sentenced him to 15 years in prison on extremism- and terrorism-related charges for allegedly setting fire to the car of a senior police official, puncturing the tires of 39 trolleybuses and running an opposition Telegram channel.<\/p>\n\n\n\n<p>Besides Podnebenny, several other designated political prisoners died in recent years behind bars, including Vitold A\u0161urak, Mika\u0142aj Klimovi\u010d, Ale\u015b Pu\u0161kin, Vadzim Chra\u015bko, Ihar Lednik, Alaksandar Kulini\u010d,&nbsp;Dmitry Shletgauer and Valancin \u0160termier.<\/p>\n\n\n\n<p>On September 10, human rights defenders identified at least 1,194 political prisoners but the real number is considerably higher because of many undocumented cases.<\/p>\n\n\n\n<div class=\"insert-block\">\n\n    <div class=\"insert-block__img\">\n        <img decoding=\"async\" width=\"354\" height=\"236\" src=\"https:\/\/pozirk.online\/wp-content\/uploads\/2025\/09\/padniabenny_vesna_1128x752-354x236.jpg\" class=\"attachment-medium size-medium\" alt=\"\" srcset=\"https:\/\/pozirk.online\/wp-content\/uploads\/2025\/09\/padniabenny_vesna_1128x752-354x236.jpg 354w, https:\/\/pozirk.online\/wp-content\/uploads\/2025\/09\/padniabenny_vesna_1128x752-734x490.jpg 734w, https:\/\/pozirk.online\/wp-content\/uploads\/2025\/09\/padniabenny_vesna_1128x752-178x118.jpg 178w, https:\/\/pozirk.online\/wp-content\/uploads\/2025\/09\/padniabenny_vesna_1128x752-768x512.jpg 768w, https:\/\/pozirk.online\/wp-content\/uploads\/2025\/09\/padniabenny_vesna_1128x752.jpg 1128w\" sizes=\"(max-width: 354px) 100vw, 354px\" \/>                        <label class=\"insert-block__tag--mobile\"> Politics<\/label>\n\n                <\/div>\n    <div class=\"insert-block__text\">\n                    <label class=\"insert-block__tag\">Politics<\/label>\n                <h3 class=\"insert-block__title\">Mother of deceased dissident rejects suicide explanation<\/h3>\n        <div class=\"insert-block__descr\">September 10, Pozirk. Jailed regime critic Andrei Podnebenny was found hanged on September 3 in a solitary confinement cell, Valentina Podnebennaya said on Odnoklassniki, suggesting that her son\u2019s suicide may have been staged. The woman said revenge over a burned &#8230;<\/div>\n        <a class=\"insert-block__btn-block\" href=\"\/en\/news\/154639\">\n            <button class=\"btn\">\n                <div class='btn__text'>Read the article<\/div>\n            <\/button>\n        <\/a>\n    <\/div>\n<\/div>","protected":false},"excerpt":{"rendered":"<p>September 10, Pozirk. Every death of a jailed dissident is a consequence of a systematic mistreatment of people on politically-motivated grounds, says a joint statement by Belarusian human rights defenders issued in connection with the recent death of Andrei Podnebenny. \u201cArbitrary imprisonment and persecution for expressing political beliefs run counter to the basic principles of [&hellip;]<\/p>\n","protected":false},"author":84,"featured_media":154269,"template":"","rubric":[16],"class_list":["post-154692","articles","type-articles","status-publish","has-post-thumbnail","hentry","rubric-politics"],"acf":[],"yoast_head":"<!-- This site is optimized with the Yoast SEO plugin v25.5 - https:\/\/yoast.com\/wordpress\/plugins\/seo\/ -->\n<title>Rights activists urge inquiry into jailed dissident&#039;s death | Pozirk<\/title>\n<meta name=\"description\" content=\"September 10, Pozirk. Every death of a jailed dissident is a consequence of a systematic mistreatment of people on politically-motivated grounds, says a\" \/>\n<meta name=\"robots\" content=\"index, follow, max-snippet:-1, max-image-preview:large, max-video-preview:-1\" \/>\n<link rel=\"canonical\" href=\"https:\/\/pozirk.online\/en\/news\/154692\/\" \/>\n<meta property=\"og:locale\" content=\"en_US\" \/>\n<meta property=\"og:type\" content=\"article\" \/>\n<meta property=\"og:title\" content=\"Rights activists urge inquiry into jailed dissident&#039;s death | Pozirk\" \/>\n<meta property=\"og:description\" content=\"September 10, Pozirk. Every death of a jailed dissident is a consequence of a systematic mistreatment of people on politically-motivated grounds, says a\" \/>\n<meta property=\"og:url\" content=\"https:\/\/pozirk.online\/en\/news\/154692\/\" \/>\n<meta property=\"og:site_name\" content=\"Pozirk\" \/>\n<meta property=\"article:publisher\" content=\"https:\/\/www.facebook.com\/pozirkonline\/\" \/>\n<meta property=\"article:modified_time\" content=\"2026-03-10T12:05:06+00:00\" \/>\n<meta property=\"og:image\" content=\"https:\/\/pozirk.online\/wp-content\/uploads\/2025\/09\/padniabenny_vesna_1128x752.jpg\" \/>\n\t<meta property=\"og:image:width\" content=\"1128\" \/>\n\t<meta property=\"og:image:height\" content=\"752\" \/>\n\t<meta property=\"og:image:type\" content=\"image\/jpeg\" \/>\n<meta name=\"twitter:card\" content=\"summary_large_image\" \/>\n<meta name=\"twitter:site\" content=\"@Pozirk_online\" \/>\n<meta name=\"twitter:label1\" content=\"Est. reading time\" \/>\n\t<meta name=\"twitter:data1\" content=\"2 minutes\" \/>\n<script type=\"application\/ld+json\" class=\"yoast-schema-graph\">{\"@context\":\"https:\/\/schema.org\",\"@graph\":[{\"@type\":\"NewsArticle\",\"@id\":\"https:\/\/pozirk.online\/en\/news\/154692\/#article\",\"isPartOf\":{\"@id\":\"https:\/\/pozirk.online\/en\/news\/154692\/\"},\"headline\":\"Rights activists urge inquiry into jailed dissident&#8217;s death\",\"datePublished\":\"2025-09-10T12:44:50+00:00\",\"dateModified\":\"2026-03-10T12:05:06+00:00\",\"mainEntityOfPage\":{\"@id\":\"https:\/\/pozirk.online\/en\/news\/154692\/\"},\"wordCount\":258,\"publisher\":{\"@id\":\"https:\/\/pozirk.online\/en\/#organization\"},\"image\":{\"@id\":\"https:\/\/pozirk.online\/en\/news\/154692\/#primaryimage\"},\"thumbnailUrl\":\"https:\/\/pozirk.online\/wp-content\/uploads\/2025\/09\/padniabenny_vesna_1128x752.jpg\",\"inLanguage\":\"en-US\"},{\"@type\":\"WebPage\",\"@id\":\"https:\/\/pozirk.online\/en\/news\/154692\/\",\"url\":\"https:\/\/pozirk.online\/en\/news\/154692\/\",\"name\":\"Rights activists urge inquiry into jailed dissident's death | Pozirk\",\"isPartOf\":{\"@id\":\"https:\/\/pozirk.online\/en\/#website\"},\"primaryImageOfPage\":{\"@id\":\"https:\/\/pozirk.online\/en\/news\/154692\/#primaryimage\"},\"image\":{\"@id\":\"https:\/\/pozirk.online\/en\/news\/154692\/#primaryimage\"},\"thumbnailUrl\":\"https:\/\/pozirk.online\/wp-content\/uploads\/2025\/09\/padniabenny_vesna_1128x752.jpg\",\"datePublished\":\"2025-09-10T12:44:50+00:00\",\"dateModified\":\"2026-03-10T12:05:06+00:00\",\"description\":\"September 10, Pozirk. Every death of a jailed dissident is a consequence of a systematic mistreatment of people on politically-motivated grounds, says a\",\"breadcrumb\":{\"@id\":\"https:\/\/pozirk.online\/en\/news\/154692\/#breadcrumb\"},\"inLanguage\":\"en-US\",\"potentialAction\":[{\"@type\":\"ReadAction\",\"target\":[\"https:\/\/pozirk.online\/en\/news\/154692\/\"]}]},{\"@type\":\"ImageObject\",\"inLanguage\":\"en-US\",\"@id\":\"https:\/\/pozirk.online\/en\/news\/154692\/#primaryimage\",\"url\":\"https:\/\/pozirk.online\/wp-content\/uploads\/2025\/09\/padniabenny_vesna_1128x752.jpg\",\"contentUrl\":\"https:\/\/pozirk.online\/wp-content\/uploads\/2025\/09\/padniabenny_vesna_1128x752.jpg\",\"width\":1128,\"height\":752},{\"@type\":\"BreadcrumbList\",\"@id\":\"https:\/\/pozirk.online\/en\/news\/154692\/#breadcrumb\",\"itemListElement\":[{\"@type\":\"ListItem\",\"position\":1,\"name\":\"Home\",\"item\":\"https:\/\/pozirk.online\/en\/\"},{\"@type\":\"ListItem\",\"position\":2,\"name\":\"Rights activists urge inquiry into jailed dissident&#8217;s death\"}]},{\"@type\":\"WebSite\",\"@id\":\"https:\/\/pozirk.online\/en\/#website\",\"url\":\"https:\/\/pozirk.online\/en\/\",\"name\":\"Pozirk\",\"description\":\"\",\"publisher\":{\"@id\":\"https:\/\/pozirk.online\/en\/#organization\"},\"potentialAction\":[{\"@type\":\"SearchAction\",\"target\":{\"@type\":\"EntryPoint\",\"urlTemplate\":\"https:\/\/pozirk.online\/en\/?s={search_term_string}\"},\"query-input\":{\"@type\":\"PropertyValueSpecification\",\"valueRequired\":true,\"valueName\":\"search_term_string\"}}],\"inLanguage\":\"en-US\"},{\"@type\":\"Organization\",\"@id\":\"https:\/\/pozirk.online\/en\/#organization\",\"name\":\"Pozirk\",\"url\":\"https:\/\/pozirk.online\/en\/\",\"logo\":{\"@type\":\"ImageObject\",\"inLanguage\":\"en-US\",\"@id\":\"https:\/\/pozirk.online\/en\/#\/schema\/logo\/image\/\",\"url\":\"https:\/\/pozirk.online\/wp-content\/uploads\/2023\/11\/cropped-Logo_color_512.png\",\"contentUrl\":\"https:\/\/pozirk.online\/wp-content\/uploads\/2023\/11\/cropped-Logo_color_512.png\",\"width\":512,\"height\":512,\"caption\":\"Pozirk\"},\"image\":{\"@id\":\"https:\/\/pozirk.online\/en\/#\/schema\/logo\/image\/\"},\"sameAs\":[\"https:\/\/www.facebook.com\/pozirkonline\/\",\"https:\/\/x.com\/Pozirk_online\"]}]}<\/script>\n<!-- \/ Yoast SEO plugin. -->","yoast_head_json":{"title":"Rights activists urge inquiry into jailed dissident's death | Pozirk","description":"September 10, Pozirk. Every death of a jailed dissident is a consequence of a systematic mistreatment of people on politically-motivated grounds, says a","robots":{"index":"index","follow":"follow","max-snippet":"max-snippet:-1","max-image-preview":"max-image-preview:large","max-video-preview":"max-video-preview:-1"},"canonical":"https:\/\/pozirk.online\/en\/news\/154692\/","og_locale":"en_US","og_type":"article","og_title":"Rights activists urge inquiry into jailed dissident's death | Pozirk","og_description":"September 10, Pozirk. Every death of a jailed dissident is a consequence of a systematic mistreatment of people on politically-motivated grounds, says a","og_url":"https:\/\/pozirk.online\/en\/news\/154692\/","og_site_name":"Pozirk","article_publisher":"https:\/\/www.facebook.com\/pozirkonline\/","article_modified_time":"2026-03-10T12:05:06+00:00","og_image":[{"width":1128,"height":752,"url":"https:\/\/pozirk.online\/wp-content\/uploads\/2025\/09\/padniabenny_vesna_1128x752.jpg","type":"image\/jpeg"}],"twitter_card":"summary_large_image","twitter_site":"@Pozirk_online","twitter_misc":{"Est. reading time":"2 minutes"},"schema":{"@context":"https:\/\/schema.org","@graph":[{"@type":"NewsArticle","@id":"https:\/\/pozirk.online\/en\/news\/154692\/#article","isPartOf":{"@id":"https:\/\/pozirk.online\/en\/news\/154692\/"},"headline":"Rights activists urge inquiry into jailed dissident&#8217;s death","datePublished":"2025-09-10T12:44:50+00:00","dateModified":"2026-03-10T12:05:06+00:00","mainEntityOfPage":{"@id":"https:\/\/pozirk.online\/en\/news\/154692\/"},"wordCount":258,"publisher":{"@id":"https:\/\/pozirk.online\/en\/#organization"},"image":{"@id":"https:\/\/pozirk.online\/en\/news\/154692\/#primaryimage"},"thumbnailUrl":"https:\/\/pozirk.online\/wp-content\/uploads\/2025\/09\/padniabenny_vesna_1128x752.jpg","inLanguage":"en-US"},{"@type":"WebPage","@id":"https:\/\/pozirk.online\/en\/news\/154692\/","url":"https:\/\/pozirk.online\/en\/news\/154692\/","name":"Rights activists urge inquiry into jailed dissident's death | Pozirk","isPartOf":{"@id":"https:\/\/pozirk.online\/en\/#website"},"primaryImageOfPage":{"@id":"https:\/\/pozirk.online\/en\/news\/154692\/#primaryimage"},"image":{"@id":"https:\/\/pozirk.online\/en\/news\/154692\/#primaryimage"},"thumbnailUrl":"https:\/\/pozirk.online\/wp-content\/uploads\/2025\/09\/padniabenny_vesna_1128x752.jpg","datePublished":"2025-09-10T12:44:50+00:00","dateModified":"2026-03-10T12:05:06+00:00","description":"September 10, Pozirk. Every death of a jailed dissident is a consequence of a systematic mistreatment of people on politically-motivated grounds, says a","breadcrumb":{"@id":"https:\/\/pozirk.online\/en\/news\/154692\/#breadcrumb"},"inLanguage":"en-US","potentialAction":[{"@type":"ReadAction","target":["https:\/\/pozirk.online\/en\/news\/154692\/"]}]},{"@type":"ImageObject","inLanguage":"en-US","@id":"https:\/\/pozirk.online\/en\/news\/154692\/#primaryimage","url":"https:\/\/pozirk.online\/wp-content\/uploads\/2025\/09\/padniabenny_vesna_1128x752.jpg","contentUrl":"https:\/\/pozirk.online\/wp-content\/uploads\/2025\/09\/padniabenny_vesna_1128x752.jpg","width":1128,"height":752},{"@type":"BreadcrumbList","@id":"https:\/\/pozirk.online\/en\/news\/154692\/#breadcrumb","itemListElement":[{"@type":"ListItem","position":1,"name":"Home","item":"https:\/\/pozirk.online\/en\/"},{"@type":"ListItem","position":2,"name":"Rights activists urge inquiry into jailed dissident&#8217;s death"}]},{"@type":"WebSite","@id":"https:\/\/pozirk.online\/en\/#website","url":"https:\/\/pozirk.online\/en\/","name":"Pozirk","description":"","publisher":{"@id":"https:\/\/pozirk.online\/en\/#organization"},"potentialAction":[{"@type":"SearchAction","target":{"@type":"EntryPoint","urlTemplate":"https:\/\/pozirk.online\/en\/?s={search_term_string}"},"query-input":{"@type":"PropertyValueSpecification","valueRequired":true,"valueName":"search_term_string"}}],"inLanguage":"en-US"},{"@type":"Organization","@id":"https:\/\/pozirk.online\/en\/#organization","name":"Pozirk","url":"https:\/\/pozirk.online\/en\/","logo":{"@type":"ImageObject","inLanguage":"en-US","@id":"https:\/\/pozirk.online\/en\/#\/schema\/logo\/image\/","url":"https:\/\/pozirk.online\/wp-content\/uploads\/2023\/11\/cropped-Logo_color_512.png","contentUrl":"https:\/\/pozirk.online\/wp-content\/uploads\/2023\/11\/cropped-Logo_color_512.png","width":512,"height":512,"caption":"Pozirk"},"image":{"@id":"https:\/\/pozirk.online\/en\/#\/schema\/logo\/image\/"},"sameAs":["https:\/\/www.facebook.com\/pozirkonline\/","https:\/\/x.com\/Pozirk_online"]}]}},"_links":{"self":[{"href":"https:\/\/pozirk.online\/en\/wp-json\/wp\/v2\/articles\/154692","targetHints":{"allow":["GET"]}}],"collection":[{"href":"https:\/\/pozirk.online\/en\/wp-json\/wp\/v2\/articles"}],"about":[{"href":"https:\/\/pozirk.online\/en\/wp-json\/wp\/v2\/types\/articles"}],"author":[{"embeddable":true,"href":"https:\/\/pozirk.online\/en\/wp-json\/wp\/v2\/users\/84"}],"wp:featuredmedia":[{"embeddable":true,"href":"https:\/\/pozirk.online\/en\/wp-json\/wp\/v2\/media\/154269"}],"wp:attachment":[{"href":"https:\/\/pozirk.online\/en\/wp-json\/wp\/v2\/media?parent=154692"}],"wp:term":[{"taxonomy":"rubric","embeddable":true,"href":"https:\/\/pozirk.online\/en\/wp-json\/wp\/v2\/rubric?post=154692"}],"curies":[{"name":"wp","href":"https:\/\/api.w.org\/{rel}","templated":true}]}}