{"id":167417,"date":"2025-12-09T15:35:59","date_gmt":"2025-12-09T12:35:59","guid":{"rendered":"https:\/\/pozirk.online\/en\/news\/167417\/"},"modified":"2026-03-10T12:05:06","modified_gmt":"2026-03-10T12:05:06","slug":"cichanouskaja-unveils-belarusian-community-center-in-florence","status":"publish","type":"articles","link":"https:\/\/pozirk.online\/en\/news\/167417\/","title":{"rendered":"Cichano\u016dskaja unveils Belarusian community center in Florence"},"content":{"rendered":"\n<figure class=\"block-image block-image-normal\">\n\n  <img decoding=\"async\" width=\"1128\" height=\"752\" src=\"https:\/\/pozirk.online\/wp-content\/uploads\/2025\/12\/florencija_mark_boss_unsplash_1128x752.jpg\" class=\"attachment-full size-full\" alt=\"\" srcset=\"https:\/\/pozirk.online\/wp-content\/uploads\/2025\/12\/florencija_mark_boss_unsplash_1128x752.jpg 1128w, https:\/\/pozirk.online\/wp-content\/uploads\/2025\/12\/florencija_mark_boss_unsplash_1128x752-354x236.jpg 354w, https:\/\/pozirk.online\/wp-content\/uploads\/2025\/12\/florencija_mark_boss_unsplash_1128x752-734x490.jpg 734w, https:\/\/pozirk.online\/wp-content\/uploads\/2025\/12\/florencija_mark_boss_unsplash_1128x752-178x118.jpg 178w, https:\/\/pozirk.online\/wp-content\/uploads\/2025\/12\/florencija_mark_boss_unsplash_1128x752-768x512.jpg 768w\" sizes=\"(max-width: 1128px) 100vw, 1128px\" \/>\n  <figcaption>\n  \n       <div class=\"block-image__author\">\n                <span>(Mark Boss \/ unsplash.com)<\/span>\n    <\/div>\n     <\/figcaption>\n<\/figure>\n\n\n\n<p><strong>December 9, <em>Pozirk. <\/em><\/strong>Belarusian opposition leader \u015aviat\u0142ana Cichano\u016dskaja has participated in the opening of the Belarusian Democratic Community Center in Italy&#8217;s Florence (Italy), her aide Franak Via\u010dorka told <em>Pozirk.<\/em><\/p>\n\n\n\n<p>Florence\u2019s municipal officials, Tuscany\u2019s regional authorities, local trade unions as well as the Belarusian \u201cpeople&#8217;s embassy\u201d in Italy attended the opening ceremony.<\/p>\n\n\n\n<p>The center will host Belarus-related cultural, educational and political events, helping the local Belarusian community expand its current activities, which include art exhibitions, concerts, political discussions and seminars.<\/p>\n\n\n\n<p>Five years ago, the Italian government and MPs were among the first to support the Belarusian people\u2019s democratic aspirations, and this support continues, Cichano\u016dskaja stressed. \u201cYou condemned the violence and stood by those who fled reprisals. . .  On the international stage, your voice is strong \u2014 in support of human rights, democracy and justice \u2014 and for us Belarusians, it is a ray of hope,\u201d the politician said.<\/p>\n\n\n\n<p>Cichano\u016dskaja will later attend the opening of a shelter for Belarusian reprisal victims in the suburbs of Florence.<\/p>\n\n\n\n<p>Also read: <a href=\"https:\/\/pozirk.online\/ru\/news\/128565\/\" target=\"_blank\" rel=\"noreferrer noopener\">Opposition leader calls for support to exiled Belarusians in Italy<\/a><\/p>\n","protected":false},"excerpt":{"rendered":"<p>December 9, Pozirk. Belarusian opposition leader \u015aviat\u0142ana Cichano\u016dskaja has participated in the opening of the Belarusian Democratic Community Center in Italy&#8217;s Florence (Italy), her aide Franak Via\u010dorka told Pozirk. Florence\u2019s municipal officials, Tuscany\u2019s regional authorities, local trade unions as well as the Belarusian \u201cpeople&#8217;s embassy\u201d in Italy attended the opening ceremony. The center will host [&hellip;]<\/p>\n","protected":false},"author":84,"featured_media":167411,"template":"","rubric":[16,15],"class_list":["post-167417","articles","type-articles","status-publish","has-post-thumbnail","hentry","rubric-politics","rubric-society"],"acf":[],"yoast_head":"<!-- This site is optimized with the Yoast SEO plugin v25.5 - https:\/\/yoast.com\/wordpress\/plugins\/seo\/ -->\n<title>Cichano\u016dskaja unveils Belarusian community center in Florence | Pozirk<\/title>\n<meta name=\"description\" content=\"December 9, Pozirk. Belarusian opposition leader \u015aviat\u0142ana Cichano\u016dskaja has participated in the opening of the Belarusian Democratic Community Center in\" \/>\n<meta name=\"robots\" content=\"index, follow, max-snippet:-1, max-image-preview:large, max-video-preview:-1\" \/>\n<link rel=\"canonical\" href=\"https:\/\/pozirk.online\/en\/news\/167417\/\" \/>\n<meta property=\"og:locale\" content=\"en_US\" \/>\n<meta property=\"og:type\" content=\"article\" \/>\n<meta property=\"og:title\" content=\"Cichano\u016dskaja unveils Belarusian community center in Florence | Pozirk\" \/>\n<meta property=\"og:description\" content=\"December 9, Pozirk. Belarusian opposition leader \u015aviat\u0142ana Cichano\u016dskaja has participated in the opening of the Belarusian Democratic Community Center in\" \/>\n<meta property=\"og:url\" content=\"https:\/\/pozirk.online\/en\/news\/167417\/\" \/>\n<meta property=\"og:site_name\" content=\"Pozirk\" \/>\n<meta property=\"article:publisher\" content=\"https:\/\/www.facebook.com\/pozirkonline\/\" \/>\n<meta property=\"article:modified_time\" content=\"2026-03-10T12:05:06+00:00\" \/>\n<meta property=\"og:image\" content=\"https:\/\/pozirk.online\/wp-content\/uploads\/2025\/12\/florencija_mark_boss_unsplash_1128x752.jpg\" \/>\n\t<meta property=\"og:image:width\" content=\"1128\" \/>\n\t<meta property=\"og:image:height\" content=\"752\" \/>\n\t<meta property=\"og:image:type\" content=\"image\/jpeg\" \/>\n<meta name=\"twitter:card\" content=\"summary_large_image\" \/>\n<meta name=\"twitter:site\" content=\"@Pozirk_online\" \/>\n<meta name=\"twitter:label1\" content=\"Est. reading time\" \/>\n\t<meta name=\"twitter:data1\" content=\"1 minute\" \/>\n<script type=\"application\/ld+json\" class=\"yoast-schema-graph\">{\"@context\":\"https:\/\/schema.org\",\"@graph\":[{\"@type\":\"NewsArticle\",\"@id\":\"https:\/\/pozirk.online\/en\/news\/167417\/#article\",\"isPartOf\":{\"@id\":\"https:\/\/pozirk.online\/en\/news\/167417\/\"},\"headline\":\"Cichano\u016dskaja unveils Belarusian community center in Florence\",\"datePublished\":\"2025-12-09T12:35:59+00:00\",\"dateModified\":\"2026-03-10T12:05:06+00:00\",\"mainEntityOfPage\":{\"@id\":\"https:\/\/pozirk.online\/en\/news\/167417\/\"},\"wordCount\":191,\"publisher\":{\"@id\":\"https:\/\/pozirk.online\/en\/#organization\"},\"image\":{\"@id\":\"https:\/\/pozirk.online\/en\/news\/167417\/#primaryimage\"},\"thumbnailUrl\":\"https:\/\/pozirk.online\/wp-content\/uploads\/2025\/12\/florencija_mark_boss_unsplash_1128x752.jpg\",\"inLanguage\":\"en-US\"},{\"@type\":\"WebPage\",\"@id\":\"https:\/\/pozirk.online\/en\/news\/167417\/\",\"url\":\"https:\/\/pozirk.online\/en\/news\/167417\/\",\"name\":\"Cichano\u016dskaja unveils Belarusian community center in Florence | Pozirk\",\"isPartOf\":{\"@id\":\"https:\/\/pozirk.online\/en\/#website\"},\"primaryImageOfPage\":{\"@id\":\"https:\/\/pozirk.online\/en\/news\/167417\/#primaryimage\"},\"image\":{\"@id\":\"https:\/\/pozirk.online\/en\/news\/167417\/#primaryimage\"},\"thumbnailUrl\":\"https:\/\/pozirk.online\/wp-content\/uploads\/2025\/12\/florencija_mark_boss_unsplash_1128x752.jpg\",\"datePublished\":\"2025-12-09T12:35:59+00:00\",\"dateModified\":\"2026-03-10T12:05:06+00:00\",\"description\":\"December 9, Pozirk. Belarusian opposition leader \u015aviat\u0142ana Cichano\u016dskaja has participated in the opening of the Belarusian Democratic Community Center in\",\"breadcrumb\":{\"@id\":\"https:\/\/pozirk.online\/en\/news\/167417\/#breadcrumb\"},\"inLanguage\":\"en-US\",\"potentialAction\":[{\"@type\":\"ReadAction\",\"target\":[\"https:\/\/pozirk.online\/en\/news\/167417\/\"]}]},{\"@type\":\"ImageObject\",\"inLanguage\":\"en-US\",\"@id\":\"https:\/\/pozirk.online\/en\/news\/167417\/#primaryimage\",\"url\":\"https:\/\/pozirk.online\/wp-content\/uploads\/2025\/12\/florencija_mark_boss_unsplash_1128x752.jpg\",\"contentUrl\":\"https:\/\/pozirk.online\/wp-content\/uploads\/2025\/12\/florencija_mark_boss_unsplash_1128x752.jpg\",\"width\":1128,\"height\":752},{\"@type\":\"BreadcrumbList\",\"@id\":\"https:\/\/pozirk.online\/en\/news\/167417\/#breadcrumb\",\"itemListElement\":[{\"@type\":\"ListItem\",\"position\":1,\"name\":\"Home\",\"item\":\"https:\/\/pozirk.online\/en\/\"},{\"@type\":\"ListItem\",\"position\":2,\"name\":\"Cichano\u016dskaja unveils Belarusian community center in Florence\"}]},{\"@type\":\"WebSite\",\"@id\":\"https:\/\/pozirk.online\/en\/#website\",\"url\":\"https:\/\/pozirk.online\/en\/\",\"name\":\"Pozirk\",\"description\":\"\",\"publisher\":{\"@id\":\"https:\/\/pozirk.online\/en\/#organization\"},\"potentialAction\":[{\"@type\":\"SearchAction\",\"target\":{\"@type\":\"EntryPoint\",\"urlTemplate\":\"https:\/\/pozirk.online\/en\/?s={search_term_string}\"},\"query-input\":{\"@type\":\"PropertyValueSpecification\",\"valueRequired\":true,\"valueName\":\"search_term_string\"}}],\"inLanguage\":\"en-US\"},{\"@type\":\"Organization\",\"@id\":\"https:\/\/pozirk.online\/en\/#organization\",\"name\":\"Pozirk\",\"url\":\"https:\/\/pozirk.online\/en\/\",\"logo\":{\"@type\":\"ImageObject\",\"inLanguage\":\"en-US\",\"@id\":\"https:\/\/pozirk.online\/en\/#\/schema\/logo\/image\/\",\"url\":\"https:\/\/pozirk.online\/wp-content\/uploads\/2023\/11\/cropped-Logo_color_512.png\",\"contentUrl\":\"https:\/\/pozirk.online\/wp-content\/uploads\/2023\/11\/cropped-Logo_color_512.png\",\"width\":512,\"height\":512,\"caption\":\"Pozirk\"},\"image\":{\"@id\":\"https:\/\/pozirk.online\/en\/#\/schema\/logo\/image\/\"},\"sameAs\":[\"https:\/\/www.facebook.com\/pozirkonline\/\",\"https:\/\/x.com\/Pozirk_online\"]}]}<\/script>\n<!-- \/ Yoast SEO plugin. -->","yoast_head_json":{"title":"Cichano\u016dskaja unveils Belarusian community center in Florence | Pozirk","description":"December 9, Pozirk. Belarusian opposition leader \u015aviat\u0142ana Cichano\u016dskaja has participated in the opening of the Belarusian Democratic Community Center in","robots":{"index":"index","follow":"follow","max-snippet":"max-snippet:-1","max-image-preview":"max-image-preview:large","max-video-preview":"max-video-preview:-1"},"canonical":"https:\/\/pozirk.online\/en\/news\/167417\/","og_locale":"en_US","og_type":"article","og_title":"Cichano\u016dskaja unveils Belarusian community center in Florence | Pozirk","og_description":"December 9, Pozirk. Belarusian opposition leader \u015aviat\u0142ana Cichano\u016dskaja has participated in the opening of the Belarusian Democratic Community Center in","og_url":"https:\/\/pozirk.online\/en\/news\/167417\/","og_site_name":"Pozirk","article_publisher":"https:\/\/www.facebook.com\/pozirkonline\/","article_modified_time":"2026-03-10T12:05:06+00:00","og_image":[{"width":1128,"height":752,"url":"https:\/\/pozirk.online\/wp-content\/uploads\/2025\/12\/florencija_mark_boss_unsplash_1128x752.jpg","type":"image\/jpeg"}],"twitter_card":"summary_large_image","twitter_site":"@Pozirk_online","twitter_misc":{"Est. reading time":"1 minute"},"schema":{"@context":"https:\/\/schema.org","@graph":[{"@type":"NewsArticle","@id":"https:\/\/pozirk.online\/en\/news\/167417\/#article","isPartOf":{"@id":"https:\/\/pozirk.online\/en\/news\/167417\/"},"headline":"Cichano\u016dskaja unveils Belarusian community center in Florence","datePublished":"2025-12-09T12:35:59+00:00","dateModified":"2026-03-10T12:05:06+00:00","mainEntityOfPage":{"@id":"https:\/\/pozirk.online\/en\/news\/167417\/"},"wordCount":191,"publisher":{"@id":"https:\/\/pozirk.online\/en\/#organization"},"image":{"@id":"https:\/\/pozirk.online\/en\/news\/167417\/#primaryimage"},"thumbnailUrl":"https:\/\/pozirk.online\/wp-content\/uploads\/2025\/12\/florencija_mark_boss_unsplash_1128x752.jpg","inLanguage":"en-US"},{"@type":"WebPage","@id":"https:\/\/pozirk.online\/en\/news\/167417\/","url":"https:\/\/pozirk.online\/en\/news\/167417\/","name":"Cichano\u016dskaja unveils Belarusian community center in Florence | Pozirk","isPartOf":{"@id":"https:\/\/pozirk.online\/en\/#website"},"primaryImageOfPage":{"@id":"https:\/\/pozirk.online\/en\/news\/167417\/#primaryimage"},"image":{"@id":"https:\/\/pozirk.online\/en\/news\/167417\/#primaryimage"},"thumbnailUrl":"https:\/\/pozirk.online\/wp-content\/uploads\/2025\/12\/florencija_mark_boss_unsplash_1128x752.jpg","datePublished":"2025-12-09T12:35:59+00:00","dateModified":"2026-03-10T12:05:06+00:00","description":"December 9, Pozirk. Belarusian opposition leader \u015aviat\u0142ana Cichano\u016dskaja has participated in the opening of the Belarusian Democratic Community Center in","breadcrumb":{"@id":"https:\/\/pozirk.online\/en\/news\/167417\/#breadcrumb"},"inLanguage":"en-US","potentialAction":[{"@type":"ReadAction","target":["https:\/\/pozirk.online\/en\/news\/167417\/"]}]},{"@type":"ImageObject","inLanguage":"en-US","@id":"https:\/\/pozirk.online\/en\/news\/167417\/#primaryimage","url":"https:\/\/pozirk.online\/wp-content\/uploads\/2025\/12\/florencija_mark_boss_unsplash_1128x752.jpg","contentUrl":"https:\/\/pozirk.online\/wp-content\/uploads\/2025\/12\/florencija_mark_boss_unsplash_1128x752.jpg","width":1128,"height":752},{"@type":"BreadcrumbList","@id":"https:\/\/pozirk.online\/en\/news\/167417\/#breadcrumb","itemListElement":[{"@type":"ListItem","position":1,"name":"Home","item":"https:\/\/pozirk.online\/en\/"},{"@type":"ListItem","position":2,"name":"Cichano\u016dskaja unveils Belarusian community center in Florence"}]},{"@type":"WebSite","@id":"https:\/\/pozirk.online\/en\/#website","url":"https:\/\/pozirk.online\/en\/","name":"Pozirk","description":"","publisher":{"@id":"https:\/\/pozirk.online\/en\/#organization"},"potentialAction":[{"@type":"SearchAction","target":{"@type":"EntryPoint","urlTemplate":"https:\/\/pozirk.online\/en\/?s={search_term_string}"},"query-input":{"@type":"PropertyValueSpecification","valueRequired":true,"valueName":"search_term_string"}}],"inLanguage":"en-US"},{"@type":"Organization","@id":"https:\/\/pozirk.online\/en\/#organization","name":"Pozirk","url":"https:\/\/pozirk.online\/en\/","logo":{"@type":"ImageObject","inLanguage":"en-US","@id":"https:\/\/pozirk.online\/en\/#\/schema\/logo\/image\/","url":"https:\/\/pozirk.online\/wp-content\/uploads\/2023\/11\/cropped-Logo_color_512.png","contentUrl":"https:\/\/pozirk.online\/wp-content\/uploads\/2023\/11\/cropped-Logo_color_512.png","width":512,"height":512,"caption":"Pozirk"},"image":{"@id":"https:\/\/pozirk.online\/en\/#\/schema\/logo\/image\/"},"sameAs":["https:\/\/www.facebook.com\/pozirkonline\/","https:\/\/x.com\/Pozirk_online"]}]}},"_links":{"self":[{"href":"https:\/\/pozirk.online\/en\/wp-json\/wp\/v2\/articles\/167417","targetHints":{"allow":["GET"]}}],"collection":[{"href":"https:\/\/pozirk.online\/en\/wp-json\/wp\/v2\/articles"}],"about":[{"href":"https:\/\/pozirk.online\/en\/wp-json\/wp\/v2\/types\/articles"}],"author":[{"embeddable":true,"href":"https:\/\/pozirk.online\/en\/wp-json\/wp\/v2\/users\/84"}],"wp:featuredmedia":[{"embeddable":true,"href":"https:\/\/pozirk.online\/en\/wp-json\/wp\/v2\/media\/167411"}],"wp:attachment":[{"href":"https:\/\/pozirk.online\/en\/wp-json\/wp\/v2\/media?parent=167417"}],"wp:term":[{"taxonomy":"rubric","embeddable":true,"href":"https:\/\/pozirk.online\/en\/wp-json\/wp\/v2\/rubric?post=167417"}],"curies":[{"name":"wp","href":"https:\/\/api.w.org\/{rel}","templated":true}]}}